{"id":99904,"date":"2025-09-03T18:58:00","date_gmt":"2025-09-03T21:58:00","guid":{"rendered":"https:\/\/www.em.com.br\/emfoco\/?p=99904"},"modified":"2025-09-02T16:04:09","modified_gmt":"2025-09-02T19:04:09","slug":"cnis-como-cuidar-do-historico-de-contribuicao-da-familia","status":"publish","type":"post","link":"https:\/\/www.em.com.br\/emfoco\/2025\/09\/03\/cnis-como-cuidar-do-historico-de-contribuicao-da-familia\/","title":{"rendered":"CNIS como cuidar do hist\u00f3rico de contribui\u00e7\u00e3o da fam\u00edlia"},"content":{"rendered":"\n<p>O <strong>Cadastro Nacional de Informa\u00e7\u00f5es Sociais<\/strong> (<a href=\"https:\/\/www.em.com.br\/emfoco\/2025\/08\/17\/como-acessar-e-atualizar-seu-cnis-pelo-meu-inss\/\" target=\"_blank\" rel=\"noreferrer noopener\">CNIS<\/a>) \u00e9 um instrumento vital para os trabalhadores brasileiros, pois atua como um reposit\u00f3rio abrangente das contribui\u00e7\u00f5es previdenci\u00e1rias realizadas ao longo de suas vidas profissionais. Este documento possui informa\u00e7\u00f5es cruciais que afetar\u00e3o diretamente a concess\u00e3o de benef\u00edcios como aposentadorias e aux\u00edlios, destacando a import\u00e2ncia de sua atualiza\u00e7\u00e3o regular.<\/p>\n\n\n\n<p>A consulta do <strong>CNIS <\/strong>\u00e9 facilitada por meio de diversas plataformas. Um dos m\u00e9todos mais acess\u00edveis \u00e9 atrav\u00e9s do portal <strong>Meu INSS<\/strong>, dispon\u00edvel tanto na web quanto em aplicativos para dispositivos m\u00f3veis. Ap\u00f3s acessar o sistema com <strong>CPF <\/strong>e senha do portal <strong>Gov.br<\/strong>, o trabalhador pode verificar seus registros previdenci\u00e1rios. Al\u00e9m disso, institui\u00e7\u00f5es banc\u00e1rias como <strong><a href=\"https:\/\/www.bb.com.br\/\" target=\"_blank\" rel=\"noreferrer noopener\">Banco do Brasil<\/a> <\/strong>e <strong><a href=\"https:\/\/www.caixa.gov.br\/\" target=\"_blank\" rel=\"noreferrer noopener\">Caixa Econ\u00f4mica Federal<\/a><\/strong> oferecem servi\u00e7os de consulta do extrato <strong>CNIS <\/strong>via internet banking, tornando ainda mais pr\u00e1tica a atualiza\u00e7\u00e3o das informa\u00e7\u00f5es.<\/p>\n\n\n\n<h2 class=\"wp-block-heading\">Como o CNIS impacta os benef\u00edcios previdenci\u00e1rios?<\/h2>\n\n\n<div class=\"wp-block-image\">\n<figure class=\"aligncenter size-large\"><img loading=\"lazy\" decoding=\"async\" width=\"1024\" height=\"576\" src=\"https:\/\/www.em.com.br\/emfoco\/wp-content\/uploads\/2025\/08\/calculadora-dinheiro_1754959238129-1024x576.jpg\" alt=\"D\u00edvidas consomem 70% da renda dos brasileiros, aponta estudo\" class=\"wp-image-89942\" srcset=\"https:\/\/www.em.com.br\/emfoco\/wp-content\/uploads\/2025\/08\/calculadora-dinheiro_1754959238129-1024x576.jpg 1024w, https:\/\/www.em.com.br\/emfoco\/wp-content\/uploads\/2025\/08\/calculadora-dinheiro_1754959238129-300x169.jpg 300w, https:\/\/www.em.com.br\/emfoco\/wp-content\/uploads\/2025\/08\/calculadora-dinheiro_1754959238129-768x432.jpg 768w, https:\/\/www.em.com.br\/emfoco\/wp-content\/uploads\/2025\/08\/calculadora-dinheiro_1754959238129-750x422.jpg 750w, https:\/\/www.em.com.br\/emfoco\/wp-content\/uploads\/2025\/08\/calculadora-dinheiro_1754959238129-1140x641.jpg 1140w, https:\/\/www.em.com.br\/emfoco\/wp-content\/uploads\/2025\/08\/calculadora-dinheiro_1754959238129.jpg 1280w\" sizes=\"auto, (max-width: 1024px) 100vw, 1024px\" \/><figcaption class=\"wp-element-caption\">Cofre de porquinho e pilha de moedas &#8211; Cr\u00e9ditos: depositphotos.com \/ Tapanakornkaow@gmail.com<\/figcaption><\/figure><\/div>\n\n\n<p>O <strong>CNIS <\/strong>\u00e9 fundamental para garantir que os direitos previdenci\u00e1rios sejam corretamente calculados e reconhecidos. Ele detalha v\u00ednculos empregat\u00edcios, contribui\u00e7\u00f5es realizadas e dados salariais acumulados, formando uma base s\u00f3lida para a contagem do tempo de contribui\u00e7\u00e3o exigido para a concess\u00e3o de benef\u00edcios.<\/p>\n\n\n\n<p>Manter o <strong>CNIS <\/strong>em dia evita surpresas desagrad\u00e1veis ao buscar aposentadorias, eliminando erros que possam atrasar ou impedir a obten\u00e7\u00e3o de direitos. Dessa forma, um <strong>CNIS <\/strong>bem gerido pode agilizar o acesso \u00e0 aposentadoria e a outros aux\u00edlios previdenci\u00e1rios, proporcionando mais seguran\u00e7a ao trabalhador.<\/p>\n\n\n\n<h2 class=\"wp-block-heading\">Quais s\u00e3o as formas de atualizar o CNIS?<\/h2>\n\n\n\n<p>Recentemente, o <strong>INSS <\/strong>facilitou a atualiza\u00e7\u00e3o de informa\u00e7\u00f5es contidas no <strong>CNIS<\/strong>. Por meio de uma nova portaria, agora \u00e9 poss\u00edvel realizar corre\u00e7\u00f5es nos dados a qualquer momento. Para isso, \u00e9 necess\u00e1rio agendar um atendimento presencial e apresentar documenta\u00e7\u00e3o que comprove as informa\u00e7\u00f5es a serem corrigidas, garantindo que o cadastro esteja sempre correto e atualizado.<\/p>\n\n\n\n<p>Al\u00e9m do atendimento presencial, j\u00e1 est\u00e1 em fase de expans\u00e3o o atendimento digital, no qual o trabalhador pode enviar documentos digitalizados pelo portal <strong>Meu INSS<\/strong>, otimizando o processo de atualiza\u00e7\u00e3o. Essa flexibilidade representa mais comodidade e rapidez para solucionar eventuais inconsist\u00eancias nos dados.<\/p>\n\n\n\n<h2 class=\"wp-block-heading\">Por que a manuten\u00e7\u00e3o regular do CNIS \u00e9 essencial?<\/h2>\n\n\n\n<p>Verificar periodicamente o <strong>CNIS <\/strong>\u00e9 uma pr\u00e1tica recomendada, pois imprecis\u00f5es ou omiss\u00f5es nos dados podem complicar o acesso a benef\u00edcios no futuro. Um <strong>CNIS <\/strong>desatualizado ou com erros pode gerar processos demorados e complica\u00e7\u00f5es na an\u00e1lise de pedidos de aposentadoria ou outros aux\u00edlios previdenci\u00e1rios.<\/p>\n\n\n\n<p>Assim, a manuten\u00e7\u00e3o cont\u00ednua do documento \u00e9 uma responsabilidade significativa para trabalhadores que visam garantir seus direitos no momento da aposentadoria. Al\u00e9m disso, esse cuidado peri\u00f3dico pode facilitar a identifica\u00e7\u00e3o de contribui\u00e7\u00f5es n\u00e3o reconhecidas e v\u00ednculos empregat\u00edcios ausentes.<\/p>\n\n\n\n<h2 class=\"wp-block-heading\">Principais problemas identificados no CNIS<\/h2>\n\n\n\n<p>Entre os problemas mais recorrentes est\u00e3o a aus\u00eancia de v\u00ednculos empregat\u00edcios, contribui\u00e7\u00f5es em atraso, ou v\u00ednculos registrados com dados inconsistentes. Esses erros podem ocorrer devido a falhas nos repasses das empresas ou at\u00e9 mesmo em virtude de informa\u00e7\u00f5es transmitidas de forma equivocada.<\/p>\n\n\n\n<p>Outro destaque \u00e9 a dificuldade em localizar per\u00edodos trabalhados em regimes especiais ou em situa\u00e7\u00f5es de trabalho informal. Nesses casos, o trabalhador precisa reunir a documenta\u00e7\u00e3o complementar e apresentar ao <strong>INSS <\/strong>para que as informa\u00e7\u00f5es sejam devidamente registradas no <strong>CNIS<\/strong>.<\/p>\n\n\n\n<h2 class=\"wp-block-heading\">Como prevenir e regularizar inconsist\u00eancias no CNIS?<\/h2>\n\n\n\n<p>Orienta\u00e7\u00f5es pr\u00e1ticas incluem guardar todos os comprovantes de contribui\u00e7\u00e3o, contratos e rescis\u00f5es de trabalho, holerites e guias de recolhimento individual. Tais documentos s\u00e3o essenciais em casos de diverg\u00eancia de dados, facilitando a comprova\u00e7\u00e3o e corre\u00e7\u00e3o das informa\u00e7\u00f5es.<\/p>\n\n\n\n<p>Al\u00e9m disso, \u00e9 sugerido realizar uma confer\u00eancia anual do <strong>CNIS<\/strong>, preferencialmente nos primeiros meses de cada ano, para garantir que as informa\u00e7\u00f5es do ano anterior estejam corretamente lan\u00e7adas. Dessa forma, o trabalhador estar\u00e1 menos suscet\u00edvel a surpresas negativas no momento da concess\u00e3o de benef\u00edcios.<\/p>\n\n\n\n<h2 class=\"wp-block-heading\">O papel do CNIS na seguran\u00e7a previdenci\u00e1ria a longo prazo<\/h2>\n\n\n\n<p>O cuidado com o <strong>CNIS <\/strong>deve ser encarado como uma a\u00e7\u00e3o preventiva que assegura a tranquilidade futura. O acesso facilitado \u00e0s plataformas eletr\u00f4nicas do <strong>INSS <\/strong>e parcerias com grandes institui\u00e7\u00f5es banc\u00e1rias refor\u00e7am as alternativas para manter o cadastro sempre correto, refletindo uma realidade financeira e trabalhista precisa que garanta os direitos previdenci\u00e1rios ao longo da vida laboral.<\/p>\n\n\n\n<p>Ao garantir a atualiza\u00e7\u00e3o constante do <strong>CNIS<\/strong>, o trabalhador reduz o risco de atrasos ou negativas em seus pedidos de benef\u00edcios e assegura uma aposentadoria conforme a sua real situa\u00e7\u00e3o contributiva. Este monitoramento cont\u00ednuo representa um investimento importante na seguran\u00e7a e bem-estar do trabalhador e de sua fam\u00edlia.<\/p>\n","protected":false},"excerpt":{"rendered":"<p>O Cadastro Nacional de Informa\u00e7\u00f5es Sociais (CNIS) \u00e9 um instrumento vital para os trabalhadores brasileiros, pois atua como um reposit\u00f3rio abrangente das contribui\u00e7\u00f5es previdenci\u00e1rias realizadas ao longo de suas vidas profissionais. Este documento possui informa\u00e7\u00f5es cruciais que afetar\u00e3o diretamente a concess\u00e3o de benef\u00edcios como aposentadorias e aux\u00edlios, destacando a import\u00e2ncia de sua atualiza\u00e7\u00e3o regular. A [&hellip;]<\/p>\n","protected":false},"author":20,"featured_media":54992,"comment_status":"open","ping_status":"open","sticky":false,"template":"","format":"standard","meta":{"jnews-multi-image_gallery":[],"jnews_single_post":{"format":"standard"},"jnews_primary_category":[],"jnews_social_meta":[],"jnews_override_counter":[],"footnotes":""},"categories":[28,1],"tags":[10010,8577,264],"class_list":["post-99904","post","type-post","status-publish","format-standard","has-post-thumbnail","hentry","category-economia","category-noticias","tag-cnis","tag-meu-inss","tag-trabalhadores"],"yoast_head":"<!-- This site is optimized with the Yoast SEO plugin v23.8 - https:\/\/yoast.com\/wordpress\/plugins\/seo\/ -->\n<title>CNIS como cuidar do hist\u00f3rico de contribui\u00e7\u00e3o da fam\u00edlia - Estado de Minas - Em foco<\/title>\n<meta name=\"description\" content=\"O CNIS \u00e9 seu hist\u00f3rico de contribui\u00e7\u00f5es. Entenda a import\u00e2ncia do documento, saiba como consult\u00e1-lo pelo Meu INSS e veja como garantir seus direitos.\" \/>\n<meta name=\"robots\" content=\"index, follow, max-snippet:-1, max-image-preview:large, max-video-preview:-1\" \/>\n<link rel=\"canonical\" href=\"https:\/\/www.em.com.br\/emfoco\/2025\/09\/03\/cnis-como-cuidar-do-historico-de-contribuicao-da-familia\/\" \/>\n<meta property=\"og:locale\" content=\"pt_BR\" \/>\n<meta property=\"og:type\" content=\"article\" \/>\n<meta property=\"og:title\" content=\"CNIS como cuidar do hist\u00f3rico de contribui\u00e7\u00e3o da fam\u00edlia - Estado de Minas - Em foco\" \/>\n<meta property=\"og:description\" content=\"O CNIS \u00e9 seu hist\u00f3rico de contribui\u00e7\u00f5es. Entenda a import\u00e2ncia do documento, saiba como consult\u00e1-lo pelo Meu INSS e veja como garantir seus direitos.\" \/>\n<meta property=\"og:url\" content=\"https:\/\/www.em.com.br\/emfoco\/2025\/09\/03\/cnis-como-cuidar-do-historico-de-contribuicao-da-familia\/\" \/>\n<meta property=\"og:site_name\" content=\"Estado de Minas - Em foco\" \/>\n<meta property=\"article:published_time\" content=\"2025-09-03T21:58:00+00:00\" \/>\n<meta property=\"article:modified_time\" content=\"2025-09-02T19:04:09+00:00\" \/>\n<meta property=\"og:image\" content=\"https:\/\/www.em.com.br\/emfoco\/wp-content\/uploads\/2025\/06\/idoso-computador_1744372658031.jpg\" \/>\n\t<meta property=\"og:image:width\" content=\"1280\" \/>\n\t<meta property=\"og:image:height\" content=\"720\" \/>\n\t<meta property=\"og:image:type\" content=\"image\/jpeg\" \/>\n<meta name=\"author\" content=\"Ingrid Diniz\" \/>\n<meta name=\"twitter:card\" content=\"summary_large_image\" \/>\n<meta name=\"twitter:label1\" content=\"Escrito por\" \/>\n\t<meta name=\"twitter:data1\" content=\"Ingrid Diniz\" \/>\n\t<meta name=\"twitter:label2\" content=\"Est. tempo de leitura\" \/>\n\t<meta name=\"twitter:data2\" content=\"5 minutos\" \/>\n<!-- \/ Yoast SEO plugin. -->","yoast_head_json":{"title":"CNIS como cuidar do hist\u00f3rico de contribui\u00e7\u00e3o da fam\u00edlia - Estado de Minas - Em foco","description":"O CNIS \u00e9 seu hist\u00f3rico de contribui\u00e7\u00f5es. Entenda a import\u00e2ncia do documento, saiba como consult\u00e1-lo pelo Meu INSS e veja como garantir seus direitos.","robots":{"index":"index","follow":"follow","max-snippet":"max-snippet:-1","max-image-preview":"max-image-preview:large","max-video-preview":"max-video-preview:-1"},"canonical":"https:\/\/www.em.com.br\/emfoco\/2025\/09\/03\/cnis-como-cuidar-do-historico-de-contribuicao-da-familia\/","og_locale":"pt_BR","og_type":"article","og_title":"CNIS como cuidar do hist\u00f3rico de contribui\u00e7\u00e3o da fam\u00edlia - Estado de Minas - Em foco","og_description":"O CNIS \u00e9 seu hist\u00f3rico de contribui\u00e7\u00f5es. Entenda a import\u00e2ncia do documento, saiba como consult\u00e1-lo pelo Meu INSS e veja como garantir seus direitos.","og_url":"https:\/\/www.em.com.br\/emfoco\/2025\/09\/03\/cnis-como-cuidar-do-historico-de-contribuicao-da-familia\/","og_site_name":"Estado de Minas - Em foco","article_published_time":"2025-09-03T21:58:00+00:00","article_modified_time":"2025-09-02T19:04:09+00:00","og_image":[{"width":1280,"height":720,"url":"https:\/\/www.em.com.br\/emfoco\/wp-content\/uploads\/2025\/06\/idoso-computador_1744372658031.jpg","type":"image\/jpeg"}],"author":"Ingrid Diniz","twitter_card":"summary_large_image","twitter_misc":{"Escrito por":"Ingrid Diniz","Est. tempo de leitura":"5 minutos"},"schema":{"@context":"https:\/\/schema.org","@graph":[{"@type":"WebPage","@id":"https:\/\/www.em.com.br\/emfoco\/2025\/09\/03\/cnis-como-cuidar-do-historico-de-contribuicao-da-familia\/","url":"https:\/\/www.em.com.br\/emfoco\/2025\/09\/03\/cnis-como-cuidar-do-historico-de-contribuicao-da-familia\/","name":"CNIS como cuidar do hist\u00f3rico de contribui\u00e7\u00e3o da fam\u00edlia - Estado de Minas - Em foco","isPartOf":{"@id":"https:\/\/www.em.com.br\/emfoco\/#website"},"primaryImageOfPage":{"@id":"https:\/\/www.em.com.br\/emfoco\/2025\/09\/03\/cnis-como-cuidar-do-historico-de-contribuicao-da-familia\/#primaryimage"},"image":{"@id":"https:\/\/www.em.com.br\/emfoco\/2025\/09\/03\/cnis-como-cuidar-do-historico-de-contribuicao-da-familia\/#primaryimage"},"thumbnailUrl":"https:\/\/www.em.com.br\/emfoco\/wp-content\/uploads\/2025\/06\/idoso-computador_1744372658031.jpg","datePublished":"2025-09-03T21:58:00+00:00","dateModified":"2025-09-02T19:04:09+00:00","author":{"@id":"https:\/\/www.em.com.br\/emfoco\/#\/schema\/person\/649e610b4eb8fff87ff394e54fe17b2b"},"description":"O CNIS \u00e9 seu hist\u00f3rico de contribui\u00e7\u00f5es. Entenda a import\u00e2ncia do documento, saiba como consult\u00e1-lo pelo Meu INSS e veja como garantir seus direitos.","breadcrumb":{"@id":"https:\/\/www.em.com.br\/emfoco\/2025\/09\/03\/cnis-como-cuidar-do-historico-de-contribuicao-da-familia\/#breadcrumb"},"inLanguage":"pt-BR","potentialAction":[{"@type":"ReadAction","target":["https:\/\/www.em.com.br\/emfoco\/2025\/09\/03\/cnis-como-cuidar-do-historico-de-contribuicao-da-familia\/"]}]},{"@type":"ImageObject","inLanguage":"pt-BR","@id":"https:\/\/www.em.com.br\/emfoco\/2025\/09\/03\/cnis-como-cuidar-do-historico-de-contribuicao-da-familia\/#primaryimage","url":"https:\/\/www.em.com.br\/emfoco\/wp-content\/uploads\/2025\/06\/idoso-computador_1744372658031.jpg","contentUrl":"https:\/\/www.em.com.br\/emfoco\/wp-content\/uploads\/2025\/06\/idoso-computador_1744372658031.jpg","width":1280,"height":720,"caption":"Novas regras do INSS que podem antecipar sua aposentadoria - Cr\u00e9ditos: depositphotos.com \/ NatashaFedorova"},{"@type":"BreadcrumbList","@id":"https:\/\/www.em.com.br\/emfoco\/2025\/09\/03\/cnis-como-cuidar-do-historico-de-contribuicao-da-familia\/#breadcrumb","itemListElement":[{"@type":"ListItem","position":1,"name":"In\u00edcio","item":"https:\/\/www.em.com.br\/emfoco\/"},{"@type":"ListItem","position":2,"name":"CNIS como cuidar do hist\u00f3rico de contribui\u00e7\u00e3o da fam\u00edlia"}]},{"@type":"WebSite","@id":"https:\/\/www.em.com.br\/emfoco\/#website","url":"https:\/\/www.em.com.br\/emfoco\/","name":"Estado de Minas - Em foco","description":"Acompanhe as \u00faltimas not\u00edcias e fique bem informado sobre tudo o que acontece em Minas Gerais, Brasil e no mundo.","potentialAction":[{"@type":"SearchAction","target":{"@type":"EntryPoint","urlTemplate":"https:\/\/www.em.com.br\/emfoco\/?s={search_term_string}"},"query-input":{"@type":"PropertyValueSpecification","valueRequired":true,"valueName":"search_term_string"}}],"inLanguage":"pt-BR"},{"@type":"Person","@id":"https:\/\/www.em.com.br\/emfoco\/#\/schema\/person\/649e610b4eb8fff87ff394e54fe17b2b","name":"Ingrid Diniz","image":{"@type":"ImageObject","inLanguage":"pt-BR","@id":"https:\/\/www.em.com.br\/emfoco\/#\/schema\/person\/image\/","url":"https:\/\/secure.gravatar.com\/avatar\/a3baa1449ec5c39b4c42babc9d4f3951?s=96&d=mm&r=g","contentUrl":"https:\/\/secure.gravatar.com\/avatar\/a3baa1449ec5c39b4c42babc9d4f3951?s=96&d=mm&r=g","caption":"Ingrid Diniz"},"sameAs":["https:\/\/www.em.com.br\/"],"url":"https:\/\/www.em.com.br\/emfoco\/author\/ingridmyth\/"}]}},"_links":{"self":[{"href":"https:\/\/www.em.com.br\/emfoco\/wp-json\/wp\/v2\/posts\/99904","targetHints":{"allow":["GET"]}}],"collection":[{"href":"https:\/\/www.em.com.br\/emfoco\/wp-json\/wp\/v2\/posts"}],"about":[{"href":"https:\/\/www.em.com.br\/emfoco\/wp-json\/wp\/v2\/types\/post"}],"author":[{"embeddable":true,"href":"https:\/\/www.em.com.br\/emfoco\/wp-json\/wp\/v2\/users\/20"}],"replies":[{"embeddable":true,"href":"https:\/\/www.em.com.br\/emfoco\/wp-json\/wp\/v2\/comments?post=99904"}],"version-history":[{"count":1,"href":"https:\/\/www.em.com.br\/emfoco\/wp-json\/wp\/v2\/posts\/99904\/revisions"}],"predecessor-version":[{"id":99937,"href":"https:\/\/www.em.com.br\/emfoco\/wp-json\/wp\/v2\/posts\/99904\/revisions\/99937"}],"wp:featuredmedia":[{"embeddable":true,"href":"https:\/\/www.em.com.br\/emfoco\/wp-json\/wp\/v2\/media\/54992"}],"wp:attachment":[{"href":"https:\/\/www.em.com.br\/emfoco\/wp-json\/wp\/v2\/media?parent=99904"}],"wp:term":[{"taxonomy":"category","embeddable":true,"href":"https:\/\/www.em.com.br\/emfoco\/wp-json\/wp\/v2\/categories?post=99904"},{"taxonomy":"post_tag","embeddable":true,"href":"https:\/\/www.em.com.br\/emfoco\/wp-json\/wp\/v2\/tags?post=99904"}],"curies":[{"name":"wp","href":"https:\/\/api.w.org\/{rel}","templated":true}]}}