{"id":99636,"date":"2025-09-04T12:08:28","date_gmt":"2025-09-04T15:08:28","guid":{"rendered":"https:\/\/www.em.com.br\/emfoco\/?p=99636"},"modified":"2025-09-02T13:10:11","modified_gmt":"2025-09-02T16:10:11","slug":"como-hidratar-os-labios-corretamente-e-evitar-rachaduras","status":"publish","type":"post","link":"https:\/\/www.em.com.br\/emfoco\/2025\/09\/04\/como-hidratar-os-labios-corretamente-e-evitar-rachaduras\/","title":{"rendered":"Como hidratar os l\u00e1bios corretamente e evitar rachaduras"},"content":{"rendered":"\n<p>A pele dos l\u00e1bios apresenta caracter\u00edsticas \u00fanicas que a tornam especialmente vulner\u00e1vel. Diferente de outras \u00e1reas do corpo, ela n\u00e3o possui gl\u00e2ndulas seb\u00e1ceas, o que impede a produ\u00e7\u00e3o de gordura natural necess\u00e1ria para prevenir a desidrata\u00e7\u00e3o. Essa falta de defesa natural, combinada com a baixa presen\u00e7a de melanina, aumenta sua suscetibilidade \u00e0 radia\u00e7\u00e3o solar. Como resultado, os l\u00e1bios tendem a ressecar facilmente, levando a condi\u00e7\u00f5es como descama\u00e7\u00e3o, irrita\u00e7\u00e3o e fissuras.<\/p>\n\n\n\n<p>Condi\u00e7\u00f5es clim\u00e1ticas adversas, como mudan\u00e7as bruscas de <a href=\"https:\/\/www.em.com.br\/emfoco\/2025\/08\/20\/como-escolher-a-temperatura-ideal-do-ar-condicionado\/\" target=\"_blank\" rel=\"noopener\">temperatura,<\/a> vento intenso e exposi\u00e7\u00e3o prolongada ao sol, podem agravar esses problemas. Da mesma forma, h\u00e1bitos como umedecer constantemente os l\u00e1bios com a l\u00edngua ou retirar as crostas podem ser prejudiciais. Em vez de melhorar, essas pr\u00e1ticas podem favorecer o aparecimento de infec\u00e7\u00f5es adicionais que complicam a situa\u00e7\u00e3o. Por isso, especialistas destacam a import\u00e2ncia de um cuidado constante e especializado para manter a sa\u00fade dos l\u00e1bios.<\/p>\n\n\n\n<h2 class=\"wp-block-heading\">Por que \u00e9 importante hidratar os l\u00e1bios corretamente?<\/h2>\n\n\n\n<p>Manter os l\u00e1bios bem hidratados \u00e9 fundamental n\u00e3o s\u00f3 por raz\u00f5es est\u00e9ticas, mas tamb\u00e9m pela sa\u00fade bucal. Uma hidrata\u00e7\u00e3o insuficiente pode provocar rachaduras que facilitam a entrada de bact\u00e9rias e causam infec\u00e7\u00f5es.<strong> L\u00e1bios secos<\/strong> tamb\u00e9m podem ser desconfort\u00e1veis e dolorosos, afetando o bem-estar geral de uma pessoa. Por esse motivo, recomenda-se usar b\u00e1lsamos reparadores de duas a tr\u00eas vezes por dia para ajudar a reter a umidade e proteger contra agentes externos.<\/p>\n\n\n<div class=\"wp-block-image\">\n<figure class=\"aligncenter size-large\"><img loading=\"lazy\" decoding=\"async\" width=\"1024\" height=\"576\" src=\"https:\/\/www.em.com.br\/emfoco\/wp-content\/uploads\/2025\/06\/Labios-no-Inverno_1748699186348-1024x576.jpg\" alt=\"\" class=\"wp-image-53817\" srcset=\"https:\/\/www.em.com.br\/emfoco\/wp-content\/uploads\/2025\/06\/Labios-no-Inverno_1748699186348-1024x576.jpg 1024w, https:\/\/www.em.com.br\/emfoco\/wp-content\/uploads\/2025\/06\/Labios-no-Inverno_1748699186348-300x169.jpg 300w, https:\/\/www.em.com.br\/emfoco\/wp-content\/uploads\/2025\/06\/Labios-no-Inverno_1748699186348-768x432.jpg 768w, https:\/\/www.em.com.br\/emfoco\/wp-content\/uploads\/2025\/06\/Labios-no-Inverno_1748699186348-750x422.jpg 750w, https:\/\/www.em.com.br\/emfoco\/wp-content\/uploads\/2025\/06\/Labios-no-Inverno_1748699186348-1140x641.jpg 1140w, https:\/\/www.em.com.br\/emfoco\/wp-content\/uploads\/2025\/06\/Labios-no-Inverno_1748699186348.jpg 1280w\" sizes=\"auto, (max-width: 1024px) 100vw, 1024px\" \/><figcaption class=\"wp-element-caption\">L\u00e1bios &#8211; Cr\u00e9ditos: depositphotos.com \/ Vera_Petrunina<\/figcaption><\/figure><\/div>\n\n\n<h2 class=\"wp-block-heading\">Quais os melhores cuidados para proteger os l\u00e1bios do ambiente?<\/h2>\n\n\n\n<p>Al\u00e9m de uma hidrata\u00e7\u00e3o adequada, a prote\u00e7\u00e3o solar \u00e9 crucial para os l\u00e1bios, especialmente em climas extremos ou em exposi\u00e7\u00f5es prolongadas ao sol. O uso de b\u00e1lsamos com fator de prote\u00e7\u00e3o solar cria uma barreira contra os <a href=\"https:\/\/mundoeducacao.uol.com.br\/fisica\/radiacao-ultravioleta-uv.htm\" target=\"_blank\" rel=\"noopener\">raios UV<\/a> prejudiciais. Al\u00e9m disso, evitar alimentos muito \u00e1cidos ou picantes e mexer nas crostas deve fazer parte de uma rotina de cuidados regular. Optar pela preven\u00e7\u00e3o pode significar a diferen\u00e7a entre l\u00e1bios saud\u00e1veis e l\u00e1bios frequentemente danificados.<\/p>\n\n\n\n<h2 class=\"wp-block-heading\">Como os h\u00e1bitos di\u00e1rios afetam a sa\u00fade dos l\u00e1bios?<\/h2>\n\n\n\n<p>Os h\u00e1bitos do dia a dia t\u00eam um impacto significativo na sa\u00fade dos l\u00e1bios. Por exemplo, o uso de alguns cosm\u00e9ticos pode conter ingredientes que promovem o ressecamento. A escolha de produtos labiais deve considerar f\u00f3rmulas hidratantes e livres de compostos agressivos. Al\u00e9m disso, beber \u00e1gua suficiente diariamente ajuda a manter a hidrata\u00e7\u00e3o adequada, n\u00e3o s\u00f3 dos l\u00e1bios, mas de todo o organismo.<\/p>\n\n\n\n<p>Em conclus\u00e3o, o cuidado com os l\u00e1bios requer aten\u00e7\u00e3o e medidas preventivas constantes. Manter uma hidrata\u00e7\u00e3o \u00f3tima, usar prote\u00e7\u00e3o solar e evitar h\u00e1bitos prejudiciais s\u00e3o passos essenciais para garantir que essa parte delicada do corpo se mantenha saud\u00e1vel e livre de complica\u00e7\u00f5es. Essas a\u00e7\u00f5es n\u00e3o apenas promovem a beleza, mas s\u00e3o essenciais para a sa\u00fade bucal e o bem-estar geral.<\/p>\n","protected":false},"excerpt":{"rendered":"<p>A pele dos l\u00e1bios apresenta caracter\u00edsticas \u00fanicas que a tornam especialmente vulner\u00e1vel. Diferente de outras \u00e1reas do corpo, ela n\u00e3o possui gl\u00e2ndulas seb\u00e1ceas, o que impede a produ\u00e7\u00e3o de gordura natural necess\u00e1ria para prevenir a desidrata\u00e7\u00e3o. Essa falta de defesa natural, combinada com a baixa presen\u00e7a de melanina, aumenta sua suscetibilidade \u00e0 radia\u00e7\u00e3o solar. Como [&hellip;]<\/p>\n","protected":false},"author":9,"featured_media":53818,"comment_status":"open","ping_status":"open","sticky":false,"template":"","format":"standard","meta":{"jnews-multi-image_gallery":[],"jnews_single_post":{"format":"standard"},"jnews_primary_category":[],"jnews_social_meta":[],"jnews_override_counter":[],"footnotes":""},"categories":[8691,9053],"tags":[15426,4941,9586,7655],"class_list":["post-99636","post","type-post","status-publish","format-standard","has-post-thumbnail","hentry","category-bem-estar","category-saude","tag-cuidados-com-os-labios","tag-hidratacao","tag-labios","tag-protecao-solar"],"yoast_head":"<!-- This site is optimized with the Yoast SEO plugin v23.8 - https:\/\/yoast.com\/wordpress\/plugins\/seo\/ -->\n<title>Como hidratar os l\u00e1bios corretamente e evitar rachaduras<\/title>\n<meta name=\"description\" content=\"Mantenha os l\u00e1bios hidratados e protegidos. Aprenda cuidados simples contra ressecamento, rachaduras e danos do sol e do vento.\" \/>\n<meta name=\"robots\" content=\"index, follow, max-snippet:-1, max-image-preview:large, max-video-preview:-1\" \/>\n<link rel=\"canonical\" href=\"https:\/\/www.em.com.br\/emfoco\/2025\/09\/04\/como-hidratar-os-labios-corretamente-e-evitar-rachaduras\/\" \/>\n<meta property=\"og:locale\" content=\"pt_BR\" \/>\n<meta property=\"og:type\" content=\"article\" \/>\n<meta property=\"og:title\" content=\"Como hidratar os l\u00e1bios corretamente e evitar rachaduras\" \/>\n<meta property=\"og:description\" content=\"Mantenha os l\u00e1bios hidratados e protegidos. Aprenda cuidados simples contra ressecamento, rachaduras e danos do sol e do vento.\" \/>\n<meta property=\"og:url\" content=\"https:\/\/www.em.com.br\/emfoco\/2025\/09\/04\/como-hidratar-os-labios-corretamente-e-evitar-rachaduras\/\" \/>\n<meta property=\"og:site_name\" content=\"Estado de Minas - Em foco\" \/>\n<meta property=\"article:published_time\" content=\"2025-09-04T15:08:28+00:00\" \/>\n<meta property=\"article:modified_time\" content=\"2025-09-02T16:10:11+00:00\" \/>\n<meta property=\"og:image\" content=\"https:\/\/www.em.com.br\/emfoco\/wp-content\/uploads\/2025\/06\/Labios-hidratante_1748699414307.jpg\" \/>\n\t<meta property=\"og:image:width\" content=\"1280\" \/>\n\t<meta property=\"og:image:height\" content=\"720\" \/>\n\t<meta property=\"og:image:type\" content=\"image\/jpeg\" \/>\n<meta name=\"author\" content=\"Daniely Cardoso\" \/>\n<meta name=\"twitter:card\" content=\"summary_large_image\" \/>\n<meta name=\"twitter:label1\" content=\"Escrito por\" \/>\n\t<meta name=\"twitter:data1\" content=\"Daniely Cardoso\" \/>\n\t<meta name=\"twitter:label2\" content=\"Est. tempo de leitura\" \/>\n\t<meta name=\"twitter:data2\" content=\"3 minutos\" \/>\n<!-- \/ Yoast SEO plugin. -->","yoast_head_json":{"title":"Como hidratar os l\u00e1bios corretamente e evitar rachaduras","description":"Mantenha os l\u00e1bios hidratados e protegidos. Aprenda cuidados simples contra ressecamento, rachaduras e danos do sol e do vento.","robots":{"index":"index","follow":"follow","max-snippet":"max-snippet:-1","max-image-preview":"max-image-preview:large","max-video-preview":"max-video-preview:-1"},"canonical":"https:\/\/www.em.com.br\/emfoco\/2025\/09\/04\/como-hidratar-os-labios-corretamente-e-evitar-rachaduras\/","og_locale":"pt_BR","og_type":"article","og_title":"Como hidratar os l\u00e1bios corretamente e evitar rachaduras","og_description":"Mantenha os l\u00e1bios hidratados e protegidos. Aprenda cuidados simples contra ressecamento, rachaduras e danos do sol e do vento.","og_url":"https:\/\/www.em.com.br\/emfoco\/2025\/09\/04\/como-hidratar-os-labios-corretamente-e-evitar-rachaduras\/","og_site_name":"Estado de Minas - Em foco","article_published_time":"2025-09-04T15:08:28+00:00","article_modified_time":"2025-09-02T16:10:11+00:00","og_image":[{"width":1280,"height":720,"url":"https:\/\/www.em.com.br\/emfoco\/wp-content\/uploads\/2025\/06\/Labios-hidratante_1748699414307.jpg","type":"image\/jpeg"}],"author":"Daniely Cardoso","twitter_card":"summary_large_image","twitter_misc":{"Escrito por":"Daniely Cardoso","Est. tempo de leitura":"3 minutos"},"schema":{"@context":"https:\/\/schema.org","@graph":[{"@type":"WebPage","@id":"https:\/\/www.em.com.br\/emfoco\/2025\/09\/04\/como-hidratar-os-labios-corretamente-e-evitar-rachaduras\/","url":"https:\/\/www.em.com.br\/emfoco\/2025\/09\/04\/como-hidratar-os-labios-corretamente-e-evitar-rachaduras\/","name":"Como hidratar os l\u00e1bios corretamente e evitar rachaduras","isPartOf":{"@id":"https:\/\/www.em.com.br\/emfoco\/#website"},"primaryImageOfPage":{"@id":"https:\/\/www.em.com.br\/emfoco\/2025\/09\/04\/como-hidratar-os-labios-corretamente-e-evitar-rachaduras\/#primaryimage"},"image":{"@id":"https:\/\/www.em.com.br\/emfoco\/2025\/09\/04\/como-hidratar-os-labios-corretamente-e-evitar-rachaduras\/#primaryimage"},"thumbnailUrl":"https:\/\/www.em.com.br\/emfoco\/wp-content\/uploads\/2025\/06\/Labios-hidratante_1748699414307.jpg","datePublished":"2025-09-04T15:08:28+00:00","dateModified":"2025-09-02T16:10:11+00:00","author":{"@id":"https:\/\/www.em.com.br\/emfoco\/#\/schema\/person\/0a8186d72f2c3a5c6276d90b41f271a0"},"description":"Mantenha os l\u00e1bios hidratados e protegidos. Aprenda cuidados simples contra ressecamento, rachaduras e danos do sol e do vento.","breadcrumb":{"@id":"https:\/\/www.em.com.br\/emfoco\/2025\/09\/04\/como-hidratar-os-labios-corretamente-e-evitar-rachaduras\/#breadcrumb"},"inLanguage":"pt-BR","potentialAction":[{"@type":"ReadAction","target":["https:\/\/www.em.com.br\/emfoco\/2025\/09\/04\/como-hidratar-os-labios-corretamente-e-evitar-rachaduras\/"]}]},{"@type":"ImageObject","inLanguage":"pt-BR","@id":"https:\/\/www.em.com.br\/emfoco\/2025\/09\/04\/como-hidratar-os-labios-corretamente-e-evitar-rachaduras\/#primaryimage","url":"https:\/\/www.em.com.br\/emfoco\/wp-content\/uploads\/2025\/06\/Labios-hidratante_1748699414307.jpg","contentUrl":"https:\/\/www.em.com.br\/emfoco\/wp-content\/uploads\/2025\/06\/Labios-hidratante_1748699414307.jpg","width":1280,"height":720,"caption":"L\u00e1bios hidratante - Cr\u00e9ditos: depositphotos.com \/ makistock"},{"@type":"BreadcrumbList","@id":"https:\/\/www.em.com.br\/emfoco\/2025\/09\/04\/como-hidratar-os-labios-corretamente-e-evitar-rachaduras\/#breadcrumb","itemListElement":[{"@type":"ListItem","position":1,"name":"In\u00edcio","item":"https:\/\/www.em.com.br\/emfoco\/"},{"@type":"ListItem","position":2,"name":"Como hidratar os l\u00e1bios corretamente e evitar rachaduras"}]},{"@type":"WebSite","@id":"https:\/\/www.em.com.br\/emfoco\/#website","url":"https:\/\/www.em.com.br\/emfoco\/","name":"Estado de Minas - Em foco","description":"Acompanhe as \u00faltimas not\u00edcias e fique bem informado sobre tudo o que acontece em Minas Gerais, Brasil e no mundo.","potentialAction":[{"@type":"SearchAction","target":{"@type":"EntryPoint","urlTemplate":"https:\/\/www.em.com.br\/emfoco\/?s={search_term_string}"},"query-input":{"@type":"PropertyValueSpecification","valueRequired":true,"valueName":"search_term_string"}}],"inLanguage":"pt-BR"},{"@type":"Person","@id":"https:\/\/www.em.com.br\/emfoco\/#\/schema\/person\/0a8186d72f2c3a5c6276d90b41f271a0","name":"Daniely Cardoso","image":{"@type":"ImageObject","inLanguage":"pt-BR","@id":"https:\/\/www.em.com.br\/emfoco\/#\/schema\/person\/image\/","url":"https:\/\/secure.gravatar.com\/avatar\/4b80ddbd124d1f071b626d52d62e5dff?s=96&d=mm&r=g","contentUrl":"https:\/\/secure.gravatar.com\/avatar\/4b80ddbd124d1f071b626d52d62e5dff?s=96&d=mm&r=g","caption":"Daniely Cardoso"},"url":"https:\/\/www.em.com.br\/emfoco\/author\/danielymyth\/"}]}},"_links":{"self":[{"href":"https:\/\/www.em.com.br\/emfoco\/wp-json\/wp\/v2\/posts\/99636","targetHints":{"allow":["GET"]}}],"collection":[{"href":"https:\/\/www.em.com.br\/emfoco\/wp-json\/wp\/v2\/posts"}],"about":[{"href":"https:\/\/www.em.com.br\/emfoco\/wp-json\/wp\/v2\/types\/post"}],"author":[{"embeddable":true,"href":"https:\/\/www.em.com.br\/emfoco\/wp-json\/wp\/v2\/users\/9"}],"replies":[{"embeddable":true,"href":"https:\/\/www.em.com.br\/emfoco\/wp-json\/wp\/v2\/comments?post=99636"}],"version-history":[{"count":3,"href":"https:\/\/www.em.com.br\/emfoco\/wp-json\/wp\/v2\/posts\/99636\/revisions"}],"predecessor-version":[{"id":99844,"href":"https:\/\/www.em.com.br\/emfoco\/wp-json\/wp\/v2\/posts\/99636\/revisions\/99844"}],"wp:featuredmedia":[{"embeddable":true,"href":"https:\/\/www.em.com.br\/emfoco\/wp-json\/wp\/v2\/media\/53818"}],"wp:attachment":[{"href":"https:\/\/www.em.com.br\/emfoco\/wp-json\/wp\/v2\/media?parent=99636"}],"wp:term":[{"taxonomy":"category","embeddable":true,"href":"https:\/\/www.em.com.br\/emfoco\/wp-json\/wp\/v2\/categories?post=99636"},{"taxonomy":"post_tag","embeddable":true,"href":"https:\/\/www.em.com.br\/emfoco\/wp-json\/wp\/v2\/tags?post=99636"}],"curies":[{"name":"wp","href":"https:\/\/api.w.org\/{rel}","templated":true}]}}