{"id":99624,"date":"2025-09-04T07:18:00","date_gmt":"2025-09-04T10:18:00","guid":{"rendered":"https:\/\/www.em.com.br\/emfoco\/?p=99624"},"modified":"2025-09-03T12:27:12","modified_gmt":"2025-09-03T15:27:12","slug":"como-turbinar-seu-condicionamento-fisico-com-treinos-simples-e-eficazes","status":"publish","type":"post","link":"https:\/\/www.em.com.br\/emfoco\/2025\/09\/04\/como-turbinar-seu-condicionamento-fisico-com-treinos-simples-e-eficazes\/","title":{"rendered":"Como turbinar seu condicionamento f\u00edsico com treinos simples e eficazes"},"content":{"rendered":"\n<p>Quando se fala em condicionamento f\u00edsico, muitas vezes a pergunta que surge \u00e9 qual exerc\u00edcio \u00e9 mais eficaz para melhor\u00e1-lo. O condicionamento f\u00edsico \u00e9 essencial para manter uma boa <a href=\"https:\/\/www.em.com.br\/emfoco\/2025\/09\/02\/habitos-diarios-que-blindam-a-saude-mental-de-pessoas-acima-de-50-anos\/\" target=\"_blank\" rel=\"noopener\">sa\u00fade<\/a> e bem-estar. Com ele \u00e9 poss\u00edvel aumentar a resist\u00eancia, perder peso, al\u00e9m de melhorar a disposi\u00e7\u00e3o para atividades cotidianas. Existem diversas formas de atingir um bom n\u00edvel de condicionamento, variando conforme as prefer\u00eancias e necessidades de cada indiv\u00edduo.<\/p>\n\n\n\n<p>Uma maneira eficiente de melhorar o condicionamento f\u00edsico \u00e9 por meio da pr\u00e1tica regular de atividades f\u00edsicas que combinem exerc\u00edcios aer\u00f3bicos e anaer\u00f3bicos. Essas pr\u00e1ticas ajudam no fortalecimento muscular, na queima de calorias e no incremento da capacidade cardiorrespirat\u00f3ria. Manter a regularidade e variar os tipos de atividades pode ser a chave para o sucesso no aprimoramento do condicionamento f\u00edsico.<\/p>\n\n\n\n<h2 class=\"wp-block-heading\">Quais exerc\u00edcios s\u00e3o indicados para o condicionamento f\u00edsico?<\/h2>\n\n\n\n<p>Ao discutir os melhores exerc\u00edcios para o condicionamento f\u00edsico, \u00e9 importante considerar atividades que envolvam grandes grupos musculares e promovam uma alta queima cal\u00f3rica. Exemplos comuns incluem <strong>corrida<\/strong>, <strong>ciclismo<\/strong>, <strong>nata\u00e7\u00e3o<\/strong> e <strong>treinos de alta intensidade<\/strong>, como o <strong>HIIT (High-Intensity Interval Training)<\/strong>. Esses exerc\u00edcios s\u00e3o conhecidos por sua efic\u00e1cia em aumentar a resist\u00eancia cardiovascular e melhorar o metabolismo. Vale ressaltar tamb\u00e9m a import\u00e2ncia de profissionais de educa\u00e7\u00e3o f\u00edsica, presentes em academias reconhecidas,&nbsp;orientando sobre a execu\u00e7\u00e3o correta dos movimentos. Em cidades como <strong>S\u00e3o Paulo<\/strong>, \u00e9 cada vez mais comum as pessoas utilizarem espa\u00e7os p\u00fablicos para praticar esses esportes, tornando a busca pelo condicionamento um h\u00e1bito coletivo.<\/p>\n\n\n\n<h2 class=\"wp-block-heading\">Quais s\u00e3o os benef\u00edcios das atividades aer\u00f3bicas no condicionamento f\u00edsico?<\/h2>\n\n\n\n<p>As atividades aer\u00f3bicas s\u00e3o fundamentais para o fortalecimento do sistema cardiovascular. Exerc\u00edcios como <strong>caminhada<\/strong>, corrida e ciclismo aumentam a frequ\u00eancia card\u00edaca e estimulam o consumo de oxig\u00eanio, o que \u00e9 essencial para fortalecer o cora\u00e7\u00e3o e aumentar a capacidade pulmonar. Al\u00e9m disso, ajudam a controlar o peso e reduzem o risco de doen\u00e7as cr\u00f4nicas, como hipertens\u00e3o e diabetes. Estudos recentes publicados pelo <a href=\"https:\/\/www.gov.br\/saude\/pt-br\" target=\"_blank\" rel=\"noopener\">Minist\u00e9rio da Sa\u00fade<\/a> do <strong>Brasil<\/strong> refor\u00e7am que a pr\u00e1tica regular de exerc\u00edcios aer\u00f3bicos favorece a qualidade de vida da popula\u00e7\u00e3o.<\/p>\n\n\n<div class=\"wp-block-image\">\n<figure class=\"aligncenter size-large\"><img loading=\"lazy\" decoding=\"async\" width=\"1024\" height=\"576\" src=\"https:\/\/www.em.com.br\/emfoco\/wp-content\/uploads\/2025\/09\/exercicios-_1756820801777-1024x576.jpg\" alt=\"\" class=\"wp-image-99759\" srcset=\"https:\/\/www.em.com.br\/emfoco\/wp-content\/uploads\/2025\/09\/exercicios-_1756820801777-1024x576.jpg 1024w, https:\/\/www.em.com.br\/emfoco\/wp-content\/uploads\/2025\/09\/exercicios-_1756820801777-300x169.jpg 300w, https:\/\/www.em.com.br\/emfoco\/wp-content\/uploads\/2025\/09\/exercicios-_1756820801777-768x432.jpg 768w, https:\/\/www.em.com.br\/emfoco\/wp-content\/uploads\/2025\/09\/exercicios-_1756820801777-750x422.jpg 750w, https:\/\/www.em.com.br\/emfoco\/wp-content\/uploads\/2025\/09\/exercicios-_1756820801777-1140x641.jpg 1140w, https:\/\/www.em.com.br\/emfoco\/wp-content\/uploads\/2025\/09\/exercicios-_1756820801777.jpg 1280w\" sizes=\"auto, (max-width: 1024px) 100vw, 1024px\" \/><figcaption class=\"wp-element-caption\">Exerc\u00edcios para fazer em casa -Cr\u00e9ditos: depositphotos.com \/ IgorVetushko<\/figcaption><\/figure><\/div>\n\n\n<h2 class=\"wp-block-heading\">Como os treinos de for\u00e7a contribuem para o condicionamento?<\/h2>\n\n\n\n<p>Os treinos de for\u00e7a, ou anaer\u00f3bicos, s\u00e3o igualmente importantes para o condicionamento f\u00edsico. Eles focam no fortalecimento muscular, contribuindo para a constru\u00e7\u00e3o de massa magra e a redu\u00e7\u00e3o de gordura corporal. Exerc\u00edcios como <strong>levantamento de peso<\/strong>, flex\u00f5es e agachamentos s\u00e3o alguns exemplos que ajudam a melhorar a postura, aumentar a densidade \u00f3ssea e at\u00e9 mesmo acelerar o metabolismo, facilitando o processo de emagrecimento. Personal trainers certificados e academias equipadas, t\u00eam papel fundamental na orienta\u00e7\u00e3o desses exerc\u00edcios para garantir os melhores resultados e evitar les\u00f5es.<\/p>\n\n\n\n<h2 class=\"wp-block-heading\">Qual \u00e9 a import\u00e2ncia da regularidade e da progress\u00e3o nos exerc\u00edcios?<\/h2>\n\n\n\n<p>Ao buscar melhorar o condicionamento f\u00edsico, a consist\u00eancia nos treinos \u00e9 fundamental. Estabelecer uma rotina e aumentar gradualmente a intensidade e a dura\u00e7\u00e3o dos exerc\u00edcios pode prevenir les\u00f5es e permitir que o corpo se adapte de maneira saud\u00e1vel. \u00c9 importante respeitar os limites do corpo e progredir de acordo com a evolu\u00e7\u00e3o e a resposta individual aos treinamentos. Aplicativos como o <strong>Strava<\/strong> e o <strong>Nike Training Club<\/strong> t\u00eam ajudado praticantes a monitorar progresso e criar metas realistas, contribuindo para a motiva\u00e7\u00e3o cont\u00ednua.<\/p>\n\n\n\n<p>Em resumo, o condicionamento f\u00edsico pode ser significativamente aprimorado atrav\u00e9s da combina\u00e7\u00e3o de exerc\u00edcios aer\u00f3bicos e anaer\u00f3bicos, regularidade nos treinos, e progress\u00e3o das atividades. Encontrar uma rotina que diversifique esses elementos \u00e9 essencial para alcan\u00e7ar os objetivos desejados, melhorar a sa\u00fade e garantir uma melhor qualidade de vida.<\/p>\n","protected":false},"excerpt":{"rendered":"<p>Quando se fala em condicionamento f\u00edsico, muitas vezes a pergunta que surge \u00e9 qual exerc\u00edcio \u00e9 mais eficaz para melhor\u00e1-lo. O condicionamento f\u00edsico \u00e9 essencial para manter uma boa sa\u00fade e bem-estar. Com ele \u00e9 poss\u00edvel aumentar a resist\u00eancia, perder peso, al\u00e9m de melhorar a disposi\u00e7\u00e3o para atividades cotidianas. Existem diversas formas de atingir um [&hellip;]<\/p>\n","protected":false},"author":9,"featured_media":99758,"comment_status":"open","ping_status":"open","sticky":false,"template":"","format":"standard","meta":{"jnews-multi-image_gallery":[],"jnews_single_post":{"format":"standard"},"jnews_primary_category":[],"jnews_social_meta":[],"jnews_override_counter":[],"footnotes":""},"categories":[8691,9053],"tags":[15421,4955,415],"class_list":["post-99624","post","type-post","status-publish","format-standard","has-post-thumbnail","hentry","category-bem-estar","category-saude","tag-condicionamento-fisico","tag-exercicio-fisico","tag-saude"],"yoast_head":"<!-- This site is optimized with the Yoast SEO plugin v23.8 - https:\/\/yoast.com\/wordpress\/plugins\/seo\/ -->\n<title>Como turbinar seu condicionamento f\u00edsico com treinos simples e eficazes<\/title>\n<meta name=\"description\" content=\"Saiba quais exerc\u00edcios melhoram o condicionamento f\u00edsico, aumentam a resist\u00eancia, ajudam a emagrecer e fortalecem a sa\u00fade.\" \/>\n<meta name=\"robots\" content=\"index, follow, max-snippet:-1, max-image-preview:large, max-video-preview:-1\" \/>\n<link rel=\"canonical\" href=\"https:\/\/www.em.com.br\/emfoco\/2025\/09\/04\/como-turbinar-seu-condicionamento-fisico-com-treinos-simples-e-eficazes\/\" \/>\n<meta property=\"og:locale\" content=\"pt_BR\" \/>\n<meta property=\"og:type\" content=\"article\" \/>\n<meta property=\"og:title\" content=\"Como turbinar seu condicionamento f\u00edsico com treinos simples e eficazes\" \/>\n<meta property=\"og:description\" content=\"Saiba quais exerc\u00edcios melhoram o condicionamento f\u00edsico, aumentam a resist\u00eancia, ajudam a emagrecer e fortalecem a sa\u00fade.\" \/>\n<meta property=\"og:url\" content=\"https:\/\/www.em.com.br\/emfoco\/2025\/09\/04\/como-turbinar-seu-condicionamento-fisico-com-treinos-simples-e-eficazes\/\" \/>\n<meta property=\"og:site_name\" content=\"Estado de Minas - Em foco\" \/>\n<meta property=\"article:published_time\" content=\"2025-09-04T10:18:00+00:00\" \/>\n<meta property=\"article:modified_time\" content=\"2025-09-03T15:27:12+00:00\" \/>\n<meta property=\"og:image\" content=\"https:\/\/www.em.com.br\/emfoco\/wp-content\/uploads\/2025\/09\/exercicios-_1756820665174.jpg\" \/>\n\t<meta property=\"og:image:width\" content=\"1280\" \/>\n\t<meta property=\"og:image:height\" content=\"720\" \/>\n\t<meta property=\"og:image:type\" content=\"image\/jpeg\" \/>\n<meta name=\"author\" content=\"Daniely Cardoso\" \/>\n<meta name=\"twitter:card\" content=\"summary_large_image\" \/>\n<meta name=\"twitter:label1\" content=\"Escrito por\" \/>\n\t<meta name=\"twitter:data1\" content=\"Daniely Cardoso\" \/>\n\t<meta name=\"twitter:label2\" content=\"Est. tempo de leitura\" \/>\n\t<meta name=\"twitter:data2\" content=\"4 minutos\" \/>\n<!-- \/ Yoast SEO plugin. -->","yoast_head_json":{"title":"Como turbinar seu condicionamento f\u00edsico com treinos simples e eficazes","description":"Saiba quais exerc\u00edcios melhoram o condicionamento f\u00edsico, aumentam a resist\u00eancia, ajudam a emagrecer e fortalecem a sa\u00fade.","robots":{"index":"index","follow":"follow","max-snippet":"max-snippet:-1","max-image-preview":"max-image-preview:large","max-video-preview":"max-video-preview:-1"},"canonical":"https:\/\/www.em.com.br\/emfoco\/2025\/09\/04\/como-turbinar-seu-condicionamento-fisico-com-treinos-simples-e-eficazes\/","og_locale":"pt_BR","og_type":"article","og_title":"Como turbinar seu condicionamento f\u00edsico com treinos simples e eficazes","og_description":"Saiba quais exerc\u00edcios melhoram o condicionamento f\u00edsico, aumentam a resist\u00eancia, ajudam a emagrecer e fortalecem a sa\u00fade.","og_url":"https:\/\/www.em.com.br\/emfoco\/2025\/09\/04\/como-turbinar-seu-condicionamento-fisico-com-treinos-simples-e-eficazes\/","og_site_name":"Estado de Minas - Em foco","article_published_time":"2025-09-04T10:18:00+00:00","article_modified_time":"2025-09-03T15:27:12+00:00","og_image":[{"width":1280,"height":720,"url":"https:\/\/www.em.com.br\/emfoco\/wp-content\/uploads\/2025\/09\/exercicios-_1756820665174.jpg","type":"image\/jpeg"}],"author":"Daniely Cardoso","twitter_card":"summary_large_image","twitter_misc":{"Escrito por":"Daniely Cardoso","Est. tempo de leitura":"4 minutos"},"schema":{"@context":"https:\/\/schema.org","@graph":[{"@type":"WebPage","@id":"https:\/\/www.em.com.br\/emfoco\/2025\/09\/04\/como-turbinar-seu-condicionamento-fisico-com-treinos-simples-e-eficazes\/","url":"https:\/\/www.em.com.br\/emfoco\/2025\/09\/04\/como-turbinar-seu-condicionamento-fisico-com-treinos-simples-e-eficazes\/","name":"Como turbinar seu condicionamento f\u00edsico com treinos simples e eficazes","isPartOf":{"@id":"https:\/\/www.em.com.br\/emfoco\/#website"},"primaryImageOfPage":{"@id":"https:\/\/www.em.com.br\/emfoco\/2025\/09\/04\/como-turbinar-seu-condicionamento-fisico-com-treinos-simples-e-eficazes\/#primaryimage"},"image":{"@id":"https:\/\/www.em.com.br\/emfoco\/2025\/09\/04\/como-turbinar-seu-condicionamento-fisico-com-treinos-simples-e-eficazes\/#primaryimage"},"thumbnailUrl":"https:\/\/www.em.com.br\/emfoco\/wp-content\/uploads\/2025\/09\/exercicios-_1756820665174.jpg","datePublished":"2025-09-04T10:18:00+00:00","dateModified":"2025-09-03T15:27:12+00:00","author":{"@id":"https:\/\/www.em.com.br\/emfoco\/#\/schema\/person\/0a8186d72f2c3a5c6276d90b41f271a0"},"description":"Saiba quais exerc\u00edcios melhoram o condicionamento f\u00edsico, aumentam a resist\u00eancia, ajudam a emagrecer e fortalecem a sa\u00fade.","breadcrumb":{"@id":"https:\/\/www.em.com.br\/emfoco\/2025\/09\/04\/como-turbinar-seu-condicionamento-fisico-com-treinos-simples-e-eficazes\/#breadcrumb"},"inLanguage":"pt-BR","potentialAction":[{"@type":"ReadAction","target":["https:\/\/www.em.com.br\/emfoco\/2025\/09\/04\/como-turbinar-seu-condicionamento-fisico-com-treinos-simples-e-eficazes\/"]}]},{"@type":"ImageObject","inLanguage":"pt-BR","@id":"https:\/\/www.em.com.br\/emfoco\/2025\/09\/04\/como-turbinar-seu-condicionamento-fisico-com-treinos-simples-e-eficazes\/#primaryimage","url":"https:\/\/www.em.com.br\/emfoco\/wp-content\/uploads\/2025\/09\/exercicios-_1756820665174.jpg","contentUrl":"https:\/\/www.em.com.br\/emfoco\/wp-content\/uploads\/2025\/09\/exercicios-_1756820665174.jpg","width":1280,"height":720,"caption":"O condicionamento f\u00edsico \u00e9 essencial para manter uma boa sa\u00fade - Cr\u00e9ditos: depositphotos.com \/ ArturVerkhovetskiy"},{"@type":"BreadcrumbList","@id":"https:\/\/www.em.com.br\/emfoco\/2025\/09\/04\/como-turbinar-seu-condicionamento-fisico-com-treinos-simples-e-eficazes\/#breadcrumb","itemListElement":[{"@type":"ListItem","position":1,"name":"In\u00edcio","item":"https:\/\/www.em.com.br\/emfoco\/"},{"@type":"ListItem","position":2,"name":"Como turbinar seu condicionamento f\u00edsico com treinos simples e eficazes"}]},{"@type":"WebSite","@id":"https:\/\/www.em.com.br\/emfoco\/#website","url":"https:\/\/www.em.com.br\/emfoco\/","name":"Estado de Minas - Em foco","description":"Acompanhe as \u00faltimas not\u00edcias e fique bem informado sobre tudo o que acontece em Minas Gerais, Brasil e no mundo.","potentialAction":[{"@type":"SearchAction","target":{"@type":"EntryPoint","urlTemplate":"https:\/\/www.em.com.br\/emfoco\/?s={search_term_string}"},"query-input":{"@type":"PropertyValueSpecification","valueRequired":true,"valueName":"search_term_string"}}],"inLanguage":"pt-BR"},{"@type":"Person","@id":"https:\/\/www.em.com.br\/emfoco\/#\/schema\/person\/0a8186d72f2c3a5c6276d90b41f271a0","name":"Daniely Cardoso","image":{"@type":"ImageObject","inLanguage":"pt-BR","@id":"https:\/\/www.em.com.br\/emfoco\/#\/schema\/person\/image\/","url":"https:\/\/secure.gravatar.com\/avatar\/4b80ddbd124d1f071b626d52d62e5dff?s=96&d=mm&r=g","contentUrl":"https:\/\/secure.gravatar.com\/avatar\/4b80ddbd124d1f071b626d52d62e5dff?s=96&d=mm&r=g","caption":"Daniely Cardoso"},"url":"https:\/\/www.em.com.br\/emfoco\/author\/danielymyth\/"}]}},"_links":{"self":[{"href":"https:\/\/www.em.com.br\/emfoco\/wp-json\/wp\/v2\/posts\/99624","targetHints":{"allow":["GET"]}}],"collection":[{"href":"https:\/\/www.em.com.br\/emfoco\/wp-json\/wp\/v2\/posts"}],"about":[{"href":"https:\/\/www.em.com.br\/emfoco\/wp-json\/wp\/v2\/types\/post"}],"author":[{"embeddable":true,"href":"https:\/\/www.em.com.br\/emfoco\/wp-json\/wp\/v2\/users\/9"}],"replies":[{"embeddable":true,"href":"https:\/\/www.em.com.br\/emfoco\/wp-json\/wp\/v2\/comments?post=99624"}],"version-history":[{"count":3,"href":"https:\/\/www.em.com.br\/emfoco\/wp-json\/wp\/v2\/posts\/99624\/revisions"}],"predecessor-version":[{"id":99760,"href":"https:\/\/www.em.com.br\/emfoco\/wp-json\/wp\/v2\/posts\/99624\/revisions\/99760"}],"wp:featuredmedia":[{"embeddable":true,"href":"https:\/\/www.em.com.br\/emfoco\/wp-json\/wp\/v2\/media\/99758"}],"wp:attachment":[{"href":"https:\/\/www.em.com.br\/emfoco\/wp-json\/wp\/v2\/media?parent=99624"}],"wp:term":[{"taxonomy":"category","embeddable":true,"href":"https:\/\/www.em.com.br\/emfoco\/wp-json\/wp\/v2\/categories?post=99624"},{"taxonomy":"post_tag","embeddable":true,"href":"https:\/\/www.em.com.br\/emfoco\/wp-json\/wp\/v2\/tags?post=99624"}],"curies":[{"name":"wp","href":"https:\/\/api.w.org\/{rel}","templated":true}]}}