{"id":99570,"date":"2025-09-04T10:28:00","date_gmt":"2025-09-04T13:28:00","guid":{"rendered":"https:\/\/www.em.com.br\/emfoco\/?p=99570"},"modified":"2025-09-01T22:33:35","modified_gmt":"2025-09-02T01:33:35","slug":"os-melhores-substitutos-naturais-para-cortar-o-acucar-sem-perder-o-sabor","status":"publish","type":"post","link":"https:\/\/www.em.com.br\/emfoco\/2025\/09\/04\/os-melhores-substitutos-naturais-para-cortar-o-acucar-sem-perder-o-sabor\/","title":{"rendered":"Os melhores substitutos naturais para cortar o a\u00e7\u00facar sem perder o sabor"},"content":{"rendered":"\n<p>Trocar o a\u00e7\u00facar refinado por alternativas naturais pode transformar sua sa\u00fade e rotina alimentar sem perder o sabor. Essas op\u00e7\u00f5es s\u00e3o f\u00e1ceis de usar e trazem benef\u00edcios extras.<\/p>\n\n\n\n<ul class=\"wp-block-list\">\n<li>Alternativas naturais que ado\u00e7am sem prejudicar<\/li>\n\n\n\n<li>Receitas r\u00e1pidas e pr\u00e1ticas para o dia a dia<\/li>\n\n\n\n<li>Benef\u00edcios para sa\u00fade, energia e controle de peso<\/li>\n<\/ul>\n\n\n\n<h2 class=\"wp-block-heading\">Quais os melhores ingredientes para ado\u00e7ar naturalmente?<\/h2>\n\n\n\n<p>O <strong>a\u00e7\u00facar refinado<\/strong> pode ser substitu\u00eddo por op\u00e7\u00f5es naturais que oferecem mais <strong><a href=\"https:\/\/www.em.com.br\/emfoco\/2025\/08\/28\/nutrientes-essenciais-que-deixam-seu-cabelo-mais-forte-e-brilhante\/\" target=\"_blank\" rel=\"noreferrer noopener\">nutrientes <\/a><\/strong>e menor impacto glic\u00eamico. Ingredientes como <strong>mel<\/strong>, <strong>stevia<\/strong>, <strong>xilitol<\/strong> e <strong>t\u00e2maras <\/strong>ganham destaque por ado\u00e7arem com equil\u00edbrio.<\/p>\n\n\n\n<p>Esses ado\u00e7antes podem ser usados em diversas receitas, mantendo o sabor agrad\u00e1vel e evitando picos de glicose no sangue, sendo boas alternativas para quem busca mais sa\u00fade.<\/p>\n\n\n\n<figure class=\"wp-block-image size-large\"><img loading=\"lazy\" decoding=\"async\" width=\"1024\" height=\"576\" src=\"https:\/\/www.em.com.br\/emfoco\/wp-content\/uploads\/2025\/06\/mel_1749476995475-1024x576.jpg\" alt=\"Entenda porque adicionar mel na sua rotina pode transformar sua energia e imunidade\" class=\"wp-image-57743\" srcset=\"https:\/\/www.em.com.br\/emfoco\/wp-content\/uploads\/2025\/06\/mel_1749476995475-1024x576.jpg 1024w, https:\/\/www.em.com.br\/emfoco\/wp-content\/uploads\/2025\/06\/mel_1749476995475-300x169.jpg 300w, https:\/\/www.em.com.br\/emfoco\/wp-content\/uploads\/2025\/06\/mel_1749476995475-768x432.jpg 768w, https:\/\/www.em.com.br\/emfoco\/wp-content\/uploads\/2025\/06\/mel_1749476995475-750x422.jpg 750w, https:\/\/www.em.com.br\/emfoco\/wp-content\/uploads\/2025\/06\/mel_1749476995475-1140x641.jpg 1140w, https:\/\/www.em.com.br\/emfoco\/wp-content\/uploads\/2025\/06\/mel_1749476995475.jpg 1280w\" sizes=\"auto, (max-width: 1024px) 100vw, 1024px\" \/><figcaption class=\"wp-element-caption\">Mel &#8211; Cr\u00e9ditos: depositphotos.com \/ Studio37<\/figcaption><\/figure>\n\n\n\n<h2 class=\"wp-block-heading\">Como usar frutas para substituir o a\u00e7\u00facar?<\/h2>\n\n\n\n<p>As <strong>frutas<\/strong> s\u00e3o uma excelente forma de ado\u00e7ar naturalmente receitas e bebidas. Al\u00e9m de serem ricas em fibras e vitaminas, oferecem do\u00e7ura equilibrada sem exageros.<\/p>\n\n\n\n<p>Banana madura amassada, pur\u00ea de ma\u00e7\u00e3 e t\u00e2maras batidas s\u00e3o alguns exemplos que podem ser usados em bolos, vitaminas e at\u00e9 caf\u00e9s especiais.<\/p>\n\n\n\n<ul class=\"wp-block-list\">\n<li>Banana madura em panquecas e bolos<\/li>\n\n\n\n<li>Pur\u00ea de ma\u00e7\u00e3 em sobremesas e biscoitos<\/li>\n\n\n\n<li>T\u00e2maras batidas em smoothies e mousses<\/li>\n\n\n\n<li>Manga ou mam\u00e3o em sucos e iogurtes<\/li>\n<\/ul>\n\n\n\n<figure class=\"wp-block-image size-large\"><img loading=\"lazy\" decoding=\"async\" width=\"1024\" height=\"576\" src=\"https:\/\/www.em.com.br\/emfoco\/wp-content\/uploads\/2025\/09\/panqueca-de-banana_1756776566270-1024x576.jpg\" alt=\"Os melhores substitutos naturais para cortar o a\u00e7\u00facar sem perder o sabor\" class=\"wp-image-99578\" srcset=\"https:\/\/www.em.com.br\/emfoco\/wp-content\/uploads\/2025\/09\/panqueca-de-banana_1756776566270-1024x576.jpg 1024w, https:\/\/www.em.com.br\/emfoco\/wp-content\/uploads\/2025\/09\/panqueca-de-banana_1756776566270-300x169.jpg 300w, https:\/\/www.em.com.br\/emfoco\/wp-content\/uploads\/2025\/09\/panqueca-de-banana_1756776566270-768x432.jpg 768w, https:\/\/www.em.com.br\/emfoco\/wp-content\/uploads\/2025\/09\/panqueca-de-banana_1756776566270-750x422.jpg 750w, https:\/\/www.em.com.br\/emfoco\/wp-content\/uploads\/2025\/09\/panqueca-de-banana_1756776566270-1140x641.jpg 1140w, https:\/\/www.em.com.br\/emfoco\/wp-content\/uploads\/2025\/09\/panqueca-de-banana_1756776566270.jpg 1280w\" sizes=\"auto, (max-width: 1024px) 100vw, 1024px\" \/><figcaption class=\"wp-element-caption\">Frutas s\u00e3o uma \u00f3tima forma de ado\u00e7ar suas refei\u00e7\u00f5es de forma natural &#8211; Cr\u00e9ditos: depositphotos.com \/ urban_light<\/figcaption><\/figure>\n\n\n\n<h2 class=\"wp-block-heading\">Quais receitas pr\u00e1ticas podem ser feitas sem a\u00e7\u00facar?<\/h2>\n\n\n\n<p>\u00c9 poss\u00edvel preparar <strong>receitas sem a\u00e7\u00facar<\/strong> de maneira simples e saborosa. Com substitutos naturais, pratos doces mant\u00eam a textura e agradam ao paladar sem excesso cal\u00f3rico.<\/p>\n\n\n\n<p>Essas receitas ajudam a manter a energia est\u00e1vel e ainda garantem mais praticidade na cozinha, sem depender do a\u00e7\u00facar refinado.<\/p>\n\n\n\n<ul class=\"wp-block-list\">\n<li>Bolo de banana com aveia ado\u00e7ado com mel<\/li>\n\n\n\n<li>Cookies integrais com t\u00e2maras<\/li>\n\n\n\n<li>Mousse de cacau com mel ou stevia<\/li>\n\n\n\n<li>Panquecas com pur\u00ea de ma\u00e7\u00e3<\/li>\n<\/ul>\n\n\n\n<h2 class=\"wp-block-heading\">Essas substitui\u00e7\u00f5es ajudam no emagrecimento?<\/h2>\n\n\n\n<p>O uso de <strong>ado\u00e7antes naturais<\/strong> pode contribuir para o emagrecimento quando aliado a uma <strong><a href=\"https:\/\/www.tuasaude.com\/como-fazer-uma-alimentacao-saudavel-para-emagrecer\/\" target=\"_blank\" rel=\"noreferrer noopener\">dieta equilibrada<\/a><\/strong>. Isso acontece porque reduzem calorias sem perder o sabor doce.<\/p>\n\n\n\n<p>Al\u00e9m disso, esses ingredientes aumentam a saciedade e fornecem nutrientes importantes, tornando-se aliados em processos de reeduca\u00e7\u00e3o alimentar.<\/p>\n\n\n\n<h2 class=\"wp-block-heading\">Substituir o a\u00e7\u00facar \u00e9 uma escolha inteligente<\/h2>\n\n\n\n<ul class=\"wp-block-list\">\n<li>Frutas e ado\u00e7antes naturais ado\u00e7am sem prejudicar a sa\u00fade<\/li>\n\n\n\n<li>Receitas pr\u00e1ticas mant\u00eam o sabor sem depender do a\u00e7\u00facar refinado<\/li>\n\n\n\n<li>Trocas inteligentes ajudam no emagrecimento e no controle da glicose<\/li>\n<\/ul>\n\n\n\n<p><\/p>\n","protected":false},"excerpt":{"rendered":"<p>Trocar o a\u00e7\u00facar refinado por alternativas naturais pode transformar sua sa\u00fade e rotina alimentar sem perder o sabor. Essas op\u00e7\u00f5es s\u00e3o f\u00e1ceis de usar e trazem benef\u00edcios extras. Quais os melhores ingredientes para ado\u00e7ar naturalmente? O a\u00e7\u00facar refinado pode ser substitu\u00eddo por op\u00e7\u00f5es naturais que oferecem mais nutrientes e menor impacto glic\u00eamico. Ingredientes como mel, [&hellip;]<\/p>\n","protected":false},"author":13,"featured_media":73329,"comment_status":"open","ping_status":"open","sticky":false,"template":"","format":"standard","meta":{"jnews-multi-image_gallery":[],"jnews_single_post":{"format":"standard"},"jnews_primary_category":[],"jnews_social_meta":[],"jnews_override_counter":[],"footnotes":""},"categories":[9053],"tags":[3508,2872,15414],"class_list":["post-99570","post","type-post","status-publish","format-standard","has-post-thumbnail","hentry","category-saude","tag-acucar","tag-receitas","tag-substituir-o-acucar"],"yoast_head":"<!-- This site is optimized with the Yoast SEO plugin v23.8 - https:\/\/yoast.com\/wordpress\/plugins\/seo\/ -->\n<title>Os melhores substitutos naturais para cortar o a\u00e7\u00facar sem perder o sabor - Estado de Minas - Em foco<\/title>\n<meta name=\"description\" content=\"Substituir o a\u00e7\u00facar pode melhorar energia, saciedade e at\u00e9 ajudar no emagrecimento. Conhe\u00e7a as op\u00e7\u00f5es mais queridas e saud\u00e1veis.\" \/>\n<meta name=\"robots\" content=\"index, follow, max-snippet:-1, max-image-preview:large, max-video-preview:-1\" \/>\n<link rel=\"canonical\" href=\"https:\/\/www.em.com.br\/emfoco\/2025\/09\/04\/os-melhores-substitutos-naturais-para-cortar-o-acucar-sem-perder-o-sabor\/\" \/>\n<meta property=\"og:locale\" content=\"pt_BR\" \/>\n<meta property=\"og:type\" content=\"article\" \/>\n<meta property=\"og:title\" content=\"Os melhores substitutos naturais para cortar o a\u00e7\u00facar sem perder o sabor - Estado de Minas - Em foco\" \/>\n<meta property=\"og:description\" content=\"Substituir o a\u00e7\u00facar pode melhorar energia, saciedade e at\u00e9 ajudar no emagrecimento. Conhe\u00e7a as op\u00e7\u00f5es mais queridas e saud\u00e1veis.\" \/>\n<meta property=\"og:url\" content=\"https:\/\/www.em.com.br\/emfoco\/2025\/09\/04\/os-melhores-substitutos-naturais-para-cortar-o-acucar-sem-perder-o-sabor\/\" \/>\n<meta property=\"og:site_name\" content=\"Estado de Minas - Em foco\" \/>\n<meta property=\"article:published_time\" content=\"2025-09-04T13:28:00+00:00\" \/>\n<meta property=\"article:modified_time\" content=\"2025-09-02T01:33:35+00:00\" \/>\n<meta property=\"og:image\" content=\"https:\/\/www.em.com.br\/emfoco\/wp-content\/uploads\/2025\/07\/acucar_1752070049469.jpg\" \/>\n\t<meta property=\"og:image:width\" content=\"1280\" \/>\n\t<meta property=\"og:image:height\" content=\"720\" \/>\n\t<meta property=\"og:image:type\" content=\"image\/jpeg\" \/>\n<meta name=\"author\" content=\"Gabriel Martins\" \/>\n<meta name=\"twitter:card\" content=\"summary_large_image\" \/>\n<meta name=\"twitter:label1\" content=\"Escrito por\" \/>\n\t<meta name=\"twitter:data1\" content=\"Gabriel Martins\" \/>\n\t<meta name=\"twitter:label2\" content=\"Est. tempo de leitura\" \/>\n\t<meta name=\"twitter:data2\" content=\"3 minutos\" \/>\n<!-- \/ Yoast SEO plugin. -->","yoast_head_json":{"title":"Os melhores substitutos naturais para cortar o a\u00e7\u00facar sem perder o sabor - Estado de Minas - Em foco","description":"Substituir o a\u00e7\u00facar pode melhorar energia, saciedade e at\u00e9 ajudar no emagrecimento. Conhe\u00e7a as op\u00e7\u00f5es mais queridas e saud\u00e1veis.","robots":{"index":"index","follow":"follow","max-snippet":"max-snippet:-1","max-image-preview":"max-image-preview:large","max-video-preview":"max-video-preview:-1"},"canonical":"https:\/\/www.em.com.br\/emfoco\/2025\/09\/04\/os-melhores-substitutos-naturais-para-cortar-o-acucar-sem-perder-o-sabor\/","og_locale":"pt_BR","og_type":"article","og_title":"Os melhores substitutos naturais para cortar o a\u00e7\u00facar sem perder o sabor - Estado de Minas - Em foco","og_description":"Substituir o a\u00e7\u00facar pode melhorar energia, saciedade e at\u00e9 ajudar no emagrecimento. Conhe\u00e7a as op\u00e7\u00f5es mais queridas e saud\u00e1veis.","og_url":"https:\/\/www.em.com.br\/emfoco\/2025\/09\/04\/os-melhores-substitutos-naturais-para-cortar-o-acucar-sem-perder-o-sabor\/","og_site_name":"Estado de Minas - Em foco","article_published_time":"2025-09-04T13:28:00+00:00","article_modified_time":"2025-09-02T01:33:35+00:00","og_image":[{"width":1280,"height":720,"url":"https:\/\/www.em.com.br\/emfoco\/wp-content\/uploads\/2025\/07\/acucar_1752070049469.jpg","type":"image\/jpeg"}],"author":"Gabriel Martins","twitter_card":"summary_large_image","twitter_misc":{"Escrito por":"Gabriel Martins","Est. tempo de leitura":"3 minutos"},"schema":{"@context":"https:\/\/schema.org","@graph":[{"@type":"WebPage","@id":"https:\/\/www.em.com.br\/emfoco\/2025\/09\/04\/os-melhores-substitutos-naturais-para-cortar-o-acucar-sem-perder-o-sabor\/","url":"https:\/\/www.em.com.br\/emfoco\/2025\/09\/04\/os-melhores-substitutos-naturais-para-cortar-o-acucar-sem-perder-o-sabor\/","name":"Os melhores substitutos naturais para cortar o a\u00e7\u00facar sem perder o sabor - Estado de Minas - Em foco","isPartOf":{"@id":"https:\/\/www.em.com.br\/emfoco\/#website"},"primaryImageOfPage":{"@id":"https:\/\/www.em.com.br\/emfoco\/2025\/09\/04\/os-melhores-substitutos-naturais-para-cortar-o-acucar-sem-perder-o-sabor\/#primaryimage"},"image":{"@id":"https:\/\/www.em.com.br\/emfoco\/2025\/09\/04\/os-melhores-substitutos-naturais-para-cortar-o-acucar-sem-perder-o-sabor\/#primaryimage"},"thumbnailUrl":"https:\/\/www.em.com.br\/emfoco\/wp-content\/uploads\/2025\/07\/acucar_1752070049469.jpg","datePublished":"2025-09-04T13:28:00+00:00","dateModified":"2025-09-02T01:33:35+00:00","author":{"@id":"https:\/\/www.em.com.br\/emfoco\/#\/schema\/person\/1c9ddeab18b98abeffef834667bcf08a"},"description":"Substituir o a\u00e7\u00facar pode melhorar energia, saciedade e at\u00e9 ajudar no emagrecimento. Conhe\u00e7a as op\u00e7\u00f5es mais queridas e saud\u00e1veis.","breadcrumb":{"@id":"https:\/\/www.em.com.br\/emfoco\/2025\/09\/04\/os-melhores-substitutos-naturais-para-cortar-o-acucar-sem-perder-o-sabor\/#breadcrumb"},"inLanguage":"pt-BR","potentialAction":[{"@type":"ReadAction","target":["https:\/\/www.em.com.br\/emfoco\/2025\/09\/04\/os-melhores-substitutos-naturais-para-cortar-o-acucar-sem-perder-o-sabor\/"]}]},{"@type":"ImageObject","inLanguage":"pt-BR","@id":"https:\/\/www.em.com.br\/emfoco\/2025\/09\/04\/os-melhores-substitutos-naturais-para-cortar-o-acucar-sem-perder-o-sabor\/#primaryimage","url":"https:\/\/www.em.com.br\/emfoco\/wp-content\/uploads\/2025\/07\/acucar_1752070049469.jpg","contentUrl":"https:\/\/www.em.com.br\/emfoco\/wp-content\/uploads\/2025\/07\/acucar_1752070049469.jpg","width":1280,"height":720,"caption":"A\u00e7\u00facar - Cr\u00e9ditos: depositphotos.com \/ magone"},{"@type":"BreadcrumbList","@id":"https:\/\/www.em.com.br\/emfoco\/2025\/09\/04\/os-melhores-substitutos-naturais-para-cortar-o-acucar-sem-perder-o-sabor\/#breadcrumb","itemListElement":[{"@type":"ListItem","position":1,"name":"In\u00edcio","item":"https:\/\/www.em.com.br\/emfoco\/"},{"@type":"ListItem","position":2,"name":"Os melhores substitutos naturais para cortar o a\u00e7\u00facar sem perder o sabor"}]},{"@type":"WebSite","@id":"https:\/\/www.em.com.br\/emfoco\/#website","url":"https:\/\/www.em.com.br\/emfoco\/","name":"Estado de Minas - Em foco","description":"Acompanhe as \u00faltimas not\u00edcias e fique bem informado sobre tudo o que acontece em Minas Gerais, Brasil e no mundo.","potentialAction":[{"@type":"SearchAction","target":{"@type":"EntryPoint","urlTemplate":"https:\/\/www.em.com.br\/emfoco\/?s={search_term_string}"},"query-input":{"@type":"PropertyValueSpecification","valueRequired":true,"valueName":"search_term_string"}}],"inLanguage":"pt-BR"},{"@type":"Person","@id":"https:\/\/www.em.com.br\/emfoco\/#\/schema\/person\/1c9ddeab18b98abeffef834667bcf08a","name":"Gabriel Martins","image":{"@type":"ImageObject","inLanguage":"pt-BR","@id":"https:\/\/www.em.com.br\/emfoco\/#\/schema\/person\/image\/","url":"https:\/\/secure.gravatar.com\/avatar\/f0f1e2efdfd88f1ad2cb08c5c2731e50?s=96&d=mm&r=g","contentUrl":"https:\/\/secure.gravatar.com\/avatar\/f0f1e2efdfd88f1ad2cb08c5c2731e50?s=96&d=mm&r=g","caption":"Gabriel Martins"},"sameAs":["https:\/\/www.em.com.br\/emfoco\/"],"url":"https:\/\/www.em.com.br\/emfoco\/author\/gabrielmartinsmyth\/"}]}},"_links":{"self":[{"href":"https:\/\/www.em.com.br\/emfoco\/wp-json\/wp\/v2\/posts\/99570","targetHints":{"allow":["GET"]}}],"collection":[{"href":"https:\/\/www.em.com.br\/emfoco\/wp-json\/wp\/v2\/posts"}],"about":[{"href":"https:\/\/www.em.com.br\/emfoco\/wp-json\/wp\/v2\/types\/post"}],"author":[{"embeddable":true,"href":"https:\/\/www.em.com.br\/emfoco\/wp-json\/wp\/v2\/users\/13"}],"replies":[{"embeddable":true,"href":"https:\/\/www.em.com.br\/emfoco\/wp-json\/wp\/v2\/comments?post=99570"}],"version-history":[{"count":1,"href":"https:\/\/www.em.com.br\/emfoco\/wp-json\/wp\/v2\/posts\/99570\/revisions"}],"predecessor-version":[{"id":99579,"href":"https:\/\/www.em.com.br\/emfoco\/wp-json\/wp\/v2\/posts\/99570\/revisions\/99579"}],"wp:featuredmedia":[{"embeddable":true,"href":"https:\/\/www.em.com.br\/emfoco\/wp-json\/wp\/v2\/media\/73329"}],"wp:attachment":[{"href":"https:\/\/www.em.com.br\/emfoco\/wp-json\/wp\/v2\/media?parent=99570"}],"wp:term":[{"taxonomy":"category","embeddable":true,"href":"https:\/\/www.em.com.br\/emfoco\/wp-json\/wp\/v2\/categories?post=99570"},{"taxonomy":"post_tag","embeddable":true,"href":"https:\/\/www.em.com.br\/emfoco\/wp-json\/wp\/v2\/tags?post=99570"}],"curies":[{"name":"wp","href":"https:\/\/api.w.org\/{rel}","templated":true}]}}