{"id":9957,"date":"2025-01-20T08:40:00","date_gmt":"2025-01-20T11:40:00","guid":{"rendered":"https:\/\/www.em.com.br\/emfoco\/?p=9957"},"modified":"2025-01-11T17:47:33","modified_gmt":"2025-01-11T20:47:33","slug":"atencao-beneficiarios-mudancas-no-bpc-podem-te-afetar","status":"publish","type":"post","link":"https:\/\/www.em.com.br\/emfoco\/2025\/01\/20\/atencao-beneficiarios-mudancas-no-bpc-podem-te-afetar\/","title":{"rendered":"Aten\u00e7\u00e3o, Benefici\u00e1rios! Mudan\u00e7as no BPC Podem Te Afetar"},"content":{"rendered":"\n<p>A<a href=\"https:\/\/www.planalto.gov.br\/ccivil_03\/_ato2023-2026\/2024\/lei\/L15077.htm\" target=\"_blank\" rel=\"noreferrer noopener\"><strong> Lei n\u00ba 15.077<\/strong><\/a>, sancionada recentemente, traz importantes mudan\u00e7as nas diretrizes do<strong> <a href=\"https:\/\/www.em.com.br\/emfoco\/2024\/11\/29\/atencao-300-mil-brasileiros-cortados-do-beneficio-de-prestacao-continuada-bpc\/\" target=\"_blank\" rel=\"noreferrer noopener\">Benef\u00edcio de Presta\u00e7\u00e3o Continuada (BPC)<\/a><\/strong>. O Minist\u00e9rio do Desenvolvimento e Assist\u00eancia Social compilou as principais mudan\u00e7as para combater not\u00edcias falsas e esclarecer d\u00favidas dos benefici\u00e1rios. Entre as altera\u00e7\u00f5es est\u00e3o avalia\u00e7\u00f5es mais rigorosas, exig\u00eancia de biometria e atualiza\u00e7\u00f5es no Cadastro \u00danico.<\/p>\n\n\n\n<p>O BPC, benef\u00edcio essencial para muitas pessoas em situa\u00e7\u00e3o de vulnerabilidade, \u00e9 regido por novas normas que visam melhorar a seguran\u00e7a e transpar\u00eancia no processo de concess\u00e3o. Com a implementa\u00e7\u00e3o dessas mudan\u00e7as, o objetivo \u00e9 assegurar que o benef\u00edcio alcance quem realmente tem direito a ele.<\/p>\n\n\n\n<h2 class=\"wp-block-heading\">Quais s\u00e3o as principais mudan\u00e7as na lei?<\/h2>\n\n\n\n<p>A nova legisla\u00e7\u00e3o introduziu tr\u00eas modifica\u00e7\u00f5es principais que devem impactar diretamente os benefici\u00e1rios.<\/p>\n\n\n\n<ul class=\"wp-block-list\">\n<li><strong>Avalia\u00e7\u00e3o da defici\u00eancia e CID:<\/strong> Agora, \u00e9 obrigat\u00f3ria a avalia\u00e7\u00e3o da defici\u00eancia para solicitantes com menos de 65 anos, tanto em processos administrativos quanto judiciais. Essa avalia\u00e7\u00e3o incluir\u00e1 o registro do c\u00f3digo da<strong> <a href=\"https:\/\/www.paho.org\/pt\/noticias\/15-2-2024-oms-disponibiliza-versao-em-portugues-da-classificacao-internacional-doencas-cid\" target=\"_blank\" rel=\"noreferrer noopener\">Classifica\u00e7\u00e3o Internacional de Doen\u00e7as (CID)<\/a><\/strong>.<\/li>\n\n\n\n<li><strong>Atualiza\u00e7\u00e3o do Cad\u00danico:<\/strong> O prazo para atualizar o cadastro no Cadastro \u00danico foi fixado em 24 meses, melhorando a seguran\u00e7a dos dados fornecidos pelos benefici\u00e1rios.<\/li>\n\n\n\n<li><strong>Biometria obrigat\u00f3ria:<\/strong> A coleta de dados biom\u00e9tricos tornou-se necess\u00e1ria para obter e manter o BPC, al\u00e9m de outras assist\u00eancias previdenci\u00e1rias, como aposentadorias e pens\u00f5es.<\/li>\n<\/ul>\n\n\n\n<h2 class=\"wp-block-heading\">O que n\u00e3o mudou com a nova legisla\u00e7\u00e3o?<\/h2>\n\n\n\n<p>Apesar das modifica\u00e7\u00f5es, alguns aspectos essenciais do BPC permanecem inalterados, desmentindo boatos que circularam recentemente. A Lei n\u00ba 15.077 n\u00e3o modifica a exig\u00eancia de que a defici\u00eancia seja grave ou moderada para a concess\u00e3o do benef\u00edcio, nem redefine os conceitos de defici\u00eancia e composi\u00e7\u00e3o familiar para c\u00e1lculo da renda per capita.<\/p>\n\n\n\n<p>Estes aspectos garantem a continuidade dos crit\u00e9rios de acesso ao BPC, assegurando que os benefici\u00e1rios em situa\u00e7\u00f5es leg\u00edtimas continuam a receber o suporte necess\u00e1rio.<\/p>\n\n\n\n<figure class=\"wp-block-image size-large\"><img loading=\"lazy\" decoding=\"async\" width=\"1024\" height=\"576\" src=\"https:\/\/www.em.com.br\/emfoco\/wp-content\/uploads\/2024\/12\/dinheiro_1733233251105-1024x576.jpg\" alt=\"As Cidades Brasileiras Mais Caras para Viver: Vale a Pena?\" class=\"wp-image-2959\" srcset=\"https:\/\/www.em.com.br\/emfoco\/wp-content\/uploads\/2024\/12\/dinheiro_1733233251105-1024x576.jpg 1024w, https:\/\/www.em.com.br\/emfoco\/wp-content\/uploads\/2024\/12\/dinheiro_1733233251105-300x169.jpg 300w, https:\/\/www.em.com.br\/emfoco\/wp-content\/uploads\/2024\/12\/dinheiro_1733233251105-768x432.jpg 768w, https:\/\/www.em.com.br\/emfoco\/wp-content\/uploads\/2024\/12\/dinheiro_1733233251105-750x422.jpg 750w, https:\/\/www.em.com.br\/emfoco\/wp-content\/uploads\/2024\/12\/dinheiro_1733233251105-1140x641.jpg 1140w, https:\/\/www.em.com.br\/emfoco\/wp-content\/uploads\/2024\/12\/dinheiro_1733233251105.jpg 1280w\" sizes=\"auto, (max-width: 1024px) 100vw, 1024px\" \/><figcaption class=\"wp-element-caption\">Imagem Ilustrativa de Dinheiro &#8211; Cr\u00e9ditos: depositphotos.com \/ Rangizzz<\/figcaption><\/figure>\n\n\n\n<h2 class=\"wp-block-heading\">Como as mudan\u00e7as afetam os benefici\u00e1rios?<\/h2>\n\n\n\n<p>As altera\u00e7\u00f5es visam reduzir fraudes e garantir que o benef\u00edcio chegue a quem de fato necessita. Segundo o ministro do Desenvolvimento e Assist\u00eancia Social, Wellington Dias, as medidas implementadas com a nova legisla\u00e7\u00e3o fecham lacunas que facilitavam fraudes, assegurando maior transpar\u00eancia e confiabilidade no sistema.<\/p>\n\n\n\n<p>Com a obrigatoriedade da biometria e a atualiza\u00e7\u00e3o do Cad\u00danico a cada dois anos, o governo espera evitar invas\u00f5es indevidas no sistema de benef\u00edcios, garantindo que apenas os cidad\u00e3os que realmente preenchem os requisitos acessem o BPC.<\/p>\n\n\n\n<h2 class=\"wp-block-heading\">Como regularizar o Cad\u00danico?<\/h2>\n\n\n\n<p>O <strong><a href=\"https:\/\/www.em.com.br\/emfoco\/2025\/01\/11\/urgente-aposentados-e-pensionistas-saiba-como-o-reajuste-do-salario-minimo-impacta-seus-beneficios\/\" target=\"_blank\" rel=\"noreferrer noopener\">Instituto Nacional do Seguro Social (INSS)<\/a> <\/strong>lan\u00e7ou uma ferramenta no site e aplicativo Meu INSS para facilitar a regulariza\u00e7\u00e3o do Cad\u00danico por benefici\u00e1rios do BPC. Essa ferramenta direciona o benefici\u00e1rio a procurar o <a href=\"https:\/\/www.gov.br\/pt-br\/servicos\/acessar-o-cras-centro-de-referencia-da-assistencia-social\" target=\"_blank\" rel=\"noreferrer noopener\"><strong>Centro de Refer\u00eancia de Assist\u00eancia Social (CRAS)<\/strong><\/a> para regularizar sua situa\u00e7\u00e3o cadastral.<\/p>\n\n\n\n<p>Em casos de bloqueio de pagamentos devido a pend\u00eancias no Cad\u00danico, o sistema notifica o usu\u00e1rio sobre a necessidade de atualiza\u00e7\u00e3o, permitindo que, ap\u00f3s regulariza\u00e7\u00e3o, o benef\u00edcio seja liberado rapidamente dentro de 72 horas.<\/p>\n\n\n\n<p>Por fim, o Minist\u00e9rio do Desenvolvimento e Assist\u00eancia Social refor\u00e7a a import\u00e2ncia de buscar informa\u00e7\u00f5es nos canais oficiais do governo para evitar desinforma\u00e7\u00e3o sobre as novas regras do BPC.<\/p>\n","protected":false},"excerpt":{"rendered":"<p>A Lei n\u00ba 15.077, sancionada recentemente, traz importantes mudan\u00e7as nas diretrizes do Benef\u00edcio de Presta\u00e7\u00e3o Continuada (BPC). O Minist\u00e9rio do Desenvolvimento e Assist\u00eancia Social compilou as principais mudan\u00e7as para combater not\u00edcias falsas e esclarecer d\u00favidas dos benefici\u00e1rios. Entre as altera\u00e7\u00f5es est\u00e3o avalia\u00e7\u00f5es mais rigorosas, exig\u00eancia de biometria e atualiza\u00e7\u00f5es no Cadastro \u00danico. O BPC, benef\u00edcio [&hellip;]<\/p>\n","protected":false},"author":5,"featured_media":10020,"comment_status":"open","ping_status":"open","sticky":false,"template":"","format":"standard","meta":{"jnews-multi-image_gallery":[],"jnews_single_post":{"format":"standard"},"jnews_primary_category":[],"jnews_social_meta":[],"jnews_override_counter":[],"footnotes":""},"categories":[28,1],"tags":[2492,257,174],"class_list":["post-9957","post","type-post","status-publish","format-standard","has-post-thumbnail","hentry","category-economia","category-noticias","tag-beneficios-do-inss","tag-bpc","tag-inss"],"yoast_head":"<!-- This site is optimized with the Yoast SEO plugin v23.8 - https:\/\/yoast.com\/wordpress\/plugins\/seo\/ -->\n<title>Aten\u00e7\u00e3o, Benefici\u00e1rios! Mudan\u00e7as no BPC Podem Te Afetar - Estado de Minas - Em foco<\/title>\n<meta name=\"description\" content=\"Alerta para benefici\u00e1rios do BPC! Mudan\u00e7as importantes foram feitas. Descubra o que voc\u00ea precisa saber para continuar recebendo o benef\u00edcio.\" \/>\n<meta name=\"robots\" content=\"index, follow, max-snippet:-1, max-image-preview:large, max-video-preview:-1\" \/>\n<link rel=\"canonical\" href=\"https:\/\/www.em.com.br\/emfoco\/2025\/01\/20\/atencao-beneficiarios-mudancas-no-bpc-podem-te-afetar\/\" \/>\n<meta property=\"og:locale\" content=\"pt_BR\" \/>\n<meta property=\"og:type\" content=\"article\" \/>\n<meta property=\"og:title\" content=\"Aten\u00e7\u00e3o, Benefici\u00e1rios! Mudan\u00e7as no BPC Podem Te Afetar - Estado de Minas - Em foco\" \/>\n<meta property=\"og:description\" content=\"Alerta para benefici\u00e1rios do BPC! Mudan\u00e7as importantes foram feitas. Descubra o que voc\u00ea precisa saber para continuar recebendo o benef\u00edcio.\" \/>\n<meta property=\"og:url\" content=\"https:\/\/www.em.com.br\/emfoco\/2025\/01\/20\/atencao-beneficiarios-mudancas-no-bpc-podem-te-afetar\/\" \/>\n<meta property=\"og:site_name\" content=\"Estado de Minas - Em foco\" \/>\n<meta property=\"article:published_time\" content=\"2025-01-20T11:40:00+00:00\" \/>\n<meta property=\"article:modified_time\" content=\"2025-01-11T20:47:33+00:00\" \/>\n<meta property=\"og:image\" content=\"https:\/\/www.em.com.br\/emfoco\/wp-content\/uploads\/2025\/01\/aposentadoria_1736619816174.jpg\" \/>\n\t<meta property=\"og:image:width\" content=\"1280\" \/>\n\t<meta property=\"og:image:height\" content=\"720\" \/>\n\t<meta property=\"og:image:type\" content=\"image\/jpeg\" \/>\n<meta name=\"author\" content=\"N\u00fabia Rangel\" \/>\n<meta name=\"twitter:card\" content=\"summary_large_image\" \/>\n<meta name=\"twitter:label1\" content=\"Escrito por\" \/>\n\t<meta name=\"twitter:data1\" content=\"N\u00fabia Rangel\" \/>\n\t<meta name=\"twitter:label2\" content=\"Est. tempo de leitura\" \/>\n\t<meta name=\"twitter:data2\" content=\"4 minutos\" \/>\n<!-- \/ Yoast SEO plugin. -->","yoast_head_json":{"title":"Aten\u00e7\u00e3o, Benefici\u00e1rios! Mudan\u00e7as no BPC Podem Te Afetar - Estado de Minas - Em foco","description":"Alerta para benefici\u00e1rios do BPC! Mudan\u00e7as importantes foram feitas. Descubra o que voc\u00ea precisa saber para continuar recebendo o benef\u00edcio.","robots":{"index":"index","follow":"follow","max-snippet":"max-snippet:-1","max-image-preview":"max-image-preview:large","max-video-preview":"max-video-preview:-1"},"canonical":"https:\/\/www.em.com.br\/emfoco\/2025\/01\/20\/atencao-beneficiarios-mudancas-no-bpc-podem-te-afetar\/","og_locale":"pt_BR","og_type":"article","og_title":"Aten\u00e7\u00e3o, Benefici\u00e1rios! Mudan\u00e7as no BPC Podem Te Afetar - Estado de Minas - Em foco","og_description":"Alerta para benefici\u00e1rios do BPC! Mudan\u00e7as importantes foram feitas. Descubra o que voc\u00ea precisa saber para continuar recebendo o benef\u00edcio.","og_url":"https:\/\/www.em.com.br\/emfoco\/2025\/01\/20\/atencao-beneficiarios-mudancas-no-bpc-podem-te-afetar\/","og_site_name":"Estado de Minas - Em foco","article_published_time":"2025-01-20T11:40:00+00:00","article_modified_time":"2025-01-11T20:47:33+00:00","og_image":[{"width":1280,"height":720,"url":"https:\/\/www.em.com.br\/emfoco\/wp-content\/uploads\/2025\/01\/aposentadoria_1736619816174.jpg","type":"image\/jpeg"}],"author":"N\u00fabia Rangel","twitter_card":"summary_large_image","twitter_misc":{"Escrito por":"N\u00fabia Rangel","Est. tempo de leitura":"4 minutos"},"schema":{"@context":"https:\/\/schema.org","@graph":[{"@type":"WebPage","@id":"https:\/\/www.em.com.br\/emfoco\/2025\/01\/20\/atencao-beneficiarios-mudancas-no-bpc-podem-te-afetar\/","url":"https:\/\/www.em.com.br\/emfoco\/2025\/01\/20\/atencao-beneficiarios-mudancas-no-bpc-podem-te-afetar\/","name":"Aten\u00e7\u00e3o, Benefici\u00e1rios! Mudan\u00e7as no BPC Podem Te Afetar - Estado de Minas - Em foco","isPartOf":{"@id":"https:\/\/www.em.com.br\/emfoco\/#website"},"primaryImageOfPage":{"@id":"https:\/\/www.em.com.br\/emfoco\/2025\/01\/20\/atencao-beneficiarios-mudancas-no-bpc-podem-te-afetar\/#primaryimage"},"image":{"@id":"https:\/\/www.em.com.br\/emfoco\/2025\/01\/20\/atencao-beneficiarios-mudancas-no-bpc-podem-te-afetar\/#primaryimage"},"thumbnailUrl":"https:\/\/www.em.com.br\/emfoco\/wp-content\/uploads\/2025\/01\/aposentadoria_1736619816174.jpg","datePublished":"2025-01-20T11:40:00+00:00","dateModified":"2025-01-11T20:47:33+00:00","author":{"@id":"https:\/\/www.em.com.br\/emfoco\/#\/schema\/person\/524437ef54f8a5d32591b143307f2e20"},"description":"Alerta para benefici\u00e1rios do BPC! Mudan\u00e7as importantes foram feitas. Descubra o que voc\u00ea precisa saber para continuar recebendo o benef\u00edcio.","breadcrumb":{"@id":"https:\/\/www.em.com.br\/emfoco\/2025\/01\/20\/atencao-beneficiarios-mudancas-no-bpc-podem-te-afetar\/#breadcrumb"},"inLanguage":"pt-BR","potentialAction":[{"@type":"ReadAction","target":["https:\/\/www.em.com.br\/emfoco\/2025\/01\/20\/atencao-beneficiarios-mudancas-no-bpc-podem-te-afetar\/"]}]},{"@type":"ImageObject","inLanguage":"pt-BR","@id":"https:\/\/www.em.com.br\/emfoco\/2025\/01\/20\/atencao-beneficiarios-mudancas-no-bpc-podem-te-afetar\/#primaryimage","url":"https:\/\/www.em.com.br\/emfoco\/wp-content\/uploads\/2025\/01\/aposentadoria_1736619816174.jpg","contentUrl":"https:\/\/www.em.com.br\/emfoco\/wp-content\/uploads\/2025\/01\/aposentadoria_1736619816174.jpg","width":1280,"height":720,"caption":"Imagem Ilustrativa de Dinheiro - Cr\u00e9ditos: depositphotos.com \/ AndrewLozovyi"},{"@type":"BreadcrumbList","@id":"https:\/\/www.em.com.br\/emfoco\/2025\/01\/20\/atencao-beneficiarios-mudancas-no-bpc-podem-te-afetar\/#breadcrumb","itemListElement":[{"@type":"ListItem","position":1,"name":"In\u00edcio","item":"https:\/\/www.em.com.br\/emfoco\/"},{"@type":"ListItem","position":2,"name":"Aten\u00e7\u00e3o, Benefici\u00e1rios! Mudan\u00e7as no BPC Podem Te Afetar"}]},{"@type":"WebSite","@id":"https:\/\/www.em.com.br\/emfoco\/#website","url":"https:\/\/www.em.com.br\/emfoco\/","name":"Estado de Minas - Em foco","description":"Acompanhe as \u00faltimas not\u00edcias e fique bem informado sobre tudo o que acontece em Minas Gerais, Brasil e no mundo.","potentialAction":[{"@type":"SearchAction","target":{"@type":"EntryPoint","urlTemplate":"https:\/\/www.em.com.br\/emfoco\/?s={search_term_string}"},"query-input":{"@type":"PropertyValueSpecification","valueRequired":true,"valueName":"search_term_string"}}],"inLanguage":"pt-BR"},{"@type":"Person","@id":"https:\/\/www.em.com.br\/emfoco\/#\/schema\/person\/524437ef54f8a5d32591b143307f2e20","name":"N\u00fabia Rangel","image":{"@type":"ImageObject","inLanguage":"pt-BR","@id":"https:\/\/www.em.com.br\/emfoco\/#\/schema\/person\/image\/","url":"https:\/\/secure.gravatar.com\/avatar\/47cff2827a5ba23c37e8068c86817ea4?s=96&d=mm&r=g","contentUrl":"https:\/\/secure.gravatar.com\/avatar\/47cff2827a5ba23c37e8068c86817ea4?s=96&d=mm&r=g","caption":"N\u00fabia Rangel"},"sameAs":["https:\/\/www.em.com.br\/emfoco\/"],"url":"https:\/\/www.em.com.br\/emfoco\/author\/nubiamyth\/"}]}},"_links":{"self":[{"href":"https:\/\/www.em.com.br\/emfoco\/wp-json\/wp\/v2\/posts\/9957","targetHints":{"allow":["GET"]}}],"collection":[{"href":"https:\/\/www.em.com.br\/emfoco\/wp-json\/wp\/v2\/posts"}],"about":[{"href":"https:\/\/www.em.com.br\/emfoco\/wp-json\/wp\/v2\/types\/post"}],"author":[{"embeddable":true,"href":"https:\/\/www.em.com.br\/emfoco\/wp-json\/wp\/v2\/users\/5"}],"replies":[{"embeddable":true,"href":"https:\/\/www.em.com.br\/emfoco\/wp-json\/wp\/v2\/comments?post=9957"}],"version-history":[{"count":5,"href":"https:\/\/www.em.com.br\/emfoco\/wp-json\/wp\/v2\/posts\/9957\/revisions"}],"predecessor-version":[{"id":10085,"href":"https:\/\/www.em.com.br\/emfoco\/wp-json\/wp\/v2\/posts\/9957\/revisions\/10085"}],"wp:featuredmedia":[{"embeddable":true,"href":"https:\/\/www.em.com.br\/emfoco\/wp-json\/wp\/v2\/media\/10020"}],"wp:attachment":[{"href":"https:\/\/www.em.com.br\/emfoco\/wp-json\/wp\/v2\/media?parent=9957"}],"wp:term":[{"taxonomy":"category","embeddable":true,"href":"https:\/\/www.em.com.br\/emfoco\/wp-json\/wp\/v2\/categories?post=9957"},{"taxonomy":"post_tag","embeddable":true,"href":"https:\/\/www.em.com.br\/emfoco\/wp-json\/wp\/v2\/tags?post=9957"}],"curies":[{"name":"wp","href":"https:\/\/api.w.org\/{rel}","templated":true}]}}