{"id":99149,"date":"2025-09-02T23:48:19","date_gmt":"2025-09-03T02:48:19","guid":{"rendered":"https:\/\/www.em.com.br\/emfoco\/?p=99149"},"modified":"2025-09-01T15:05:33","modified_gmt":"2025-09-01T18:05:33","slug":"o-que-nao-fazer-para-nao-desgastar-o-sofa-da-sua-casa","status":"publish","type":"post","link":"https:\/\/www.em.com.br\/emfoco\/2025\/09\/02\/o-que-nao-fazer-para-nao-desgastar-o-sofa-da-sua-casa\/","title":{"rendered":"O que n\u00e3o fazer para n\u00e3o desgastar o sof\u00e1 da sua casa"},"content":{"rendered":"\n<p>Manter o <strong>sof\u00e1 em bom estado<\/strong> exige muito mais do que realizar limpezas espor\u00e1dicas. Pequenos h\u00e1bitos e descuidos no dia a dia podem acelerar drasticamente o desgaste do m\u00f3vel, impactando tanto sua durabilidade quanto sua apar\u00eancia. Tomar medidas corretas e evitar certos erros s\u00e3o fundamentais para preservar a integridade do seu sof\u00e1 por muitos anos.<\/p>\n\n\n\n<p>Al\u00e9m da limpeza, \u00e9 importante estar atento ao ambiente em que o sof\u00e1 est\u00e1 inserido e \u00e0 forma de uso. Quest\u00f5es como exposi\u00e7\u00e3o \u00e0 luz solar, manipula\u00e7\u00e3o inadequada de produtos de limpeza e at\u00e9 mesmo posturas de uso fazem diferen\u00e7a significativa na conserva\u00e7\u00e3o do estofado.<\/p>\n\n\n\n<ul class=\"wp-block-list\">\n<li>A exposi\u00e7\u00e3o constante ao sol \u00e9 prejudicial.<\/li>\n\n\n\n<li>Usar produtos inadequados pode danificar o tecido.<\/li>\n\n\n\n<li>A falta de manuten\u00e7\u00e3o regular leva aos desgastes mais r\u00e1pidos.<\/li>\n<\/ul>\n\n\n\n<h2 class=\"wp-block-heading\">Por que a exposi\u00e7\u00e3o ao sol \u00e9 prejudicial para o seu sof\u00e1?<\/h2>\n\n\n\n<p>Um dos erros mais comuns \u00e9 deixar o <strong>sof\u00e1 exposto diretamente ao sol<\/strong>. Este h\u00e1bito favorece o desbotamento do tecido, tornando as cores opacas e sem vida com o tempo, al\u00e9m de enfraquecer as fibras e prejudicar a resist\u00eancia e textura do estofado. Sof\u00e1s de couro tamb\u00e9m sofrem ressecamento e rachaduras quando submetidos a altas temperaturas com frequ\u00eancia.<\/p>\n\n\n\n<p>Evitar a luz solar direta \u00e9 vital para manter a beleza do seu sof\u00e1. Posicione o sof\u00e1 distante de janelas ou utilize cortinas, persianas ou pel\u00edculas UV, que ajudam a proteger o m\u00f3vel. Assim, \u00e9 poss\u00edvel preservar tanto o conforto quanto o aspecto original do seu sof\u00e1 por muito mais tempo.<\/p>\n\n\n<div class=\"wp-block-image\">\n<figure class=\"aligncenter size-large\"><img loading=\"lazy\" decoding=\"async\" width=\"1024\" height=\"576\" src=\"https:\/\/www.em.com.br\/emfoco\/wp-content\/uploads\/2025\/09\/usar-sofa_1756738347732-1024x576.jpg\" alt=\"H\u00e1bitos que acabam com o sof\u00e1\" class=\"wp-image-99153\" srcset=\"https:\/\/www.em.com.br\/emfoco\/wp-content\/uploads\/2025\/09\/usar-sofa_1756738347732-1024x576.jpg 1024w, https:\/\/www.em.com.br\/emfoco\/wp-content\/uploads\/2025\/09\/usar-sofa_1756738347732-300x169.jpg 300w, https:\/\/www.em.com.br\/emfoco\/wp-content\/uploads\/2025\/09\/usar-sofa_1756738347732-768x432.jpg 768w, https:\/\/www.em.com.br\/emfoco\/wp-content\/uploads\/2025\/09\/usar-sofa_1756738347732-750x422.jpg 750w, https:\/\/www.em.com.br\/emfoco\/wp-content\/uploads\/2025\/09\/usar-sofa_1756738347732-1140x641.jpg 1140w, https:\/\/www.em.com.br\/emfoco\/wp-content\/uploads\/2025\/09\/usar-sofa_1756738347732.jpg 1280w\" sizes=\"auto, (max-width: 1024px) 100vw, 1024px\" \/><figcaption class=\"wp-element-caption\">H\u00e1bitos que acabam com o sof\u00e1 &#8211; Cr\u00e9ditos: depositphotos.com \/ DimaBaranow<\/figcaption><\/figure><\/div>\n\n\n<h2 class=\"wp-block-heading\">Quais s\u00e3o os produtos adequados para limpeza?<\/h2>\n\n\n\n<p>Utilizar produtos de limpeza inadequados \u00e9 um erro recorrente ao cuidar do <strong>sof\u00e1<\/strong>. Produtos qu\u00edmicos agressivos, multiusos, \u00e1gua sanit\u00e1ria ou solventes podem causar manchas irrevers\u00edveis, desgaste prematuro do tecido e odores desagrad\u00e1veis. Cada material requer um cuidado espec\u00edfico para garantir a remo\u00e7\u00e3o da sujeira sem comprometer a estrutura e cores.<\/p>\n\n\n\n<ul class=\"wp-block-list\">\n<li>Prefira produtos espec\u00edficos para o tipo de tecido do seu sof\u00e1.<\/li>\n\n\n\n<li>Siga sempre as recomenda\u00e7\u00f5es do fabricante quanto \u00e0 limpeza.<\/li>\n<\/ul>\n\n\n\n<p><strong>Aten\u00e7\u00e3o:<\/strong> Nunca aplique produtos diretamente no tecido; utilize um pano limpo, macio e levemente umedecido. O teste pr\u00e9vio em uma \u00e1rea escondida garante maior seguran\u00e7a durante a higieniza\u00e7\u00e3o.<\/p>\n\n\n\n<h2 class=\"wp-block-heading\">Qual a import\u00e2ncia da manuten\u00e7\u00e3o regular?<\/h2>\n\n\n\n<p>A falta de <strong>manuten\u00e7\u00e3o regular<\/strong> pode acelerar o desgaste do seu sof\u00e1, favorecendo o ac\u00famulo de sujeira, poeira e at\u00e9 microrganismos nocivos \u00e0 sa\u00fade. Realizar a limpeza semanal, utilizando aspirador de p\u00f3 e panos adequados, ajuda a manter o m\u00f3vel higienizado e aumenta sua vida \u00fatil.<\/p>\n\n\n\n<p>Al\u00e9m da limpeza, ajustar o uso do sof\u00e1 para evitar sobrecargas em partes espec\u00edficas do m\u00f3vel \u00e9 importante. Revezar as almofadas, evitar sentar constantemente sempre no mesmo local e ficar atento a eventuais reparos s\u00e3o cuidados essenciais para prevenir deforma\u00e7\u00f5es e manter o conforto original.<\/p>\n\n\n\n<p>Leia tamb\u00e9m: <a href=\"https:\/\/www.em.com.br\/emfoco\/2025\/09\/01\/4-significados-do-ronronar-que-todo-tutor-precisa-conhecer\/\" target=\"_blank\" rel=\"noreferrer noopener\">4 significados do ronronar que todo tutor precisa conhecer<\/a><\/p>\n\n\n\n<h2 class=\"wp-block-heading\">Benef\u00edcios de manter o sof\u00e1 longe de objetos pontiagudos<\/h2>\n\n\n\n<p>Evitar contato com <strong>objetos pontiagudos<\/strong> \u00e9 uma das formas mais eficazes de preservar o tecido do sof\u00e1. Arranh\u00f5es, furos e cortes, al\u00e9m de alterarem a apar\u00eancia, podem n\u00e3o ter reparo simples, exigindo at\u00e9 a troca do estofado ou um conserto dispendioso. O risco \u00e9 ainda maior em casas com crian\u00e7as ou animais de estima\u00e7\u00e3o, por isso \u00e9 importante ter aten\u00e7\u00e3o redobrada.<\/p>\n\n\n\n<p>Al\u00e9m disso, ao manipular objetos cortantes pr\u00f3ximos ao sof\u00e1, tamb\u00e9m se deve evitar poss\u00edveis acidentes, garantindo maior seguran\u00e7a para toda a fam\u00edlia. Utilizar mantas protetoras pode ser uma solu\u00e7\u00e3o para minimizar impactos do uso di\u00e1rio e proteger ainda mais o revestimento.<\/p>\n\n\n\n<h2 class=\"wp-block-heading\">Como a postura ao sentar pode afetar seu sof\u00e1?<\/h2>\n\n\n\n<p>Sentar em posi\u00e7\u00f5es inadequadas, apoiar todo o peso em cantos, deitar sobre os bra\u00e7os ou pular sobre o <strong>sof\u00e1<\/strong> s\u00e3o atitudes que danificam a estrutura interna do m\u00f3vel. Isso pode resultar em deforma\u00e7\u00f5es permanentes, rangidos e at\u00e9 mesmo danos aos sistemas de apoio e fixa\u00e7\u00e3o das almofadas.<\/p>\n\n\n\n<p>O uso correto e respons\u00e1vel do sof\u00e1 \u00e9 crucial para prolongar sua vida \u00fatil. Oriente todos na resid\u00eancia a evitar maus h\u00e1bitos, priorizando uma postura confort\u00e1vel e adequada, <a href=\"https:\/\/contratamaisbrasil.sistema.gov.br\/oportunidades\/17\" target=\"_blank\" rel=\"noreferrer noopener\">preservando <\/a>assim tanto o conforto quanto a est\u00e9tica original do m\u00f3vel.<\/p>\n\n\n\n<h2 class=\"wp-block-heading\">Mantenha seu sof\u00e1 em condi\u00e7\u00f5es ideais por mais tempo<\/h2>\n\n\n\n<ul class=\"wp-block-list\">\n<li>Evite deixar o sof\u00e1 exposto \u00e0 luz solar direta.<\/li>\n\n\n\n<li>Use apenas produtos de limpeza adequados para o tecido do sof\u00e1.<\/li>\n\n\n\n<li>Realize manuten\u00e7\u00e3o e limpeza regular para prolongar sua vida \u00fatil.<\/li>\n<\/ul>\n\n\n\n<p>Com pequenas mudan\u00e7as nos h\u00e1bitos de uso e aten\u00e7\u00e3o aos detalhes, \u00e9 poss\u00edvel conservar seu sof\u00e1 bonito, confort\u00e1vel e funcional por muitos anos, valorizando cada investimento feito em sua casa e garantindo o bem-estar de toda a fam\u00edlia.<\/p>\n","protected":false},"excerpt":{"rendered":"<p>Manter o sof\u00e1 em bom estado exige muito mais do que realizar limpezas espor\u00e1dicas. Pequenos h\u00e1bitos e descuidos no dia a dia podem acelerar drasticamente o desgaste do m\u00f3vel, impactando tanto sua durabilidade quanto sua apar\u00eancia. Tomar medidas corretas e evitar certos erros s\u00e3o fundamentais para preservar a integridade do seu sof\u00e1 por muitos anos. [&hellip;]<\/p>\n","protected":false},"author":15,"featured_media":99151,"comment_status":"open","ping_status":"open","sticky":false,"template":"","format":"standard","meta":{"jnews-multi-image_gallery":[],"jnews_single_post":{"format":"standard"},"jnews_primary_category":[],"jnews_social_meta":[],"jnews_override_counter":[],"footnotes":""},"categories":[8819],"tags":[15357,3645,3034,14659,10626],"class_list":["post-99149","post","type-post","status-publish","format-standard","has-post-thumbnail","hentry","category-curiosidades","tag-cuidados-com-o-sofa","tag-dicas-de-limpeza","tag-manutencao","tag-moveis","tag-sofa"],"yoast_head":"<!-- This site is optimized with the Yoast SEO plugin v23.8 - https:\/\/yoast.com\/wordpress\/plugins\/seo\/ -->\n<title>O que n\u00e3o fazer para n\u00e3o desgastar o sof\u00e1 da sua casa - Estado de Minas - Em foco<\/title>\n<meta name=\"description\" content=\"Pequenos h\u00e1bitos podem acelerar o desgaste do sof\u00e1. Veja o que n\u00e3o fazer para conservar seu m\u00f3vel bonito e confort\u00e1vel por mais tempo.\" \/>\n<meta name=\"robots\" content=\"index, follow, max-snippet:-1, max-image-preview:large, max-video-preview:-1\" \/>\n<link rel=\"canonical\" href=\"https:\/\/www.em.com.br\/emfoco\/2025\/09\/02\/o-que-nao-fazer-para-nao-desgastar-o-sofa-da-sua-casa\/\" \/>\n<meta property=\"og:locale\" content=\"pt_BR\" \/>\n<meta property=\"og:type\" content=\"article\" \/>\n<meta property=\"og:title\" content=\"O que n\u00e3o fazer para n\u00e3o desgastar o sof\u00e1 da sua casa - Estado de Minas - Em foco\" \/>\n<meta property=\"og:description\" content=\"Pequenos h\u00e1bitos podem acelerar o desgaste do sof\u00e1. Veja o que n\u00e3o fazer para conservar seu m\u00f3vel bonito e confort\u00e1vel por mais tempo.\" \/>\n<meta property=\"og:url\" content=\"https:\/\/www.em.com.br\/emfoco\/2025\/09\/02\/o-que-nao-fazer-para-nao-desgastar-o-sofa-da-sua-casa\/\" \/>\n<meta property=\"og:site_name\" content=\"Estado de Minas - Em foco\" \/>\n<meta property=\"article:published_time\" content=\"2025-09-03T02:48:19+00:00\" \/>\n<meta property=\"article:modified_time\" content=\"2025-09-01T18:05:33+00:00\" \/>\n<meta property=\"og:image\" content=\"https:\/\/www.em.com.br\/emfoco\/wp-content\/uploads\/2025\/09\/usar-sofa_1756738321158.jpg\" \/>\n\t<meta property=\"og:image:width\" content=\"1280\" \/>\n\t<meta property=\"og:image:height\" content=\"720\" \/>\n\t<meta property=\"og:image:type\" content=\"image\/jpeg\" \/>\n<meta name=\"author\" content=\"Douglas Myth\" \/>\n<meta name=\"twitter:card\" content=\"summary_large_image\" \/>\n<meta name=\"twitter:label1\" content=\"Escrito por\" \/>\n\t<meta name=\"twitter:data1\" content=\"Douglas Myth\" \/>\n\t<meta name=\"twitter:label2\" content=\"Est. tempo de leitura\" \/>\n\t<meta name=\"twitter:data2\" content=\"5 minutos\" \/>\n<!-- \/ Yoast SEO plugin. -->","yoast_head_json":{"title":"O que n\u00e3o fazer para n\u00e3o desgastar o sof\u00e1 da sua casa - Estado de Minas - Em foco","description":"Pequenos h\u00e1bitos podem acelerar o desgaste do sof\u00e1. Veja o que n\u00e3o fazer para conservar seu m\u00f3vel bonito e confort\u00e1vel por mais tempo.","robots":{"index":"index","follow":"follow","max-snippet":"max-snippet:-1","max-image-preview":"max-image-preview:large","max-video-preview":"max-video-preview:-1"},"canonical":"https:\/\/www.em.com.br\/emfoco\/2025\/09\/02\/o-que-nao-fazer-para-nao-desgastar-o-sofa-da-sua-casa\/","og_locale":"pt_BR","og_type":"article","og_title":"O que n\u00e3o fazer para n\u00e3o desgastar o sof\u00e1 da sua casa - Estado de Minas - Em foco","og_description":"Pequenos h\u00e1bitos podem acelerar o desgaste do sof\u00e1. Veja o que n\u00e3o fazer para conservar seu m\u00f3vel bonito e confort\u00e1vel por mais tempo.","og_url":"https:\/\/www.em.com.br\/emfoco\/2025\/09\/02\/o-que-nao-fazer-para-nao-desgastar-o-sofa-da-sua-casa\/","og_site_name":"Estado de Minas - Em foco","article_published_time":"2025-09-03T02:48:19+00:00","article_modified_time":"2025-09-01T18:05:33+00:00","og_image":[{"width":1280,"height":720,"url":"https:\/\/www.em.com.br\/emfoco\/wp-content\/uploads\/2025\/09\/usar-sofa_1756738321158.jpg","type":"image\/jpeg"}],"author":"Douglas Myth","twitter_card":"summary_large_image","twitter_misc":{"Escrito por":"Douglas Myth","Est. tempo de leitura":"5 minutos"},"schema":{"@context":"https:\/\/schema.org","@graph":[{"@type":"WebPage","@id":"https:\/\/www.em.com.br\/emfoco\/2025\/09\/02\/o-que-nao-fazer-para-nao-desgastar-o-sofa-da-sua-casa\/","url":"https:\/\/www.em.com.br\/emfoco\/2025\/09\/02\/o-que-nao-fazer-para-nao-desgastar-o-sofa-da-sua-casa\/","name":"O que n\u00e3o fazer para n\u00e3o desgastar o sof\u00e1 da sua casa - Estado de Minas - Em foco","isPartOf":{"@id":"https:\/\/www.em.com.br\/emfoco\/#website"},"primaryImageOfPage":{"@id":"https:\/\/www.em.com.br\/emfoco\/2025\/09\/02\/o-que-nao-fazer-para-nao-desgastar-o-sofa-da-sua-casa\/#primaryimage"},"image":{"@id":"https:\/\/www.em.com.br\/emfoco\/2025\/09\/02\/o-que-nao-fazer-para-nao-desgastar-o-sofa-da-sua-casa\/#primaryimage"},"thumbnailUrl":"https:\/\/www.em.com.br\/emfoco\/wp-content\/uploads\/2025\/09\/usar-sofa_1756738321158.jpg","datePublished":"2025-09-03T02:48:19+00:00","dateModified":"2025-09-01T18:05:33+00:00","author":{"@id":"https:\/\/www.em.com.br\/emfoco\/#\/schema\/person\/bba594b7eebe9b9885fec3a5c7837089"},"description":"Pequenos h\u00e1bitos podem acelerar o desgaste do sof\u00e1. Veja o que n\u00e3o fazer para conservar seu m\u00f3vel bonito e confort\u00e1vel por mais tempo.","breadcrumb":{"@id":"https:\/\/www.em.com.br\/emfoco\/2025\/09\/02\/o-que-nao-fazer-para-nao-desgastar-o-sofa-da-sua-casa\/#breadcrumb"},"inLanguage":"pt-BR","potentialAction":[{"@type":"ReadAction","target":["https:\/\/www.em.com.br\/emfoco\/2025\/09\/02\/o-que-nao-fazer-para-nao-desgastar-o-sofa-da-sua-casa\/"]}]},{"@type":"ImageObject","inLanguage":"pt-BR","@id":"https:\/\/www.em.com.br\/emfoco\/2025\/09\/02\/o-que-nao-fazer-para-nao-desgastar-o-sofa-da-sua-casa\/#primaryimage","url":"https:\/\/www.em.com.br\/emfoco\/wp-content\/uploads\/2025\/09\/usar-sofa_1756738321158.jpg","contentUrl":"https:\/\/www.em.com.br\/emfoco\/wp-content\/uploads\/2025\/09\/usar-sofa_1756738321158.jpg","width":1280,"height":720,"caption":"H\u00e1bitos que acabam com o sof\u00e1 - Cr\u00e9ditos: depositphotos.com \/ serdiukov"},{"@type":"BreadcrumbList","@id":"https:\/\/www.em.com.br\/emfoco\/2025\/09\/02\/o-que-nao-fazer-para-nao-desgastar-o-sofa-da-sua-casa\/#breadcrumb","itemListElement":[{"@type":"ListItem","position":1,"name":"In\u00edcio","item":"https:\/\/www.em.com.br\/emfoco\/"},{"@type":"ListItem","position":2,"name":"O que n\u00e3o fazer para n\u00e3o desgastar o sof\u00e1 da sua casa"}]},{"@type":"WebSite","@id":"https:\/\/www.em.com.br\/emfoco\/#website","url":"https:\/\/www.em.com.br\/emfoco\/","name":"Estado de Minas - Em foco","description":"Acompanhe as \u00faltimas not\u00edcias e fique bem informado sobre tudo o que acontece em Minas Gerais, Brasil e no mundo.","potentialAction":[{"@type":"SearchAction","target":{"@type":"EntryPoint","urlTemplate":"https:\/\/www.em.com.br\/emfoco\/?s={search_term_string}"},"query-input":{"@type":"PropertyValueSpecification","valueRequired":true,"valueName":"search_term_string"}}],"inLanguage":"pt-BR"},{"@type":"Person","@id":"https:\/\/www.em.com.br\/emfoco\/#\/schema\/person\/bba594b7eebe9b9885fec3a5c7837089","name":"Douglas Myth","image":{"@type":"ImageObject","inLanguage":"pt-BR","@id":"https:\/\/www.em.com.br\/emfoco\/#\/schema\/person\/image\/","url":"https:\/\/secure.gravatar.com\/avatar\/1ac3cf50d0e68642c697dc0c960c802f?s=96&d=mm&r=g","contentUrl":"https:\/\/secure.gravatar.com\/avatar\/1ac3cf50d0e68642c697dc0c960c802f?s=96&d=mm&r=g","caption":"Douglas Myth"},"url":"https:\/\/www.em.com.br\/emfoco\/author\/douglasmyth\/"}]}},"_links":{"self":[{"href":"https:\/\/www.em.com.br\/emfoco\/wp-json\/wp\/v2\/posts\/99149","targetHints":{"allow":["GET"]}}],"collection":[{"href":"https:\/\/www.em.com.br\/emfoco\/wp-json\/wp\/v2\/posts"}],"about":[{"href":"https:\/\/www.em.com.br\/emfoco\/wp-json\/wp\/v2\/types\/post"}],"author":[{"embeddable":true,"href":"https:\/\/www.em.com.br\/emfoco\/wp-json\/wp\/v2\/users\/15"}],"replies":[{"embeddable":true,"href":"https:\/\/www.em.com.br\/emfoco\/wp-json\/wp\/v2\/comments?post=99149"}],"version-history":[{"count":3,"href":"https:\/\/www.em.com.br\/emfoco\/wp-json\/wp\/v2\/posts\/99149\/revisions"}],"predecessor-version":[{"id":99377,"href":"https:\/\/www.em.com.br\/emfoco\/wp-json\/wp\/v2\/posts\/99149\/revisions\/99377"}],"wp:featuredmedia":[{"embeddable":true,"href":"https:\/\/www.em.com.br\/emfoco\/wp-json\/wp\/v2\/media\/99151"}],"wp:attachment":[{"href":"https:\/\/www.em.com.br\/emfoco\/wp-json\/wp\/v2\/media?parent=99149"}],"wp:term":[{"taxonomy":"category","embeddable":true,"href":"https:\/\/www.em.com.br\/emfoco\/wp-json\/wp\/v2\/categories?post=99149"},{"taxonomy":"post_tag","embeddable":true,"href":"https:\/\/www.em.com.br\/emfoco\/wp-json\/wp\/v2\/tags?post=99149"}],"curies":[{"name":"wp","href":"https:\/\/api.w.org\/{rel}","templated":true}]}}