{"id":99128,"date":"2025-09-03T07:48:00","date_gmt":"2025-09-03T10:48:00","guid":{"rendered":"https:\/\/www.em.com.br\/emfoco\/?p=99128"},"modified":"2025-09-02T18:08:30","modified_gmt":"2025-09-02T21:08:30","slug":"as-4-plantas-que-afastam-mosquitos-de-forma-natural-e-perfumam-o-ambiente","status":"publish","type":"post","link":"https:\/\/www.em.com.br\/emfoco\/2025\/09\/03\/as-4-plantas-que-afastam-mosquitos-de-forma-natural-e-perfumam-o-ambiente\/","title":{"rendered":"As 4 plantas que afastam mosquitos de forma natural e perfumam o ambiente"},"content":{"rendered":"\n<p>Manter os ambientes livres de mosquitos \u00e9 poss\u00edvel sem recorrer a sprays qu\u00edmicos. Algumas <strong>plantas arom\u00e1ticas<\/strong> liberam \u00f3leos naturais que funcionam como repelentes eficazes.<\/p>\n\n\n\n<ul class=\"wp-block-list\">\n<li>Criam uma barreira natural contra mosquitos<\/li>\n\n\n\n<li>Podem ser cultivadas em vasos ou jardins<\/li>\n\n\n\n<li>Perfumam a casa com aromas agrad\u00e1veis<\/li>\n<\/ul>\n\n\n\n<h2 class=\"wp-block-heading\">Como as plantas conseguem afastar os mosquitos?<\/h2>\n\n\n\n<p>O segredo est\u00e1 nos <strong>\u00f3leos essenciais liberados pelas folhas<\/strong>. Quando o aroma se espalha no ar, os mosquitos sentem dificuldade em localizar pessoas e ambientes para pousar.<\/p>\n\n\n\n<p>Esse efeito funciona porque o olfato dos insetos \u00e9 muito sens\u00edvel, e os cheiros intensos de plantas como citronela, manjeric\u00e3o e <strong><a href=\"https:\/\/www.em.com.br\/emfoco\/2025\/08\/30\/dormir-perto-de-lavanda-pode-ajudar-a-acalmar-o-sistema-nervoso\/\" target=\"_blank\" rel=\"noreferrer noopener\">lavanda<\/a><\/strong> desorientam seus sensores.<\/p>\n\n\n\n<figure class=\"wp-block-image size-large\"><img loading=\"lazy\" decoding=\"async\" width=\"1024\" height=\"576\" src=\"https:\/\/www.em.com.br\/emfoco\/wp-content\/uploads\/2025\/08\/Manjericao_1756142636144-1024x576.jpg\" alt=\"A erva arom\u00e1tica que espanta mosquitos e cresce mais quando \u00e9 colhida\" class=\"wp-image-96328\" srcset=\"https:\/\/www.em.com.br\/emfoco\/wp-content\/uploads\/2025\/08\/Manjericao_1756142636144-1024x576.jpg 1024w, https:\/\/www.em.com.br\/emfoco\/wp-content\/uploads\/2025\/08\/Manjericao_1756142636144-300x169.jpg 300w, https:\/\/www.em.com.br\/emfoco\/wp-content\/uploads\/2025\/08\/Manjericao_1756142636144-768x432.jpg 768w, https:\/\/www.em.com.br\/emfoco\/wp-content\/uploads\/2025\/08\/Manjericao_1756142636144-750x422.jpg 750w, https:\/\/www.em.com.br\/emfoco\/wp-content\/uploads\/2025\/08\/Manjericao_1756142636144-1140x641.jpg 1140w, https:\/\/www.em.com.br\/emfoco\/wp-content\/uploads\/2025\/08\/Manjericao_1756142636144.jpg 1280w\" sizes=\"auto, (max-width: 1024px) 100vw, 1024px\" \/><figcaption class=\"wp-element-caption\">Vaso de manjeric\u00e3o &#8211; Cr\u00e9ditos: depositphotos.com \/ Mahara<\/figcaption><\/figure>\n\n\n\n<h2 class=\"wp-block-heading\">Quais s\u00e3o as plantas mais eficazes contra mosquitos?<\/h2>\n\n\n\n<p>Algumas esp\u00e9cies se destacam pelo alto poder repelente e pela facilidade de cultivo em casa. Al\u00e9m de funcionais, ainda trazem beleza e aroma ao ambiente.<\/p>\n\n\n\n<ul class=\"wp-block-list\">\n<li><strong>Citronela<\/strong>: considerada a mais eficiente no combate a pernilongos<\/li>\n\n\n\n<li><strong>Manjeric\u00e3o<\/strong>: al\u00e9m de repelir, pode ser usado na culin\u00e1ria<\/li>\n\n\n\n<li><strong>Lavanda<\/strong>: aroma relaxante e \u00f3timo para afastar insetos<\/li>\n\n\n\n<li><strong>Alecrim<\/strong>: cheiro marcante que repele mosquitos e perfuma<\/li>\n<\/ul>\n\n\n\n<figure class=\"wp-block-image size-large\"><img loading=\"lazy\" decoding=\"async\" width=\"1024\" height=\"576\" src=\"https:\/\/www.em.com.br\/emfoco\/wp-content\/uploads\/2025\/08\/alecrim_1755792508560-1024x576.jpg\" alt=\"A planta ideal para varanda que mant\u00e9m todas as pragas bem longe\" class=\"wp-image-94699\" srcset=\"https:\/\/www.em.com.br\/emfoco\/wp-content\/uploads\/2025\/08\/alecrim_1755792508560-1024x576.jpg 1024w, https:\/\/www.em.com.br\/emfoco\/wp-content\/uploads\/2025\/08\/alecrim_1755792508560-300x169.jpg 300w, https:\/\/www.em.com.br\/emfoco\/wp-content\/uploads\/2025\/08\/alecrim_1755792508560-768x432.jpg 768w, https:\/\/www.em.com.br\/emfoco\/wp-content\/uploads\/2025\/08\/alecrim_1755792508560-750x422.jpg 750w, https:\/\/www.em.com.br\/emfoco\/wp-content\/uploads\/2025\/08\/alecrim_1755792508560-1140x641.jpg 1140w, https:\/\/www.em.com.br\/emfoco\/wp-content\/uploads\/2025\/08\/alecrim_1755792508560.jpg 1280w\" sizes=\"auto, (max-width: 1024px) 100vw, 1024px\" \/><figcaption class=\"wp-element-caption\">Alecrim &#8211; Cr\u00e9ditos: depositphotos.com \/ Artfully79<\/figcaption><\/figure>\n\n\n\n<h2 class=\"wp-block-heading\">Onde colocar as plantas repelentes dentro de casa?<\/h2>\n\n\n\n<p>O local de cultivo \u00e9 essencial para que o efeito seja realmente percebido. Ao posicionar as plantas estrategicamente, o aroma circula melhor e age como barreira protetora.<\/p>\n\n\n\n<p>Locais estrat\u00e9gicos podem potencializar os benef\u00edcios e reduzir a presen\u00e7a de mosquitos dentro e fora da casa.<\/p>\n\n\n\n<ul class=\"wp-block-list\">\n<li>Pr\u00f3ximo a janelas e portas de entrada<\/li>\n\n\n\n<li>Na varanda ou sacada<\/li>\n\n\n\n<li>No quarto, em vasos pequenos<\/li>\n\n\n\n<li>Em \u00e1reas externas de lazer<\/li>\n<\/ul>\n\n\n\n<figure class=\"wp-block-image size-large\"><img loading=\"lazy\" decoding=\"async\" width=\"1024\" height=\"576\" src=\"https:\/\/www.em.com.br\/emfoco\/wp-content\/uploads\/2025\/07\/lavanda_1751635725796-1024x576.jpg\" alt=\"O jeito mais f\u00e1cil de cultivar lavanda em casa e ter um ambiente sempre leve e cheiroso\" class=\"wp-image-71274\" srcset=\"https:\/\/www.em.com.br\/emfoco\/wp-content\/uploads\/2025\/07\/lavanda_1751635725796-1024x576.jpg 1024w, https:\/\/www.em.com.br\/emfoco\/wp-content\/uploads\/2025\/07\/lavanda_1751635725796-300x169.jpg 300w, https:\/\/www.em.com.br\/emfoco\/wp-content\/uploads\/2025\/07\/lavanda_1751635725796-768x432.jpg 768w, https:\/\/www.em.com.br\/emfoco\/wp-content\/uploads\/2025\/07\/lavanda_1751635725796-750x422.jpg 750w, https:\/\/www.em.com.br\/emfoco\/wp-content\/uploads\/2025\/07\/lavanda_1751635725796-1140x641.jpg 1140w, https:\/\/www.em.com.br\/emfoco\/wp-content\/uploads\/2025\/07\/lavanda_1751635725796.jpg 1280w\" sizes=\"auto, (max-width: 1024px) 100vw, 1024px\" \/><figcaption class=\"wp-element-caption\">Lavanda &#8211; Cr\u00e9ditos: depositphotos.com \/ AlexGukBO<\/figcaption><\/figure>\n\n\n\n<h2 class=\"wp-block-heading\">Como cuidar das plantas para manter o efeito repelente?<\/h2>\n\n\n\n<p>Para que continuem liberando seu aroma natural, as <strong><a href=\"https:\/\/casavogue.globo.com\/arquitetura\/paisagismo\/noticia\/2024\/01\/plantas-repelentes.ghtml\" target=\"_blank\" rel=\"noreferrer noopener\">plantas repelentes<\/a><\/strong> precisam de cuidados simples. A exposi\u00e7\u00e3o ao sol, a rega adequada e podas frequentes mant\u00eam a produ\u00e7\u00e3o dos \u00f3leos essenciais.<\/p>\n\n\n\n<p>Tamb\u00e9m \u00e9 importante escolher vasos bem drenados, evitando excesso de umidade que pode comprometer o crescimento saud\u00e1vel da planta.<\/p>\n\n\n\n<ul class=\"wp-block-list\">\n<li>Regar regularmente sem encharcar<\/li>\n\n\n\n<li>Manter em locais ensolarados<\/li>\n\n\n\n<li>Fazer podas leves para estimular o crescimento<\/li>\n\n\n\n<li>Usar terra rica em nutrientes<\/li>\n<\/ul>\n\n\n\n<h2 class=\"wp-block-heading\">Plantas repelentes s\u00e3o aliadas contra mosquitos em casa<\/h2>\n\n\n\n<ul class=\"wp-block-list\">\n<li>Citronela, manjeric\u00e3o, lavanda e alecrim afastam insetos naturalmente<\/li>\n\n\n\n<li>O aroma intenso confunde o olfato dos mosquitos<\/li>\n\n\n\n<li>Ambientes internos e externos podem ser protegidos com vasos<\/li>\n<\/ul>\n","protected":false},"excerpt":{"rendered":"<p>Manter os ambientes livres de mosquitos \u00e9 poss\u00edvel sem recorrer a sprays qu\u00edmicos. Algumas plantas arom\u00e1ticas liberam \u00f3leos naturais que funcionam como repelentes eficazes. Como as plantas conseguem afastar os mosquitos? O segredo est\u00e1 nos \u00f3leos essenciais liberados pelas folhas. Quando o aroma se espalha no ar, os mosquitos sentem dificuldade em localizar pessoas e [&hellip;]<\/p>\n","protected":false},"author":13,"featured_media":84266,"comment_status":"open","ping_status":"open","sticky":false,"template":"","format":"standard","meta":{"jnews-multi-image_gallery":[],"jnews_single_post":{"format":"standard"},"jnews_primary_category":[],"jnews_social_meta":[],"jnews_override_counter":[],"footnotes":""},"categories":[8819],"tags":[12956,9734,3324],"class_list":["post-99128","post","type-post","status-publish","format-standard","has-post-thumbnail","hentry","category-curiosidades","tag-controle-de-insetos","tag-mosquitos","tag-plantas"],"yoast_head":"<!-- This site is optimized with the Yoast SEO plugin v23.8 - https:\/\/yoast.com\/wordpress\/plugins\/seo\/ -->\n<title>As 4 plantas que afastam mosquitos de forma natural e perfumam o ambiente - Estado de Minas - Em foco<\/title>\n<meta name=\"description\" content=\"Afaste mosquitos com citronela, lavanda, alecrim e manjeric\u00e3o. Veja como usar essas plantas repelentes naturais em casa.\" \/>\n<meta name=\"robots\" content=\"index, follow, max-snippet:-1, max-image-preview:large, max-video-preview:-1\" \/>\n<link rel=\"canonical\" href=\"https:\/\/www.em.com.br\/emfoco\/2025\/09\/03\/as-4-plantas-que-afastam-mosquitos-de-forma-natural-e-perfumam-o-ambiente\/\" \/>\n<meta property=\"og:locale\" content=\"pt_BR\" \/>\n<meta property=\"og:type\" content=\"article\" \/>\n<meta property=\"og:title\" content=\"As 4 plantas que afastam mosquitos de forma natural e perfumam o ambiente - Estado de Minas - Em foco\" \/>\n<meta property=\"og:description\" content=\"Afaste mosquitos com citronela, lavanda, alecrim e manjeric\u00e3o. Veja como usar essas plantas repelentes naturais em casa.\" \/>\n<meta property=\"og:url\" content=\"https:\/\/www.em.com.br\/emfoco\/2025\/09\/03\/as-4-plantas-que-afastam-mosquitos-de-forma-natural-e-perfumam-o-ambiente\/\" \/>\n<meta property=\"og:site_name\" content=\"Estado de Minas - Em foco\" \/>\n<meta property=\"article:published_time\" content=\"2025-09-03T10:48:00+00:00\" \/>\n<meta property=\"article:modified_time\" content=\"2025-09-02T21:08:30+00:00\" \/>\n<meta property=\"og:image\" content=\"https:\/\/www.em.com.br\/emfoco\/wp-content\/uploads\/2025\/07\/ad-78.jpg\" \/>\n\t<meta property=\"og:image:width\" content=\"1280\" \/>\n\t<meta property=\"og:image:height\" content=\"720\" \/>\n\t<meta property=\"og:image:type\" content=\"image\/jpeg\" \/>\n<meta name=\"author\" content=\"Gabriel Martins\" \/>\n<meta name=\"twitter:card\" content=\"summary_large_image\" \/>\n<meta name=\"twitter:label1\" content=\"Escrito por\" \/>\n\t<meta name=\"twitter:data1\" content=\"Gabriel Martins\" \/>\n\t<meta name=\"twitter:label2\" content=\"Est. tempo de leitura\" \/>\n\t<meta name=\"twitter:data2\" content=\"3 minutos\" \/>\n<!-- \/ Yoast SEO plugin. -->","yoast_head_json":{"title":"As 4 plantas que afastam mosquitos de forma natural e perfumam o ambiente - Estado de Minas - Em foco","description":"Afaste mosquitos com citronela, lavanda, alecrim e manjeric\u00e3o. Veja como usar essas plantas repelentes naturais em casa.","robots":{"index":"index","follow":"follow","max-snippet":"max-snippet:-1","max-image-preview":"max-image-preview:large","max-video-preview":"max-video-preview:-1"},"canonical":"https:\/\/www.em.com.br\/emfoco\/2025\/09\/03\/as-4-plantas-que-afastam-mosquitos-de-forma-natural-e-perfumam-o-ambiente\/","og_locale":"pt_BR","og_type":"article","og_title":"As 4 plantas que afastam mosquitos de forma natural e perfumam o ambiente - Estado de Minas - Em foco","og_description":"Afaste mosquitos com citronela, lavanda, alecrim e manjeric\u00e3o. Veja como usar essas plantas repelentes naturais em casa.","og_url":"https:\/\/www.em.com.br\/emfoco\/2025\/09\/03\/as-4-plantas-que-afastam-mosquitos-de-forma-natural-e-perfumam-o-ambiente\/","og_site_name":"Estado de Minas - Em foco","article_published_time":"2025-09-03T10:48:00+00:00","article_modified_time":"2025-09-02T21:08:30+00:00","og_image":[{"width":1280,"height":720,"url":"https:\/\/www.em.com.br\/emfoco\/wp-content\/uploads\/2025\/07\/ad-78.jpg","type":"image\/jpeg"}],"author":"Gabriel Martins","twitter_card":"summary_large_image","twitter_misc":{"Escrito por":"Gabriel Martins","Est. tempo de leitura":"3 minutos"},"schema":{"@context":"https:\/\/schema.org","@graph":[{"@type":"WebPage","@id":"https:\/\/www.em.com.br\/emfoco\/2025\/09\/03\/as-4-plantas-que-afastam-mosquitos-de-forma-natural-e-perfumam-o-ambiente\/","url":"https:\/\/www.em.com.br\/emfoco\/2025\/09\/03\/as-4-plantas-que-afastam-mosquitos-de-forma-natural-e-perfumam-o-ambiente\/","name":"As 4 plantas que afastam mosquitos de forma natural e perfumam o ambiente - Estado de Minas - Em foco","isPartOf":{"@id":"https:\/\/www.em.com.br\/emfoco\/#website"},"primaryImageOfPage":{"@id":"https:\/\/www.em.com.br\/emfoco\/2025\/09\/03\/as-4-plantas-que-afastam-mosquitos-de-forma-natural-e-perfumam-o-ambiente\/#primaryimage"},"image":{"@id":"https:\/\/www.em.com.br\/emfoco\/2025\/09\/03\/as-4-plantas-que-afastam-mosquitos-de-forma-natural-e-perfumam-o-ambiente\/#primaryimage"},"thumbnailUrl":"https:\/\/www.em.com.br\/emfoco\/wp-content\/uploads\/2025\/07\/ad-78.jpg","datePublished":"2025-09-03T10:48:00+00:00","dateModified":"2025-09-02T21:08:30+00:00","author":{"@id":"https:\/\/www.em.com.br\/emfoco\/#\/schema\/person\/1c9ddeab18b98abeffef834667bcf08a"},"description":"Afaste mosquitos com citronela, lavanda, alecrim e manjeric\u00e3o. Veja como usar essas plantas repelentes naturais em casa.","breadcrumb":{"@id":"https:\/\/www.em.com.br\/emfoco\/2025\/09\/03\/as-4-plantas-que-afastam-mosquitos-de-forma-natural-e-perfumam-o-ambiente\/#breadcrumb"},"inLanguage":"pt-BR","potentialAction":[{"@type":"ReadAction","target":["https:\/\/www.em.com.br\/emfoco\/2025\/09\/03\/as-4-plantas-que-afastam-mosquitos-de-forma-natural-e-perfumam-o-ambiente\/"]}]},{"@type":"ImageObject","inLanguage":"pt-BR","@id":"https:\/\/www.em.com.br\/emfoco\/2025\/09\/03\/as-4-plantas-que-afastam-mosquitos-de-forma-natural-e-perfumam-o-ambiente\/#primaryimage","url":"https:\/\/www.em.com.br\/emfoco\/wp-content\/uploads\/2025\/07\/ad-78.jpg","contentUrl":"https:\/\/www.em.com.br\/emfoco\/wp-content\/uploads\/2025\/07\/ad-78.jpg","width":1280,"height":720,"caption":"Planta repelente de mosquitos"},{"@type":"BreadcrumbList","@id":"https:\/\/www.em.com.br\/emfoco\/2025\/09\/03\/as-4-plantas-que-afastam-mosquitos-de-forma-natural-e-perfumam-o-ambiente\/#breadcrumb","itemListElement":[{"@type":"ListItem","position":1,"name":"In\u00edcio","item":"https:\/\/www.em.com.br\/emfoco\/"},{"@type":"ListItem","position":2,"name":"As 4 plantas que afastam mosquitos de forma natural e perfumam o ambiente"}]},{"@type":"WebSite","@id":"https:\/\/www.em.com.br\/emfoco\/#website","url":"https:\/\/www.em.com.br\/emfoco\/","name":"Estado de Minas - Em foco","description":"Acompanhe as \u00faltimas not\u00edcias e fique bem informado sobre tudo o que acontece em Minas Gerais, Brasil e no mundo.","potentialAction":[{"@type":"SearchAction","target":{"@type":"EntryPoint","urlTemplate":"https:\/\/www.em.com.br\/emfoco\/?s={search_term_string}"},"query-input":{"@type":"PropertyValueSpecification","valueRequired":true,"valueName":"search_term_string"}}],"inLanguage":"pt-BR"},{"@type":"Person","@id":"https:\/\/www.em.com.br\/emfoco\/#\/schema\/person\/1c9ddeab18b98abeffef834667bcf08a","name":"Gabriel Martins","image":{"@type":"ImageObject","inLanguage":"pt-BR","@id":"https:\/\/www.em.com.br\/emfoco\/#\/schema\/person\/image\/","url":"https:\/\/secure.gravatar.com\/avatar\/f0f1e2efdfd88f1ad2cb08c5c2731e50?s=96&d=mm&r=g","contentUrl":"https:\/\/secure.gravatar.com\/avatar\/f0f1e2efdfd88f1ad2cb08c5c2731e50?s=96&d=mm&r=g","caption":"Gabriel Martins"},"sameAs":["https:\/\/www.em.com.br\/emfoco\/"],"url":"https:\/\/www.em.com.br\/emfoco\/author\/gabrielmartinsmyth\/"}]}},"_links":{"self":[{"href":"https:\/\/www.em.com.br\/emfoco\/wp-json\/wp\/v2\/posts\/99128","targetHints":{"allow":["GET"]}}],"collection":[{"href":"https:\/\/www.em.com.br\/emfoco\/wp-json\/wp\/v2\/posts"}],"about":[{"href":"https:\/\/www.em.com.br\/emfoco\/wp-json\/wp\/v2\/types\/post"}],"author":[{"embeddable":true,"href":"https:\/\/www.em.com.br\/emfoco\/wp-json\/wp\/v2\/users\/13"}],"replies":[{"embeddable":true,"href":"https:\/\/www.em.com.br\/emfoco\/wp-json\/wp\/v2\/comments?post=99128"}],"version-history":[{"count":1,"href":"https:\/\/www.em.com.br\/emfoco\/wp-json\/wp\/v2\/posts\/99128\/revisions"}],"predecessor-version":[{"id":99156,"href":"https:\/\/www.em.com.br\/emfoco\/wp-json\/wp\/v2\/posts\/99128\/revisions\/99156"}],"wp:featuredmedia":[{"embeddable":true,"href":"https:\/\/www.em.com.br\/emfoco\/wp-json\/wp\/v2\/media\/84266"}],"wp:attachment":[{"href":"https:\/\/www.em.com.br\/emfoco\/wp-json\/wp\/v2\/media?parent=99128"}],"wp:term":[{"taxonomy":"category","embeddable":true,"href":"https:\/\/www.em.com.br\/emfoco\/wp-json\/wp\/v2\/categories?post=99128"},{"taxonomy":"post_tag","embeddable":true,"href":"https:\/\/www.em.com.br\/emfoco\/wp-json\/wp\/v2\/tags?post=99128"}],"curies":[{"name":"wp","href":"https:\/\/api.w.org\/{rel}","templated":true}]}}