{"id":99125,"date":"2025-09-03T14:28:00","date_gmt":"2025-09-03T17:28:00","guid":{"rendered":"https:\/\/www.em.com.br\/emfoco\/?p=99125"},"modified":"2025-09-01T12:08:57","modified_gmt":"2025-09-01T15:08:57","slug":"os-riscos-reais-da-automedicacao-e-como-evita-los-com-atitudes-simples","status":"publish","type":"post","link":"https:\/\/www.em.com.br\/emfoco\/2025\/09\/03\/os-riscos-reais-da-automedicacao-e-como-evita-los-com-atitudes-simples\/","title":{"rendered":"Os riscos reais da automedica\u00e7\u00e3o e como evit\u00e1-los com atitudes simples"},"content":{"rendered":"\n<p>O h\u00e1bito de <strong>automedicar em casa<\/strong> parece pr\u00e1tico, mas esconde perigos graves para a sa\u00fade. Muitas pessoas subestimam os efeitos colaterais e intera\u00e7\u00f5es entre medicamentos.<\/p>\n\n\n\n<ul class=\"wp-block-list\">\n<li>Entenda os riscos ocultos de medicamentos sem prescri\u00e7\u00e3o.<\/li>\n\n\n\n<li>Saiba como a automedica\u00e7\u00e3o pode agravar doen\u00e7as.<\/li>\n\n\n\n<li>Aprenda alternativas seguras para cuidar da sa\u00fade em casa.<\/li>\n<\/ul>\n\n\n\n<h2 class=\"wp-block-heading\">Por que a <strong>automedica\u00e7\u00e3o<\/strong> pode ser perigosa?<\/h2>\n\n\n\n<p>Quando voc\u00ea decide se <strong>automedicar em casa<\/strong>, corre o risco de usar rem\u00e9dios inadequados para seu quadro cl\u00ednico. Sintomas parecidos podem ter causas diferentes, e um medicamento errado pode mascarar sinais importantes.<\/p>\n\n\n\n<p>Al\u00e9m disso, a falta de orienta\u00e7\u00e3o profissional aumenta a chance de rea\u00e7\u00f5es adversas e complica\u00e7\u00f5es. O uso sem controle pode prejudicar \u00f3rg\u00e3os vitais como f\u00edgado e rins.<\/p>\n\n\n\n<figure class=\"wp-block-image size-large\"><img loading=\"lazy\" decoding=\"async\" width=\"1024\" height=\"576\" src=\"https:\/\/www.em.com.br\/emfoco\/wp-content\/uploads\/2025\/09\/Automedicacao-_1756739104642-1024x576.jpg\" alt=\"Os riscos reais da automedica\u00e7\u00e3o e como evit\u00e1-los com atitudes simples\" class=\"wp-image-99174\" srcset=\"https:\/\/www.em.com.br\/emfoco\/wp-content\/uploads\/2025\/09\/Automedicacao-_1756739104642-1024x576.jpg 1024w, https:\/\/www.em.com.br\/emfoco\/wp-content\/uploads\/2025\/09\/Automedicacao-_1756739104642-300x169.jpg 300w, https:\/\/www.em.com.br\/emfoco\/wp-content\/uploads\/2025\/09\/Automedicacao-_1756739104642-768x432.jpg 768w, https:\/\/www.em.com.br\/emfoco\/wp-content\/uploads\/2025\/09\/Automedicacao-_1756739104642-750x422.jpg 750w, https:\/\/www.em.com.br\/emfoco\/wp-content\/uploads\/2025\/09\/Automedicacao-_1756739104642-1140x641.jpg 1140w, https:\/\/www.em.com.br\/emfoco\/wp-content\/uploads\/2025\/09\/Automedicacao-_1756739104642.jpg 1280w\" sizes=\"auto, (max-width: 1024px) 100vw, 1024px\" \/><figcaption class=\"wp-element-caption\">Sempre busque orienta\u00e7\u00e3o m\u00e9dica antes de ingerir medicamentos &#8211; Cr\u00e9ditos: depositphotos.com \/ DIGICOMPHOTO<\/figcaption><\/figure>\n\n\n\n<h2 class=\"wp-block-heading\">Quais s\u00e3o os efeitos colaterais mais comuns?<\/h2>\n\n\n\n<p>Mesmo medicamentos de venda livre podem causar <strong>efeitos indesejados<\/strong> quando usados sem orienta\u00e7\u00e3o. Rea\u00e7\u00f5es adversas podem variar de leves a graves, dependendo da dose e da frequ\u00eancia.<\/p>\n\n\n\n<p>Entre os problemas mais frequentes est\u00e3o:<\/p>\n\n\n\n<ul class=\"wp-block-list\">\n<li>Dist\u00farbios gastrointestinais, como n\u00e1useas e diarreia.<\/li>\n\n\n\n<li>Rea\u00e7\u00f5es al\u00e9rgicas que podem evoluir para choque.<\/li>\n\n\n\n<li>Intera\u00e7\u00f5es perigosas com outros medicamentos.<\/li>\n\n\n\n<li>Depend\u00eancia ou abuso de analg\u00e9sicos e calmantes.<\/li>\n<\/ul>\n\n\n\n<figure class=\"wp-block-image size-large\"><img loading=\"lazy\" decoding=\"async\" width=\"1024\" height=\"576\" src=\"https:\/\/www.em.com.br\/emfoco\/wp-content\/uploads\/2025\/08\/desconforto-abdominal-_1754309903782-1024x576.jpg\" alt=\"Por que os homens devem prestar aten\u00e7\u00e3o ao desconforto abdominal inferior?\" class=\"wp-image-86006\" srcset=\"https:\/\/www.em.com.br\/emfoco\/wp-content\/uploads\/2025\/08\/desconforto-abdominal-_1754309903782-1024x576.jpg 1024w, https:\/\/www.em.com.br\/emfoco\/wp-content\/uploads\/2025\/08\/desconforto-abdominal-_1754309903782-300x169.jpg 300w, https:\/\/www.em.com.br\/emfoco\/wp-content\/uploads\/2025\/08\/desconforto-abdominal-_1754309903782-768x432.jpg 768w, https:\/\/www.em.com.br\/emfoco\/wp-content\/uploads\/2025\/08\/desconforto-abdominal-_1754309903782-750x422.jpg 750w, https:\/\/www.em.com.br\/emfoco\/wp-content\/uploads\/2025\/08\/desconforto-abdominal-_1754309903782-1140x641.jpg 1140w, https:\/\/www.em.com.br\/emfoco\/wp-content\/uploads\/2025\/08\/desconforto-abdominal-_1754309903782.jpg 1280w\" sizes=\"auto, (max-width: 1024px) 100vw, 1024px\" \/><figcaption class=\"wp-element-caption\">Imagem ilustrativa de desconforto abdominal &#8211; Cr\u00e9ditos: depositphotos.com \/ ruigsantos<\/figcaption><\/figure>\n\n\n\n<h2 class=\"wp-block-heading\">Como a automedica\u00e7\u00e3o pode agravar doen\u00e7as existentes?<\/h2>\n\n\n\n<p>Usar rem\u00e9dios sem prescri\u00e7\u00e3o pode <strong>mascarar sintomas<\/strong>, dificultando diagn\u00f3sticos precisos e atrasando tratamentos adequados. Problemas simples podem evoluir para quadros mais graves.<\/p>\n\n\n\n<p>Por exemplo, antibi\u00f3ticos usados incorretamente n\u00e3o apenas falham em tratar <strong><a href=\"https:\/\/www.em.com.br\/emfoco\/2025\/08\/24\/cardiologista-chama-atencao-para-as-infeccoes-orais-que-podem-entrar-na-corrente-sanguinea\/\" target=\"_blank\" rel=\"noreferrer noopener\">infec\u00e7\u00f5es<\/a><\/strong>, mas tamb\u00e9m podem gerar resist\u00eancia bacteriana, tornando futuros tratamentos mais complicados.<\/p>\n\n\n\n<h2 class=\"wp-block-heading\">Quais alternativas seguras existem para cuidar da sa\u00fade em casa?<\/h2>\n\n\n\n<p>\u00c9 poss\u00edvel aliviar sintomas leves sem recorrer \u00e0 automedica\u00e7\u00e3o. O cuidado adequado inclui h\u00e1bitos simples e orienta\u00e7\u00f5es m\u00e9dicas preventivas.<\/p>\n\n\n\n<p>Algumas medidas eficazes incluem:<\/p>\n\n\n\n<ul class=\"wp-block-list\">\n<li>Manter hidrata\u00e7\u00e3o adequada e alimenta\u00e7\u00e3o equilibrada.<\/li>\n\n\n\n<li>Usar medicamentos apenas com prescri\u00e7\u00e3o ou recomenda\u00e7\u00e3o profissional.<\/li>\n\n\n\n<li>Consultar profissionais de sa\u00fade ao primeiro sinal de alerta.<\/li>\n\n\n\n<li>Investir em m\u00e9todos naturais de preven\u00e7\u00e3o, como descanso e higiene adequada.<\/li>\n<\/ul>\n\n\n\n<h2 class=\"wp-block-heading\">Como manter a sa\u00fade sem recorrer \u00e0 automedica\u00e7\u00e3o?<\/h2>\n\n\n\n<p>O controle da sa\u00fade depende de decis\u00f5es conscientes. Evitar a automedica\u00e7\u00e3o \u00e9 fundamental para prevenir complica\u00e7\u00f5es e proteger o corpo de danos irrevers\u00edveis.<\/p>\n\n\n\n<p>Seguir orienta\u00e7\u00f5es m\u00e9dicas e adotar h\u00e1bitos preventivos \u00e9 a forma mais segura de garantir <strong><a href=\"https:\/\/ciclovivo.com.br\/vida-sustentavel\/bem-estar\/7-dicas-para-cultivar-o-bem-estar-diario\/\" target=\"_blank\" rel=\"noreferrer noopener\">bem-estar di\u00e1rio<\/a><\/strong>. Pequenos cuidados podem reduzir significativamente a necessidade de rem\u00e9dios improvisados.<\/p>\n\n\n\n<ul class=\"wp-block-list\">\n<li>Reconhe\u00e7a os riscos da automedica\u00e7\u00e3o e evite decis\u00f5es impulsivas.<\/li>\n\n\n\n<li>Procure sempre orienta\u00e7\u00e3o profissional antes de tomar qualquer medicamento.<\/li>\n\n\n\n<li>Invista em preven\u00e7\u00e3o e h\u00e1bitos saud\u00e1veis como melhor estrat\u00e9gia de prote\u00e7\u00e3o.<\/li>\n<\/ul>\n","protected":false},"excerpt":{"rendered":"<p>O h\u00e1bito de automedicar em casa parece pr\u00e1tico, mas esconde perigos graves para a sa\u00fade. Muitas pessoas subestimam os efeitos colaterais e intera\u00e7\u00f5es entre medicamentos. Por que a automedica\u00e7\u00e3o pode ser perigosa? Quando voc\u00ea decide se automedicar em casa, corre o risco de usar rem\u00e9dios inadequados para seu quadro cl\u00ednico. Sintomas parecidos podem ter causas [&hellip;]<\/p>\n","protected":false},"author":13,"featured_media":99171,"comment_status":"open","ping_status":"open","sticky":false,"template":"","format":"standard","meta":{"jnews-multi-image_gallery":[],"jnews_single_post":{"format":"standard"},"jnews_primary_category":[],"jnews_social_meta":[],"jnews_override_counter":[],"footnotes":""},"categories":[8819],"tags":[10275,7185,15349],"class_list":["post-99125","post","type-post","status-publish","format-standard","has-post-thumbnail","hentry","category-curiosidades","tag-automedicacao","tag-cuidados-com-a-saude","tag-riscos-da-auto-medicacao"],"yoast_head":"<!-- This site is optimized with the Yoast SEO plugin v23.8 - https:\/\/yoast.com\/wordpress\/plugins\/seo\/ -->\n<title>Os riscos reais da automedica\u00e7\u00e3o e como evit\u00e1-los com atitudes simples - Estado de Minas - Em foco<\/title>\n<meta name=\"description\" content=\"Automedica\u00e7\u00e3o \u00e9 comum, mas perigosa. Veja por que usar medicamentos por conta pr\u00f3pria pode afetar f\u00edgado, rins e agravar sintomas.\" \/>\n<meta name=\"robots\" content=\"index, follow, max-snippet:-1, max-image-preview:large, max-video-preview:-1\" \/>\n<link rel=\"canonical\" href=\"https:\/\/www.em.com.br\/emfoco\/2025\/09\/03\/os-riscos-reais-da-automedicacao-e-como-evita-los-com-atitudes-simples\/\" \/>\n<meta property=\"og:locale\" content=\"pt_BR\" \/>\n<meta property=\"og:type\" content=\"article\" \/>\n<meta property=\"og:title\" content=\"Os riscos reais da automedica\u00e7\u00e3o e como evit\u00e1-los com atitudes simples - Estado de Minas - Em foco\" \/>\n<meta property=\"og:description\" content=\"Automedica\u00e7\u00e3o \u00e9 comum, mas perigosa. Veja por que usar medicamentos por conta pr\u00f3pria pode afetar f\u00edgado, rins e agravar sintomas.\" \/>\n<meta property=\"og:url\" content=\"https:\/\/www.em.com.br\/emfoco\/2025\/09\/03\/os-riscos-reais-da-automedicacao-e-como-evita-los-com-atitudes-simples\/\" \/>\n<meta property=\"og:site_name\" content=\"Estado de Minas - Em foco\" \/>\n<meta property=\"article:published_time\" content=\"2025-09-03T17:28:00+00:00\" \/>\n<meta property=\"article:modified_time\" content=\"2025-09-01T15:08:57+00:00\" \/>\n<meta property=\"og:image\" content=\"https:\/\/www.em.com.br\/emfoco\/wp-content\/uploads\/2025\/09\/Automedicacao-_1756739061269.jpg\" \/>\n\t<meta property=\"og:image:width\" content=\"1280\" \/>\n\t<meta property=\"og:image:height\" content=\"720\" \/>\n\t<meta property=\"og:image:type\" content=\"image\/jpeg\" \/>\n<meta name=\"author\" content=\"Gabriel Martins\" \/>\n<meta name=\"twitter:card\" content=\"summary_large_image\" \/>\n<meta name=\"twitter:label1\" content=\"Escrito por\" \/>\n\t<meta name=\"twitter:data1\" content=\"Gabriel Martins\" \/>\n\t<meta name=\"twitter:label2\" content=\"Est. tempo de leitura\" \/>\n\t<meta name=\"twitter:data2\" content=\"3 minutos\" \/>\n<!-- \/ Yoast SEO plugin. -->","yoast_head_json":{"title":"Os riscos reais da automedica\u00e7\u00e3o e como evit\u00e1-los com atitudes simples - Estado de Minas - Em foco","description":"Automedica\u00e7\u00e3o \u00e9 comum, mas perigosa. Veja por que usar medicamentos por conta pr\u00f3pria pode afetar f\u00edgado, rins e agravar sintomas.","robots":{"index":"index","follow":"follow","max-snippet":"max-snippet:-1","max-image-preview":"max-image-preview:large","max-video-preview":"max-video-preview:-1"},"canonical":"https:\/\/www.em.com.br\/emfoco\/2025\/09\/03\/os-riscos-reais-da-automedicacao-e-como-evita-los-com-atitudes-simples\/","og_locale":"pt_BR","og_type":"article","og_title":"Os riscos reais da automedica\u00e7\u00e3o e como evit\u00e1-los com atitudes simples - Estado de Minas - Em foco","og_description":"Automedica\u00e7\u00e3o \u00e9 comum, mas perigosa. Veja por que usar medicamentos por conta pr\u00f3pria pode afetar f\u00edgado, rins e agravar sintomas.","og_url":"https:\/\/www.em.com.br\/emfoco\/2025\/09\/03\/os-riscos-reais-da-automedicacao-e-como-evita-los-com-atitudes-simples\/","og_site_name":"Estado de Minas - Em foco","article_published_time":"2025-09-03T17:28:00+00:00","article_modified_time":"2025-09-01T15:08:57+00:00","og_image":[{"width":1280,"height":720,"url":"https:\/\/www.em.com.br\/emfoco\/wp-content\/uploads\/2025\/09\/Automedicacao-_1756739061269.jpg","type":"image\/jpeg"}],"author":"Gabriel Martins","twitter_card":"summary_large_image","twitter_misc":{"Escrito por":"Gabriel Martins","Est. tempo de leitura":"3 minutos"},"schema":{"@context":"https:\/\/schema.org","@graph":[{"@type":"WebPage","@id":"https:\/\/www.em.com.br\/emfoco\/2025\/09\/03\/os-riscos-reais-da-automedicacao-e-como-evita-los-com-atitudes-simples\/","url":"https:\/\/www.em.com.br\/emfoco\/2025\/09\/03\/os-riscos-reais-da-automedicacao-e-como-evita-los-com-atitudes-simples\/","name":"Os riscos reais da automedica\u00e7\u00e3o e como evit\u00e1-los com atitudes simples - Estado de Minas - Em foco","isPartOf":{"@id":"https:\/\/www.em.com.br\/emfoco\/#website"},"primaryImageOfPage":{"@id":"https:\/\/www.em.com.br\/emfoco\/2025\/09\/03\/os-riscos-reais-da-automedicacao-e-como-evita-los-com-atitudes-simples\/#primaryimage"},"image":{"@id":"https:\/\/www.em.com.br\/emfoco\/2025\/09\/03\/os-riscos-reais-da-automedicacao-e-como-evita-los-com-atitudes-simples\/#primaryimage"},"thumbnailUrl":"https:\/\/www.em.com.br\/emfoco\/wp-content\/uploads\/2025\/09\/Automedicacao-_1756739061269.jpg","datePublished":"2025-09-03T17:28:00+00:00","dateModified":"2025-09-01T15:08:57+00:00","author":{"@id":"https:\/\/www.em.com.br\/emfoco\/#\/schema\/person\/1c9ddeab18b98abeffef834667bcf08a"},"description":"Automedica\u00e7\u00e3o \u00e9 comum, mas perigosa. Veja por que usar medicamentos por conta pr\u00f3pria pode afetar f\u00edgado, rins e agravar sintomas.","breadcrumb":{"@id":"https:\/\/www.em.com.br\/emfoco\/2025\/09\/03\/os-riscos-reais-da-automedicacao-e-como-evita-los-com-atitudes-simples\/#breadcrumb"},"inLanguage":"pt-BR","potentialAction":[{"@type":"ReadAction","target":["https:\/\/www.em.com.br\/emfoco\/2025\/09\/03\/os-riscos-reais-da-automedicacao-e-como-evita-los-com-atitudes-simples\/"]}]},{"@type":"ImageObject","inLanguage":"pt-BR","@id":"https:\/\/www.em.com.br\/emfoco\/2025\/09\/03\/os-riscos-reais-da-automedicacao-e-como-evita-los-com-atitudes-simples\/#primaryimage","url":"https:\/\/www.em.com.br\/emfoco\/wp-content\/uploads\/2025\/09\/Automedicacao-_1756739061269.jpg","contentUrl":"https:\/\/www.em.com.br\/emfoco\/wp-content\/uploads\/2025\/09\/Automedicacao-_1756739061269.jpg","width":1280,"height":720,"caption":"A automedica\u00e7\u00e3o pode acabar fazendo voc\u00ea ingerir rem\u00e9dios desnecess\u00e1rios e trazer complica\u00e7\u00f5es graves - Cr\u00e9ditos: depositphotos.com \/ nito103"},{"@type":"BreadcrumbList","@id":"https:\/\/www.em.com.br\/emfoco\/2025\/09\/03\/os-riscos-reais-da-automedicacao-e-como-evita-los-com-atitudes-simples\/#breadcrumb","itemListElement":[{"@type":"ListItem","position":1,"name":"In\u00edcio","item":"https:\/\/www.em.com.br\/emfoco\/"},{"@type":"ListItem","position":2,"name":"Os riscos reais da automedica\u00e7\u00e3o e como evit\u00e1-los com atitudes simples"}]},{"@type":"WebSite","@id":"https:\/\/www.em.com.br\/emfoco\/#website","url":"https:\/\/www.em.com.br\/emfoco\/","name":"Estado de Minas - Em foco","description":"Acompanhe as \u00faltimas not\u00edcias e fique bem informado sobre tudo o que acontece em Minas Gerais, Brasil e no mundo.","potentialAction":[{"@type":"SearchAction","target":{"@type":"EntryPoint","urlTemplate":"https:\/\/www.em.com.br\/emfoco\/?s={search_term_string}"},"query-input":{"@type":"PropertyValueSpecification","valueRequired":true,"valueName":"search_term_string"}}],"inLanguage":"pt-BR"},{"@type":"Person","@id":"https:\/\/www.em.com.br\/emfoco\/#\/schema\/person\/1c9ddeab18b98abeffef834667bcf08a","name":"Gabriel Martins","image":{"@type":"ImageObject","inLanguage":"pt-BR","@id":"https:\/\/www.em.com.br\/emfoco\/#\/schema\/person\/image\/","url":"https:\/\/secure.gravatar.com\/avatar\/f0f1e2efdfd88f1ad2cb08c5c2731e50?s=96&d=mm&r=g","contentUrl":"https:\/\/secure.gravatar.com\/avatar\/f0f1e2efdfd88f1ad2cb08c5c2731e50?s=96&d=mm&r=g","caption":"Gabriel Martins"},"sameAs":["https:\/\/www.em.com.br\/emfoco\/"],"url":"https:\/\/www.em.com.br\/emfoco\/author\/gabrielmartinsmyth\/"}]}},"_links":{"self":[{"href":"https:\/\/www.em.com.br\/emfoco\/wp-json\/wp\/v2\/posts\/99125","targetHints":{"allow":["GET"]}}],"collection":[{"href":"https:\/\/www.em.com.br\/emfoco\/wp-json\/wp\/v2\/posts"}],"about":[{"href":"https:\/\/www.em.com.br\/emfoco\/wp-json\/wp\/v2\/types\/post"}],"author":[{"embeddable":true,"href":"https:\/\/www.em.com.br\/emfoco\/wp-json\/wp\/v2\/users\/13"}],"replies":[{"embeddable":true,"href":"https:\/\/www.em.com.br\/emfoco\/wp-json\/wp\/v2\/comments?post=99125"}],"version-history":[{"count":1,"href":"https:\/\/www.em.com.br\/emfoco\/wp-json\/wp\/v2\/posts\/99125\/revisions"}],"predecessor-version":[{"id":99176,"href":"https:\/\/www.em.com.br\/emfoco\/wp-json\/wp\/v2\/posts\/99125\/revisions\/99176"}],"wp:featuredmedia":[{"embeddable":true,"href":"https:\/\/www.em.com.br\/emfoco\/wp-json\/wp\/v2\/media\/99171"}],"wp:attachment":[{"href":"https:\/\/www.em.com.br\/emfoco\/wp-json\/wp\/v2\/media?parent=99125"}],"wp:term":[{"taxonomy":"category","embeddable":true,"href":"https:\/\/www.em.com.br\/emfoco\/wp-json\/wp\/v2\/categories?post=99125"},{"taxonomy":"post_tag","embeddable":true,"href":"https:\/\/www.em.com.br\/emfoco\/wp-json\/wp\/v2\/tags?post=99125"}],"curies":[{"name":"wp","href":"https:\/\/api.w.org\/{rel}","templated":true}]}}