{"id":9910,"date":"2025-01-16T13:20:00","date_gmt":"2025-01-16T16:20:00","guid":{"rendered":"https:\/\/www.em.com.br\/emfoco\/?p=9910"},"modified":"2025-06-17T17:06:45","modified_gmt":"2025-06-17T20:06:45","slug":"o-novo-suv-da-toyota-que-esta-pronto-para-dominar-o-mercado-nacional","status":"publish","type":"post","link":"https:\/\/www.em.com.br\/emfoco\/2025\/01\/16\/o-novo-suv-da-toyota-que-esta-pronto-para-dominar-o-mercado-nacional\/","title":{"rendered":"O novo SUV da Toyota que est\u00e1 pronto para dominar o mercado nacional!"},"content":{"rendered":"\n<p>A <a href=\"https:\/\/www.toyota.com.br\/\" target=\"_blank\" rel=\"noreferrer noopener\"><strong>Toyota<\/strong> <\/a>se prepara para lan\u00e7ar o <strong>Yaris Cross<\/strong> no <strong>Brasil<\/strong>, mas a estrat\u00e9gia enfrenta desafios complexos em um <strong><a href=\"https:\/\/www.em.com.br\/emfoco\/2025\/05\/16\/novo-audi-a6-e-tron-chega-ao-brasil-para-revolucionar-o-mercado-de-sedans-eletricos\/\" target=\"_blank\" rel=\"noreferrer noopener\">mercado <\/a><\/strong>que ainda hesita diante de tecnologias h\u00edbridas. O <strong>SUV<\/strong> compacto chega com proposta interessante, por\u00e9m a marca japonesa precisa provar que consegue democratizar a eletrifica\u00e7\u00e3o sem comprometer o custo-benef\u00edcio tradicional.<\/p>\n\n\n\n<p>O posicionamento entre o hatch Yaris e o <strong>Corolla Cross<\/strong> pode criar confus\u00e3o no portf\u00f3lio da <strong>Toyota<\/strong>. Embora a inten\u00e7\u00e3o seja atender diferentes necessidades, a proximidade conceitual entre os modelos levanta quest\u00f5es sobre canibaliza\u00e7\u00e3o interna e clareza de posicionamento.<\/p>\n\n\n\n<h2 class=\"wp-block-heading\"><strong>A tecnologia h\u00edbrida encontrar\u00e1 receptividade no segmento popular?<\/strong><\/h2>\n\n\n\n<p>A <strong>tecnologia h\u00edbrida<\/strong> do <strong>Yaris Cross<\/strong> representa avan\u00e7o t\u00e9cnico consider\u00e1vel, mas pode esbarrar na tradicional resist\u00eancia brasileira a inova\u00e7\u00f5es que encarecem produtos. Consumidores de SUVs compactos priorizam praticidade e custo acess\u00edvel sobre sofistica\u00e7\u00e3o tecnol\u00f3gica.<\/p>\n\n\n\n<p>A promessa de economia de combust\u00edvel soa atrativa, especialmente com pre\u00e7os vol\u00e1teis dos combust\u00edveis. Contudo, a diferen\u00e7a de pre\u00e7o inicial entre vers\u00f5es h\u00edbrida e convencional pode desencorajar compradores que calculam retorno de investimento a longo prazo.<\/p>\n\n\n\n<p>A experi\u00eancia com outros h\u00edbridos da <strong>Toyota<\/strong> no Brasil mostra aceita\u00e7\u00e3o limitada, concentrada em consumidores de perfil espec\u00edfico. O <strong>Yaris Cross<\/strong> precisa expandir esse p\u00fablico para justificar o investimento.<\/p>\n\n\n\n<figure class=\"wp-block-image size-large\"><img loading=\"lazy\" decoding=\"async\" width=\"1024\" height=\"576\" src=\"https:\/\/www.em.com.br\/emfoco\/wp-content\/uploads\/2025\/01\/image-59-e1736605149925-1024x576.png\" alt=\"O novo SUV da Toyota que est\u00e1 pronto para dominar o mercado nacional!\" class=\"wp-image-9915\" srcset=\"https:\/\/www.em.com.br\/emfoco\/wp-content\/uploads\/2025\/01\/image-59-e1736605149925-1024x576.png 1024w, https:\/\/www.em.com.br\/emfoco\/wp-content\/uploads\/2025\/01\/image-59-e1736605149925-300x169.png 300w, https:\/\/www.em.com.br\/emfoco\/wp-content\/uploads\/2025\/01\/image-59-e1736605149925-768x432.png 768w, https:\/\/www.em.com.br\/emfoco\/wp-content\/uploads\/2025\/01\/image-59-e1736605149925-750x422.png 750w, https:\/\/www.em.com.br\/emfoco\/wp-content\/uploads\/2025\/01\/image-59-e1736605149925-1140x641.png 1140w, https:\/\/www.em.com.br\/emfoco\/wp-content\/uploads\/2025\/01\/image-59-e1736605149925.png 1280w\" sizes=\"auto, (max-width: 1024px) 100vw, 1024px\" \/><figcaption class=\"wp-element-caption\">Toyota Yaris 2025 &#8211; Cr\u00e9ditos: Divulga\u00e7\u00e3o\/Toyota<\/figcaption><\/figure>\n\n\n\n<h2 class=\"wp-block-heading\"><strong>Como a concorr\u00eancia pode afetar o sucesso do modelo?<\/strong><\/h2>\n\n\n\n<p>Rivais como <strong>Honda HR-V<\/strong> e <strong>Volkswagen T-Cross<\/strong> dominam o segmento com propostas consolidadas e redes de atendimento estabelecidas. O <strong>Yaris Cross<\/strong> chega em momento de satura\u00e7\u00e3o, quando consumidores j\u00e1 t\u00eam prefer\u00eancias definidas.<\/p>\n\n\n\n<p>A vantagem h\u00edbrida pode ser neutralizada se concorrentes oferecerem vers\u00f5es eletrificadas por pre\u00e7os similares. O diferencial tecnol\u00f3gico da <strong>Toyota<\/strong> pode ser tempor\u00e1rio, especialmente considerando a velocidade de desenvolvimento do setor.<\/p>\n\n\n\n<p>A marca japonesa conta com reputa\u00e7\u00e3o de confiabilidade, mas precisa traduzir esse prest\u00edgio em vendas efetivas contra advers\u00e1rios que conhecem melhor as prefer\u00eancias locais.<\/p>\n\n\n\n<h2 class=\"wp-block-heading\"><strong>A estrat\u00e9gia de portf\u00f3lio da Toyota est\u00e1 alinhada com o mercado?<\/strong><\/h2>\n\n\n\n<p>O <strong>Yaris Cross<\/strong> preenche lacuna no portf\u00f3lio da <strong>Toyota<\/strong>, mas pode criar sobreposi\u00e7\u00e3o indesejada com outros modelos da marca. A diferencia\u00e7\u00e3o clara entre os SUVs da linha ser\u00e1 crucial para evitar competi\u00e7\u00e3o interna prejudicial.<\/p>\n\n\n\n<p>A estrat\u00e9gia de expandir horizontalmente pode diluir recursos de marketing e desenvolvimento que seriam mais eficazes concentrados em menos modelos. Outras marcas obt\u00eam sucesso com portf\u00f3lios mais enxutos e focados.<\/p>\n\n\n\n<p>A <strong>Toyota<\/strong> aposta na variedade como forma de atender nichos espec\u00edficos, mas o mercado brasileiro pode preferir solu\u00e7\u00f5es mais diretas e menos complexas.<\/p>\n\n\n\n<h2 class=\"wp-block-heading\"><strong>Qual o timing ideal para tecnologias h\u00edbridas no Brasil?<\/strong><\/h2>\n\n\n\n<p>O lan\u00e7amento do <strong>Yaris Cross<\/strong> coincide com momento de transi\u00e7\u00e3o energ\u00e9tica global, mas o Brasil ainda desenvolve infraestrutura e incentivos para eletrifica\u00e7\u00e3o. A tecnologia h\u00edbrida pode estar chegando cedo demais para mercado de massa nacional.<\/p>\n\n\n\n<p>Incentivos governamentais limitados e custos elevados de manuten\u00e7\u00e3o especializada podem restringir o apelo comercial. A <strong>Toyota<\/strong> precisa educar consumidores sobre os benef\u00edcios reais da hibridiza\u00e7\u00e3o em condi\u00e7\u00f5es brasileiras de uso.<\/p>\n\n\n\n<p>A experi\u00eancia internacional da marca com h\u00edbridos \u00e9 valiosa, mas cada mercado tem particularidades que influenciam aceita\u00e7\u00e3o e viabilidade comercial.<\/p>\n\n\n\n<h2 class=\"wp-block-heading\"><strong>O futuro da mobilidade no Brasil passa pelos h\u00edbridos?<\/strong><\/h2>\n\n\n\n<p>A aposta da <strong>Toyota<\/strong> no <strong>Yaris Cross<\/strong> representa teste importante para viabilidade de ve\u00edculos eletrificados no segmento popular brasileiro. O sucesso ou fracasso pode influenciar estrat\u00e9gias futuras da pr\u00f3pria marca e de concorrentes.<\/p>\n\n\n\n<p>A mobilidade sustent\u00e1vel \u00e9 tend\u00eancia irrevers\u00edvel, mas o caminho e timing variam entre mercados. O Brasil pode ter trajet\u00f3ria pr\u00f3pria, diferente de pa\u00edses desenvolvidos onde h\u00edbridos se consolidaram rapidamente.<\/p>\n\n\n\n<p>O <strong>Yaris Cross<\/strong> funcionar\u00e1 como term\u00f4metro real do interesse brasileiro por tecnologias h\u00edbridas em pre\u00e7os acess\u00edveis, definindo rumos para pr\u00f3ximos lan\u00e7amentos do setor.<\/p>\n","protected":false},"excerpt":{"rendered":"<p>A Toyota se prepara para lan\u00e7ar o Yaris Cross no Brasil, mas a estrat\u00e9gia enfrenta desafios complexos em um mercado que ainda hesita diante de tecnologias h\u00edbridas. O SUV compacto chega com proposta interessante, por\u00e9m a marca japonesa precisa provar que consegue democratizar a eletrifica\u00e7\u00e3o sem comprometer o custo-benef\u00edcio tradicional. O posicionamento entre o hatch [&hellip;]<\/p>\n","protected":false},"author":5,"featured_media":9914,"comment_status":"open","ping_status":"open","sticky":false,"template":"","format":"standard","meta":{"jnews-multi-image_gallery":[],"jnews_single_post":{"format":"standard"},"jnews_primary_category":[],"jnews_social_meta":[],"jnews_override_counter":[],"footnotes":""},"categories":[27,1],"tags":[1116,3310,1118,1202,1201],"class_list":["post-9910","post","type-post","status-publish","format-standard","has-post-thumbnail","hentry","category-carros","category-noticias","tag-carros","tag-lancamento-2025","tag-suv","tag-toyota","tag-yaris"],"yoast_head":"<!-- This site is optimized with the Yoast SEO plugin v23.8 - https:\/\/yoast.com\/wordpress\/plugins\/seo\/ -->\n<title>O novo SUV da Toyota que est\u00e1 pronto para dominar o mercado nacional! - Estado de Minas - Em foco<\/title>\n<meta name=\"description\" content=\"Um SUV compacto com tecnologia h\u00edbrida, pre\u00e7o acess\u00edvel e design inovador. Conhe\u00e7a o modelo que vai revolucionar o mercado!\" \/>\n<meta name=\"robots\" content=\"index, follow, max-snippet:-1, max-image-preview:large, max-video-preview:-1\" \/>\n<link rel=\"canonical\" href=\"https:\/\/www.em.com.br\/emfoco\/2025\/01\/16\/o-novo-suv-da-toyota-que-esta-pronto-para-dominar-o-mercado-nacional\/\" \/>\n<meta property=\"og:locale\" content=\"pt_BR\" \/>\n<meta property=\"og:type\" content=\"article\" \/>\n<meta property=\"og:title\" content=\"O novo SUV da Toyota que est\u00e1 pronto para dominar o mercado nacional! - Estado de Minas - Em foco\" \/>\n<meta property=\"og:description\" content=\"Um SUV compacto com tecnologia h\u00edbrida, pre\u00e7o acess\u00edvel e design inovador. Conhe\u00e7a o modelo que vai revolucionar o mercado!\" \/>\n<meta property=\"og:url\" content=\"https:\/\/www.em.com.br\/emfoco\/2025\/01\/16\/o-novo-suv-da-toyota-que-esta-pronto-para-dominar-o-mercado-nacional\/\" \/>\n<meta property=\"og:site_name\" content=\"Estado de Minas - Em foco\" \/>\n<meta property=\"article:published_time\" content=\"2025-01-16T16:20:00+00:00\" \/>\n<meta property=\"article:modified_time\" content=\"2025-06-17T20:06:45+00:00\" \/>\n<meta property=\"og:image\" content=\"https:\/\/www.em.com.br\/emfoco\/wp-content\/uploads\/2025\/01\/Toyota_1736604928209.jpg\" \/>\n\t<meta property=\"og:image:width\" content=\"1280\" \/>\n\t<meta property=\"og:image:height\" content=\"720\" \/>\n\t<meta property=\"og:image:type\" content=\"image\/jpeg\" \/>\n<meta name=\"author\" content=\"N\u00fabia Rangel\" \/>\n<meta name=\"twitter:card\" content=\"summary_large_image\" \/>\n<meta name=\"twitter:label1\" content=\"Escrito por\" \/>\n\t<meta name=\"twitter:data1\" content=\"N\u00fabia Rangel\" \/>\n\t<meta name=\"twitter:label2\" content=\"Est. tempo de leitura\" \/>\n\t<meta name=\"twitter:data2\" content=\"4 minutos\" \/>\n<!-- \/ Yoast SEO plugin. -->","yoast_head_json":{"title":"O novo SUV da Toyota que est\u00e1 pronto para dominar o mercado nacional! - Estado de Minas - Em foco","description":"Um SUV compacto com tecnologia h\u00edbrida, pre\u00e7o acess\u00edvel e design inovador. Conhe\u00e7a o modelo que vai revolucionar o mercado!","robots":{"index":"index","follow":"follow","max-snippet":"max-snippet:-1","max-image-preview":"max-image-preview:large","max-video-preview":"max-video-preview:-1"},"canonical":"https:\/\/www.em.com.br\/emfoco\/2025\/01\/16\/o-novo-suv-da-toyota-que-esta-pronto-para-dominar-o-mercado-nacional\/","og_locale":"pt_BR","og_type":"article","og_title":"O novo SUV da Toyota que est\u00e1 pronto para dominar o mercado nacional! - Estado de Minas - Em foco","og_description":"Um SUV compacto com tecnologia h\u00edbrida, pre\u00e7o acess\u00edvel e design inovador. Conhe\u00e7a o modelo que vai revolucionar o mercado!","og_url":"https:\/\/www.em.com.br\/emfoco\/2025\/01\/16\/o-novo-suv-da-toyota-que-esta-pronto-para-dominar-o-mercado-nacional\/","og_site_name":"Estado de Minas - Em foco","article_published_time":"2025-01-16T16:20:00+00:00","article_modified_time":"2025-06-17T20:06:45+00:00","og_image":[{"width":1280,"height":720,"url":"https:\/\/www.em.com.br\/emfoco\/wp-content\/uploads\/2025\/01\/Toyota_1736604928209.jpg","type":"image\/jpeg"}],"author":"N\u00fabia Rangel","twitter_card":"summary_large_image","twitter_misc":{"Escrito por":"N\u00fabia Rangel","Est. tempo de leitura":"4 minutos"},"schema":{"@context":"https:\/\/schema.org","@graph":[{"@type":"WebPage","@id":"https:\/\/www.em.com.br\/emfoco\/2025\/01\/16\/o-novo-suv-da-toyota-que-esta-pronto-para-dominar-o-mercado-nacional\/","url":"https:\/\/www.em.com.br\/emfoco\/2025\/01\/16\/o-novo-suv-da-toyota-que-esta-pronto-para-dominar-o-mercado-nacional\/","name":"O novo SUV da Toyota que est\u00e1 pronto para dominar o mercado nacional! - Estado de Minas - Em foco","isPartOf":{"@id":"https:\/\/www.em.com.br\/emfoco\/#website"},"primaryImageOfPage":{"@id":"https:\/\/www.em.com.br\/emfoco\/2025\/01\/16\/o-novo-suv-da-toyota-que-esta-pronto-para-dominar-o-mercado-nacional\/#primaryimage"},"image":{"@id":"https:\/\/www.em.com.br\/emfoco\/2025\/01\/16\/o-novo-suv-da-toyota-que-esta-pronto-para-dominar-o-mercado-nacional\/#primaryimage"},"thumbnailUrl":"https:\/\/www.em.com.br\/emfoco\/wp-content\/uploads\/2025\/01\/Toyota_1736604928209.jpg","datePublished":"2025-01-16T16:20:00+00:00","dateModified":"2025-06-17T20:06:45+00:00","author":{"@id":"https:\/\/www.em.com.br\/emfoco\/#\/schema\/person\/524437ef54f8a5d32591b143307f2e20"},"description":"Um SUV compacto com tecnologia h\u00edbrida, pre\u00e7o acess\u00edvel e design inovador. Conhe\u00e7a o modelo que vai revolucionar o mercado!","breadcrumb":{"@id":"https:\/\/www.em.com.br\/emfoco\/2025\/01\/16\/o-novo-suv-da-toyota-que-esta-pronto-para-dominar-o-mercado-nacional\/#breadcrumb"},"inLanguage":"pt-BR","potentialAction":[{"@type":"ReadAction","target":["https:\/\/www.em.com.br\/emfoco\/2025\/01\/16\/o-novo-suv-da-toyota-que-esta-pronto-para-dominar-o-mercado-nacional\/"]}]},{"@type":"ImageObject","inLanguage":"pt-BR","@id":"https:\/\/www.em.com.br\/emfoco\/2025\/01\/16\/o-novo-suv-da-toyota-que-esta-pronto-para-dominar-o-mercado-nacional\/#primaryimage","url":"https:\/\/www.em.com.br\/emfoco\/wp-content\/uploads\/2025\/01\/Toyota_1736604928209.jpg","contentUrl":"https:\/\/www.em.com.br\/emfoco\/wp-content\/uploads\/2025\/01\/Toyota_1736604928209.jpg","width":1280,"height":720,"caption":"Logo da Toyota - Cr\u00e9ditos: depositphotos.com \/ mediavn"},{"@type":"BreadcrumbList","@id":"https:\/\/www.em.com.br\/emfoco\/2025\/01\/16\/o-novo-suv-da-toyota-que-esta-pronto-para-dominar-o-mercado-nacional\/#breadcrumb","itemListElement":[{"@type":"ListItem","position":1,"name":"In\u00edcio","item":"https:\/\/www.em.com.br\/emfoco\/"},{"@type":"ListItem","position":2,"name":"O novo SUV da Toyota que est\u00e1 pronto para dominar o mercado nacional!"}]},{"@type":"WebSite","@id":"https:\/\/www.em.com.br\/emfoco\/#website","url":"https:\/\/www.em.com.br\/emfoco\/","name":"Estado de Minas - Em foco","description":"Acompanhe as \u00faltimas not\u00edcias e fique bem informado sobre tudo o que acontece em Minas Gerais, Brasil e no mundo.","potentialAction":[{"@type":"SearchAction","target":{"@type":"EntryPoint","urlTemplate":"https:\/\/www.em.com.br\/emfoco\/?s={search_term_string}"},"query-input":{"@type":"PropertyValueSpecification","valueRequired":true,"valueName":"search_term_string"}}],"inLanguage":"pt-BR"},{"@type":"Person","@id":"https:\/\/www.em.com.br\/emfoco\/#\/schema\/person\/524437ef54f8a5d32591b143307f2e20","name":"N\u00fabia Rangel","image":{"@type":"ImageObject","inLanguage":"pt-BR","@id":"https:\/\/www.em.com.br\/emfoco\/#\/schema\/person\/image\/","url":"https:\/\/secure.gravatar.com\/avatar\/47cff2827a5ba23c37e8068c86817ea4?s=96&d=mm&r=g","contentUrl":"https:\/\/secure.gravatar.com\/avatar\/47cff2827a5ba23c37e8068c86817ea4?s=96&d=mm&r=g","caption":"N\u00fabia Rangel"},"sameAs":["https:\/\/www.em.com.br\/emfoco\/"],"url":"https:\/\/www.em.com.br\/emfoco\/author\/nubiamyth\/"}]}},"_links":{"self":[{"href":"https:\/\/www.em.com.br\/emfoco\/wp-json\/wp\/v2\/posts\/9910","targetHints":{"allow":["GET"]}}],"collection":[{"href":"https:\/\/www.em.com.br\/emfoco\/wp-json\/wp\/v2\/posts"}],"about":[{"href":"https:\/\/www.em.com.br\/emfoco\/wp-json\/wp\/v2\/types\/post"}],"author":[{"embeddable":true,"href":"https:\/\/www.em.com.br\/emfoco\/wp-json\/wp\/v2\/users\/5"}],"replies":[{"embeddable":true,"href":"https:\/\/www.em.com.br\/emfoco\/wp-json\/wp\/v2\/comments?post=9910"}],"version-history":[{"count":3,"href":"https:\/\/www.em.com.br\/emfoco\/wp-json\/wp\/v2\/posts\/9910\/revisions"}],"predecessor-version":[{"id":62443,"href":"https:\/\/www.em.com.br\/emfoco\/wp-json\/wp\/v2\/posts\/9910\/revisions\/62443"}],"wp:featuredmedia":[{"embeddable":true,"href":"https:\/\/www.em.com.br\/emfoco\/wp-json\/wp\/v2\/media\/9914"}],"wp:attachment":[{"href":"https:\/\/www.em.com.br\/emfoco\/wp-json\/wp\/v2\/media?parent=9910"}],"wp:term":[{"taxonomy":"category","embeddable":true,"href":"https:\/\/www.em.com.br\/emfoco\/wp-json\/wp\/v2\/categories?post=9910"},{"taxonomy":"post_tag","embeddable":true,"href":"https:\/\/www.em.com.br\/emfoco\/wp-json\/wp\/v2\/tags?post=9910"}],"curies":[{"name":"wp","href":"https:\/\/api.w.org\/{rel}","templated":true}]}}