{"id":9896,"date":"2025-01-11T14:39:00","date_gmt":"2025-01-11T17:39:00","guid":{"rendered":"https:\/\/www.em.com.br\/emfoco\/?p=9896"},"modified":"2025-01-11T10:28:36","modified_gmt":"2025-01-11T13:28:36","slug":"novo-valor-do-salario-minimo-ja-tem-data-para-entrar-em-vigor-agora-em-2025","status":"publish","type":"post","link":"https:\/\/www.em.com.br\/emfoco\/2025\/01\/11\/novo-valor-do-salario-minimo-ja-tem-data-para-entrar-em-vigor-agora-em-2025\/","title":{"rendered":"Novo valor do sal\u00e1rio m\u00ednimo j\u00e1 tem data para entrar em vigor agora em 2025"},"content":{"rendered":"\n<p>O sal\u00e1rio m\u00ednimo no Brasil \u00e9 uma ferramenta pol\u00edtica e econ\u00f4mica vital, estabelecendo o valor m\u00ednimo que as empresas devem pagar a seus trabalhadores. Este valor \u00e9 revisado anualmente com o objetivo de ajustar seu poder aquisitivo em rela\u00e7\u00e3o \u00e0 infla\u00e7\u00e3o e \u00e0s condi\u00e7\u00f5es econ\u00f4micas gerais do pa\u00eds.<\/p>\n\n\n\n<p>Mais do que uma quantia espec\u00edfica, o sal\u00e1rio m\u00ednimo serve como um indicador do bem-estar econ\u00f4mico nacional, influenciando a capacidade de consumo das fam\u00edlias e, por extens\u00e3o, o dinamismo financeiro do Brasil.<\/p>\n\n\n\n<h2 class=\"wp-block-heading\">Qual \u00e9 a Metodologia de Reajuste?<\/h2>\n\n\n\n<p>Cada reajuste do sal\u00e1rio m\u00ednimo \u00e9 baseado em uma combina\u00e7\u00e3o de padr\u00f5es inflacion\u00e1rios e crescimento econ\u00f4mico. O governo toma como refer\u00eancia o \u00cdndice Nacional de Pre\u00e7os ao Consumidor (INPC) para medir a infla\u00e7\u00e3o, assegurando que o novo valor mantenha o poder de compra dos trabalhadores.<\/p>\n\n\n\n<p>Adicionalmente, considera-se o desempenho do Produto Interno Bruto (PIB) para captar um panorama mais abrangente do crescimento econ\u00f4mico. Este m\u00e9todo pretende assegurar que o sal\u00e1rio m\u00ednimo seja compat\u00edvel com o custo de vida sem causar tens\u00f5es excessivas no or\u00e7amento p\u00fablico.<\/p>\n\n\n\n<figure class=\"wp-block-image size-large\"><img loading=\"lazy\" decoding=\"async\" width=\"1024\" height=\"576\" src=\"https:\/\/www.em.com.br\/emfoco\/wp-content\/uploads\/2024\/12\/Brazilian-money_1733790876699-1024x576.jpg\" alt=\"Novo valor do sal\u00e1rio m\u00ednimo j\u00e1 tem data para entrar em vigor\" class=\"wp-image-4050\" srcset=\"https:\/\/www.em.com.br\/emfoco\/wp-content\/uploads\/2024\/12\/Brazilian-money_1733790876699-1024x576.jpg 1024w, https:\/\/www.em.com.br\/emfoco\/wp-content\/uploads\/2024\/12\/Brazilian-money_1733790876699-300x169.jpg 300w, https:\/\/www.em.com.br\/emfoco\/wp-content\/uploads\/2024\/12\/Brazilian-money_1733790876699-768x432.jpg 768w, https:\/\/www.em.com.br\/emfoco\/wp-content\/uploads\/2024\/12\/Brazilian-money_1733790876699-750x422.jpg 750w, https:\/\/www.em.com.br\/emfoco\/wp-content\/uploads\/2024\/12\/Brazilian-money_1733790876699-1140x641.jpg 1140w, https:\/\/www.em.com.br\/emfoco\/wp-content\/uploads\/2024\/12\/Brazilian-money_1733790876699.jpg 1280w\" sizes=\"auto, (max-width: 1024px) 100vw, 1024px\" \/><figcaption class=\"wp-element-caption\">Salario Minimo &#8211; Cr\u00e9ditos: depositphotos.com \/ rafapress<\/figcaption><\/figure>\n\n\n\n<h2 class=\"wp-block-heading\">Impactos do Aumento do Sal\u00e1rio M\u00ednimo em 2025<\/h2>\n\n\n\n<p>Com o reajuste de 2025, o sal\u00e1rio m\u00ednimo foi elevado, impactando de forma diversa as fam\u00edlias e o mercado de trabalho no Brasil. Este aumento pretende oferecer aos trabalhadores uma compensa\u00e7\u00e3o mais justa que ajude nas despesas b\u00e1sicas, embora ainda existam lacunas quando comparado ao custo de vida necess\u00e1rio para uma vida digna.<\/p>\n\n\n\n<p>Apesar dos avan\u00e7os, muitos trabalhadores ainda vivem situa\u00e7\u00f5es desafiadoras, j\u00e1 que o valor do sal\u00e1rio m\u00ednimo n\u00e3o corresponde a todas as recomenda\u00e7\u00f5es feitas por an\u00e1lises independentes, como as realizadas pelo Dieese.<\/p>\n\n\n\n<h2 class=\"wp-block-heading\">Desafios Enfrentados pelo Novo Sal\u00e1rio<\/h2>\n\n\n\n<p>Implementar um novo sal\u00e1rio m\u00ednimo nunca \u00e9 um processo simples e traz consigo questionamentos sobre seu impacto real. Embora ofere\u00e7a al\u00edvio para alguns, ele pode resultar em press\u00f5es inflacion\u00e1rias ou na aumentada carga sobre pequenas e m\u00e9dias empresas que devem adequar seus or\u00e7amentos.<\/p>\n\n\n\n<p>A discuss\u00e3o cont\u00ednua sobre o reajuste demonstra a necessidade urgente de pol\u00edticas econ\u00f4micas que integrem todas as for\u00e7as produtivas, garantindo estabilidade econ\u00f4mica sem sacrificar a qualidade de vida dos trabalhadores.<\/p>\n\n\n\n<h2 class=\"wp-block-heading\">Estrat\u00e9gias Para Otimizar o Sal\u00e1rio M\u00ednimo<\/h2>\n\n\n\n<p>Para que o sal\u00e1rio m\u00ednimo realmente beneficie a popula\u00e7\u00e3o, al\u00e9m de ajustes anuais, \u00e9 importante desenvolver estrat\u00e9gias paralelas. Algumas a\u00e7\u00f5es sugeridas incluem:<\/p>\n\n\n\n<ul class=\"wp-block-list\">\n<li>Promo\u00e7\u00e3o de um ambiente econ\u00f4mico que favore\u00e7a a cria\u00e7\u00e3o de empregos e o aumento da produtividade.<\/li>\n\n\n\n<li>Iniciativas de educa\u00e7\u00e3o e treinamento profissional para desenvolver habilidades e melhorar as chances de empregabilidade.<\/li>\n\n\n\n<li>Fortalecimento dos programas sociais que protegem os mais vulner\u00e1veis na sociedade.<\/li>\n<\/ul>\n\n\n\n<p>Com um espectro mais amplo de pol\u00edticas, o Brasil pode garantir que o sal\u00e1rio m\u00ednimo seja n\u00e3o apenas um valor econ\u00f4mico, mas uma ferramenta eficaz para promover sa\u00fade econ\u00f4mica e bem-estar social.<\/p>\n","protected":false},"excerpt":{"rendered":"<p>O sal\u00e1rio m\u00ednimo no Brasil \u00e9 uma ferramenta pol\u00edtica e econ\u00f4mica vital, estabelecendo o valor m\u00ednimo que as empresas devem pagar a seus trabalhadores. Este valor \u00e9 revisado anualmente com o objetivo de ajustar seu poder aquisitivo em rela\u00e7\u00e3o \u00e0 infla\u00e7\u00e3o e \u00e0s condi\u00e7\u00f5es econ\u00f4micas gerais do pa\u00eds.<\/p>\n","protected":false},"author":2,"featured_media":7143,"comment_status":"open","ping_status":"open","sticky":false,"template":"","format":"standard","meta":{"jnews-multi-image_gallery":[],"jnews_single_post":{"format":"standard"},"jnews_primary_category":[],"jnews_social_meta":[],"jnews_override_counter":[],"footnotes":""},"categories":[28,1],"tags":[1176,1438,717],"class_list":["post-9896","post","type-post","status-publish","format-standard","has-post-thumbnail","hentry","category-economia","category-noticias","tag-economia-brasileira","tag-politica-economica","tag-salario-minimo"],"yoast_head":"<!-- This site is optimized with the Yoast SEO plugin v23.8 - https:\/\/yoast.com\/wordpress\/plugins\/seo\/ -->\n<title>Novo valor do sal\u00e1rio m\u00ednimo j\u00e1 tem data para entrar em vigor agora em 2025 - Estado de Minas - Em foco<\/title>\n<meta name=\"description\" content=\"O sal\u00e1rio m\u00ednimo no Brasil \u00e9 uma ferramenta pol\u00edtica e econ\u00f4mica vital, estabelecendo o valor m\u00ednimo que as empresas devem pagar a seus trabalhadores. Este valor \u00e9 revisado anualmente com o objetivo de ajustar seu poder aquisitivo em rela\u00e7\u00e3o \u00e0 infla\u00e7\u00e3o e \u00e0s condi\u00e7\u00f5es econ\u00f4micas gerais do pa\u00eds.\" \/>\n<meta name=\"robots\" content=\"index, follow, max-snippet:-1, max-image-preview:large, max-video-preview:-1\" \/>\n<link rel=\"canonical\" href=\"https:\/\/www.em.com.br\/emfoco\/2025\/01\/11\/novo-valor-do-salario-minimo-ja-tem-data-para-entrar-em-vigor-agora-em-2025\/\" \/>\n<meta property=\"og:locale\" content=\"pt_BR\" \/>\n<meta property=\"og:type\" content=\"article\" \/>\n<meta property=\"og:title\" content=\"Novo valor do sal\u00e1rio m\u00ednimo j\u00e1 tem data para entrar em vigor agora em 2025 - Estado de Minas - Em foco\" \/>\n<meta property=\"og:description\" content=\"O sal\u00e1rio m\u00ednimo no Brasil \u00e9 uma ferramenta pol\u00edtica e econ\u00f4mica vital, estabelecendo o valor m\u00ednimo que as empresas devem pagar a seus trabalhadores. Este valor \u00e9 revisado anualmente com o objetivo de ajustar seu poder aquisitivo em rela\u00e7\u00e3o \u00e0 infla\u00e7\u00e3o e \u00e0s condi\u00e7\u00f5es econ\u00f4micas gerais do pa\u00eds.\" \/>\n<meta property=\"og:url\" content=\"https:\/\/www.em.com.br\/emfoco\/2025\/01\/11\/novo-valor-do-salario-minimo-ja-tem-data-para-entrar-em-vigor-agora-em-2025\/\" \/>\n<meta property=\"og:site_name\" content=\"Estado de Minas - Em foco\" \/>\n<meta property=\"article:published_time\" content=\"2025-01-11T17:39:00+00:00\" \/>\n<meta property=\"article:modified_time\" content=\"2025-01-11T13:28:36+00:00\" \/>\n<meta property=\"og:image\" content=\"https:\/\/www.em.com.br\/emfoco\/wp-content\/uploads\/2024\/12\/salario_1735332914981.jpg\" \/>\n\t<meta property=\"og:image:width\" content=\"1280\" \/>\n\t<meta property=\"og:image:height\" content=\"720\" \/>\n\t<meta property=\"og:image:type\" content=\"image\/jpeg\" \/>\n<meta name=\"author\" content=\"Guilherme\" \/>\n<meta name=\"twitter:card\" content=\"summary_large_image\" \/>\n<meta name=\"twitter:label1\" content=\"Escrito por\" \/>\n\t<meta name=\"twitter:data1\" content=\"Guilherme\" \/>\n\t<meta name=\"twitter:label2\" content=\"Est. tempo de leitura\" \/>\n\t<meta name=\"twitter:data2\" content=\"3 minutos\" \/>\n<!-- \/ Yoast SEO plugin. -->","yoast_head_json":{"title":"Novo valor do sal\u00e1rio m\u00ednimo j\u00e1 tem data para entrar em vigor agora em 2025 - Estado de Minas - Em foco","description":"O sal\u00e1rio m\u00ednimo no Brasil \u00e9 uma ferramenta pol\u00edtica e econ\u00f4mica vital, estabelecendo o valor m\u00ednimo que as empresas devem pagar a seus trabalhadores. Este valor \u00e9 revisado anualmente com o objetivo de ajustar seu poder aquisitivo em rela\u00e7\u00e3o \u00e0 infla\u00e7\u00e3o e \u00e0s condi\u00e7\u00f5es econ\u00f4micas gerais do pa\u00eds.","robots":{"index":"index","follow":"follow","max-snippet":"max-snippet:-1","max-image-preview":"max-image-preview:large","max-video-preview":"max-video-preview:-1"},"canonical":"https:\/\/www.em.com.br\/emfoco\/2025\/01\/11\/novo-valor-do-salario-minimo-ja-tem-data-para-entrar-em-vigor-agora-em-2025\/","og_locale":"pt_BR","og_type":"article","og_title":"Novo valor do sal\u00e1rio m\u00ednimo j\u00e1 tem data para entrar em vigor agora em 2025 - Estado de Minas - Em foco","og_description":"O sal\u00e1rio m\u00ednimo no Brasil \u00e9 uma ferramenta pol\u00edtica e econ\u00f4mica vital, estabelecendo o valor m\u00ednimo que as empresas devem pagar a seus trabalhadores. Este valor \u00e9 revisado anualmente com o objetivo de ajustar seu poder aquisitivo em rela\u00e7\u00e3o \u00e0 infla\u00e7\u00e3o e \u00e0s condi\u00e7\u00f5es econ\u00f4micas gerais do pa\u00eds.","og_url":"https:\/\/www.em.com.br\/emfoco\/2025\/01\/11\/novo-valor-do-salario-minimo-ja-tem-data-para-entrar-em-vigor-agora-em-2025\/","og_site_name":"Estado de Minas - Em foco","article_published_time":"2025-01-11T17:39:00+00:00","article_modified_time":"2025-01-11T13:28:36+00:00","og_image":[{"width":1280,"height":720,"url":"https:\/\/www.em.com.br\/emfoco\/wp-content\/uploads\/2024\/12\/salario_1735332914981.jpg","type":"image\/jpeg"}],"author":"Guilherme","twitter_card":"summary_large_image","twitter_misc":{"Escrito por":"Guilherme","Est. tempo de leitura":"3 minutos"},"schema":{"@context":"https:\/\/schema.org","@graph":[{"@type":"WebPage","@id":"https:\/\/www.em.com.br\/emfoco\/2025\/01\/11\/novo-valor-do-salario-minimo-ja-tem-data-para-entrar-em-vigor-agora-em-2025\/","url":"https:\/\/www.em.com.br\/emfoco\/2025\/01\/11\/novo-valor-do-salario-minimo-ja-tem-data-para-entrar-em-vigor-agora-em-2025\/","name":"Novo valor do sal\u00e1rio m\u00ednimo j\u00e1 tem data para entrar em vigor agora em 2025 - Estado de Minas - Em foco","isPartOf":{"@id":"https:\/\/www.em.com.br\/emfoco\/#website"},"primaryImageOfPage":{"@id":"https:\/\/www.em.com.br\/emfoco\/2025\/01\/11\/novo-valor-do-salario-minimo-ja-tem-data-para-entrar-em-vigor-agora-em-2025\/#primaryimage"},"image":{"@id":"https:\/\/www.em.com.br\/emfoco\/2025\/01\/11\/novo-valor-do-salario-minimo-ja-tem-data-para-entrar-em-vigor-agora-em-2025\/#primaryimage"},"thumbnailUrl":"https:\/\/www.em.com.br\/emfoco\/wp-content\/uploads\/2024\/12\/salario_1735332914981.jpg","datePublished":"2025-01-11T17:39:00+00:00","dateModified":"2025-01-11T13:28:36+00:00","author":{"@id":"https:\/\/www.em.com.br\/emfoco\/#\/schema\/person\/097c4a57cc4dc96be3b74aaf7185dd84"},"description":"O sal\u00e1rio m\u00ednimo no Brasil \u00e9 uma ferramenta pol\u00edtica e econ\u00f4mica vital, estabelecendo o valor m\u00ednimo que as empresas devem pagar a seus trabalhadores. Este valor \u00e9 revisado anualmente com o objetivo de ajustar seu poder aquisitivo em rela\u00e7\u00e3o \u00e0 infla\u00e7\u00e3o e \u00e0s condi\u00e7\u00f5es econ\u00f4micas gerais do pa\u00eds.","breadcrumb":{"@id":"https:\/\/www.em.com.br\/emfoco\/2025\/01\/11\/novo-valor-do-salario-minimo-ja-tem-data-para-entrar-em-vigor-agora-em-2025\/#breadcrumb"},"inLanguage":"pt-BR","potentialAction":[{"@type":"ReadAction","target":["https:\/\/www.em.com.br\/emfoco\/2025\/01\/11\/novo-valor-do-salario-minimo-ja-tem-data-para-entrar-em-vigor-agora-em-2025\/"]}]},{"@type":"ImageObject","inLanguage":"pt-BR","@id":"https:\/\/www.em.com.br\/emfoco\/2025\/01\/11\/novo-valor-do-salario-minimo-ja-tem-data-para-entrar-em-vigor-agora-em-2025\/#primaryimage","url":"https:\/\/www.em.com.br\/emfoco\/wp-content\/uploads\/2024\/12\/salario_1735332914981.jpg","contentUrl":"https:\/\/www.em.com.br\/emfoco\/wp-content\/uploads\/2024\/12\/salario_1735332914981.jpg","width":1280,"height":720,"caption":"Imagem Ilustrativa de sal\u00e1rio - Cr\u00e9ditos: depositphotos.com \/ rodrigobellizzi"},{"@type":"BreadcrumbList","@id":"https:\/\/www.em.com.br\/emfoco\/2025\/01\/11\/novo-valor-do-salario-minimo-ja-tem-data-para-entrar-em-vigor-agora-em-2025\/#breadcrumb","itemListElement":[{"@type":"ListItem","position":1,"name":"In\u00edcio","item":"https:\/\/www.em.com.br\/emfoco\/"},{"@type":"ListItem","position":2,"name":"Novo valor do sal\u00e1rio m\u00ednimo j\u00e1 tem data para entrar em vigor agora em 2025"}]},{"@type":"WebSite","@id":"https:\/\/www.em.com.br\/emfoco\/#website","url":"https:\/\/www.em.com.br\/emfoco\/","name":"Estado de Minas - Em foco","description":"Acompanhe as \u00faltimas not\u00edcias e fique bem informado sobre tudo o que acontece em Minas Gerais, Brasil e no mundo.","potentialAction":[{"@type":"SearchAction","target":{"@type":"EntryPoint","urlTemplate":"https:\/\/www.em.com.br\/emfoco\/?s={search_term_string}"},"query-input":{"@type":"PropertyValueSpecification","valueRequired":true,"valueName":"search_term_string"}}],"inLanguage":"pt-BR"},{"@type":"Person","@id":"https:\/\/www.em.com.br\/emfoco\/#\/schema\/person\/097c4a57cc4dc96be3b74aaf7185dd84","name":"Guilherme","image":{"@type":"ImageObject","inLanguage":"pt-BR","@id":"https:\/\/www.em.com.br\/emfoco\/#\/schema\/person\/image\/","url":"https:\/\/secure.gravatar.com\/avatar\/6a059d20d980bdeb1d1d6b0fa2b4633c?s=96&d=mm&r=g","contentUrl":"https:\/\/secure.gravatar.com\/avatar\/6a059d20d980bdeb1d1d6b0fa2b4633c?s=96&d=mm&r=g","caption":"Guilherme"},"url":"https:\/\/www.em.com.br\/emfoco\/author\/guilhermemyth\/"}]}},"_links":{"self":[{"href":"https:\/\/www.em.com.br\/emfoco\/wp-json\/wp\/v2\/posts\/9896","targetHints":{"allow":["GET"]}}],"collection":[{"href":"https:\/\/www.em.com.br\/emfoco\/wp-json\/wp\/v2\/posts"}],"about":[{"href":"https:\/\/www.em.com.br\/emfoco\/wp-json\/wp\/v2\/types\/post"}],"author":[{"embeddable":true,"href":"https:\/\/www.em.com.br\/emfoco\/wp-json\/wp\/v2\/users\/2"}],"replies":[{"embeddable":true,"href":"https:\/\/www.em.com.br\/emfoco\/wp-json\/wp\/v2\/comments?post=9896"}],"version-history":[{"count":2,"href":"https:\/\/www.em.com.br\/emfoco\/wp-json\/wp\/v2\/posts\/9896\/revisions"}],"predecessor-version":[{"id":9898,"href":"https:\/\/www.em.com.br\/emfoco\/wp-json\/wp\/v2\/posts\/9896\/revisions\/9898"}],"wp:featuredmedia":[{"embeddable":true,"href":"https:\/\/www.em.com.br\/emfoco\/wp-json\/wp\/v2\/media\/7143"}],"wp:attachment":[{"href":"https:\/\/www.em.com.br\/emfoco\/wp-json\/wp\/v2\/media?parent=9896"}],"wp:term":[{"taxonomy":"category","embeddable":true,"href":"https:\/\/www.em.com.br\/emfoco\/wp-json\/wp\/v2\/categories?post=9896"},{"taxonomy":"post_tag","embeddable":true,"href":"https:\/\/www.em.com.br\/emfoco\/wp-json\/wp\/v2\/tags?post=9896"}],"curies":[{"name":"wp","href":"https:\/\/api.w.org\/{rel}","templated":true}]}}