{"id":98846,"date":"2025-09-02T08:48:00","date_gmt":"2025-09-02T11:48:00","guid":{"rendered":"https:\/\/www.em.com.br\/emfoco\/?p=98846"},"modified":"2025-09-01T15:09:30","modified_gmt":"2025-09-01T18:09:30","slug":"esses-sao-os-tipos-de-probioticos-que-podem-transformar-sua-saude-intestinal","status":"publish","type":"post","link":"https:\/\/www.em.com.br\/emfoco\/2025\/09\/02\/esses-sao-os-tipos-de-probioticos-que-podem-transformar-sua-saude-intestinal\/","title":{"rendered":"Esses s\u00e3o os tipos de probi\u00f3ticos que podem transformar sua sa\u00fade intestinal"},"content":{"rendered":"\n<p>Probi\u00f3ticos est\u00e3o em alta, mas ser\u00e1 que todos funcionam do mesmo jeito? A resposta pode surpreender quem aposta s\u00f3 nas c\u00e1psulas industrializadas.<\/p>\n\n\n\n<ul class=\"wp-block-list\">\n<li><strong>Kefir e iogurte<\/strong> oferecem cepas vivas e nutrientes naturais<\/li>\n\n\n\n<li><strong>C\u00e1psulas de probi\u00f3ticos<\/strong> s\u00e3o pr\u00e1ticas, mas nem sempre eficazes<\/li>\n\n\n\n<li><strong>Escolher o melhor<\/strong> depende do seu objetivo e estilo de vida<\/li>\n<\/ul>\n\n\n\n<h2 class=\"wp-block-heading\">Qual a diferen\u00e7a real entre kefir, iogurte e probi\u00f3tico em c\u00e1psula?<\/h2>\n\n\n\n<p><strong>Probi\u00f3ticos<\/strong> s\u00e3o micro-organismos vivos que promovem o <strong><a href=\"https:\/\/culturelle.com.br\/blog\/como-manter-o-equilibrio-da-flora-intestinal\/\" target=\"_blank\" rel=\"noreferrer noopener\">equil\u00edbrio da flora intestinal<\/a><\/strong>. Eles est\u00e3o presentes em alimentos fermentados como kefir e iogurte, e tamb\u00e9m em suplementos encapsulados. A diferen\u00e7a est\u00e1 na origem, diversidade e viabilidade das cepas.<\/p>\n\n\n\n<p>O <strong>kefir<\/strong> \u00e9 uma bebida fermentada rica em diversas bact\u00e9rias e leveduras, oferecendo uma microbiota mais variada. J\u00e1 o <strong>iogurte<\/strong> industrializado costuma conter cepas espec\u00edficas, como <strong>Lactobacillus bulgaricus <\/strong>e <strong>Streptococcus thermophilus<\/strong>, e pode ter menos diversidade. As <strong>c\u00e1psulas de probi\u00f3ticos<\/strong> s\u00e3o padronizadas, mas nem sempre garantem a sobreviv\u00eancia das bact\u00e9rias at\u00e9 o intestino.<\/p>\n\n\n\n<figure class=\"wp-block-image size-large\"><img loading=\"lazy\" decoding=\"async\" width=\"1024\" height=\"576\" src=\"https:\/\/www.em.com.br\/emfoco\/wp-content\/uploads\/2025\/07\/intestino_1751905983360-1024x576.jpg\" alt=\"Voc\u00ea sabia que o intestino pode ser considerado seu &quot;segundo c\u00e9rebro&quot;? Entenda como ele pode transformar sua sa\u00fade mental\" class=\"wp-image-72481\" srcset=\"https:\/\/www.em.com.br\/emfoco\/wp-content\/uploads\/2025\/07\/intestino_1751905983360-1024x576.jpg 1024w, https:\/\/www.em.com.br\/emfoco\/wp-content\/uploads\/2025\/07\/intestino_1751905983360-300x169.jpg 300w, https:\/\/www.em.com.br\/emfoco\/wp-content\/uploads\/2025\/07\/intestino_1751905983360-768x432.jpg 768w, https:\/\/www.em.com.br\/emfoco\/wp-content\/uploads\/2025\/07\/intestino_1751905983360-750x422.jpg 750w, https:\/\/www.em.com.br\/emfoco\/wp-content\/uploads\/2025\/07\/intestino_1751905983360-1140x641.jpg 1140w, https:\/\/www.em.com.br\/emfoco\/wp-content\/uploads\/2025\/07\/intestino_1751905983360.jpg 1280w\" sizes=\"auto, (max-width: 1024px) 100vw, 1024px\" \/><figcaption class=\"wp-element-caption\">Mulher com a m\u00e3o no abdomen &#8211; Cr\u00e9ditos: depositphotos.com \/ Krakenimages.com<\/figcaption><\/figure>\n\n\n\n<h2 class=\"wp-block-heading\">O que o kefir tem de t\u00e3o especial para a sa\u00fade intestinal?<\/h2>\n\n\n\n<p><strong>O kefir<\/strong> \u00e9 considerado um superalimento por sua fermenta\u00e7\u00e3o m\u00faltipla. Ele cont\u00e9m uma combina\u00e7\u00e3o potente de bact\u00e9rias, leveduras, pept\u00eddeos bioativos e vitaminas que ajudam a modular a flora intestinal.<\/p>\n\n\n\n<p>Ao consumir kefir regularmente, \u00e9 poss\u00edvel notar melhora na digest\u00e3o, redu\u00e7\u00e3o de gases e fortalecimento do <a href=\"https:\/\/www.em.com.br\/emfoco\/2025\/08\/28\/a-fruta-poderosa-que-auxilia-na-circulacao-e-fortalece-o-sistema-imunologico\/\" target=\"_blank\" rel=\"noreferrer noopener\"><strong>sistema imunol\u00f3gico<\/strong><\/a>. Ele tamb\u00e9m possui a\u00e7\u00e3o antimicrobiana natural.<\/p>\n\n\n\n<ul class=\"wp-block-list\">\n<li>Cont\u00e9m mais de 30 cepas ben\u00e9ficas de micro-organismos<\/li>\n\n\n\n<li>Melhora a digest\u00e3o e regula o intestino<\/li>\n\n\n\n<li>Fortalece o sistema imune por meio do intestino<\/li>\n\n\n\n<li>\u00c9 feito em casa com baixo custo e sem aditivos<\/li>\n<\/ul>\n\n\n\n<figure class=\"wp-block-image size-large\"><img loading=\"lazy\" decoding=\"async\" width=\"1024\" height=\"576\" src=\"https:\/\/www.em.com.br\/emfoco\/wp-content\/uploads\/2025\/08\/kefir-_1756693395204-1024x576.jpg\" alt=\"Esses s\u00e3o os tipos de probi\u00f3ticos que podem transformar sua sa\u00fade intestinal\" class=\"wp-image-98854\" srcset=\"https:\/\/www.em.com.br\/emfoco\/wp-content\/uploads\/2025\/08\/kefir-_1756693395204-1024x576.jpg 1024w, https:\/\/www.em.com.br\/emfoco\/wp-content\/uploads\/2025\/08\/kefir-_1756693395204-300x169.jpg 300w, https:\/\/www.em.com.br\/emfoco\/wp-content\/uploads\/2025\/08\/kefir-_1756693395204-768x432.jpg 768w, https:\/\/www.em.com.br\/emfoco\/wp-content\/uploads\/2025\/08\/kefir-_1756693395204-750x422.jpg 750w, https:\/\/www.em.com.br\/emfoco\/wp-content\/uploads\/2025\/08\/kefir-_1756693395204-1140x641.jpg 1140w, https:\/\/www.em.com.br\/emfoco\/wp-content\/uploads\/2025\/08\/kefir-_1756693395204.jpg 1280w\" sizes=\"auto, (max-width: 1024px) 100vw, 1024px\" \/><figcaption class=\"wp-element-caption\">Kefir \u00e9 uma bebida rica em bact\u00e9rias e leveduras &#8211; Cr\u00e9ditos: depositphotos.com \/ MadeleineSteinbach<\/figcaption><\/figure>\n\n\n\n<h2 class=\"wp-block-heading\">Iogurte tradicional ainda \u00e9 eficaz ou virou s\u00f3 sobremesa?<\/h2>\n\n\n\n<p><strong>O iogurte<\/strong> industrializado pode ter perdido parte de seu valor funcional. Muitos produtos cont\u00eam corantes, a\u00e7\u00facares e espessantes, que diluem o benef\u00edcio das cepas probi\u00f3ticas.<\/p>\n\n\n\n<p>Mesmo assim, op\u00e7\u00f5es com r\u00f3tulo \u201cfermentado com culturas vivas\u201d ainda trazem benef\u00edcios, desde que consumidas sem excesso de a\u00e7\u00facar e aditivos. Prefira vers\u00f5es naturais, sem sabor, para obter um efeito mais pr\u00f3ximo do iogurte original.<\/p>\n\n\n\n<ul class=\"wp-block-list\">\n<li>Escolha iogurtes com \u201cculturas vivas\u201d ou \u201cbioativos\u201d no r\u00f3tulo<\/li>\n\n\n\n<li>Evite vers\u00f5es ado\u00e7adas, com sabor artificial ou gelatinas<\/li>\n\n\n\n<li>O iogurte natural pode ser aliado de frutas e cereais<\/li>\n\n\n\n<li>Ajuda na digest\u00e3o da lactose e reduz inflama\u00e7\u00f5es intestinais<\/li>\n<\/ul>\n\n\n\n<figure class=\"wp-block-image size-large\"><img loading=\"lazy\" decoding=\"async\" width=\"1024\" height=\"576\" src=\"https:\/\/www.em.com.br\/emfoco\/wp-content\/uploads\/2025\/05\/natural-yogurt_1746710228853-1024x576.jpg\" alt=\"5 motivos para incluir iogurte natural na sua alimenta\u00e7\u00e3o agora\" class=\"wp-image-45588\" srcset=\"https:\/\/www.em.com.br\/emfoco\/wp-content\/uploads\/2025\/05\/natural-yogurt_1746710228853-1024x576.jpg 1024w, https:\/\/www.em.com.br\/emfoco\/wp-content\/uploads\/2025\/05\/natural-yogurt_1746710228853-300x169.jpg 300w, https:\/\/www.em.com.br\/emfoco\/wp-content\/uploads\/2025\/05\/natural-yogurt_1746710228853-768x432.jpg 768w, https:\/\/www.em.com.br\/emfoco\/wp-content\/uploads\/2025\/05\/natural-yogurt_1746710228853-750x422.jpg 750w, https:\/\/www.em.com.br\/emfoco\/wp-content\/uploads\/2025\/05\/natural-yogurt_1746710228853-1140x641.jpg 1140w, https:\/\/www.em.com.br\/emfoco\/wp-content\/uploads\/2025\/05\/natural-yogurt_1746710228853.jpg 1280w\" sizes=\"auto, (max-width: 1024px) 100vw, 1024px\" \/><figcaption class=\"wp-element-caption\">Iogurte natural &#8211; Cr\u00e9ditos: depositphotos.com \/ ivan_dzyuba<\/figcaption><\/figure>\n\n\n\n<h2 class=\"wp-block-heading\">As c\u00e1psulas de probi\u00f3tico funcionam mesmo?<\/h2>\n\n\n\n<p><strong>C\u00e1psulas de probi\u00f3tico<\/strong> s\u00e3o pr\u00e1ticas, mas a efic\u00e1cia depende de v\u00e1rios fatores: tipo da cepa, quantidade (CFU), prote\u00e7\u00e3o contra o \u00e1cido do est\u00f4mago e conserva\u00e7\u00e3o correta. Nem todas sobrevivem at\u00e9 o intestino.<\/p>\n\n\n\n<p>Se bem formuladas, podem ser \u00fateis para quem tem intoler\u00e2ncia \u00e0 lactose, restri\u00e7\u00e3o alimentar ou desequil\u00edbrios severos da flora. No entanto, elas n\u00e3o substituem completamente os efeitos sin\u00e9rgicos de alimentos fermentados naturais.<\/p>\n\n\n\n<ul class=\"wp-block-list\">\n<li>Procure c\u00e1psulas com pelo menos 10 bilh\u00f5es de CFUs<\/li>\n\n\n\n<li>Verifique se t\u00eam libera\u00e7\u00e3o ent\u00e9rica para resistir ao est\u00f4mago<\/li>\n\n\n\n<li>Guarde conforme orienta\u00e7\u00e3o: muitas precisam de refrigera\u00e7\u00e3o<\/li>\n\n\n\n<li>S\u00e3o \u00fateis em casos cl\u00ednicos, mas n\u00e3o devem ser a \u00fanica fonte<\/li>\n<\/ul>\n\n\n\n<figure class=\"wp-block-image size-large\"><img loading=\"lazy\" decoding=\"async\" width=\"1024\" height=\"576\" src=\"https:\/\/www.em.com.br\/emfoco\/wp-content\/uploads\/2025\/08\/probioticos_1756693468991-1024x576.jpg\" alt=\"Esses s\u00e3o os tipos de probi\u00f3ticos que podem transformar sua sa\u00fade intestinal\" class=\"wp-image-98855\" srcset=\"https:\/\/www.em.com.br\/emfoco\/wp-content\/uploads\/2025\/08\/probioticos_1756693468991-1024x576.jpg 1024w, https:\/\/www.em.com.br\/emfoco\/wp-content\/uploads\/2025\/08\/probioticos_1756693468991-300x169.jpg 300w, https:\/\/www.em.com.br\/emfoco\/wp-content\/uploads\/2025\/08\/probioticos_1756693468991-768x432.jpg 768w, https:\/\/www.em.com.br\/emfoco\/wp-content\/uploads\/2025\/08\/probioticos_1756693468991-750x422.jpg 750w, https:\/\/www.em.com.br\/emfoco\/wp-content\/uploads\/2025\/08\/probioticos_1756693468991-1140x641.jpg 1140w, https:\/\/www.em.com.br\/emfoco\/wp-content\/uploads\/2025\/08\/probioticos_1756693468991.jpg 1280w\" sizes=\"auto, (max-width: 1024px) 100vw, 1024px\" \/><figcaption class=\"wp-element-caption\">Capsulas de probi\u00f3ticos &#8211; Cr\u00e9ditos: depositphotos.com \/ VadimVasenin<\/figcaption><\/figure>\n\n\n\n<h2 class=\"wp-block-heading\">Kefir, iogurte ou c\u00e1psula: a escolha certa depende de voc\u00ea<\/h2>\n\n\n\n<ul class=\"wp-block-list\">\n<li><strong>Kefir \u00e9 a op\u00e7\u00e3o mais completa<\/strong>, com diversidade microbiana e efeito potencializado na flora intestinal<\/li>\n\n\n\n<li><strong>Iogurte ainda vale a pena<\/strong> se for natural, sem aditivos e consumido regularmente<\/li>\n\n\n\n<li><strong>C\u00e1psulas s\u00e3o \u00fateis em casos espec\u00edficos<\/strong>, mas precisam de aten\u00e7\u00e3o \u00e0 qualidade e composi\u00e7\u00e3o<\/li>\n<\/ul>\n\n\n\n<p><\/p>\n","protected":false},"excerpt":{"rendered":"<p>Probi\u00f3ticos est\u00e3o em alta, mas ser\u00e1 que todos funcionam do mesmo jeito? A resposta pode surpreender quem aposta s\u00f3 nas c\u00e1psulas industrializadas. Qual a diferen\u00e7a real entre kefir, iogurte e probi\u00f3tico em c\u00e1psula? Probi\u00f3ticos s\u00e3o micro-organismos vivos que promovem o equil\u00edbrio da flora intestinal. Eles est\u00e3o presentes em alimentos fermentados como kefir e iogurte, e [&hellip;]<\/p>\n","protected":false},"author":13,"featured_media":98853,"comment_status":"open","ping_status":"open","sticky":false,"template":"","format":"standard","meta":{"jnews-multi-image_gallery":[],"jnews_single_post":{"format":"standard"},"jnews_primary_category":[],"jnews_social_meta":[],"jnews_override_counter":[],"footnotes":""},"categories":[9053],"tags":[7185,15293,15097,8432],"class_list":["post-98846","post","type-post","status-publish","format-standard","has-post-thumbnail","hentry","category-saude","tag-cuidados-com-a-saude","tag-iogurtes","tag-kefir","tag-probioticos"],"yoast_head":"<!-- This site is optimized with the Yoast SEO plugin v23.8 - https:\/\/yoast.com\/wordpress\/plugins\/seo\/ -->\n<title>Esses s\u00e3o os tipos de probi\u00f3ticos que podem transformar sua sa\u00fade intestinal - Estado de Minas - Em foco<\/title>\n<meta name=\"description\" content=\"Seu intestino pode estar pedindo probi\u00f3ticos e voc\u00ea nem percebeu. Veja o que muda ao consumir da forma correta.\" \/>\n<meta name=\"robots\" content=\"index, follow, max-snippet:-1, max-image-preview:large, max-video-preview:-1\" \/>\n<link rel=\"canonical\" href=\"https:\/\/www.em.com.br\/emfoco\/2025\/09\/02\/esses-sao-os-tipos-de-probioticos-que-podem-transformar-sua-saude-intestinal\/\" \/>\n<meta property=\"og:locale\" content=\"pt_BR\" \/>\n<meta property=\"og:type\" content=\"article\" \/>\n<meta property=\"og:title\" content=\"Esses s\u00e3o os tipos de probi\u00f3ticos que podem transformar sua sa\u00fade intestinal - Estado de Minas - Em foco\" \/>\n<meta property=\"og:description\" content=\"Seu intestino pode estar pedindo probi\u00f3ticos e voc\u00ea nem percebeu. Veja o que muda ao consumir da forma correta.\" \/>\n<meta property=\"og:url\" content=\"https:\/\/www.em.com.br\/emfoco\/2025\/09\/02\/esses-sao-os-tipos-de-probioticos-que-podem-transformar-sua-saude-intestinal\/\" \/>\n<meta property=\"og:site_name\" content=\"Estado de Minas - Em foco\" \/>\n<meta property=\"article:published_time\" content=\"2025-09-02T11:48:00+00:00\" \/>\n<meta property=\"article:modified_time\" content=\"2025-09-01T18:09:30+00:00\" \/>\n<meta property=\"og:image\" content=\"https:\/\/www.em.com.br\/emfoco\/wp-content\/uploads\/2025\/08\/probioticos-_1756693346482.jpg\" \/>\n\t<meta property=\"og:image:width\" content=\"1280\" \/>\n\t<meta property=\"og:image:height\" content=\"720\" \/>\n\t<meta property=\"og:image:type\" content=\"image\/jpeg\" \/>\n<meta name=\"author\" content=\"Gabriel Martins\" \/>\n<meta name=\"twitter:card\" content=\"summary_large_image\" \/>\n<meta name=\"twitter:label1\" content=\"Escrito por\" \/>\n\t<meta name=\"twitter:data1\" content=\"Gabriel Martins\" \/>\n\t<meta name=\"twitter:label2\" content=\"Est. tempo de leitura\" \/>\n\t<meta name=\"twitter:data2\" content=\"5 minutos\" \/>\n<!-- \/ Yoast SEO plugin. -->","yoast_head_json":{"title":"Esses s\u00e3o os tipos de probi\u00f3ticos que podem transformar sua sa\u00fade intestinal - Estado de Minas - Em foco","description":"Seu intestino pode estar pedindo probi\u00f3ticos e voc\u00ea nem percebeu. Veja o que muda ao consumir da forma correta.","robots":{"index":"index","follow":"follow","max-snippet":"max-snippet:-1","max-image-preview":"max-image-preview:large","max-video-preview":"max-video-preview:-1"},"canonical":"https:\/\/www.em.com.br\/emfoco\/2025\/09\/02\/esses-sao-os-tipos-de-probioticos-que-podem-transformar-sua-saude-intestinal\/","og_locale":"pt_BR","og_type":"article","og_title":"Esses s\u00e3o os tipos de probi\u00f3ticos que podem transformar sua sa\u00fade intestinal - Estado de Minas - Em foco","og_description":"Seu intestino pode estar pedindo probi\u00f3ticos e voc\u00ea nem percebeu. Veja o que muda ao consumir da forma correta.","og_url":"https:\/\/www.em.com.br\/emfoco\/2025\/09\/02\/esses-sao-os-tipos-de-probioticos-que-podem-transformar-sua-saude-intestinal\/","og_site_name":"Estado de Minas - Em foco","article_published_time":"2025-09-02T11:48:00+00:00","article_modified_time":"2025-09-01T18:09:30+00:00","og_image":[{"width":1280,"height":720,"url":"https:\/\/www.em.com.br\/emfoco\/wp-content\/uploads\/2025\/08\/probioticos-_1756693346482.jpg","type":"image\/jpeg"}],"author":"Gabriel Martins","twitter_card":"summary_large_image","twitter_misc":{"Escrito por":"Gabriel Martins","Est. tempo de leitura":"5 minutos"},"schema":{"@context":"https:\/\/schema.org","@graph":[{"@type":"WebPage","@id":"https:\/\/www.em.com.br\/emfoco\/2025\/09\/02\/esses-sao-os-tipos-de-probioticos-que-podem-transformar-sua-saude-intestinal\/","url":"https:\/\/www.em.com.br\/emfoco\/2025\/09\/02\/esses-sao-os-tipos-de-probioticos-que-podem-transformar-sua-saude-intestinal\/","name":"Esses s\u00e3o os tipos de probi\u00f3ticos que podem transformar sua sa\u00fade intestinal - Estado de Minas - Em foco","isPartOf":{"@id":"https:\/\/www.em.com.br\/emfoco\/#website"},"primaryImageOfPage":{"@id":"https:\/\/www.em.com.br\/emfoco\/2025\/09\/02\/esses-sao-os-tipos-de-probioticos-que-podem-transformar-sua-saude-intestinal\/#primaryimage"},"image":{"@id":"https:\/\/www.em.com.br\/emfoco\/2025\/09\/02\/esses-sao-os-tipos-de-probioticos-que-podem-transformar-sua-saude-intestinal\/#primaryimage"},"thumbnailUrl":"https:\/\/www.em.com.br\/emfoco\/wp-content\/uploads\/2025\/08\/probioticos-_1756693346482.jpg","datePublished":"2025-09-02T11:48:00+00:00","dateModified":"2025-09-01T18:09:30+00:00","author":{"@id":"https:\/\/www.em.com.br\/emfoco\/#\/schema\/person\/1c9ddeab18b98abeffef834667bcf08a"},"description":"Seu intestino pode estar pedindo probi\u00f3ticos e voc\u00ea nem percebeu. Veja o que muda ao consumir da forma correta.","breadcrumb":{"@id":"https:\/\/www.em.com.br\/emfoco\/2025\/09\/02\/esses-sao-os-tipos-de-probioticos-que-podem-transformar-sua-saude-intestinal\/#breadcrumb"},"inLanguage":"pt-BR","potentialAction":[{"@type":"ReadAction","target":["https:\/\/www.em.com.br\/emfoco\/2025\/09\/02\/esses-sao-os-tipos-de-probioticos-que-podem-transformar-sua-saude-intestinal\/"]}]},{"@type":"ImageObject","inLanguage":"pt-BR","@id":"https:\/\/www.em.com.br\/emfoco\/2025\/09\/02\/esses-sao-os-tipos-de-probioticos-que-podem-transformar-sua-saude-intestinal\/#primaryimage","url":"https:\/\/www.em.com.br\/emfoco\/wp-content\/uploads\/2025\/08\/probioticos-_1756693346482.jpg","contentUrl":"https:\/\/www.em.com.br\/emfoco\/wp-content\/uploads\/2025\/08\/probioticos-_1756693346482.jpg","width":1280,"height":720,"caption":"Probi\u00f3ticos s\u00e3o micro-organismos que promovem o equil\u00edbrio da flora intestinal - Cr\u00e9ditos: depositphotos.com \/ rossandhelen"},{"@type":"BreadcrumbList","@id":"https:\/\/www.em.com.br\/emfoco\/2025\/09\/02\/esses-sao-os-tipos-de-probioticos-que-podem-transformar-sua-saude-intestinal\/#breadcrumb","itemListElement":[{"@type":"ListItem","position":1,"name":"In\u00edcio","item":"https:\/\/www.em.com.br\/emfoco\/"},{"@type":"ListItem","position":2,"name":"Esses s\u00e3o os tipos de probi\u00f3ticos que podem transformar sua sa\u00fade intestinal"}]},{"@type":"WebSite","@id":"https:\/\/www.em.com.br\/emfoco\/#website","url":"https:\/\/www.em.com.br\/emfoco\/","name":"Estado de Minas - Em foco","description":"Acompanhe as \u00faltimas not\u00edcias e fique bem informado sobre tudo o que acontece em Minas Gerais, Brasil e no mundo.","potentialAction":[{"@type":"SearchAction","target":{"@type":"EntryPoint","urlTemplate":"https:\/\/www.em.com.br\/emfoco\/?s={search_term_string}"},"query-input":{"@type":"PropertyValueSpecification","valueRequired":true,"valueName":"search_term_string"}}],"inLanguage":"pt-BR"},{"@type":"Person","@id":"https:\/\/www.em.com.br\/emfoco\/#\/schema\/person\/1c9ddeab18b98abeffef834667bcf08a","name":"Gabriel Martins","image":{"@type":"ImageObject","inLanguage":"pt-BR","@id":"https:\/\/www.em.com.br\/emfoco\/#\/schema\/person\/image\/","url":"https:\/\/secure.gravatar.com\/avatar\/f0f1e2efdfd88f1ad2cb08c5c2731e50?s=96&d=mm&r=g","contentUrl":"https:\/\/secure.gravatar.com\/avatar\/f0f1e2efdfd88f1ad2cb08c5c2731e50?s=96&d=mm&r=g","caption":"Gabriel Martins"},"sameAs":["https:\/\/www.em.com.br\/emfoco\/"],"url":"https:\/\/www.em.com.br\/emfoco\/author\/gabrielmartinsmyth\/"}]}},"_links":{"self":[{"href":"https:\/\/www.em.com.br\/emfoco\/wp-json\/wp\/v2\/posts\/98846","targetHints":{"allow":["GET"]}}],"collection":[{"href":"https:\/\/www.em.com.br\/emfoco\/wp-json\/wp\/v2\/posts"}],"about":[{"href":"https:\/\/www.em.com.br\/emfoco\/wp-json\/wp\/v2\/types\/post"}],"author":[{"embeddable":true,"href":"https:\/\/www.em.com.br\/emfoco\/wp-json\/wp\/v2\/users\/13"}],"replies":[{"embeddable":true,"href":"https:\/\/www.em.com.br\/emfoco\/wp-json\/wp\/v2\/comments?post=98846"}],"version-history":[{"count":1,"href":"https:\/\/www.em.com.br\/emfoco\/wp-json\/wp\/v2\/posts\/98846\/revisions"}],"predecessor-version":[{"id":98856,"href":"https:\/\/www.em.com.br\/emfoco\/wp-json\/wp\/v2\/posts\/98846\/revisions\/98856"}],"wp:featuredmedia":[{"embeddable":true,"href":"https:\/\/www.em.com.br\/emfoco\/wp-json\/wp\/v2\/media\/98853"}],"wp:attachment":[{"href":"https:\/\/www.em.com.br\/emfoco\/wp-json\/wp\/v2\/media?parent=98846"}],"wp:term":[{"taxonomy":"category","embeddable":true,"href":"https:\/\/www.em.com.br\/emfoco\/wp-json\/wp\/v2\/categories?post=98846"},{"taxonomy":"post_tag","embeddable":true,"href":"https:\/\/www.em.com.br\/emfoco\/wp-json\/wp\/v2\/tags?post=98846"}],"curies":[{"name":"wp","href":"https:\/\/api.w.org\/{rel}","templated":true}]}}