{"id":98761,"date":"2025-08-31T19:38:00","date_gmt":"2025-08-31T22:38:00","guid":{"rendered":"https:\/\/www.em.com.br\/emfoco\/?p=98761"},"modified":"2025-08-30T14:46:16","modified_gmt":"2025-08-30T17:46:16","slug":"seguro-desemprego-garante-protecao-essencial-para-trabalhadores-demitidos","status":"publish","type":"post","link":"https:\/\/www.em.com.br\/emfoco\/2025\/08\/31\/seguro-desemprego-garante-protecao-essencial-para-trabalhadores-demitidos\/","title":{"rendered":"Seguro-desemprego garante prote\u00e7\u00e3o essencial para trabalhadores demitidos"},"content":{"rendered":"\n<p>O seguro-desemprego \u00e9 um benef\u00edcio fundamental no <strong>Brasil<\/strong>, projetado para oferecer suporte financeiro tempor\u00e1rio a trabalhadores dispensados sem justa causa. A seguran\u00e7a trazida por esse mecanismo cobre diversas situa\u00e7\u00f5es no pa\u00eds, preenchendo uma lacuna importante durante a busca por novas oportunidades de emprego. A seguir, detalharemos como funciona o benef\u00edcio, quem tem direito, processo de solicita\u00e7\u00e3o, entre outros pontos relevantes.<\/p>\n\n\n\n<h2 class=\"wp-block-heading\">O que \u00e9 o seguro-desemprego?<\/h2>\n\n\n<div class=\"wp-block-image\">\n<figure class=\"aligncenter size-large\"><img loading=\"lazy\" decoding=\"async\" width=\"1024\" height=\"576\" src=\"https:\/\/www.em.com.br\/emfoco\/wp-content\/uploads\/2025\/07\/emprestimo_1751653747306-1024x576.jpg\" alt=\"Receita Federal libera parcelamento de d\u00edvidas em at\u00e9 60 vezes para MEIs!\" class=\"wp-image-71514\" srcset=\"https:\/\/www.em.com.br\/emfoco\/wp-content\/uploads\/2025\/07\/emprestimo_1751653747306-1024x576.jpg 1024w, https:\/\/www.em.com.br\/emfoco\/wp-content\/uploads\/2025\/07\/emprestimo_1751653747306-300x169.jpg 300w, https:\/\/www.em.com.br\/emfoco\/wp-content\/uploads\/2025\/07\/emprestimo_1751653747306-768x432.jpg 768w, https:\/\/www.em.com.br\/emfoco\/wp-content\/uploads\/2025\/07\/emprestimo_1751653747306-750x422.jpg 750w, https:\/\/www.em.com.br\/emfoco\/wp-content\/uploads\/2025\/07\/emprestimo_1751653747306-1140x641.jpg 1140w, https:\/\/www.em.com.br\/emfoco\/wp-content\/uploads\/2025\/07\/emprestimo_1751653747306.jpg 1280w\" sizes=\"auto, (max-width: 1024px) 100vw, 1024px\" \/><figcaption class=\"wp-element-caption\">Homem segurando sacos de dinheiro &#8211; Cr\u00e9ditos: depositphotos.com \/ EdZbarzhyvetsky<\/figcaption><\/figure><\/div>\n\n\n<p>O <strong><a href=\"https:\/\/www.em.com.br\/emfoco\/2025\/07\/27\/pouca-gente-sabe-mas-esse-detalhe-pode-travar-seu-acesso-ao-seguro-desemprego\/\" target=\"_blank\" rel=\"noreferrer noopener\">seguro-desemprego<\/a><\/strong> \u00e9 uma pol\u00edtica p\u00fablica criada para <strong>amparar financeiramente trabalhadores formais<\/strong> que perderam o emprego sem justa causa. Al\u00e9m disso, o benef\u00edcio visa proporcionar estabilidade durante a recoloca\u00e7\u00e3o profissional. Esse amparo tempor\u00e1rio \u00e9 vital para auxiliar fam\u00edlias brasileiras em momentos de transi\u00e7\u00e3o no mercado de trabalho.<\/p>\n\n\n\n<p>O benef\u00edcio existe desde 1986 e faz parte do sistema de prote\u00e7\u00e3o social, constituindo uma importante rede de apoio aos desempregados. O valor das parcelas \u00e9 calculado com base nos sal\u00e1rios recebidos nos meses anteriores \u00e0 demiss\u00e3o. Ele tamb\u00e9m incentiva a busca ativa por novas vagas, j\u00e1 que, em muitos casos, os benefici\u00e1rios precisam comprovar procura por trabalho.<\/p>\n\n\n\n<p>O seguro-desemprego n\u00e3o apenas viabiliza o sustento enquanto o trabalhador procura outro emprego, mas tamb\u00e9m contribui para a redu\u00e7\u00e3o de desigualdades e impactos sociais do desemprego.<\/p>\n\n\n\n<h2 class=\"wp-block-heading\">Quem tem direito ao seguro-desemprego?<\/h2>\n\n\n\n<p>A elegibilidade ao <a href=\"https:\/\/www.gov.br\/pt-br\/servicos\/solicitar-o-seguro-desemprego\" target=\"_blank\" rel=\"noreferrer noopener\">seguro-desemprego<\/a> abrange trabalhadores formais demitidos sem justa causa, empregados dom\u00e9sticos, pescadores artesanais em per\u00edodo de defeso e pessoas resgatadas de condi\u00e7\u00f5es an\u00e1logas \u00e0 escravid\u00e3o. O principal crit\u00e9rio \u00e9 a aus\u00eancia de justa causa na demiss\u00e3o.<\/p>\n\n\n\n<p>Al\u00e9m disso, o trabalhador deve comprovar v\u00ednculo empregat\u00edcio e ter recebido sal\u00e1rios consecutivos nos meses anteriores \u00e0 dispensa. Ele n\u00e3o pode possuir outra fonte de renda ou estar recebendo benef\u00edcios previdenci\u00e1rios de presta\u00e7\u00e3o continuada, exceto pens\u00e3o por morte ou aux\u00edlio-acidente.<\/p>\n\n\n\n<p>O objetivo da sele\u00e7\u00e3o criteriosa \u00e9 garantir que o benef\u00edcio seja destinado a quem realmente necessita e est\u00e1 vulner\u00e1vel financeiramente no momento da dispensa.<\/p>\n\n\n\n<h2 class=\"wp-block-heading\">Como solicitar o seguro-desemprego?<\/h2>\n\n\n\n<p>Solicitar o seguro-desemprego \u00e9 um procedimento simplificado gra\u00e7as \u00e0 tecnologia. O processo pode ser iniciado logo ap\u00f3s a demiss\u00e3o em unidades do <strong>SINE<\/strong>, nas <strong>Superintend\u00eancias Regionais do Trabalho<\/strong> ou pelo aplicativo da <strong>Carteira de Trabalho Digital<\/strong>.<\/p>\n\n\n\n<p>Os documentos necess\u00e1rios incluem CPF, carteira de trabalho, extrato do <strong>FGTS <\/strong>e termo de rescis\u00e3o do contrato, entre outros espec\u00edficos para cada categoria. Ap\u00f3s a an\u00e1lise dos dados, o benef\u00edcio \u00e9 liberado entre tr\u00eas e cinco parcelas, a depender do tempo trabalhado.<\/p>\n\n\n\n<p>O acompanhamento pode ser feito online e, em caso de d\u00favidas, o trabalhador pode buscar orienta\u00e7\u00e3o em postos de atendimento presencial.<\/p>\n\n\n\n<h2 class=\"wp-block-heading\">O que diz a lei em rela\u00e7\u00e3o ao ac\u00famulo de benef\u00edcios?<\/h2>\n\n\n\n<p>Pela legisla\u00e7\u00e3o vigente, o seguro-desemprego n\u00e3o pode ser acumulado com outros benef\u00edcios previdenci\u00e1rios de presta\u00e7\u00e3o continuada, com exce\u00e7\u00e3o da pens\u00e3o por morte e aux\u00edlio-acidente. Isso garante que os recursos sejam direcionados de forma justa a quem mais precisa.<\/p>\n\n\n\n<p>Se o trabalhador estiver recebendo aposentadoria, n\u00e3o poder\u00e1 acumular com o seguro-desemprego. Essa medida evita pagamentos indevidos e fraudes no sistema p\u00fablico.<\/p>\n\n\n\n<p>O controle sobre ac\u00famulo de benef\u00edcios mant\u00e9m a sustentabilidade do seguro-desemprego e protege o princ\u00edpio da equidade nas pol\u00edticas p\u00fablicas.<\/p>\n\n\n\n<h2 class=\"wp-block-heading\">Direitos dos trabalhadores resgatados de condi\u00e7\u00f5es an\u00e1logas \u00e0 escravid\u00e3o<\/h2>\n\n\n\n<p>Trabalhadores resgatados em situa\u00e7\u00f5es de escravid\u00e3o t\u00eam direito ao <strong>seguro-desemprego<\/strong> como reconhecimento de sua condi\u00e7\u00e3o vulner\u00e1vel. Este grupo recebe at\u00e9 tr\u00eas parcelas do benef\u00edcio para garantir suporte financeiro inicial.<\/p>\n\n\n\n<p>O acesso a esse direito \u00e9 fundamental para reinser\u00e7\u00e3o social e restabelecimento da dignidade dessas pessoas no mercado formal de trabalho. O Estado atua para facilitar o processo e garantir prote\u00e7\u00e3o especial a este grupo.<\/p>\n\n\n\n<p>Al\u00e9m do benef\u00edcio financeiro, essas v\u00edtimas podem ter acesso a programas de qualifica\u00e7\u00e3o e atendimento psicossocial, favorecendo a autonomia e novas oportunidades de vida.<\/p>\n\n\n\n<h2 class=\"wp-block-heading\">Import\u00e2ncia do seguro-desemprego no Brasil<\/h2>\n\n\n\n<p>O <strong>seguro-desemprego<\/strong> \u00e9 um dos pilares do sistema de prote\u00e7\u00e3o social brasileiro, fundamental para auxiliar fam\u00edlias em momentos cr\u00edticos de desemprego. O benef\u00edcio contribui para a estabilidade econ\u00f4mica das fam\u00edlias e para a sa\u00fade financeira do pa\u00eds.<\/p>\n\n\n\n<p>Al\u00e9m de garantir uma renda tempor\u00e1ria, estimula o trabalhador a buscar qualifica\u00e7\u00e3o e recoloca\u00e7\u00e3o no mercado, reduzindo o tempo de inatividade. Programas de capacita\u00e7\u00e3o profissional frequentemente acompanham o benef\u00edcio.<\/p>\n\n\n\n<p>A conscientiza\u00e7\u00e3o sobre os direitos e o processo de solicita\u00e7\u00e3o do <strong>seguro-desemprego<\/strong> \u00e9 essencial para ampliar o acesso ao programa, promovendo inclus\u00e3o social e justi\u00e7a econ\u00f4mica para todos os trabalhadores brasileiros.<\/p>\n","protected":false},"excerpt":{"rendered":"<p>O seguro-desemprego \u00e9 um benef\u00edcio fundamental no Brasil, projetado para oferecer suporte financeiro tempor\u00e1rio a trabalhadores dispensados sem justa causa. A seguran\u00e7a trazida por esse mecanismo cobre diversas situa\u00e7\u00f5es no pa\u00eds, preenchendo uma lacuna importante durante a busca por novas oportunidades de emprego. A seguir, detalharemos como funciona o benef\u00edcio, quem tem direito, processo de [&hellip;]<\/p>\n","protected":false},"author":20,"featured_media":85843,"comment_status":"open","ping_status":"open","sticky":false,"template":"","format":"standard","meta":{"jnews-multi-image_gallery":[],"jnews_single_post":{"format":"standard"},"jnews_primary_category":[],"jnews_social_meta":[],"jnews_override_counter":[],"footnotes":""},"categories":[28,1],"tags":[259,1832,264],"class_list":["post-98761","post","type-post","status-publish","format-standard","has-post-thumbnail","hentry","category-economia","category-noticias","tag-beneficio","tag-seguro-desemprego","tag-trabalhadores"],"yoast_head":"<!-- This site is optimized with the Yoast SEO plugin v23.8 - https:\/\/yoast.com\/wordpress\/plugins\/seo\/ -->\n<title>Seguro-desemprego garante prote\u00e7\u00e3o essencial para trabalhadores demitidos - Estado de Minas - Em foco<\/title>\n<meta name=\"description\" content=\"O seguro-desemprego \u00e9 um direito que protege trabalhadores demitidos sem justa causa. Veja quem tem direito e como solicitar o benef\u00edcio.\" \/>\n<meta name=\"robots\" content=\"index, follow, max-snippet:-1, max-image-preview:large, max-video-preview:-1\" \/>\n<link rel=\"canonical\" href=\"https:\/\/www.em.com.br\/emfoco\/2025\/08\/31\/seguro-desemprego-garante-protecao-essencial-para-trabalhadores-demitidos\/\" \/>\n<meta property=\"og:locale\" content=\"pt_BR\" \/>\n<meta property=\"og:type\" content=\"article\" \/>\n<meta property=\"og:title\" content=\"Seguro-desemprego garante prote\u00e7\u00e3o essencial para trabalhadores demitidos - Estado de Minas - Em foco\" \/>\n<meta property=\"og:description\" content=\"O seguro-desemprego \u00e9 um direito que protege trabalhadores demitidos sem justa causa. Veja quem tem direito e como solicitar o benef\u00edcio.\" \/>\n<meta property=\"og:url\" content=\"https:\/\/www.em.com.br\/emfoco\/2025\/08\/31\/seguro-desemprego-garante-protecao-essencial-para-trabalhadores-demitidos\/\" \/>\n<meta property=\"og:site_name\" content=\"Estado de Minas - Em foco\" \/>\n<meta property=\"article:published_time\" content=\"2025-08-31T22:38:00+00:00\" \/>\n<meta property=\"article:modified_time\" content=\"2025-08-30T17:46:16+00:00\" \/>\n<meta property=\"og:image\" content=\"https:\/\/www.em.com.br\/emfoco\/wp-content\/uploads\/2025\/08\/dinheiro-bandeira-do-brasil_1754133548856.jpg\" \/>\n\t<meta property=\"og:image:width\" content=\"1280\" \/>\n\t<meta property=\"og:image:height\" content=\"720\" \/>\n\t<meta property=\"og:image:type\" content=\"image\/jpeg\" \/>\n<meta name=\"author\" content=\"Ingrid Diniz\" \/>\n<meta name=\"twitter:card\" content=\"summary_large_image\" \/>\n<meta name=\"twitter:label1\" content=\"Escrito por\" \/>\n\t<meta name=\"twitter:data1\" content=\"Ingrid Diniz\" \/>\n\t<meta name=\"twitter:label2\" content=\"Est. tempo de leitura\" \/>\n\t<meta name=\"twitter:data2\" content=\"5 minutos\" \/>\n<!-- \/ Yoast SEO plugin. -->","yoast_head_json":{"title":"Seguro-desemprego garante prote\u00e7\u00e3o essencial para trabalhadores demitidos - Estado de Minas - Em foco","description":"O seguro-desemprego \u00e9 um direito que protege trabalhadores demitidos sem justa causa. Veja quem tem direito e como solicitar o benef\u00edcio.","robots":{"index":"index","follow":"follow","max-snippet":"max-snippet:-1","max-image-preview":"max-image-preview:large","max-video-preview":"max-video-preview:-1"},"canonical":"https:\/\/www.em.com.br\/emfoco\/2025\/08\/31\/seguro-desemprego-garante-protecao-essencial-para-trabalhadores-demitidos\/","og_locale":"pt_BR","og_type":"article","og_title":"Seguro-desemprego garante prote\u00e7\u00e3o essencial para trabalhadores demitidos - Estado de Minas - Em foco","og_description":"O seguro-desemprego \u00e9 um direito que protege trabalhadores demitidos sem justa causa. Veja quem tem direito e como solicitar o benef\u00edcio.","og_url":"https:\/\/www.em.com.br\/emfoco\/2025\/08\/31\/seguro-desemprego-garante-protecao-essencial-para-trabalhadores-demitidos\/","og_site_name":"Estado de Minas - Em foco","article_published_time":"2025-08-31T22:38:00+00:00","article_modified_time":"2025-08-30T17:46:16+00:00","og_image":[{"width":1280,"height":720,"url":"https:\/\/www.em.com.br\/emfoco\/wp-content\/uploads\/2025\/08\/dinheiro-bandeira-do-brasil_1754133548856.jpg","type":"image\/jpeg"}],"author":"Ingrid Diniz","twitter_card":"summary_large_image","twitter_misc":{"Escrito por":"Ingrid Diniz","Est. tempo de leitura":"5 minutos"},"schema":{"@context":"https:\/\/schema.org","@graph":[{"@type":"WebPage","@id":"https:\/\/www.em.com.br\/emfoco\/2025\/08\/31\/seguro-desemprego-garante-protecao-essencial-para-trabalhadores-demitidos\/","url":"https:\/\/www.em.com.br\/emfoco\/2025\/08\/31\/seguro-desemprego-garante-protecao-essencial-para-trabalhadores-demitidos\/","name":"Seguro-desemprego garante prote\u00e7\u00e3o essencial para trabalhadores demitidos - Estado de Minas - Em foco","isPartOf":{"@id":"https:\/\/www.em.com.br\/emfoco\/#website"},"primaryImageOfPage":{"@id":"https:\/\/www.em.com.br\/emfoco\/2025\/08\/31\/seguro-desemprego-garante-protecao-essencial-para-trabalhadores-demitidos\/#primaryimage"},"image":{"@id":"https:\/\/www.em.com.br\/emfoco\/2025\/08\/31\/seguro-desemprego-garante-protecao-essencial-para-trabalhadores-demitidos\/#primaryimage"},"thumbnailUrl":"https:\/\/www.em.com.br\/emfoco\/wp-content\/uploads\/2025\/08\/dinheiro-bandeira-do-brasil_1754133548856.jpg","datePublished":"2025-08-31T22:38:00+00:00","dateModified":"2025-08-30T17:46:16+00:00","author":{"@id":"https:\/\/www.em.com.br\/emfoco\/#\/schema\/person\/649e610b4eb8fff87ff394e54fe17b2b"},"description":"O seguro-desemprego \u00e9 um direito que protege trabalhadores demitidos sem justa causa. Veja quem tem direito e como solicitar o benef\u00edcio.","breadcrumb":{"@id":"https:\/\/www.em.com.br\/emfoco\/2025\/08\/31\/seguro-desemprego-garante-protecao-essencial-para-trabalhadores-demitidos\/#breadcrumb"},"inLanguage":"pt-BR","potentialAction":[{"@type":"ReadAction","target":["https:\/\/www.em.com.br\/emfoco\/2025\/08\/31\/seguro-desemprego-garante-protecao-essencial-para-trabalhadores-demitidos\/"]}]},{"@type":"ImageObject","inLanguage":"pt-BR","@id":"https:\/\/www.em.com.br\/emfoco\/2025\/08\/31\/seguro-desemprego-garante-protecao-essencial-para-trabalhadores-demitidos\/#primaryimage","url":"https:\/\/www.em.com.br\/emfoco\/wp-content\/uploads\/2025\/08\/dinheiro-bandeira-do-brasil_1754133548856.jpg","contentUrl":"https:\/\/www.em.com.br\/emfoco\/wp-content\/uploads\/2025\/08\/dinheiro-bandeira-do-brasil_1754133548856.jpg","width":1280,"height":720,"caption":"Calend\u00e1rio fixo do PIS\/Pasep 2026 e direito ao abono - Cr\u00e9ditos: depositphotos.com \/ gustavomello162.hotmail.com"},{"@type":"BreadcrumbList","@id":"https:\/\/www.em.com.br\/emfoco\/2025\/08\/31\/seguro-desemprego-garante-protecao-essencial-para-trabalhadores-demitidos\/#breadcrumb","itemListElement":[{"@type":"ListItem","position":1,"name":"In\u00edcio","item":"https:\/\/www.em.com.br\/emfoco\/"},{"@type":"ListItem","position":2,"name":"Seguro-desemprego garante prote\u00e7\u00e3o essencial para trabalhadores demitidos"}]},{"@type":"WebSite","@id":"https:\/\/www.em.com.br\/emfoco\/#website","url":"https:\/\/www.em.com.br\/emfoco\/","name":"Estado de Minas - Em foco","description":"Acompanhe as \u00faltimas not\u00edcias e fique bem informado sobre tudo o que acontece em Minas Gerais, Brasil e no mundo.","potentialAction":[{"@type":"SearchAction","target":{"@type":"EntryPoint","urlTemplate":"https:\/\/www.em.com.br\/emfoco\/?s={search_term_string}"},"query-input":{"@type":"PropertyValueSpecification","valueRequired":true,"valueName":"search_term_string"}}],"inLanguage":"pt-BR"},{"@type":"Person","@id":"https:\/\/www.em.com.br\/emfoco\/#\/schema\/person\/649e610b4eb8fff87ff394e54fe17b2b","name":"Ingrid Diniz","image":{"@type":"ImageObject","inLanguage":"pt-BR","@id":"https:\/\/www.em.com.br\/emfoco\/#\/schema\/person\/image\/","url":"https:\/\/secure.gravatar.com\/avatar\/a3baa1449ec5c39b4c42babc9d4f3951?s=96&d=mm&r=g","contentUrl":"https:\/\/secure.gravatar.com\/avatar\/a3baa1449ec5c39b4c42babc9d4f3951?s=96&d=mm&r=g","caption":"Ingrid Diniz"},"sameAs":["https:\/\/www.em.com.br\/"],"url":"https:\/\/www.em.com.br\/emfoco\/author\/ingridmyth\/"}]}},"_links":{"self":[{"href":"https:\/\/www.em.com.br\/emfoco\/wp-json\/wp\/v2\/posts\/98761","targetHints":{"allow":["GET"]}}],"collection":[{"href":"https:\/\/www.em.com.br\/emfoco\/wp-json\/wp\/v2\/posts"}],"about":[{"href":"https:\/\/www.em.com.br\/emfoco\/wp-json\/wp\/v2\/types\/post"}],"author":[{"embeddable":true,"href":"https:\/\/www.em.com.br\/emfoco\/wp-json\/wp\/v2\/users\/20"}],"replies":[{"embeddable":true,"href":"https:\/\/www.em.com.br\/emfoco\/wp-json\/wp\/v2\/comments?post=98761"}],"version-history":[{"count":1,"href":"https:\/\/www.em.com.br\/emfoco\/wp-json\/wp\/v2\/posts\/98761\/revisions"}],"predecessor-version":[{"id":98787,"href":"https:\/\/www.em.com.br\/emfoco\/wp-json\/wp\/v2\/posts\/98761\/revisions\/98787"}],"wp:featuredmedia":[{"embeddable":true,"href":"https:\/\/www.em.com.br\/emfoco\/wp-json\/wp\/v2\/media\/85843"}],"wp:attachment":[{"href":"https:\/\/www.em.com.br\/emfoco\/wp-json\/wp\/v2\/media?parent=98761"}],"wp:term":[{"taxonomy":"category","embeddable":true,"href":"https:\/\/www.em.com.br\/emfoco\/wp-json\/wp\/v2\/categories?post=98761"},{"taxonomy":"post_tag","embeddable":true,"href":"https:\/\/www.em.com.br\/emfoco\/wp-json\/wp\/v2\/tags?post=98761"}],"curies":[{"name":"wp","href":"https:\/\/api.w.org\/{rel}","templated":true}]}}