{"id":98625,"date":"2025-08-31T08:30:00","date_gmt":"2025-08-31T11:30:00","guid":{"rendered":"https:\/\/www.em.com.br\/emfoco\/?p=98625"},"modified":"2025-08-31T00:37:24","modified_gmt":"2025-08-31T03:37:24","slug":"amazon-apresenta-nova-opcao-de-devolucao","status":"publish","type":"post","link":"https:\/\/www.em.com.br\/emfoco\/2025\/08\/31\/amazon-apresenta-nova-opcao-de-devolucao\/","title":{"rendered":"Amazon apresenta nova op\u00e7\u00e3o de devolu\u00e7\u00e3o"},"content":{"rendered":"\n<p>A&nbsp;<strong>Amazon<\/strong>&nbsp;tem implementado estrat\u00e9gias inovadoras para facilitar o&nbsp;<strong>processo de devolu\u00e7\u00e3o<\/strong>&nbsp;dos clientes. Recentemente, uma nova op\u00e7\u00e3o permite&nbsp;<strong>descontos em produtos<\/strong>&nbsp;sem a necessidade de devolu\u00e7\u00e3o efetiva. Este artigo explora como essa pol\u00edtica pode beneficiar voc\u00ea.<\/p>\n\n\n\n<ul class=\"wp-block-list\">\n<li>Entenda a nova pol\u00edtica de reembolso da\u00a0<strong>Amazon<\/strong><\/li>\n\n\n\n<li>Descubra como evitar devolu\u00e7\u00f5es desnecess\u00e1rias<\/li>\n\n\n\n<li>Veja como otimizar suas compras com reembolsos estrat\u00e9gicos<\/li>\n<\/ul>\n\n\n\n<h2 class=\"wp-block-heading\">Por que a Amazon est\u00e1 oferecendo reembolsos parciais?<\/h2>\n\n\n\n<p>A&nbsp;<strong>Amazon<\/strong>&nbsp;busca reduzir custos associados ao transporte e processamento de devolu\u00e7\u00f5es, oferecendo solu\u00e7\u00f5es mais&nbsp;<strong>sustent\u00e1veis<\/strong>. Ao permitir que clientes recebam um&nbsp;<strong>desconto<\/strong>, tanto a empresa quanto os clientes podem evitar o inc\u00f4modo da devolu\u00e7\u00e3o. Al\u00e9m disso, esta pol\u00edtica segue tend\u00eancias observadas em mercados dos&nbsp;<strong>Estados Unidos<\/strong>&nbsp;e de pa\u00edses europeus, onde grandes empresas valorizam cada vez mais a sustentabilidade nas opera\u00e7\u00f5es.<\/p>\n\n\n\n<h2 class=\"wp-block-heading\">Como funciona a solicita\u00e7\u00e3o de desconto em devolu\u00e7\u00f5es?<\/h2>\n\n\n\n<p>Durante o processo de retorno, a&nbsp;<strong>Amazon<\/strong>&nbsp;pode sugerir um&nbsp;<strong>pre\u00e7o reduzido<\/strong>&nbsp;para manter o produto. Isso \u00e9 particularmente comum em itens de baixo valor ou maior volume. Em alguns casos, \u00e9 poss\u00edvel realizar este procedimento diretamente pelo site ou aplicativo, como o&nbsp;<strong>Amazon App<\/strong>, tornando a experi\u00eancia ainda mais pr\u00e1tica.<\/p>\n\n\n\n<figure class=\"wp-block-image size-large\"><img loading=\"lazy\" decoding=\"async\" width=\"1024\" height=\"576\" src=\"https:\/\/www.em.com.br\/emfoco\/wp-content\/uploads\/2025\/08\/amazon_1756566240192-1024x576.jpg\" alt=\"\" class=\"wp-image-98645\" srcset=\"https:\/\/www.em.com.br\/emfoco\/wp-content\/uploads\/2025\/08\/amazon_1756566240192-1024x576.jpg 1024w, https:\/\/www.em.com.br\/emfoco\/wp-content\/uploads\/2025\/08\/amazon_1756566240192-300x169.jpg 300w, https:\/\/www.em.com.br\/emfoco\/wp-content\/uploads\/2025\/08\/amazon_1756566240192-768x432.jpg 768w, https:\/\/www.em.com.br\/emfoco\/wp-content\/uploads\/2025\/08\/amazon_1756566240192-750x422.jpg 750w, https:\/\/www.em.com.br\/emfoco\/wp-content\/uploads\/2025\/08\/amazon_1756566240192-1140x641.jpg 1140w, https:\/\/www.em.com.br\/emfoco\/wp-content\/uploads\/2025\/08\/amazon_1756566240192.jpg 1280w\" sizes=\"auto, (max-width: 1024px) 100vw, 1024px\" \/><figcaption class=\"wp-element-caption\">Devolu\u00e7\u00e3o da Amazon &#8211; Cr\u00e9ditos: depositphotos.com \/ Y-Boychenko<\/figcaption><\/figure>\n\n\n\n<h2 class=\"wp-block-heading\">Quais s\u00e3o as vantagens de optar pelo desconto ao inv\u00e9s da devolu\u00e7\u00e3o?<\/h2>\n\n\n\n<p>Optar pela redu\u00e7\u00e3o de pre\u00e7o ao inv\u00e9s da devolu\u00e7\u00e3o pode ser vantajoso para quem busca maximizar seus&nbsp;<strong>benef\u00edcios<\/strong>&nbsp;na&nbsp;<strong>Amazon<\/strong>. Evitar o retorno de produtos simplifica a experi\u00eancia de compra, economizando tempo e recursos. O consumidor pode receber o desconto rapidamente, sem ter que esperar pelo envio e processamento da devolu\u00e7\u00e3o nos centros log\u00edsticos.<\/p>\n\n\n\n<p><strong>Dica r\u00e1pida:<\/strong>&nbsp;Sempre verifique o valor do desconto oferecido em compara\u00e7\u00e3o com o pre\u00e7o original, aproveitando oportunidades em \u00e9pocas como a&nbsp;<strong>Black Friday<\/strong>&nbsp;para potencializar a economia.<\/p>\n\n\n\n<h2 class=\"wp-block-heading\">Como economizar em compras online ao entender essas pol\u00edticas?<\/h2>\n\n\n\n<p>Explorar m\u00e9todos para economizar em compras pode incluir o entendimento das pol\u00edticas de reembolso.&nbsp;<em>Economize mais<\/em>&nbsp;ao conhecer estas op\u00e7\u00f5es. Al\u00e9m disso, acompanhar atualiza\u00e7\u00f5es no site da&nbsp;<strong>Amazon<\/strong>&nbsp;pode garantir que voc\u00ea aproveite ofertas e pol\u00edticas tempor\u00e1rias exclusivas.<\/p>\n\n\n\n<h2 class=\"wp-block-heading\">Quais s\u00e3o os benef\u00edcios sustent\u00e1veis em escolher as novas op\u00e7\u00f5es de reembolso?<\/h2>\n\n\n\n<ul class=\"wp-block-list\">\n<li>Redu\u00e7\u00e3o no impacto ambiental atrav\u00e9s da diminui\u00e7\u00e3o de transportes desnecess\u00e1rios<\/li>\n\n\n\n<li>Economia direta na forma de descontos ao manter produtos<\/li>\n\n\n\n<li>Processo de reembolso mais \u00e1gil e conveniente para o cliente<\/li>\n<\/ul>\n","protected":false},"excerpt":{"rendered":"<p>A&nbsp;Amazon&nbsp;tem implementado estrat\u00e9gias inovadoras para facilitar o&nbsp;processo de devolu\u00e7\u00e3o&nbsp;dos clientes. Recentemente, uma nova op\u00e7\u00e3o permite&nbsp;descontos em produtos&nbsp;sem a necessidade de devolu\u00e7\u00e3o efetiva. Este artigo explora como essa pol\u00edtica pode beneficiar voc\u00ea. Por que a Amazon est\u00e1 oferecendo reembolsos parciais? A&nbsp;Amazon&nbsp;busca reduzir custos associados ao transporte e processamento de devolu\u00e7\u00f5es, oferecendo solu\u00e7\u00f5es mais&nbsp;sustent\u00e1veis. Ao permitir que [&hellip;]<\/p>\n","protected":false},"author":11,"featured_media":98646,"comment_status":"open","ping_status":"open","sticky":false,"template":"","format":"standard","meta":{"jnews-multi-image_gallery":[],"jnews_single_post":{"format":"standard"},"jnews_primary_category":[],"jnews_social_meta":[],"jnews_override_counter":[],"footnotes":""},"categories":[8819,1],"tags":[1855,590,649,160],"class_list":["post-98625","post","type-post","status-publish","format-standard","has-post-thumbnail","hentry","category-curiosidades","category-noticias","tag-amazon","tag-desconto","tag-devolucao","tag-economia"],"yoast_head":"<!-- This site is optimized with the Yoast SEO plugin v23.8 - https:\/\/yoast.com\/wordpress\/plugins\/seo\/ -->\n<title>Amazon apresenta nova op\u00e7\u00e3o de devolu\u00e7\u00e3o - Estado de Minas - Em foco<\/title>\n<meta name=\"description\" content=\"Clientes est\u00e3o ganhando descontos e evitando o transtorno da devolu\u00e7\u00e3o com a nova pol\u00edtica da Amazon. Veja como aproveitar essa novidade.\" \/>\n<meta name=\"robots\" content=\"index, follow, max-snippet:-1, max-image-preview:large, max-video-preview:-1\" \/>\n<link rel=\"canonical\" href=\"https:\/\/www.em.com.br\/emfoco\/2025\/08\/31\/amazon-apresenta-nova-opcao-de-devolucao\/\" \/>\n<meta property=\"og:locale\" content=\"pt_BR\" \/>\n<meta property=\"og:type\" content=\"article\" \/>\n<meta property=\"og:title\" content=\"Amazon apresenta nova op\u00e7\u00e3o de devolu\u00e7\u00e3o - Estado de Minas - Em foco\" \/>\n<meta property=\"og:description\" content=\"Clientes est\u00e3o ganhando descontos e evitando o transtorno da devolu\u00e7\u00e3o com a nova pol\u00edtica da Amazon. Veja como aproveitar essa novidade.\" \/>\n<meta property=\"og:url\" content=\"https:\/\/www.em.com.br\/emfoco\/2025\/08\/31\/amazon-apresenta-nova-opcao-de-devolucao\/\" \/>\n<meta property=\"og:site_name\" content=\"Estado de Minas - Em foco\" \/>\n<meta property=\"article:published_time\" content=\"2025-08-31T11:30:00+00:00\" \/>\n<meta property=\"article:modified_time\" content=\"2025-08-31T03:37:24+00:00\" \/>\n<meta property=\"og:image\" content=\"https:\/\/www.em.com.br\/emfoco\/wp-content\/uploads\/2025\/08\/amazon_1756566284785.jpg\" \/>\n\t<meta property=\"og:image:width\" content=\"1280\" \/>\n\t<meta property=\"og:image:height\" content=\"720\" \/>\n\t<meta property=\"og:image:type\" content=\"image\/jpeg\" \/>\n<meta name=\"author\" content=\"Andre\u0301 Rangel\u00a0\" \/>\n<meta name=\"twitter:card\" content=\"summary_large_image\" \/>\n<meta name=\"twitter:label1\" content=\"Escrito por\" \/>\n\t<meta name=\"twitter:data1\" content=\"Andre\u0301 Rangel\u00a0\" \/>\n\t<meta name=\"twitter:label2\" content=\"Est. tempo de leitura\" \/>\n\t<meta name=\"twitter:data2\" content=\"3 minutos\" \/>\n<!-- \/ Yoast SEO plugin. -->","yoast_head_json":{"title":"Amazon apresenta nova op\u00e7\u00e3o de devolu\u00e7\u00e3o - Estado de Minas - Em foco","description":"Clientes est\u00e3o ganhando descontos e evitando o transtorno da devolu\u00e7\u00e3o com a nova pol\u00edtica da Amazon. Veja como aproveitar essa novidade.","robots":{"index":"index","follow":"follow","max-snippet":"max-snippet:-1","max-image-preview":"max-image-preview:large","max-video-preview":"max-video-preview:-1"},"canonical":"https:\/\/www.em.com.br\/emfoco\/2025\/08\/31\/amazon-apresenta-nova-opcao-de-devolucao\/","og_locale":"pt_BR","og_type":"article","og_title":"Amazon apresenta nova op\u00e7\u00e3o de devolu\u00e7\u00e3o - Estado de Minas - Em foco","og_description":"Clientes est\u00e3o ganhando descontos e evitando o transtorno da devolu\u00e7\u00e3o com a nova pol\u00edtica da Amazon. Veja como aproveitar essa novidade.","og_url":"https:\/\/www.em.com.br\/emfoco\/2025\/08\/31\/amazon-apresenta-nova-opcao-de-devolucao\/","og_site_name":"Estado de Minas - Em foco","article_published_time":"2025-08-31T11:30:00+00:00","article_modified_time":"2025-08-31T03:37:24+00:00","og_image":[{"width":1280,"height":720,"url":"https:\/\/www.em.com.br\/emfoco\/wp-content\/uploads\/2025\/08\/amazon_1756566284785.jpg","type":"image\/jpeg"}],"author":"Andre\u0301 Rangel\u00a0","twitter_card":"summary_large_image","twitter_misc":{"Escrito por":"Andre\u0301 Rangel\u00a0","Est. tempo de leitura":"3 minutos"},"schema":{"@context":"https:\/\/schema.org","@graph":[{"@type":"WebPage","@id":"https:\/\/www.em.com.br\/emfoco\/2025\/08\/31\/amazon-apresenta-nova-opcao-de-devolucao\/","url":"https:\/\/www.em.com.br\/emfoco\/2025\/08\/31\/amazon-apresenta-nova-opcao-de-devolucao\/","name":"Amazon apresenta nova op\u00e7\u00e3o de devolu\u00e7\u00e3o - Estado de Minas - Em foco","isPartOf":{"@id":"https:\/\/www.em.com.br\/emfoco\/#website"},"primaryImageOfPage":{"@id":"https:\/\/www.em.com.br\/emfoco\/2025\/08\/31\/amazon-apresenta-nova-opcao-de-devolucao\/#primaryimage"},"image":{"@id":"https:\/\/www.em.com.br\/emfoco\/2025\/08\/31\/amazon-apresenta-nova-opcao-de-devolucao\/#primaryimage"},"thumbnailUrl":"https:\/\/www.em.com.br\/emfoco\/wp-content\/uploads\/2025\/08\/amazon_1756566284785.jpg","datePublished":"2025-08-31T11:30:00+00:00","dateModified":"2025-08-31T03:37:24+00:00","author":{"@id":"https:\/\/www.em.com.br\/emfoco\/#\/schema\/person\/60eda09c1fedf0d6891f4cef4b60b8b8"},"description":"Clientes est\u00e3o ganhando descontos e evitando o transtorno da devolu\u00e7\u00e3o com a nova pol\u00edtica da Amazon. Veja como aproveitar essa novidade.","breadcrumb":{"@id":"https:\/\/www.em.com.br\/emfoco\/2025\/08\/31\/amazon-apresenta-nova-opcao-de-devolucao\/#breadcrumb"},"inLanguage":"pt-BR","potentialAction":[{"@type":"ReadAction","target":["https:\/\/www.em.com.br\/emfoco\/2025\/08\/31\/amazon-apresenta-nova-opcao-de-devolucao\/"]}]},{"@type":"ImageObject","inLanguage":"pt-BR","@id":"https:\/\/www.em.com.br\/emfoco\/2025\/08\/31\/amazon-apresenta-nova-opcao-de-devolucao\/#primaryimage","url":"https:\/\/www.em.com.br\/emfoco\/wp-content\/uploads\/2025\/08\/amazon_1756566284785.jpg","contentUrl":"https:\/\/www.em.com.br\/emfoco\/wp-content\/uploads\/2025\/08\/amazon_1756566284785.jpg","width":1280,"height":720,"caption":"Amazon Golpe do pacote vazio: caso real na Fran\u00e7a - Cr\u00e9ditos: depositphotos.com \/ jeramey.lende.gmail.com"},{"@type":"BreadcrumbList","@id":"https:\/\/www.em.com.br\/emfoco\/2025\/08\/31\/amazon-apresenta-nova-opcao-de-devolucao\/#breadcrumb","itemListElement":[{"@type":"ListItem","position":1,"name":"In\u00edcio","item":"https:\/\/www.em.com.br\/emfoco\/"},{"@type":"ListItem","position":2,"name":"Amazon apresenta nova op\u00e7\u00e3o de devolu\u00e7\u00e3o"}]},{"@type":"WebSite","@id":"https:\/\/www.em.com.br\/emfoco\/#website","url":"https:\/\/www.em.com.br\/emfoco\/","name":"Estado de Minas - Em foco","description":"Acompanhe as \u00faltimas not\u00edcias e fique bem informado sobre tudo o que acontece em Minas Gerais, Brasil e no mundo.","potentialAction":[{"@type":"SearchAction","target":{"@type":"EntryPoint","urlTemplate":"https:\/\/www.em.com.br\/emfoco\/?s={search_term_string}"},"query-input":{"@type":"PropertyValueSpecification","valueRequired":true,"valueName":"search_term_string"}}],"inLanguage":"pt-BR"},{"@type":"Person","@id":"https:\/\/www.em.com.br\/emfoco\/#\/schema\/person\/60eda09c1fedf0d6891f4cef4b60b8b8","name":"Andre\u0301 Rangel\u00a0","image":{"@type":"ImageObject","inLanguage":"pt-BR","@id":"https:\/\/www.em.com.br\/emfoco\/#\/schema\/person\/image\/","url":"https:\/\/secure.gravatar.com\/avatar\/6234dc814c77c8ef6d8bba622c787efc?s=96&d=mm&r=g","contentUrl":"https:\/\/secure.gravatar.com\/avatar\/6234dc814c77c8ef6d8bba622c787efc?s=96&d=mm&r=g","caption":"Andre\u0301 Rangel\u00a0"},"url":"https:\/\/www.em.com.br\/emfoco\/author\/luizmyth\/"}]}},"_links":{"self":[{"href":"https:\/\/www.em.com.br\/emfoco\/wp-json\/wp\/v2\/posts\/98625","targetHints":{"allow":["GET"]}}],"collection":[{"href":"https:\/\/www.em.com.br\/emfoco\/wp-json\/wp\/v2\/posts"}],"about":[{"href":"https:\/\/www.em.com.br\/emfoco\/wp-json\/wp\/v2\/types\/post"}],"author":[{"embeddable":true,"href":"https:\/\/www.em.com.br\/emfoco\/wp-json\/wp\/v2\/users\/11"}],"replies":[{"embeddable":true,"href":"https:\/\/www.em.com.br\/emfoco\/wp-json\/wp\/v2\/comments?post=98625"}],"version-history":[{"count":3,"href":"https:\/\/www.em.com.br\/emfoco\/wp-json\/wp\/v2\/posts\/98625\/revisions"}],"predecessor-version":[{"id":98647,"href":"https:\/\/www.em.com.br\/emfoco\/wp-json\/wp\/v2\/posts\/98625\/revisions\/98647"}],"wp:featuredmedia":[{"embeddable":true,"href":"https:\/\/www.em.com.br\/emfoco\/wp-json\/wp\/v2\/media\/98646"}],"wp:attachment":[{"href":"https:\/\/www.em.com.br\/emfoco\/wp-json\/wp\/v2\/media?parent=98625"}],"wp:term":[{"taxonomy":"category","embeddable":true,"href":"https:\/\/www.em.com.br\/emfoco\/wp-json\/wp\/v2\/categories?post=98625"},{"taxonomy":"post_tag","embeddable":true,"href":"https:\/\/www.em.com.br\/emfoco\/wp-json\/wp\/v2\/tags?post=98625"}],"curies":[{"name":"wp","href":"https:\/\/api.w.org\/{rel}","templated":true}]}}