{"id":98546,"date":"2025-08-30T20:38:00","date_gmt":"2025-08-30T23:38:00","guid":{"rendered":"https:\/\/www.em.com.br\/emfoco\/?p=98546"},"modified":"2025-08-29T23:23:03","modified_gmt":"2025-08-30T02:23:03","slug":"quem-tem-direito-aos-beneficios-adicionais-do-bolsa-familia","status":"publish","type":"post","link":"https:\/\/www.em.com.br\/emfoco\/2025\/08\/30\/quem-tem-direito-aos-beneficios-adicionais-do-bolsa-familia\/","title":{"rendered":"Quem tem direito aos benef\u00edcios adicionais do Bolsa fam\u00edlia?"},"content":{"rendered":"\n<p>Nos \u00faltimos anos, o <strong><a href=\"https:\/\/www.gov.br\/mds\/pt-br\/acoes-e-programas\/bolsa-familia\" target=\"_blank\" rel=\"noreferrer noopener\">Bolsa Fam\u00edlia<\/a><\/strong> tem se consolidado como um dos principais programas de assist\u00eancia social no <strong>Brasil<\/strong>, com o objetivo de proporcionar apoio financeiro \u00e0s fam\u00edlias em situa\u00e7\u00e3o de vulnerabilidade socioecon\u00f4mica. O programa, gerido pelo <strong>Minist\u00e9rio do Desenvolvimento e Assist\u00eancia Social, Fam\u00edlia e Combate \u00e0 Fome<\/strong> (<a href=\"https:\/\/www.gov.br\/mds\/pt-br\" target=\"_blank\" rel=\"noreferrer noopener\">MDS<\/a>), segue um cronograma mensal rigoroso de pagamentos, evitando atrasos e garantindo previsibilidade. Em setembro de 2025, o cronograma de pagamentos foi divulgado, vinculando os repasses ao <strong>N\u00famero de Identifica\u00e7\u00e3o Social<\/strong> (NIS) dos benefici\u00e1rios, distribuindo os dep\u00f3sitos nos \u00faltimos dez dias \u00fateis do m\u00eas.<\/p>\n\n\n\n<p>Esta organiza\u00e7\u00e3o busca garantir efici\u00eancia e transpar\u00eancia, fortalecendo a confian\u00e7a dos cidad\u00e3os no sistema. Uma particularidade ocorre em dezembro, quando os pagamentos s\u00e3o antecipados, permitindo que as fam\u00edlias utilizem o benef\u00edcio antes do <strong>Natal<\/strong>, promovendo maior dignidade nesse per\u00edodo especial. Al\u00e9m disso, o programa mant\u00e9m canais de atendimento para comunicar datas e regras, orientando a popula\u00e7\u00e3o sobre eventuais exce\u00e7\u00f5es e procedimentos.<\/p>\n\n\n\n<p>Assim, o <strong>Bolsa Fam\u00edlia<\/strong> se apresenta como refer\u00eancia em transfer\u00eancia de renda e gest\u00e3o p\u00fablica, assegurando regularidade e acesso ao benef\u00edcio a milh\u00f5es de brasileiros em situa\u00e7\u00e3o de risco social.<\/p>\n\n\n\n<h2 class=\"wp-block-heading\">Como funciona o pagamento do Bolsa Fam\u00edlia em 2025?<\/h2>\n\n\n<div class=\"wp-block-image\">\n<figure class=\"aligncenter size-large\"><img loading=\"lazy\" decoding=\"async\" width=\"1024\" height=\"576\" src=\"https:\/\/www.em.com.br\/emfoco\/wp-content\/uploads\/2025\/06\/idoso-com-dinheiro-reais_1743473065115-1024x576.jpg\" alt=\"Por que o 5\u00b0 dia \u00fatil \u00e9 crucial para trabalhadores e empregadores\" class=\"wp-image-54991\" srcset=\"https:\/\/www.em.com.br\/emfoco\/wp-content\/uploads\/2025\/06\/idoso-com-dinheiro-reais_1743473065115-1024x576.jpg 1024w, https:\/\/www.em.com.br\/emfoco\/wp-content\/uploads\/2025\/06\/idoso-com-dinheiro-reais_1743473065115-300x169.jpg 300w, https:\/\/www.em.com.br\/emfoco\/wp-content\/uploads\/2025\/06\/idoso-com-dinheiro-reais_1743473065115-768x432.jpg 768w, https:\/\/www.em.com.br\/emfoco\/wp-content\/uploads\/2025\/06\/idoso-com-dinheiro-reais_1743473065115-750x422.jpg 750w, https:\/\/www.em.com.br\/emfoco\/wp-content\/uploads\/2025\/06\/idoso-com-dinheiro-reais_1743473065115-1140x641.jpg 1140w, https:\/\/www.em.com.br\/emfoco\/wp-content\/uploads\/2025\/06\/idoso-com-dinheiro-reais_1743473065115.jpg 1280w\" sizes=\"auto, (max-width: 1024px) 100vw, 1024px\" \/><figcaption class=\"wp-element-caption\">Pagamento &#8211; Cr\u00e9ditos: depositphotos.com \/ AngelaMacario<\/figcaption><\/figure><\/div>\n\n\n<p>O pagamento do <strong><a href=\"https:\/\/www.em.com.br\/emfoco\/2025\/08\/29\/quem-tem-direito-aos-adicionais-do-bolsa-familia-e-como-funcionam-os-pagamentos\/\" target=\"_blank\" rel=\"noreferrer noopener\">Bolsa Fam\u00edlia em 2025<\/a><\/strong> segue o calend\u00e1rio divulgado pelo governo federal, com aten\u00e7\u00e3o especial ao n\u00famero final do <strong>NIS <\/strong>dos titulares de cada fam\u00edlia. Os pagamentos s\u00e3o feitos em sequ\u00eancia, nos \u00faltimos dez dias \u00fateis do m\u00eas, facilitando a organiza\u00e7\u00e3o e a retirada dos benef\u00edcios pelos usu\u00e1rios. Dessa forma, as fam\u00edlias t\u00eam maior previsibilidade sobre quando cada parcela estar\u00e1 dispon\u00edvel.<\/p>\n\n\n\n<p>\u00c9 importante destacar que cada benefici\u00e1rio pode consultar o extrato e o cronograma no aplicativo oficial do Bolsa Fam\u00edlia, al\u00e9m de poder obter informa\u00e7\u00f5es nas unidades do <strong>CRAS <\/strong>e nas ag\u00eancias da <strong>Caixa<\/strong>. Em dezembro, tradicionalmente, o pagamento \u00e9 antecipado, uma medida j\u00e1 consolidada nos \u00faltimos anos para apoiar os benefici\u00e1rios no per\u00edodo festivo. A regularidade e a transpar\u00eancia do cronograma ajudam a planejar melhor o or\u00e7amento familiar.<\/p>\n\n\n\n<p>Em caso de d\u00favidas ou problemas com o saque, os benefici\u00e1rios contam com atendimento presencial e remoto, al\u00e9m de informa\u00e7\u00f5es atualizadas nos canais oficiais do governo e da <strong>Caixa Econ\u00f4mica Federal<\/strong>.<\/p>\n\n\n\n<h2 class=\"wp-block-heading\">Qual \u00e9 a import\u00e2ncia do Benef\u00edcio Vari\u00e1vel Familiar e do Benef\u00edcio Vari\u00e1vel Nutriz?<\/h2>\n\n\n\n<p>O <strong>Benef\u00edcio Vari\u00e1vel<\/strong> <strong>Familiar<\/strong> (BVF) aumenta a prote\u00e7\u00e3o social, com o adicional de R$ 50 por gestante ou jovem entre 7 e 17 anos na fam\u00edlia, permitindo aten\u00e7\u00e3o extra \u00e0 inf\u00e2ncia e adolesc\u00eancia. O <strong>Benef\u00edcio Vari\u00e1vel Nutriz<\/strong> (BVN) destina R$ 50 mensais por beb\u00ea de at\u00e9 7 meses, para apoiar alimenta\u00e7\u00e3o adequada durante a primeira inf\u00e2ncia, fase cr\u00edtica para o desenvolvimento saud\u00e1vel.<\/p>\n\n\n\n<p>Estes valores, somados ao benef\u00edcio base, t\u00eam impacto direto na redu\u00e7\u00e3o da pobreza infantil e na amplia\u00e7\u00e3o de oportunidades educacionais e nutricionais para crian\u00e7as e jovens. Com essa estrutura, o <strong>Bolsa Fam\u00edlia<\/strong> contribui para a forma\u00e7\u00e3o de um ciclo virtuoso, fortalecendo o acesso dessas fam\u00edlias \u00e0 sa\u00fade, educa\u00e7\u00e3o e, consequentemente, \u00e0 cidadania.<\/p>\n\n\n\n<p>Al\u00e9m disso, tais medidas incentivam que as fam\u00edlias mantenham as crian\u00e7as acompanhadas no sistema de sa\u00fade e inscritas na escola, refor\u00e7ando o papel do programa como indutor de desenvolvimento humano.<\/p>\n\n\n\n<h2 class=\"wp-block-heading\">Quais s\u00e3o as condi\u00e7\u00f5es para receber o Bolsa Fam\u00edlia?<\/h2>\n\n\n\n<p>Para continuar no programa, as fam\u00edlias precisam cumprir compromissos nas \u00e1reas de sa\u00fade e educa\u00e7\u00e3o. \u00c9 indispens\u00e1vel manter o calend\u00e1rio de vacina\u00e7\u00e3o das crian\u00e7as atualizado, segundo as regras do <strong>Minist\u00e9rio da Sa\u00fade<\/strong>. Outra exig\u00eancia \u00e9 garantir a frequ\u00eancia escolar m\u00ednima de crian\u00e7as e adolescentes, evitando faltas injustificadas.<\/p>\n\n\n\n<p>Essas condicionalidades buscam promover a prote\u00e7\u00e3o integral das crian\u00e7as e a forma\u00e7\u00e3o educacional dos jovens, al\u00e9m de prevenir situa\u00e7\u00f5es de vulnerabilidade social a longo prazo. O n\u00e3o cumprimento das exig\u00eancias pode resultar em advert\u00eancias, suspens\u00e3o e at\u00e9 bloqueio tempor\u00e1rio do benef\u00edcio, at\u00e9 a regulariza\u00e7\u00e3o da situa\u00e7\u00e3o.<\/p>\n\n\n\n<p>O acompanhamento das condi\u00e7\u00f5es \u00e9 feito em parceria entre as secretarias municipais e os \u00f3rg\u00e3os do governo federal, usando sistemas informatizados que facilitam o monitoramento dos indicadores de cada fam\u00edlia beneficiada.<\/p>\n\n\n\n<h2 class=\"wp-block-heading\">Como evitar a suspens\u00e3o dos pagamentos do Bolsa Fam\u00edlia?<\/h2>\n\n\n\n<p>Mantendo os dados do <strong>Cad\u00danico <\/strong>atualizados, os respons\u00e1veis familiares garantem a continuidade do recebimento do benef\u00edcio. \u00c9 importante informar ao <strong>CRAS <\/strong>qualquer mudan\u00e7a de endere\u00e7o, renda, escola ou sa\u00fade dos membros da fam\u00edlia, al\u00e9m de cumprir as orienta\u00e7\u00f5es de vacina\u00e7\u00e3o e acompanhamento nutricional.<\/p>\n\n\n\n<p>Participar de reuni\u00f5es e atividades propostas pelas escolas e unidades de sa\u00fade tamb\u00e9m demonstra o compromisso com as condicionalidades e reduz o risco de bloqueio. Em caso de d\u00favidas ou notifica\u00e7\u00f5es, o recomendado \u00e9 procurar imediatamente a unidade do <strong>CRAS <\/strong>para esclarecimentos e regulariza\u00e7\u00e3o, evitando atrasos ou cancelamentos indevidos do pagamento.<\/p>\n\n\n\n<p>Por fim, o acesso frequente ao aplicativo do <strong>Bolsa Fam\u00edlia<\/strong> pode facilitar o acompanhamento dos dep\u00f3sitos e avisos importantes, ajudando os benefici\u00e1rios a manterem-se informados e atentos \u00e0s obriga\u00e7\u00f5es do programa.<\/p>\n\n\n\n<h2 class=\"wp-block-heading\">Quais benef\u00edcios sociais o Bolsa Fam\u00edlia gera para a sociedade?<\/h2>\n\n\n\n<p>O <strong>Bolsa Fam\u00edlia<\/strong> n\u00e3o apenas combate a pobreza imediata, como tamb\u00e9m investe no futuro dos benefici\u00e1rios, promovendo a inclus\u00e3o social e a redu\u00e7\u00e3o de desigualdades. Ao condicionar os pagamentos \u00e0 educa\u00e7\u00e3o e sa\u00fade, estimula um ciclo de desenvolvimento humano e social duradouro.<\/p>\n\n\n\n<p>O aumento da frequ\u00eancia escolar, aliado \u00e0 melhora nos \u00edndices de vacina\u00e7\u00e3o e nutri\u00e7\u00e3o, contribui para a forma\u00e7\u00e3o de novas gera\u00e7\u00f5es mais capacitadas e saud\u00e1veis. Esses avan\u00e7os refletem em maior capacidade produtiva e participa\u00e7\u00e3o cidad\u00e3, impactando positivamente na economia local e nacional.<\/p>\n\n\n\n<p>O programa se mostra ainda essencial para a mobilidade social, permitindo que fam\u00edlias acessem novos direitos, servi\u00e7os p\u00fablicos e oportunidades, fortalecendo a coes\u00e3o social e ampliando a prote\u00e7\u00e3o frente \u00e0s crises econ\u00f4micas.<\/p>\n\n\n\n<h2 class=\"wp-block-heading\">Quais as novidades e desafios para o futuro do Bolsa Fam\u00edlia?<\/h2>\n\n\n\n<p>Para os pr\u00f3ximos anos, o governo discute a integra\u00e7\u00e3o de novas tecnologias para facilitar o cadastramento, a atualiza\u00e7\u00e3o de dados e o combate a fraudes, ampliando a transpar\u00eancia e a efici\u00eancia na presta\u00e7\u00e3o dos benef\u00edcios. Tamb\u00e9m s\u00e3o estudados novos complementos para fam\u00edlias em situa\u00e7\u00e3o de extrema vulnerabilidade e incentivos para inser\u00e7\u00e3o no mercado de trabalho.<\/p>\n\n\n\n<p>A amplia\u00e7\u00e3o das parcerias com munic\u00edpios e a cria\u00e7\u00e3o de programas articulados de qualifica\u00e7\u00e3o profissional podem impulsionar a autonomia dos benefici\u00e1rios a m\u00e9dio e longo prazo. Outra meta \u00e9 fortalecer articula\u00e7\u00f5es com pol\u00edticas p\u00fablicas de sa\u00fade, educa\u00e7\u00e3o e habita\u00e7\u00e3o, promovendo um atendimento mais abrangente e integrado.<\/p>\n\n\n\n<p>Entretanto, o desafio reside na sustentabilidade financeira e na manuten\u00e7\u00e3o do foco nas fam\u00edlias mais necessitadas, garantindo que o <strong>Bolsa Fam\u00edlia<\/strong> continue sendo refer\u00eancia internacional em combate \u00e0 desigualdade e promo\u00e7\u00e3o social no <strong>Brasil<\/strong>.<\/p>\n","protected":false},"excerpt":{"rendered":"<p>Nos \u00faltimos anos, o Bolsa Fam\u00edlia tem se consolidado como um dos principais programas de assist\u00eancia social no Brasil, com o objetivo de proporcionar apoio financeiro \u00e0s fam\u00edlias em situa\u00e7\u00e3o de vulnerabilidade socioecon\u00f4mica. O programa, gerido pelo Minist\u00e9rio do Desenvolvimento e Assist\u00eancia Social, Fam\u00edlia e Combate \u00e0 Fome (MDS), segue um cronograma mensal rigoroso de [&hellip;]<\/p>\n","protected":false},"author":20,"featured_media":67039,"comment_status":"open","ping_status":"open","sticky":false,"template":"","format":"standard","meta":{"jnews-multi-image_gallery":[],"jnews_single_post":{"format":"standard"},"jnews_primary_category":[],"jnews_social_meta":[],"jnews_override_counter":[],"footnotes":""},"categories":[28,1],"tags":[209,1114,345],"class_list":["post-98546","post","type-post","status-publish","format-standard","has-post-thumbnail","hentry","category-economia","category-noticias","tag-bolsa-familia","tag-mds","tag-nis"],"yoast_head":"<!-- This site is optimized with the Yoast SEO plugin v23.8 - https:\/\/yoast.com\/wordpress\/plugins\/seo\/ -->\n<title>Quem tem direito aos benef\u00edcios adicionais do Bolsa fam\u00edlia? - Estado de Minas - Em foco<\/title>\n<meta name=\"description\" content=\"O Bolsa Fam\u00edlia garante previsibilidade nos pagamentos e benef\u00edcios adicionais como BVF e BVN. Veja como funciona e tire suas d\u00favidas.\" \/>\n<meta name=\"robots\" content=\"index, follow, max-snippet:-1, max-image-preview:large, max-video-preview:-1\" \/>\n<link rel=\"canonical\" href=\"https:\/\/www.em.com.br\/emfoco\/2025\/08\/30\/quem-tem-direito-aos-beneficios-adicionais-do-bolsa-familia\/\" \/>\n<meta property=\"og:locale\" content=\"pt_BR\" \/>\n<meta property=\"og:type\" content=\"article\" \/>\n<meta property=\"og:title\" content=\"Quem tem direito aos benef\u00edcios adicionais do Bolsa fam\u00edlia? - Estado de Minas - Em foco\" \/>\n<meta property=\"og:description\" content=\"O Bolsa Fam\u00edlia garante previsibilidade nos pagamentos e benef\u00edcios adicionais como BVF e BVN. Veja como funciona e tire suas d\u00favidas.\" \/>\n<meta property=\"og:url\" content=\"https:\/\/www.em.com.br\/emfoco\/2025\/08\/30\/quem-tem-direito-aos-beneficios-adicionais-do-bolsa-familia\/\" \/>\n<meta property=\"og:site_name\" content=\"Estado de Minas - Em foco\" \/>\n<meta property=\"article:published_time\" content=\"2025-08-30T23:38:00+00:00\" \/>\n<meta property=\"article:modified_time\" content=\"2025-08-30T02:23:03+00:00\" \/>\n<meta property=\"og:image\" content=\"https:\/\/www.em.com.br\/emfoco\/wp-content\/uploads\/2025\/06\/beneficio-brasil_1750889236618.jpg\" \/>\n\t<meta property=\"og:image:width\" content=\"1280\" \/>\n\t<meta property=\"og:image:height\" content=\"720\" \/>\n\t<meta property=\"og:image:type\" content=\"image\/jpeg\" \/>\n<meta name=\"author\" content=\"Ingrid Diniz\" \/>\n<meta name=\"twitter:card\" content=\"summary_large_image\" \/>\n<meta name=\"twitter:label1\" content=\"Escrito por\" \/>\n\t<meta name=\"twitter:data1\" content=\"Ingrid Diniz\" \/>\n\t<meta name=\"twitter:label2\" content=\"Est. tempo de leitura\" \/>\n\t<meta name=\"twitter:data2\" content=\"7 minutos\" \/>\n<!-- \/ Yoast SEO plugin. -->","yoast_head_json":{"title":"Quem tem direito aos benef\u00edcios adicionais do Bolsa fam\u00edlia? - Estado de Minas - Em foco","description":"O Bolsa Fam\u00edlia garante previsibilidade nos pagamentos e benef\u00edcios adicionais como BVF e BVN. Veja como funciona e tire suas d\u00favidas.","robots":{"index":"index","follow":"follow","max-snippet":"max-snippet:-1","max-image-preview":"max-image-preview:large","max-video-preview":"max-video-preview:-1"},"canonical":"https:\/\/www.em.com.br\/emfoco\/2025\/08\/30\/quem-tem-direito-aos-beneficios-adicionais-do-bolsa-familia\/","og_locale":"pt_BR","og_type":"article","og_title":"Quem tem direito aos benef\u00edcios adicionais do Bolsa fam\u00edlia? - Estado de Minas - Em foco","og_description":"O Bolsa Fam\u00edlia garante previsibilidade nos pagamentos e benef\u00edcios adicionais como BVF e BVN. Veja como funciona e tire suas d\u00favidas.","og_url":"https:\/\/www.em.com.br\/emfoco\/2025\/08\/30\/quem-tem-direito-aos-beneficios-adicionais-do-bolsa-familia\/","og_site_name":"Estado de Minas - Em foco","article_published_time":"2025-08-30T23:38:00+00:00","article_modified_time":"2025-08-30T02:23:03+00:00","og_image":[{"width":1280,"height":720,"url":"https:\/\/www.em.com.br\/emfoco\/wp-content\/uploads\/2025\/06\/beneficio-brasil_1750889236618.jpg","type":"image\/jpeg"}],"author":"Ingrid Diniz","twitter_card":"summary_large_image","twitter_misc":{"Escrito por":"Ingrid Diniz","Est. tempo de leitura":"7 minutos"},"schema":{"@context":"https:\/\/schema.org","@graph":[{"@type":"WebPage","@id":"https:\/\/www.em.com.br\/emfoco\/2025\/08\/30\/quem-tem-direito-aos-beneficios-adicionais-do-bolsa-familia\/","url":"https:\/\/www.em.com.br\/emfoco\/2025\/08\/30\/quem-tem-direito-aos-beneficios-adicionais-do-bolsa-familia\/","name":"Quem tem direito aos benef\u00edcios adicionais do Bolsa fam\u00edlia? - Estado de Minas - Em foco","isPartOf":{"@id":"https:\/\/www.em.com.br\/emfoco\/#website"},"primaryImageOfPage":{"@id":"https:\/\/www.em.com.br\/emfoco\/2025\/08\/30\/quem-tem-direito-aos-beneficios-adicionais-do-bolsa-familia\/#primaryimage"},"image":{"@id":"https:\/\/www.em.com.br\/emfoco\/2025\/08\/30\/quem-tem-direito-aos-beneficios-adicionais-do-bolsa-familia\/#primaryimage"},"thumbnailUrl":"https:\/\/www.em.com.br\/emfoco\/wp-content\/uploads\/2025\/06\/beneficio-brasil_1750889236618.jpg","datePublished":"2025-08-30T23:38:00+00:00","dateModified":"2025-08-30T02:23:03+00:00","author":{"@id":"https:\/\/www.em.com.br\/emfoco\/#\/schema\/person\/649e610b4eb8fff87ff394e54fe17b2b"},"description":"O Bolsa Fam\u00edlia garante previsibilidade nos pagamentos e benef\u00edcios adicionais como BVF e BVN. Veja como funciona e tire suas d\u00favidas.","breadcrumb":{"@id":"https:\/\/www.em.com.br\/emfoco\/2025\/08\/30\/quem-tem-direito-aos-beneficios-adicionais-do-bolsa-familia\/#breadcrumb"},"inLanguage":"pt-BR","potentialAction":[{"@type":"ReadAction","target":["https:\/\/www.em.com.br\/emfoco\/2025\/08\/30\/quem-tem-direito-aos-beneficios-adicionais-do-bolsa-familia\/"]}]},{"@type":"ImageObject","inLanguage":"pt-BR","@id":"https:\/\/www.em.com.br\/emfoco\/2025\/08\/30\/quem-tem-direito-aos-beneficios-adicionais-do-bolsa-familia\/#primaryimage","url":"https:\/\/www.em.com.br\/emfoco\/wp-content\/uploads\/2025\/06\/beneficio-brasil_1750889236618.jpg","contentUrl":"https:\/\/www.em.com.br\/emfoco\/wp-content\/uploads\/2025\/06\/beneficio-brasil_1750889236618.jpg","width":1280,"height":720,"caption":"Bolsa Fam\u00edlia de dezembro pode passar de R$ 900 - Cr\u00e9ditos: depositphotos.com \/ rafapress"},{"@type":"BreadcrumbList","@id":"https:\/\/www.em.com.br\/emfoco\/2025\/08\/30\/quem-tem-direito-aos-beneficios-adicionais-do-bolsa-familia\/#breadcrumb","itemListElement":[{"@type":"ListItem","position":1,"name":"In\u00edcio","item":"https:\/\/www.em.com.br\/emfoco\/"},{"@type":"ListItem","position":2,"name":"Quem tem direito aos benef\u00edcios adicionais do Bolsa fam\u00edlia?"}]},{"@type":"WebSite","@id":"https:\/\/www.em.com.br\/emfoco\/#website","url":"https:\/\/www.em.com.br\/emfoco\/","name":"Estado de Minas - Em foco","description":"Acompanhe as \u00faltimas not\u00edcias e fique bem informado sobre tudo o que acontece em Minas Gerais, Brasil e no mundo.","potentialAction":[{"@type":"SearchAction","target":{"@type":"EntryPoint","urlTemplate":"https:\/\/www.em.com.br\/emfoco\/?s={search_term_string}"},"query-input":{"@type":"PropertyValueSpecification","valueRequired":true,"valueName":"search_term_string"}}],"inLanguage":"pt-BR"},{"@type":"Person","@id":"https:\/\/www.em.com.br\/emfoco\/#\/schema\/person\/649e610b4eb8fff87ff394e54fe17b2b","name":"Ingrid Diniz","image":{"@type":"ImageObject","inLanguage":"pt-BR","@id":"https:\/\/www.em.com.br\/emfoco\/#\/schema\/person\/image\/","url":"https:\/\/secure.gravatar.com\/avatar\/a3baa1449ec5c39b4c42babc9d4f3951?s=96&d=mm&r=g","contentUrl":"https:\/\/secure.gravatar.com\/avatar\/a3baa1449ec5c39b4c42babc9d4f3951?s=96&d=mm&r=g","caption":"Ingrid Diniz"},"sameAs":["https:\/\/www.em.com.br\/"],"url":"https:\/\/www.em.com.br\/emfoco\/author\/ingridmyth\/"}]}},"_links":{"self":[{"href":"https:\/\/www.em.com.br\/emfoco\/wp-json\/wp\/v2\/posts\/98546","targetHints":{"allow":["GET"]}}],"collection":[{"href":"https:\/\/www.em.com.br\/emfoco\/wp-json\/wp\/v2\/posts"}],"about":[{"href":"https:\/\/www.em.com.br\/emfoco\/wp-json\/wp\/v2\/types\/post"}],"author":[{"embeddable":true,"href":"https:\/\/www.em.com.br\/emfoco\/wp-json\/wp\/v2\/users\/20"}],"replies":[{"embeddable":true,"href":"https:\/\/www.em.com.br\/emfoco\/wp-json\/wp\/v2\/comments?post=98546"}],"version-history":[{"count":1,"href":"https:\/\/www.em.com.br\/emfoco\/wp-json\/wp\/v2\/posts\/98546\/revisions"}],"predecessor-version":[{"id":98563,"href":"https:\/\/www.em.com.br\/emfoco\/wp-json\/wp\/v2\/posts\/98546\/revisions\/98563"}],"wp:featuredmedia":[{"embeddable":true,"href":"https:\/\/www.em.com.br\/emfoco\/wp-json\/wp\/v2\/media\/67039"}],"wp:attachment":[{"href":"https:\/\/www.em.com.br\/emfoco\/wp-json\/wp\/v2\/media?parent=98546"}],"wp:term":[{"taxonomy":"category","embeddable":true,"href":"https:\/\/www.em.com.br\/emfoco\/wp-json\/wp\/v2\/categories?post=98546"},{"taxonomy":"post_tag","embeddable":true,"href":"https:\/\/www.em.com.br\/emfoco\/wp-json\/wp\/v2\/tags?post=98546"}],"curies":[{"name":"wp","href":"https:\/\/api.w.org\/{rel}","templated":true}]}}