{"id":985,"date":"2024-11-20T09:20:00","date_gmt":"2024-11-20T12:20:00","guid":{"rendered":"https:\/\/www.em.com.br\/emfoco\/?p=985"},"modified":"2024-11-19T17:49:13","modified_gmt":"2024-11-19T20:49:13","slug":"atencao-fique-atento-com-as-mudancas-no-imposto-de-renda-para-quem-ganha-ate-2-salarios-minimos","status":"publish","type":"post","link":"https:\/\/www.em.com.br\/emfoco\/2024\/11\/20\/atencao-fique-atento-com-as-mudancas-no-imposto-de-renda-para-quem-ganha-ate-2-salarios-minimos\/","title":{"rendered":"Aten\u00e7\u00e3o! Fique atento com as mudan\u00e7as no Imposto de Renda para quem ganha at\u00e9 2 sal\u00e1rios m\u00ednimos"},"content":{"rendered":"\n<p>O Imposto de Renda para 2024 trouxe mudan\u00e7as significativas que impactam diretamente trabalhadores que ganham at\u00e9 dois sal\u00e1rios m\u00ednimos. Essas altera\u00e7\u00f5es buscam reduzir a carga tribut\u00e1ria para a popula\u00e7\u00e3o de menor renda e corrigir distor\u00e7\u00f5es hist\u00f3ricas da<strong><a href=\"https:\/\/www.em.com.br\/emfoco\/categoria\/economia\/\" target=\"_blank\" rel=\"noreferrer noopener\"> tabela do imposto.<\/a><\/strong><\/p>\n\n\n\n<p>A <a href=\"https:\/\/www.em.com.br\/emfoco\/2024\/11\/19\/inss-faz-comunicado-sobre-valores-esquecidos-na-conta-veja-se-tem-direito-e-como-sacar-seu-dinheiro\/\" target=\"_blank\" rel=\"noreferrer noopener\"><strong>atualiza\u00e7\u00e3o <\/strong><\/a>mais relevante foi a amplia\u00e7\u00e3o da faixa de <a href=\"https:\/\/www.gov.br\/receitafederal\/pt-br\/assuntos\/meu-imposto-de-renda\" target=\"_blank\" rel=\"noreferrer noopener\"><strong>isen\u00e7\u00e3o<\/strong><\/a>, que agora inclui contribuintes com rendimentos mensais de at\u00e9 dois sal\u00e1rios m\u00ednimos, equivalente a R$ 2.640. Antes, a isen\u00e7\u00e3o era limitada a R$ 1.903,98. Essa medida representa um al\u00edvio fiscal significativo, beneficiando milh\u00f5es de brasileiros que n\u00e3o precisar\u00e3o mais declarar ou pagar imposto sobre a renda.<\/p>\n\n\n\n<p>Essa altera\u00e7\u00e3o visa atender a uma demanda hist\u00f3rica pela corre\u00e7\u00e3o da tabela do Imposto de Renda, que n\u00e3o acompanhava a infla\u00e7\u00e3o acumulada h\u00e1 anos, impactando negativamente trabalhadores de baixa renda. Com essa mudan\u00e7a, a isen\u00e7\u00e3o atinge uma parcela mais ampla da popula\u00e7\u00e3o, promovendo maior equidade fiscal.<\/p>\n\n\n\n<h2 class=\"wp-block-heading\">Novas faixas de tributa\u00e7\u00e3o<\/h2>\n\n\n\n<p>A tabela do Imposto de Renda tamb\u00e9m sofreu ajustes nas al\u00edquotas para outros n\u00edveis de rendimento. Para quem ganha acima de dois sal\u00e1rios m\u00ednimos, mas permanece abaixo do teto de R$ 30.639,90 anuais, as al\u00edquotas foram ajustadas de forma escalonada, garantindo que os contribuintes de renda intermedi\u00e1ria tenham um impacto proporcional.<\/p>\n\n\n\n<h2 class=\"wp-block-heading\">Declara\u00e7\u00e3o facilitada no Imposto de Renda<\/h2>\n\n\n\n<figure class=\"wp-block-image size-large\"><img loading=\"lazy\" decoding=\"async\" width=\"1024\" height=\"576\" src=\"https:\/\/www.em.com.br\/emfoco\/wp-content\/uploads\/2024\/11\/Imposto-de-renda-Creditos-depositphotos.com-vtupinamba-1024x576.jpg\" alt=\"Imposto de renda - Cr\u00e9ditos depositphotos.com vtupinamba\" class=\"wp-image-1022\" srcset=\"https:\/\/www.em.com.br\/emfoco\/wp-content\/uploads\/2024\/11\/Imposto-de-renda-Creditos-depositphotos.com-vtupinamba-1024x576.jpg 1024w, https:\/\/www.em.com.br\/emfoco\/wp-content\/uploads\/2024\/11\/Imposto-de-renda-Creditos-depositphotos.com-vtupinamba-300x169.jpg 300w, https:\/\/www.em.com.br\/emfoco\/wp-content\/uploads\/2024\/11\/Imposto-de-renda-Creditos-depositphotos.com-vtupinamba-768x432.jpg 768w, https:\/\/www.em.com.br\/emfoco\/wp-content\/uploads\/2024\/11\/Imposto-de-renda-Creditos-depositphotos.com-vtupinamba-750x422.jpg 750w, https:\/\/www.em.com.br\/emfoco\/wp-content\/uploads\/2024\/11\/Imposto-de-renda-Creditos-depositphotos.com-vtupinamba-1140x642.jpg 1140w, https:\/\/www.em.com.br\/emfoco\/wp-content\/uploads\/2024\/11\/Imposto-de-renda-Creditos-depositphotos.com-vtupinamba.jpg 1279w\" sizes=\"auto, (max-width: 1024px) 100vw, 1024px\" \/><figcaption class=\"wp-element-caption\">Imposto de renda &#8211; Cr\u00e9ditos depositphotos.com vtupinamba<\/figcaption><\/figure>\n\n\n\n<p>Outra inova\u00e7\u00e3o importante foi a amplia\u00e7\u00e3o da declara\u00e7\u00e3o pr\u00e9-preenchida, que estar\u00e1 dispon\u00edvel para 75% dos contribuintes. Esse recurso reduz erros e simplifica o processo de declara\u00e7\u00e3o. Quem \u00e9 isento por ganhar at\u00e9 dois sal\u00e1rios m\u00ednimos tamb\u00e9m poder\u00e1 optar por essa funcionalidade caso deseje declarar para fins espec\u00edficos, como comprova\u00e7\u00e3o de renda.<\/p>\n\n\n\n<h2 class=\"wp-block-heading\">Benef\u00edcios indiretos para contribuintes isentos<\/h2>\n\n\n\n<p>Embora os isentos n\u00e3o sejam obrigados a declarar, muitos poder\u00e3o se beneficiar da isen\u00e7\u00e3o tribut\u00e1ria, como maior capacidade de poupar ou investir. A medida \u00e9 particularmente relevante para trabalhadores que j\u00e1 enfrentam dificuldades com o custo de vida e infla\u00e7\u00e3o.<\/p>\n\n\n\n<h2 class=\"wp-block-heading\">Como se preparar para as mudan\u00e7as no Imposto de Renda<\/h2>\n\n\n\n<p>Para estar em dia com as obriga\u00e7\u00f5es fiscais, \u00e9 importante acompanhar as atualiza\u00e7\u00f5es diretamente no site da Receita Federal. Al\u00e9m disso, mantenha seus comprovantes de renda organizados, mesmo que seja isento, para facilitar processos como pedidos de cr\u00e9dito ou financiamentos.<\/p>\n\n\n\n<h3 class=\"wp-block-heading\">As mudan\u00e7as no Imposto de Renda para quem ganha at\u00e9 dois sal\u00e1rios m\u00ednimos representam um avan\u00e7o significativo na justi\u00e7a fiscal do Brasil. Essa atualiza\u00e7\u00e3o alivia a carga tribut\u00e1ria de milh\u00f5es de brasileiros, incentivando o consumo e garantindo maior equidade no sistema tribut\u00e1rio. Para informa\u00e7\u00f5es detalhadas, consulte a Receita Federal em seu site oficial\u200b.<\/h3>\n","protected":false},"excerpt":{"rendered":"<p>As mudan\u00e7as no Imposto de Renda em 2024 beneficiam trabalhadores que ganham at\u00e9 dois sal\u00e1rios m\u00ednimos, ampliando a faixa de isen\u00e7\u00e3o, ajustando al\u00edquotas e simplificando o processo de declara\u00e7\u00e3o.<\/p>\n","protected":false},"author":3,"featured_media":1021,"comment_status":"open","ping_status":"open","sticky":false,"template":"","format":"standard","meta":{"jnews-multi-image_gallery":[],"jnews_single_post":{"format":"standard"},"jnews_primary_category":[],"jnews_social_meta":[],"jnews_override_counter":[],"footnotes":""},"categories":[28],"tags":[714,716,713,715,354,717],"class_list":["post-985","post","type-post","status-publish","format-standard","has-post-thumbnail","hentry","category-economia","tag-aliquotas","tag-declaracao","tag-imposto-de-renda","tag-isencao","tag-mudancas","tag-salario-minimo"],"yoast_head":"<!-- This site is optimized with the Yoast SEO plugin v23.8 - https:\/\/yoast.com\/wordpress\/plugins\/seo\/ -->\n<title>Aten\u00e7\u00e3o! Fique atento com as mudan\u00e7as no Imposto de Renda para quem ganha at\u00e9 2 sal\u00e1rios m\u00ednimos - Estado de Minas - Em foco<\/title>\n<meta name=\"description\" content=\"As mudan\u00e7as no Imposto de Renda em 2024 beneficiam trabalhadores que ganham at\u00e9 dois sal\u00e1rios m\u00ednimos, ampliando a faixa de isen\u00e7\u00e3o\" \/>\n<meta name=\"robots\" content=\"index, follow, max-snippet:-1, max-image-preview:large, max-video-preview:-1\" \/>\n<link rel=\"canonical\" href=\"https:\/\/www.em.com.br\/emfoco\/2024\/11\/20\/atencao-fique-atento-com-as-mudancas-no-imposto-de-renda-para-quem-ganha-ate-2-salarios-minimos\/\" \/>\n<meta property=\"og:locale\" content=\"pt_BR\" \/>\n<meta property=\"og:type\" content=\"article\" \/>\n<meta property=\"og:title\" content=\"Aten\u00e7\u00e3o! Fique atento com as mudan\u00e7as no Imposto de Renda para quem ganha at\u00e9 2 sal\u00e1rios m\u00ednimos - Estado de Minas - Em foco\" \/>\n<meta property=\"og:description\" content=\"As mudan\u00e7as no Imposto de Renda em 2024 beneficiam trabalhadores que ganham at\u00e9 dois sal\u00e1rios m\u00ednimos, ampliando a faixa de isen\u00e7\u00e3o\" \/>\n<meta property=\"og:url\" content=\"https:\/\/www.em.com.br\/emfoco\/2024\/11\/20\/atencao-fique-atento-com-as-mudancas-no-imposto-de-renda-para-quem-ganha-ate-2-salarios-minimos\/\" \/>\n<meta property=\"og:site_name\" content=\"Estado de Minas - Em foco\" \/>\n<meta property=\"article:published_time\" content=\"2024-11-20T12:20:00+00:00\" \/>\n<meta property=\"article:modified_time\" content=\"2024-11-19T20:49:13+00:00\" \/>\n<meta property=\"og:image\" content=\"https:\/\/www.em.com.br\/emfoco\/wp-content\/uploads\/2024\/11\/Imposto-de-renda-Creditos-depositphotos.com-lifeonwhite.jpg\" \/>\n\t<meta property=\"og:image:width\" content=\"1280\" \/>\n\t<meta property=\"og:image:height\" content=\"720\" \/>\n\t<meta property=\"og:image:type\" content=\"image\/jpeg\" \/>\n<meta name=\"author\" content=\"Helen Palma\" \/>\n<meta name=\"twitter:card\" content=\"summary_large_image\" \/>\n<meta name=\"twitter:label1\" content=\"Escrito por\" \/>\n\t<meta name=\"twitter:data1\" content=\"Helen Palma\" \/>\n\t<meta name=\"twitter:label2\" content=\"Est. tempo de leitura\" \/>\n\t<meta name=\"twitter:data2\" content=\"3 minutos\" \/>\n<!-- \/ Yoast SEO plugin. -->","yoast_head_json":{"title":"Aten\u00e7\u00e3o! Fique atento com as mudan\u00e7as no Imposto de Renda para quem ganha at\u00e9 2 sal\u00e1rios m\u00ednimos - Estado de Minas - Em foco","description":"As mudan\u00e7as no Imposto de Renda em 2024 beneficiam trabalhadores que ganham at\u00e9 dois sal\u00e1rios m\u00ednimos, ampliando a faixa de isen\u00e7\u00e3o","robots":{"index":"index","follow":"follow","max-snippet":"max-snippet:-1","max-image-preview":"max-image-preview:large","max-video-preview":"max-video-preview:-1"},"canonical":"https:\/\/www.em.com.br\/emfoco\/2024\/11\/20\/atencao-fique-atento-com-as-mudancas-no-imposto-de-renda-para-quem-ganha-ate-2-salarios-minimos\/","og_locale":"pt_BR","og_type":"article","og_title":"Aten\u00e7\u00e3o! Fique atento com as mudan\u00e7as no Imposto de Renda para quem ganha at\u00e9 2 sal\u00e1rios m\u00ednimos - Estado de Minas - Em foco","og_description":"As mudan\u00e7as no Imposto de Renda em 2024 beneficiam trabalhadores que ganham at\u00e9 dois sal\u00e1rios m\u00ednimos, ampliando a faixa de isen\u00e7\u00e3o","og_url":"https:\/\/www.em.com.br\/emfoco\/2024\/11\/20\/atencao-fique-atento-com-as-mudancas-no-imposto-de-renda-para-quem-ganha-ate-2-salarios-minimos\/","og_site_name":"Estado de Minas - Em foco","article_published_time":"2024-11-20T12:20:00+00:00","article_modified_time":"2024-11-19T20:49:13+00:00","og_image":[{"width":1280,"height":720,"url":"https:\/\/www.em.com.br\/emfoco\/wp-content\/uploads\/2024\/11\/Imposto-de-renda-Creditos-depositphotos.com-lifeonwhite.jpg","type":"image\/jpeg"}],"author":"Helen Palma","twitter_card":"summary_large_image","twitter_misc":{"Escrito por":"Helen Palma","Est. tempo de leitura":"3 minutos"},"schema":{"@context":"https:\/\/schema.org","@graph":[{"@type":"WebPage","@id":"https:\/\/www.em.com.br\/emfoco\/2024\/11\/20\/atencao-fique-atento-com-as-mudancas-no-imposto-de-renda-para-quem-ganha-ate-2-salarios-minimos\/","url":"https:\/\/www.em.com.br\/emfoco\/2024\/11\/20\/atencao-fique-atento-com-as-mudancas-no-imposto-de-renda-para-quem-ganha-ate-2-salarios-minimos\/","name":"Aten\u00e7\u00e3o! Fique atento com as mudan\u00e7as no Imposto de Renda para quem ganha at\u00e9 2 sal\u00e1rios m\u00ednimos - Estado de Minas - Em foco","isPartOf":{"@id":"https:\/\/www.em.com.br\/emfoco\/#website"},"primaryImageOfPage":{"@id":"https:\/\/www.em.com.br\/emfoco\/2024\/11\/20\/atencao-fique-atento-com-as-mudancas-no-imposto-de-renda-para-quem-ganha-ate-2-salarios-minimos\/#primaryimage"},"image":{"@id":"https:\/\/www.em.com.br\/emfoco\/2024\/11\/20\/atencao-fique-atento-com-as-mudancas-no-imposto-de-renda-para-quem-ganha-ate-2-salarios-minimos\/#primaryimage"},"thumbnailUrl":"https:\/\/www.em.com.br\/emfoco\/wp-content\/uploads\/2024\/11\/Imposto-de-renda-Creditos-depositphotos.com-lifeonwhite.jpg","datePublished":"2024-11-20T12:20:00+00:00","dateModified":"2024-11-19T20:49:13+00:00","author":{"@id":"https:\/\/www.em.com.br\/emfoco\/#\/schema\/person\/d79d5c83ee37ab7ca6781d92bd406eac"},"description":"As mudan\u00e7as no Imposto de Renda em 2024 beneficiam trabalhadores que ganham at\u00e9 dois sal\u00e1rios m\u00ednimos, ampliando a faixa de isen\u00e7\u00e3o","breadcrumb":{"@id":"https:\/\/www.em.com.br\/emfoco\/2024\/11\/20\/atencao-fique-atento-com-as-mudancas-no-imposto-de-renda-para-quem-ganha-ate-2-salarios-minimos\/#breadcrumb"},"inLanguage":"pt-BR","potentialAction":[{"@type":"ReadAction","target":["https:\/\/www.em.com.br\/emfoco\/2024\/11\/20\/atencao-fique-atento-com-as-mudancas-no-imposto-de-renda-para-quem-ganha-ate-2-salarios-minimos\/"]}]},{"@type":"ImageObject","inLanguage":"pt-BR","@id":"https:\/\/www.em.com.br\/emfoco\/2024\/11\/20\/atencao-fique-atento-com-as-mudancas-no-imposto-de-renda-para-quem-ganha-ate-2-salarios-minimos\/#primaryimage","url":"https:\/\/www.em.com.br\/emfoco\/wp-content\/uploads\/2024\/11\/Imposto-de-renda-Creditos-depositphotos.com-lifeonwhite.jpg","contentUrl":"https:\/\/www.em.com.br\/emfoco\/wp-content\/uploads\/2024\/11\/Imposto-de-renda-Creditos-depositphotos.com-lifeonwhite.jpg","width":1280,"height":720,"caption":"Imposto de renda - Cr\u00e9ditos depositphotos.com lifeonwhite"},{"@type":"BreadcrumbList","@id":"https:\/\/www.em.com.br\/emfoco\/2024\/11\/20\/atencao-fique-atento-com-as-mudancas-no-imposto-de-renda-para-quem-ganha-ate-2-salarios-minimos\/#breadcrumb","itemListElement":[{"@type":"ListItem","position":1,"name":"In\u00edcio","item":"https:\/\/www.em.com.br\/emfoco\/"},{"@type":"ListItem","position":2,"name":"Aten\u00e7\u00e3o! Fique atento com as mudan\u00e7as no Imposto de Renda para quem ganha at\u00e9 2 sal\u00e1rios m\u00ednimos"}]},{"@type":"WebSite","@id":"https:\/\/www.em.com.br\/emfoco\/#website","url":"https:\/\/www.em.com.br\/emfoco\/","name":"Estado de Minas - Em foco","description":"Acompanhe as \u00faltimas not\u00edcias e fique bem informado sobre tudo o que acontece em Minas Gerais, Brasil e no mundo.","potentialAction":[{"@type":"SearchAction","target":{"@type":"EntryPoint","urlTemplate":"https:\/\/www.em.com.br\/emfoco\/?s={search_term_string}"},"query-input":{"@type":"PropertyValueSpecification","valueRequired":true,"valueName":"search_term_string"}}],"inLanguage":"pt-BR"},{"@type":"Person","@id":"https:\/\/www.em.com.br\/emfoco\/#\/schema\/person\/d79d5c83ee37ab7ca6781d92bd406eac","name":"Helen Palma","image":{"@type":"ImageObject","inLanguage":"pt-BR","@id":"https:\/\/www.em.com.br\/emfoco\/#\/schema\/person\/image\/","url":"https:\/\/secure.gravatar.com\/avatar\/c657d9266c25fd5b35a8a6274fb730cd?s=96&d=mm&r=g","contentUrl":"https:\/\/secure.gravatar.com\/avatar\/c657d9266c25fd5b35a8a6274fb730cd?s=96&d=mm&r=g","caption":"Helen Palma"},"url":"https:\/\/www.em.com.br\/emfoco\/author\/helenmyth\/"}]}},"_links":{"self":[{"href":"https:\/\/www.em.com.br\/emfoco\/wp-json\/wp\/v2\/posts\/985","targetHints":{"allow":["GET"]}}],"collection":[{"href":"https:\/\/www.em.com.br\/emfoco\/wp-json\/wp\/v2\/posts"}],"about":[{"href":"https:\/\/www.em.com.br\/emfoco\/wp-json\/wp\/v2\/types\/post"}],"author":[{"embeddable":true,"href":"https:\/\/www.em.com.br\/emfoco\/wp-json\/wp\/v2\/users\/3"}],"replies":[{"embeddable":true,"href":"https:\/\/www.em.com.br\/emfoco\/wp-json\/wp\/v2\/comments?post=985"}],"version-history":[{"count":2,"href":"https:\/\/www.em.com.br\/emfoco\/wp-json\/wp\/v2\/posts\/985\/revisions"}],"predecessor-version":[{"id":1023,"href":"https:\/\/www.em.com.br\/emfoco\/wp-json\/wp\/v2\/posts\/985\/revisions\/1023"}],"wp:featuredmedia":[{"embeddable":true,"href":"https:\/\/www.em.com.br\/emfoco\/wp-json\/wp\/v2\/media\/1021"}],"wp:attachment":[{"href":"https:\/\/www.em.com.br\/emfoco\/wp-json\/wp\/v2\/media?parent=985"}],"wp:term":[{"taxonomy":"category","embeddable":true,"href":"https:\/\/www.em.com.br\/emfoco\/wp-json\/wp\/v2\/categories?post=985"},{"taxonomy":"post_tag","embeddable":true,"href":"https:\/\/www.em.com.br\/emfoco\/wp-json\/wp\/v2\/tags?post=985"}],"curies":[{"name":"wp","href":"https:\/\/api.w.org\/{rel}","templated":true}]}}