{"id":98279,"date":"2025-08-30T12:08:56","date_gmt":"2025-08-30T15:08:56","guid":{"rendered":"https:\/\/www.em.com.br\/emfoco\/?p=98279"},"modified":"2025-08-30T09:20:01","modified_gmt":"2025-08-30T12:20:01","slug":"fernando-azor-alerta-pacientes-se-tomou-esses-remedios-saiba-como-lidar-com-a-ansiedade-de-verdade","status":"publish","type":"post","link":"https:\/\/www.em.com.br\/emfoco\/2025\/08\/30\/fernando-azor-alerta-pacientes-se-tomou-esses-remedios-saiba-como-lidar-com-a-ansiedade-de-verdade\/","title":{"rendered":"Fernando Azor, alerta pacientes: &#8220;Se tomou esses rem\u00e9dios, saiba como lidar com a ansiedade de verdade&#8221;"},"content":{"rendered":"\n<p>A ansiedade \u00e9 uma rea\u00e7\u00e3o natural do corpo a situa\u00e7\u00f5es estressantes, uma emo\u00e7\u00e3o que todos experimentam em algum grau. No entanto, quando essa emo\u00e7\u00e3o se torna constante e debilitante, muitos recorrem a medicamentos como o <strong>Lorazepam<\/strong> e o <strong>Alprazolam<\/strong> para buscar al\u00edvio. Esses f\u00e1rmacos, conhecidos por sua <a href=\"https:\/\/www.em.com.br\/emfoco\/2025\/08\/28\/o-treino-que-tonifica-corpo-e-aumenta-capacidade-cardiovascular\/\" target=\"_blank\" rel=\"noopener\">capacidade<\/a> de reduzir rapidamente os sintomas de ansiedade, desempenham um papel importante no tratamento de crises agudas. Contudo, h\u00e1 um aspecto crucial que precisa ser considerado: a compreens\u00e3o do que est\u00e1 realmente impulsionando essa ansiedade.<\/p>\n\n\n\n<p><a href=\"https:\/\/www.tiktok.com\/@azorfernando\" target=\"_blank\" rel=\"noopener\">Fernando Azor<\/a>, psic\u00f3logo cl\u00ednico, ressalta que os ansiol\u00edticos, embora eficazes na redu\u00e7\u00e3o dos n\u00edveis de alerta e preocupa\u00e7\u00e3o, n\u00e3o s\u00e3o a solu\u00e7\u00e3o para a raiz do problema. Ele destaca que o uso cont\u00ednuo pode levar a uma depend\u00eancia emocional e f\u00edsica, dificultando o desenvolvimento de habilidades para o gerenciamento independente da ansiedade. As pessoas frequentemente veem as sensa\u00e7\u00f5es f\u00edsicas de ansiedade, como batimentos card\u00edacos acelerados ou vis\u00e3o turva, como amea\u00e7as a serem evitadas a qualquer custo.<\/p>\n\n\n\n<h2 class=\"wp-block-heading\">Qual \u00e9 o papel dos ansiol\u00edticos no tratamento da ansiedade?<\/h2>\n\n\n\n<p>Os <em>ansiol\u00edticos<\/em> s\u00e3o prescritos para aliviar os sintomas de ansiedade, proporcionando um al\u00edvio r\u00e1pido e tempor\u00e1rio. Azor explica que, embora eles ajudem a reduzir a intensidade desses sintomas, tamb\u00e9m refor\u00e7am a percep\u00e7\u00e3o de que essas sensa\u00e7\u00f5es s\u00e3o perigosas e intoler\u00e1veis. O uso constante pode impedir o desenvolvimento de m\u00e9todos para enfrentar a ansiedade de maneira mais saud\u00e1vel e sustent\u00e1vel. Al\u00e9m disso, organismos como a <strong>Organiza\u00e7\u00e3o Mundial da Sa\u00fade<\/strong> recomendam que o uso desses medicamentos seja acompanhado de acompanhamento psicol\u00f3gico, especialmente em casos de uso prolongado, para minimizar riscos de depend\u00eancia.<\/p>\n\n\n\n<h2 class=\"wp-block-heading\">Como a terapia pode ajudar no tratamento da ansiedade?<\/h2>\n\n\n\n<p>A psicoterapia surge como uma alternativa valiosa ao tratamento exclusivo com medicamentos. Trabalhando com um terapeuta, os indiv\u00edduos podem aprender a desenvolver estrat\u00e9gias de enfrentamento que permitem lidar com a ansiedade de uma forma que os medicamentos n\u00e3o conseguem por si s\u00f3. A terapia busca capacitar as pessoas a vivenciar essas emo\u00e7\u00f5es sem medo, promovendo uma conviv\u00eancia mais racional e menos emocionalmente carregada com a ansiedade. Abordagens como a terapia cognitivo-comportamental t\u00eam se mostrado eficazes em v\u00e1rios pa\u00edses, incluindo o <strong>Brasil<\/strong>, ajudando pacientes a identificar e modificar padr\u00f5es de pensamento que alimentam a ansiedade.<\/p>\n\n\n<div class=\"wp-block-image\">\n<figure class=\"aligncenter size-large\"><img loading=\"lazy\" decoding=\"async\" width=\"1024\" height=\"576\" src=\"https:\/\/www.em.com.br\/emfoco\/wp-content\/uploads\/2025\/08\/remedio_1756499131815-1024x576.jpg\" alt=\"\" class=\"wp-image-98362\" srcset=\"https:\/\/www.em.com.br\/emfoco\/wp-content\/uploads\/2025\/08\/remedio_1756499131815-1024x576.jpg 1024w, https:\/\/www.em.com.br\/emfoco\/wp-content\/uploads\/2025\/08\/remedio_1756499131815-300x169.jpg 300w, https:\/\/www.em.com.br\/emfoco\/wp-content\/uploads\/2025\/08\/remedio_1756499131815-768x432.jpg 768w, https:\/\/www.em.com.br\/emfoco\/wp-content\/uploads\/2025\/08\/remedio_1756499131815-750x422.jpg 750w, https:\/\/www.em.com.br\/emfoco\/wp-content\/uploads\/2025\/08\/remedio_1756499131815-1140x641.jpg 1140w, https:\/\/www.em.com.br\/emfoco\/wp-content\/uploads\/2025\/08\/remedio_1756499131815.jpg 1280w\" sizes=\"auto, (max-width: 1024px) 100vw, 1024px\" \/><figcaption class=\"wp-element-caption\">O uso de medicamentos para ansiedade n\u00e3o deve ser descartado &#8211; Cr\u00e9ditos: depositphotos.com \/ 18percentgrey<\/figcaption><\/figure><\/div>\n\n\n<h2 class=\"wp-block-heading\">Por que \u00e9 importante identificar a causa subjacente da ansiedade?<\/h2>\n\n\n\n<p>Azor enfatiza a import\u00e2ncia de explorar as ra\u00edzes emocionais e psicol\u00f3gicas por tr\u00e1s da ansiedade, uma etapa vital para minimizar a frequ\u00eancia de crises futuras. Entender o que provoca a ansiedade permite que as pessoas desenvolvam recursos internos, tornando-as menos dependentes de solu\u00e7\u00f5es farmacol\u00f3gicas. Ao inv\u00e9s de apenas mitigar os sintomas, este processo ajuda a transformar a ansiedade em uma resposta compreens\u00edvel e gerenci\u00e1vel. O apoio de familiares e amigos pode fazer diferen\u00e7a nesse processo, assim como grupos de apoio em cidades grandes como <strong>S\u00e3o Paulo<\/strong> e <strong>Rio de Janeiro<\/strong>, onde h\u00e1 maior oferta desses servi\u00e7os.<\/p>\n\n\n\n<h2 class=\"wp-block-heading\">Medica\u00e7\u00e3o ou terapias alternativas: qual abordagem escolher?<\/h2>\n\n\n\n<p>O uso de medicamentos para ansiedade n\u00e3o deve ser descartado, mas \u00e9 melhor visto como uma parte do tratamento global. A abordagem integrada, que combina medica\u00e7\u00e3o com terapias comportamentais, permite que as pessoas n\u00e3o apenas controlem os sintomas, mas tamb\u00e9m enfrentem a ansiedade de uma forma que promove o crescimento pessoal. Assim, mesmo que a ajuda farmacol\u00f3gica seja \u00fatil em momentos cr\u00edticos, a verdadeira evolu\u00e7\u00e3o ocorre quando se adquire um melhor autoconhecimento e se desenvolvem ferramentas pessoais para enfrentar desafios emocionais. Segundo pesquisas publicadas em <strong>2023<\/strong>, tratamentos combinados tendem a apresentar resultados mais duradouros e est\u00e1veis a longo prazo.<\/p>\n\n\n\n<p>A mensagem central \u00e9 que o tratamento da ansiedade deve ser abrangente, incluindo tanto os medicamentos como estrat\u00e9gias terap\u00eauticas de longo prazo. Olhar para a ansiedade de um jeito menos medicalizado e mais humano pode fazer toda diferen\u00e7a no processo de cura. Uma abordagem hol\u00edstica e equilibrada pode oferecer uma vida com menos medo e mais controle sobre as pr\u00f3prias emo\u00e7\u00f5es.<\/p>\n","protected":false},"excerpt":{"rendered":"<p>A ansiedade \u00e9 uma rea\u00e7\u00e3o natural do corpo a situa\u00e7\u00f5es estressantes, uma emo\u00e7\u00e3o que todos experimentam em algum grau. No entanto, quando essa emo\u00e7\u00e3o se torna constante e debilitante, muitos recorrem a medicamentos como o Lorazepam e o Alprazolam para buscar al\u00edvio. Esses f\u00e1rmacos, conhecidos por sua capacidade de reduzir rapidamente os sintomas de ansiedade, [&hellip;]<\/p>\n","protected":false},"author":9,"featured_media":98356,"comment_status":"open","ping_status":"open","sticky":false,"template":"","format":"standard","meta":{"jnews-multi-image_gallery":[],"jnews_single_post":{"format":"standard"},"jnews_primary_category":[],"jnews_social_meta":[],"jnews_override_counter":[],"footnotes":""},"categories":[8691,1],"tags":[4947,2211,410,5519],"class_list":["post-98279","post","type-post","status-publish","format-standard","has-post-thumbnail","hentry","category-bem-estar","category-noticias","tag-ansiedade","tag-medicamentos","tag-saude-mental","tag-terapia"],"yoast_head":"<!-- This site is optimized with the Yoast SEO plugin v23.8 - https:\/\/yoast.com\/wordpress\/plugins\/seo\/ -->\n<title>Fernando Azor, alerta pacientes: &quot;Se tomou esses rem\u00e9dios, saiba como lidar com a ansiedade de verdade&quot;<\/title>\n<meta name=\"description\" content=\"Lorazepam e alprazolam aliviam sintomas mas Fernando Azor revela o que faz a ansiedade diminuir de verdade.\" \/>\n<meta name=\"robots\" content=\"index, follow, max-snippet:-1, max-image-preview:large, max-video-preview:-1\" \/>\n<link rel=\"canonical\" href=\"https:\/\/www.em.com.br\/emfoco\/2025\/08\/30\/fernando-azor-alerta-pacientes-se-tomou-esses-remedios-saiba-como-lidar-com-a-ansiedade-de-verdade\/\" \/>\n<meta property=\"og:locale\" content=\"pt_BR\" \/>\n<meta property=\"og:type\" content=\"article\" \/>\n<meta property=\"og:title\" content=\"Fernando Azor, alerta pacientes: &quot;Se tomou esses rem\u00e9dios, saiba como lidar com a ansiedade de verdade&quot;\" \/>\n<meta property=\"og:description\" content=\"Lorazepam e alprazolam aliviam sintomas mas Fernando Azor revela o que faz a ansiedade diminuir de verdade.\" \/>\n<meta property=\"og:url\" content=\"https:\/\/www.em.com.br\/emfoco\/2025\/08\/30\/fernando-azor-alerta-pacientes-se-tomou-esses-remedios-saiba-como-lidar-com-a-ansiedade-de-verdade\/\" \/>\n<meta property=\"og:site_name\" content=\"Estado de Minas - Em foco\" \/>\n<meta property=\"article:published_time\" content=\"2025-08-30T15:08:56+00:00\" \/>\n<meta property=\"article:modified_time\" content=\"2025-08-30T12:20:01+00:00\" \/>\n<meta property=\"og:image\" content=\"https:\/\/www.em.com.br\/emfoco\/wp-content\/uploads\/2025\/08\/mosaico_1756498956572.png\" \/>\n\t<meta property=\"og:image:width\" content=\"1280\" \/>\n\t<meta property=\"og:image:height\" content=\"720\" \/>\n\t<meta property=\"og:image:type\" content=\"image\/png\" \/>\n<meta name=\"author\" content=\"Daniely Cardoso\" \/>\n<meta name=\"twitter:card\" content=\"summary_large_image\" \/>\n<meta name=\"twitter:label1\" content=\"Escrito por\" \/>\n\t<meta name=\"twitter:data1\" content=\"Daniely Cardoso\" \/>\n\t<meta name=\"twitter:label2\" content=\"Est. tempo de leitura\" \/>\n\t<meta name=\"twitter:data2\" content=\"4 minutos\" \/>\n<!-- \/ Yoast SEO plugin. -->","yoast_head_json":{"title":"Fernando Azor, alerta pacientes: \"Se tomou esses rem\u00e9dios, saiba como lidar com a ansiedade de verdade\"","description":"Lorazepam e alprazolam aliviam sintomas mas Fernando Azor revela o que faz a ansiedade diminuir de verdade.","robots":{"index":"index","follow":"follow","max-snippet":"max-snippet:-1","max-image-preview":"max-image-preview:large","max-video-preview":"max-video-preview:-1"},"canonical":"https:\/\/www.em.com.br\/emfoco\/2025\/08\/30\/fernando-azor-alerta-pacientes-se-tomou-esses-remedios-saiba-como-lidar-com-a-ansiedade-de-verdade\/","og_locale":"pt_BR","og_type":"article","og_title":"Fernando Azor, alerta pacientes: \"Se tomou esses rem\u00e9dios, saiba como lidar com a ansiedade de verdade\"","og_description":"Lorazepam e alprazolam aliviam sintomas mas Fernando Azor revela o que faz a ansiedade diminuir de verdade.","og_url":"https:\/\/www.em.com.br\/emfoco\/2025\/08\/30\/fernando-azor-alerta-pacientes-se-tomou-esses-remedios-saiba-como-lidar-com-a-ansiedade-de-verdade\/","og_site_name":"Estado de Minas - Em foco","article_published_time":"2025-08-30T15:08:56+00:00","article_modified_time":"2025-08-30T12:20:01+00:00","og_image":[{"width":1280,"height":720,"url":"https:\/\/www.em.com.br\/emfoco\/wp-content\/uploads\/2025\/08\/mosaico_1756498956572.png","type":"image\/png"}],"author":"Daniely Cardoso","twitter_card":"summary_large_image","twitter_misc":{"Escrito por":"Daniely Cardoso","Est. tempo de leitura":"4 minutos"},"schema":{"@context":"https:\/\/schema.org","@graph":[{"@type":"WebPage","@id":"https:\/\/www.em.com.br\/emfoco\/2025\/08\/30\/fernando-azor-alerta-pacientes-se-tomou-esses-remedios-saiba-como-lidar-com-a-ansiedade-de-verdade\/","url":"https:\/\/www.em.com.br\/emfoco\/2025\/08\/30\/fernando-azor-alerta-pacientes-se-tomou-esses-remedios-saiba-como-lidar-com-a-ansiedade-de-verdade\/","name":"Fernando Azor, alerta pacientes: \"Se tomou esses rem\u00e9dios, saiba como lidar com a ansiedade de verdade\"","isPartOf":{"@id":"https:\/\/www.em.com.br\/emfoco\/#website"},"primaryImageOfPage":{"@id":"https:\/\/www.em.com.br\/emfoco\/2025\/08\/30\/fernando-azor-alerta-pacientes-se-tomou-esses-remedios-saiba-como-lidar-com-a-ansiedade-de-verdade\/#primaryimage"},"image":{"@id":"https:\/\/www.em.com.br\/emfoco\/2025\/08\/30\/fernando-azor-alerta-pacientes-se-tomou-esses-remedios-saiba-como-lidar-com-a-ansiedade-de-verdade\/#primaryimage"},"thumbnailUrl":"https:\/\/www.em.com.br\/emfoco\/wp-content\/uploads\/2025\/08\/mosaico_1756498956572.png","datePublished":"2025-08-30T15:08:56+00:00","dateModified":"2025-08-30T12:20:01+00:00","author":{"@id":"https:\/\/www.em.com.br\/emfoco\/#\/schema\/person\/0a8186d72f2c3a5c6276d90b41f271a0"},"description":"Lorazepam e alprazolam aliviam sintomas mas Fernando Azor revela o que faz a ansiedade diminuir de verdade.","breadcrumb":{"@id":"https:\/\/www.em.com.br\/emfoco\/2025\/08\/30\/fernando-azor-alerta-pacientes-se-tomou-esses-remedios-saiba-como-lidar-com-a-ansiedade-de-verdade\/#breadcrumb"},"inLanguage":"pt-BR","potentialAction":[{"@type":"ReadAction","target":["https:\/\/www.em.com.br\/emfoco\/2025\/08\/30\/fernando-azor-alerta-pacientes-se-tomou-esses-remedios-saiba-como-lidar-com-a-ansiedade-de-verdade\/"]}]},{"@type":"ImageObject","inLanguage":"pt-BR","@id":"https:\/\/www.em.com.br\/emfoco\/2025\/08\/30\/fernando-azor-alerta-pacientes-se-tomou-esses-remedios-saiba-como-lidar-com-a-ansiedade-de-verdade\/#primaryimage","url":"https:\/\/www.em.com.br\/emfoco\/wp-content\/uploads\/2025\/08\/mosaico_1756498956572.png","contentUrl":"https:\/\/www.em.com.br\/emfoco\/wp-content\/uploads\/2025\/08\/mosaico_1756498956572.png","width":1280,"height":720,"caption":"A ansiedade \u00e9 uma rea\u00e7\u00e3o natural do corpo a situa\u00e7\u00f5es estressantes - Reprodu\u00e7\u00e3o (TikTok: azorfernando) Cr\u00e9ditos: depositphotos.com \/ ArturVerkhovetskiy"},{"@type":"BreadcrumbList","@id":"https:\/\/www.em.com.br\/emfoco\/2025\/08\/30\/fernando-azor-alerta-pacientes-se-tomou-esses-remedios-saiba-como-lidar-com-a-ansiedade-de-verdade\/#breadcrumb","itemListElement":[{"@type":"ListItem","position":1,"name":"In\u00edcio","item":"https:\/\/www.em.com.br\/emfoco\/"},{"@type":"ListItem","position":2,"name":"Fernando Azor, alerta pacientes: &#8220;Se tomou esses rem\u00e9dios, saiba como lidar com a ansiedade de verdade&#8221;"}]},{"@type":"WebSite","@id":"https:\/\/www.em.com.br\/emfoco\/#website","url":"https:\/\/www.em.com.br\/emfoco\/","name":"Estado de Minas - Em foco","description":"Acompanhe as \u00faltimas not\u00edcias e fique bem informado sobre tudo o que acontece em Minas Gerais, Brasil e no mundo.","potentialAction":[{"@type":"SearchAction","target":{"@type":"EntryPoint","urlTemplate":"https:\/\/www.em.com.br\/emfoco\/?s={search_term_string}"},"query-input":{"@type":"PropertyValueSpecification","valueRequired":true,"valueName":"search_term_string"}}],"inLanguage":"pt-BR"},{"@type":"Person","@id":"https:\/\/www.em.com.br\/emfoco\/#\/schema\/person\/0a8186d72f2c3a5c6276d90b41f271a0","name":"Daniely Cardoso","image":{"@type":"ImageObject","inLanguage":"pt-BR","@id":"https:\/\/www.em.com.br\/emfoco\/#\/schema\/person\/image\/","url":"https:\/\/secure.gravatar.com\/avatar\/4b80ddbd124d1f071b626d52d62e5dff?s=96&d=mm&r=g","contentUrl":"https:\/\/secure.gravatar.com\/avatar\/4b80ddbd124d1f071b626d52d62e5dff?s=96&d=mm&r=g","caption":"Daniely Cardoso"},"url":"https:\/\/www.em.com.br\/emfoco\/author\/danielymyth\/"}]}},"_links":{"self":[{"href":"https:\/\/www.em.com.br\/emfoco\/wp-json\/wp\/v2\/posts\/98279","targetHints":{"allow":["GET"]}}],"collection":[{"href":"https:\/\/www.em.com.br\/emfoco\/wp-json\/wp\/v2\/posts"}],"about":[{"href":"https:\/\/www.em.com.br\/emfoco\/wp-json\/wp\/v2\/types\/post"}],"author":[{"embeddable":true,"href":"https:\/\/www.em.com.br\/emfoco\/wp-json\/wp\/v2\/users\/9"}],"replies":[{"embeddable":true,"href":"https:\/\/www.em.com.br\/emfoco\/wp-json\/wp\/v2\/comments?post=98279"}],"version-history":[{"count":3,"href":"https:\/\/www.em.com.br\/emfoco\/wp-json\/wp\/v2\/posts\/98279\/revisions"}],"predecessor-version":[{"id":98592,"href":"https:\/\/www.em.com.br\/emfoco\/wp-json\/wp\/v2\/posts\/98279\/revisions\/98592"}],"wp:featuredmedia":[{"embeddable":true,"href":"https:\/\/www.em.com.br\/emfoco\/wp-json\/wp\/v2\/media\/98356"}],"wp:attachment":[{"href":"https:\/\/www.em.com.br\/emfoco\/wp-json\/wp\/v2\/media?parent=98279"}],"wp:term":[{"taxonomy":"category","embeddable":true,"href":"https:\/\/www.em.com.br\/emfoco\/wp-json\/wp\/v2\/categories?post=98279"},{"taxonomy":"post_tag","embeddable":true,"href":"https:\/\/www.em.com.br\/emfoco\/wp-json\/wp\/v2\/tags?post=98279"}],"curies":[{"name":"wp","href":"https:\/\/api.w.org\/{rel}","templated":true}]}}