{"id":98249,"date":"2025-09-01T19:08:00","date_gmt":"2025-09-01T22:08:00","guid":{"rendered":"https:\/\/www.em.com.br\/emfoco\/?p=98249"},"modified":"2025-08-29T16:24:38","modified_gmt":"2025-08-29T19:24:38","slug":"como-evitar-poeira-nos-moveis-por-mais-tempo-usando-um-produto-caseiro","status":"publish","type":"post","link":"https:\/\/www.em.com.br\/emfoco\/2025\/09\/01\/como-evitar-poeira-nos-moveis-por-mais-tempo-usando-um-produto-caseiro\/","title":{"rendered":"Como evitar poeira nos m\u00f3veis por mais tempo usando um produto caseiro"},"content":{"rendered":"\n<p>Manter os m\u00f3veis livres de poeira \u00e9 um desafio di\u00e1rio, mas um truque simples com um <strong>produto caseiro comum<\/strong> pode prolongar a limpeza e reduzir a sujeira acumulada.<\/p>\n\n\n\n<ul class=\"wp-block-list\">\n<li>Qual produto simples ajuda a repelir a poeira<\/li>\n\n\n\n<li>Como aplicar corretamente nos m\u00f3veis<\/li>\n\n\n\n<li>Cuidados extras que potencializam o resultado<\/li>\n<\/ul>\n\n\n\n<h2 class=\"wp-block-heading\">Qual produto simples realmente ajuda a repelir a poeira?<\/h2>\n\n\n\n<p>Um dos aliados mais eficazes contra a poeira \u00e9 o <strong>amaciante de roupas<\/strong>. Esse<strong><a href=\"https:\/\/www.em.com.br\/emfoco\/2025\/08\/11\/aprenda-a-manter-seus-pes-sempre-hidratados-com-esses-produtos-caseiros\/\" target=\"_blank\" rel=\"noreferrer noopener\"> produto caseiro<\/a><\/strong>, presente em quase todos os lares, cria uma fina camada protetora que reduz a ader\u00eancia das part\u00edculas de sujeira nos m\u00f3veis.<\/p>\n\n\n\n<p>Quando dilu\u00eddo em \u00e1gua e aplicado corretamente, o amaciante mant\u00e9m as superf\u00edcies limpas por mais tempo, deixando ainda um aroma agrad\u00e1vel no ambiente. A a\u00e7\u00e3o antiest\u00e1tica \u00e9 o segredo para prolongar o brilho e a sensa\u00e7\u00e3o de frescor da casa.<\/p>\n\n\n\n<figure class=\"wp-block-image size-large\"><img loading=\"lazy\" decoding=\"async\" width=\"1024\" height=\"576\" src=\"https:\/\/www.em.com.br\/emfoco\/wp-content\/uploads\/2025\/08\/amaciante-de-roupas_1756495256500-1024x576.jpg\" alt=\"Como identificar urgentemente se seu cabelo precisa de hidrata\u00e7\u00e3o\" class=\"wp-image-98262\" srcset=\"https:\/\/www.em.com.br\/emfoco\/wp-content\/uploads\/2025\/08\/amaciante-de-roupas_1756495256500-1024x576.jpg 1024w, https:\/\/www.em.com.br\/emfoco\/wp-content\/uploads\/2025\/08\/amaciante-de-roupas_1756495256500-300x169.jpg 300w, https:\/\/www.em.com.br\/emfoco\/wp-content\/uploads\/2025\/08\/amaciante-de-roupas_1756495256500-768x432.jpg 768w, https:\/\/www.em.com.br\/emfoco\/wp-content\/uploads\/2025\/08\/amaciante-de-roupas_1756495256500-750x422.jpg 750w, https:\/\/www.em.com.br\/emfoco\/wp-content\/uploads\/2025\/08\/amaciante-de-roupas_1756495256500-1140x641.jpg 1140w, https:\/\/www.em.com.br\/emfoco\/wp-content\/uploads\/2025\/08\/amaciante-de-roupas_1756495256500.jpg 1280w\" sizes=\"auto, (max-width: 1024px) 100vw, 1024px\" \/><figcaption class=\"wp-element-caption\">Utilizar amaciante de roupas nos m\u00f3veis ir\u00e1 mant\u00ea-los limpos por mais tempo &#8211; Cr\u00e9ditos: depositphotos.com \/ Tinatin1<\/figcaption><\/figure>\n\n\n\n<h2 class=\"wp-block-heading\">Como aplicar esse truque da forma correta nos m\u00f3veis?<\/h2>\n\n\n\n<p>Para usar o <strong>amaciante como repelente de poeira<\/strong>, basta dilu\u00ed-lo em \u00e1gua e aplicar com um pano macio. Essa mistura deve ser leve para n\u00e3o deixar res\u00edduos vis\u00edveis ou prejudicar o acabamento dos m\u00f3veis.<\/p>\n\n\n\n<p>O ideal \u00e9 repetir a aplica\u00e7\u00e3o semanalmente, mantendo a superf\u00edcie protegida de forma cont\u00ednua. Esse cuidado cria uma barreira quase invis\u00edvel que reduz a necessidade de limpezas muito frequentes.<\/p>\n\n\n\n<h2 class=\"wp-block-heading\">Quais cuidados extras podem potencializar esse resultado?<\/h2>\n\n\n\n<p>Al\u00e9m da aplica\u00e7\u00e3o do produto, alguns h\u00e1bitos simples ajudam a manter os m\u00f3veis livres de poeira por mais tempo. Ajustar o ambiente e a rotina de limpeza \u00e9 fundamental para otimizar o efeito do amaciante.<\/p>\n\n\n\n<p>Com pequenas mudan\u00e7as no dia a dia, \u00e9 poss\u00edvel diminuir consideravelmente a quantidade de part\u00edculas que circulam pela casa.<\/p>\n\n\n\n<ul class=\"wp-block-list\">\n<li>Evite deixar janelas abertas em dias de muito vento<\/li>\n\n\n\n<li>Utilize aspirador de p\u00f3 em vez de vassoura<\/li>\n\n\n\n<li>Troque filtros de ar-condicionado regularmente<\/li>\n\n\n\n<li>Mantenha tecidos como cortinas e tapetes limpos<\/li>\n<\/ul>\n\n\n\n<figure class=\"wp-block-image size-large\"><img loading=\"lazy\" decoding=\"async\" width=\"1024\" height=\"576\" src=\"https:\/\/www.em.com.br\/emfoco\/wp-content\/uploads\/2025\/07\/poeira_1753798019091-1024x576.jpg\" alt=\"Como reduzir \u00e1caros e poeira para um ambiente mais saud\u00e1vel e longe de alergias\" class=\"wp-image-83142\" srcset=\"https:\/\/www.em.com.br\/emfoco\/wp-content\/uploads\/2025\/07\/poeira_1753798019091-1024x576.jpg 1024w, https:\/\/www.em.com.br\/emfoco\/wp-content\/uploads\/2025\/07\/poeira_1753798019091-300x169.jpg 300w, https:\/\/www.em.com.br\/emfoco\/wp-content\/uploads\/2025\/07\/poeira_1753798019091-768x432.jpg 768w, https:\/\/www.em.com.br\/emfoco\/wp-content\/uploads\/2025\/07\/poeira_1753798019091-750x422.jpg 750w, https:\/\/www.em.com.br\/emfoco\/wp-content\/uploads\/2025\/07\/poeira_1753798019091-1140x641.jpg 1140w, https:\/\/www.em.com.br\/emfoco\/wp-content\/uploads\/2025\/07\/poeira_1753798019091.jpg 1280w\" sizes=\"auto, (max-width: 1024px) 100vw, 1024px\" \/><figcaption class=\"wp-element-caption\">Aspirador de p\u00f3 &#8211; Cr\u00e9ditos: depositphotos.com \/ HayDmitriy<\/figcaption><\/figure>\n\n\n\n<h2 class=\"wp-block-heading\">Por que a combina\u00e7\u00e3o de produto e rotina \u00e9 t\u00e3o eficaz?<\/h2>\n\n\n\n<p>O uso do <strong>amaciante de roupas<\/strong> nos m\u00f3veis funciona melhor quando associado a pr\u00e1ticas simples de organiza\u00e7\u00e3o e limpeza. O resultado \u00e9 um ambiente mais agrad\u00e1vel, menos al\u00e9rgenos suspensos no ar e menos esfor\u00e7o para manter tudo em ordem.<\/p>\n\n\n\n<p>A estrat\u00e9gia une praticidade, baixo custo e impacto direto na <strong><a href=\"https:\/\/www.saudebemestar.pt\/pt\/blog-saude\/qualidade-de-vida\/\" target=\"_blank\" rel=\"noreferrer noopener\">qualidade de vida<\/a><\/strong>, j\u00e1 que reduz a necessidade de produtos qu\u00edmicos mais agressivos.<\/p>\n\n\n\n<ul class=\"wp-block-list\">\n<li>Reduz tempo gasto com limpezas intensas<\/li>\n\n\n\n<li>Diminui o ac\u00famulo de poeira em superf\u00edcies delicadas<\/li>\n\n\n\n<li>Contribui para um ar mais limpo dentro de casa<\/li>\n\n\n\n<li>Prolonga a sensa\u00e7\u00e3o de frescor no ambiente<\/li>\n<\/ul>\n\n\n\n<h2 class=\"wp-block-heading\">Manter os m\u00f3veis limpos \u00e9 mais f\u00e1cil do que parece<\/h2>\n\n\n\n<ul class=\"wp-block-list\">\n<li>O amaciante de roupas \u00e9 um aliado simples contra a poeira<\/li>\n\n\n\n<li>A aplica\u00e7\u00e3o correta prolonga a limpeza e protege o m\u00f3vel<\/li>\n\n\n\n<li>Cuidados extras no ambiente refor\u00e7am o efeito do produto<\/li>\n<\/ul>\n\n\n\n<p>Gostou do conte\u00fado? Compartilhe com seus amigos e espalhe essa informa\u00e7\u00e3o!<\/p>\n","protected":false},"excerpt":{"rendered":"<p>Manter os m\u00f3veis livres de poeira \u00e9 um desafio di\u00e1rio, mas um truque simples com um produto caseiro comum pode prolongar a limpeza e reduzir a sujeira acumulada. Qual produto simples realmente ajuda a repelir a poeira? Um dos aliados mais eficazes contra a poeira \u00e9 o amaciante de roupas. Esse produto caseiro, presente em [&hellip;]<\/p>\n","protected":false},"author":13,"featured_media":83141,"comment_status":"open","ping_status":"open","sticky":false,"template":"","format":"standard","meta":{"jnews-multi-image_gallery":[],"jnews_single_post":{"format":"standard"},"jnews_primary_category":[],"jnews_social_meta":[],"jnews_override_counter":[],"footnotes":""},"categories":[8819],"tags":[15220,14763,15222],"class_list":["post-98249","post","type-post","status-publish","format-standard","has-post-thumbnail","hentry","category-curiosidades","tag-cuidado-com-os-moveis","tag-poeira","tag-repelente-de-poeira"],"yoast_head":"<!-- This site is optimized with the Yoast SEO plugin v23.8 - https:\/\/yoast.com\/wordpress\/plugins\/seo\/ -->\n<title>Como evitar poeira nos m\u00f3veis por mais tempo usando um produto caseiro - Estado de Minas - Em foco<\/title>\n<meta name=\"description\" content=\"Poeira acumulada nunca mais. Saiba como usar um produto que voc\u00ea j\u00e1 tem em casa para facilitar a limpeza e manter tudo brilhando.\" \/>\n<meta name=\"robots\" content=\"index, follow, max-snippet:-1, max-image-preview:large, max-video-preview:-1\" \/>\n<link rel=\"canonical\" href=\"https:\/\/www.em.com.br\/emfoco\/2025\/09\/01\/como-evitar-poeira-nos-moveis-por-mais-tempo-usando-um-produto-caseiro\/\" \/>\n<meta property=\"og:locale\" content=\"pt_BR\" \/>\n<meta property=\"og:type\" content=\"article\" \/>\n<meta property=\"og:title\" content=\"Como evitar poeira nos m\u00f3veis por mais tempo usando um produto caseiro - Estado de Minas - Em foco\" \/>\n<meta property=\"og:description\" content=\"Poeira acumulada nunca mais. Saiba como usar um produto que voc\u00ea j\u00e1 tem em casa para facilitar a limpeza e manter tudo brilhando.\" \/>\n<meta property=\"og:url\" content=\"https:\/\/www.em.com.br\/emfoco\/2025\/09\/01\/como-evitar-poeira-nos-moveis-por-mais-tempo-usando-um-produto-caseiro\/\" \/>\n<meta property=\"og:site_name\" content=\"Estado de Minas - Em foco\" \/>\n<meta property=\"article:published_time\" content=\"2025-09-01T22:08:00+00:00\" \/>\n<meta property=\"article:modified_time\" content=\"2025-08-29T19:24:38+00:00\" \/>\n<meta property=\"og:image\" content=\"https:\/\/www.em.com.br\/emfoco\/wp-content\/uploads\/2025\/07\/poeira_1753797963002.jpg\" \/>\n\t<meta property=\"og:image:width\" content=\"1280\" \/>\n\t<meta property=\"og:image:height\" content=\"720\" \/>\n\t<meta property=\"og:image:type\" content=\"image\/jpeg\" \/>\n<meta name=\"author\" content=\"Gabriel Martins\" \/>\n<meta name=\"twitter:card\" content=\"summary_large_image\" \/>\n<meta name=\"twitter:label1\" content=\"Escrito por\" \/>\n\t<meta name=\"twitter:data1\" content=\"Gabriel Martins\" \/>\n\t<meta name=\"twitter:label2\" content=\"Est. tempo de leitura\" \/>\n\t<meta name=\"twitter:data2\" content=\"4 minutos\" \/>\n<!-- \/ Yoast SEO plugin. -->","yoast_head_json":{"title":"Como evitar poeira nos m\u00f3veis por mais tempo usando um produto caseiro - Estado de Minas - Em foco","description":"Poeira acumulada nunca mais. Saiba como usar um produto que voc\u00ea j\u00e1 tem em casa para facilitar a limpeza e manter tudo brilhando.","robots":{"index":"index","follow":"follow","max-snippet":"max-snippet:-1","max-image-preview":"max-image-preview:large","max-video-preview":"max-video-preview:-1"},"canonical":"https:\/\/www.em.com.br\/emfoco\/2025\/09\/01\/como-evitar-poeira-nos-moveis-por-mais-tempo-usando-um-produto-caseiro\/","og_locale":"pt_BR","og_type":"article","og_title":"Como evitar poeira nos m\u00f3veis por mais tempo usando um produto caseiro - Estado de Minas - Em foco","og_description":"Poeira acumulada nunca mais. Saiba como usar um produto que voc\u00ea j\u00e1 tem em casa para facilitar a limpeza e manter tudo brilhando.","og_url":"https:\/\/www.em.com.br\/emfoco\/2025\/09\/01\/como-evitar-poeira-nos-moveis-por-mais-tempo-usando-um-produto-caseiro\/","og_site_name":"Estado de Minas - Em foco","article_published_time":"2025-09-01T22:08:00+00:00","article_modified_time":"2025-08-29T19:24:38+00:00","og_image":[{"width":1280,"height":720,"url":"https:\/\/www.em.com.br\/emfoco\/wp-content\/uploads\/2025\/07\/poeira_1753797963002.jpg","type":"image\/jpeg"}],"author":"Gabriel Martins","twitter_card":"summary_large_image","twitter_misc":{"Escrito por":"Gabriel Martins","Est. tempo de leitura":"4 minutos"},"schema":{"@context":"https:\/\/schema.org","@graph":[{"@type":"WebPage","@id":"https:\/\/www.em.com.br\/emfoco\/2025\/09\/01\/como-evitar-poeira-nos-moveis-por-mais-tempo-usando-um-produto-caseiro\/","url":"https:\/\/www.em.com.br\/emfoco\/2025\/09\/01\/como-evitar-poeira-nos-moveis-por-mais-tempo-usando-um-produto-caseiro\/","name":"Como evitar poeira nos m\u00f3veis por mais tempo usando um produto caseiro - Estado de Minas - Em foco","isPartOf":{"@id":"https:\/\/www.em.com.br\/emfoco\/#website"},"primaryImageOfPage":{"@id":"https:\/\/www.em.com.br\/emfoco\/2025\/09\/01\/como-evitar-poeira-nos-moveis-por-mais-tempo-usando-um-produto-caseiro\/#primaryimage"},"image":{"@id":"https:\/\/www.em.com.br\/emfoco\/2025\/09\/01\/como-evitar-poeira-nos-moveis-por-mais-tempo-usando-um-produto-caseiro\/#primaryimage"},"thumbnailUrl":"https:\/\/www.em.com.br\/emfoco\/wp-content\/uploads\/2025\/07\/poeira_1753797963002.jpg","datePublished":"2025-09-01T22:08:00+00:00","dateModified":"2025-08-29T19:24:38+00:00","author":{"@id":"https:\/\/www.em.com.br\/emfoco\/#\/schema\/person\/1c9ddeab18b98abeffef834667bcf08a"},"description":"Poeira acumulada nunca mais. Saiba como usar um produto que voc\u00ea j\u00e1 tem em casa para facilitar a limpeza e manter tudo brilhando.","breadcrumb":{"@id":"https:\/\/www.em.com.br\/emfoco\/2025\/09\/01\/como-evitar-poeira-nos-moveis-por-mais-tempo-usando-um-produto-caseiro\/#breadcrumb"},"inLanguage":"pt-BR","potentialAction":[{"@type":"ReadAction","target":["https:\/\/www.em.com.br\/emfoco\/2025\/09\/01\/como-evitar-poeira-nos-moveis-por-mais-tempo-usando-um-produto-caseiro\/"]}]},{"@type":"ImageObject","inLanguage":"pt-BR","@id":"https:\/\/www.em.com.br\/emfoco\/2025\/09\/01\/como-evitar-poeira-nos-moveis-por-mais-tempo-usando-um-produto-caseiro\/#primaryimage","url":"https:\/\/www.em.com.br\/emfoco\/wp-content\/uploads\/2025\/07\/poeira_1753797963002.jpg","contentUrl":"https:\/\/www.em.com.br\/emfoco\/wp-content\/uploads\/2025\/07\/poeira_1753797963002.jpg","width":1280,"height":720,"caption":"Aspirador de p\u00f3 - Cr\u00e9ditos: depositphotos.com \/ macniak"},{"@type":"BreadcrumbList","@id":"https:\/\/www.em.com.br\/emfoco\/2025\/09\/01\/como-evitar-poeira-nos-moveis-por-mais-tempo-usando-um-produto-caseiro\/#breadcrumb","itemListElement":[{"@type":"ListItem","position":1,"name":"In\u00edcio","item":"https:\/\/www.em.com.br\/emfoco\/"},{"@type":"ListItem","position":2,"name":"Como evitar poeira nos m\u00f3veis por mais tempo usando um produto caseiro"}]},{"@type":"WebSite","@id":"https:\/\/www.em.com.br\/emfoco\/#website","url":"https:\/\/www.em.com.br\/emfoco\/","name":"Estado de Minas - Em foco","description":"Acompanhe as \u00faltimas not\u00edcias e fique bem informado sobre tudo o que acontece em Minas Gerais, Brasil e no mundo.","potentialAction":[{"@type":"SearchAction","target":{"@type":"EntryPoint","urlTemplate":"https:\/\/www.em.com.br\/emfoco\/?s={search_term_string}"},"query-input":{"@type":"PropertyValueSpecification","valueRequired":true,"valueName":"search_term_string"}}],"inLanguage":"pt-BR"},{"@type":"Person","@id":"https:\/\/www.em.com.br\/emfoco\/#\/schema\/person\/1c9ddeab18b98abeffef834667bcf08a","name":"Gabriel Martins","image":{"@type":"ImageObject","inLanguage":"pt-BR","@id":"https:\/\/www.em.com.br\/emfoco\/#\/schema\/person\/image\/","url":"https:\/\/secure.gravatar.com\/avatar\/f0f1e2efdfd88f1ad2cb08c5c2731e50?s=96&d=mm&r=g","contentUrl":"https:\/\/secure.gravatar.com\/avatar\/f0f1e2efdfd88f1ad2cb08c5c2731e50?s=96&d=mm&r=g","caption":"Gabriel Martins"},"sameAs":["https:\/\/www.em.com.br\/emfoco\/"],"url":"https:\/\/www.em.com.br\/emfoco\/author\/gabrielmartinsmyth\/"}]}},"_links":{"self":[{"href":"https:\/\/www.em.com.br\/emfoco\/wp-json\/wp\/v2\/posts\/98249","targetHints":{"allow":["GET"]}}],"collection":[{"href":"https:\/\/www.em.com.br\/emfoco\/wp-json\/wp\/v2\/posts"}],"about":[{"href":"https:\/\/www.em.com.br\/emfoco\/wp-json\/wp\/v2\/types\/post"}],"author":[{"embeddable":true,"href":"https:\/\/www.em.com.br\/emfoco\/wp-json\/wp\/v2\/users\/13"}],"replies":[{"embeddable":true,"href":"https:\/\/www.em.com.br\/emfoco\/wp-json\/wp\/v2\/comments?post=98249"}],"version-history":[{"count":1,"href":"https:\/\/www.em.com.br\/emfoco\/wp-json\/wp\/v2\/posts\/98249\/revisions"}],"predecessor-version":[{"id":98263,"href":"https:\/\/www.em.com.br\/emfoco\/wp-json\/wp\/v2\/posts\/98249\/revisions\/98263"}],"wp:featuredmedia":[{"embeddable":true,"href":"https:\/\/www.em.com.br\/emfoco\/wp-json\/wp\/v2\/media\/83141"}],"wp:attachment":[{"href":"https:\/\/www.em.com.br\/emfoco\/wp-json\/wp\/v2\/media?parent=98249"}],"wp:term":[{"taxonomy":"category","embeddable":true,"href":"https:\/\/www.em.com.br\/emfoco\/wp-json\/wp\/v2\/categories?post=98249"},{"taxonomy":"post_tag","embeddable":true,"href":"https:\/\/www.em.com.br\/emfoco\/wp-json\/wp\/v2\/tags?post=98249"}],"curies":[{"name":"wp","href":"https:\/\/api.w.org\/{rel}","templated":true}]}}