{"id":98219,"date":"2025-08-31T21:18:39","date_gmt":"2025-09-01T00:18:39","guid":{"rendered":"https:\/\/www.em.com.br\/emfoco\/?p=98219"},"modified":"2025-08-29T15:58:51","modified_gmt":"2025-08-29T18:58:51","slug":"voce-conhece-os-beneficios-do-consumo-do-tomilho-diariamente","status":"publish","type":"post","link":"https:\/\/www.em.com.br\/emfoco\/2025\/08\/31\/voce-conhece-os-beneficios-do-consumo-do-tomilho-diariamente\/","title":{"rendered":"Voc\u00ea conhece os benef\u00edcios do consumo do tomilho diariamente?"},"content":{"rendered":"\n<p>O <strong>tomilho<\/strong> \u00e9 uma planta vers\u00e1til, amplamente utilizada por suas reconhecidas propriedades <strong>arom\u00e1ticas<\/strong> e <strong>medicinais<\/strong>. Considerado um poderoso aliado na promo\u00e7\u00e3o da sa\u00fade respirat\u00f3ria, o tomilho destaca-se tanto no preparo de ch\u00e1s quanto em pr\u00e1ticas de aromaterapia. Ao longo dos s\u00e9culos, seu uso tem sido valorizado n\u00e3o s\u00f3 por cozinheiros, mas tamb\u00e9m por aqueles que buscam alternativas naturais para melhorar o bem-estar.<\/p>\n\n\n\n<p>Al\u00e9m de seu aroma marcante e sabor \u00fanico, o tomilho oferece benef\u00edcios que v\u00e3o muito al\u00e9m da cozinha. Seu potencial no aux\u00edlio da respira\u00e7\u00e3o e suas m\u00faltiplas formas de uso tornam essa planta uma excelente op\u00e7\u00e3o para quem deseja cuidar da sa\u00fade de maneira integral. Conhe\u00e7a, a seguir, como o tomilho pode ser incorporado ao seu dia a dia e conferir mais qualidade de vida.<\/p>\n\n\n\n<ul class=\"wp-block-list\">\n<li>Como o tomilho melhora a sa\u00fade respirat\u00f3ria<\/li>\n\n\n\n<li>Principais aplica\u00e7\u00f5es para o bem-estar<\/li>\n\n\n\n<li>Dicas pr\u00e1ticas para incorporar o tomilho no dia a dia<\/li>\n<\/ul>\n\n\n\n<h2 class=\"wp-block-heading\">Por que o tomilho \u00e9 bom para a respira\u00e7\u00e3o?<\/h2>\n\n\n\n<p>O <strong>tomilho<\/strong> cont\u00e9m compostos ativos como o <strong>timol<\/strong> e o carvacrol, que apresentam propriedades expectorantes e antiss\u00e9pticas. Essas subst\u00e2ncias naturais facilitam a elimina\u00e7\u00e3o do muco das vias respirat\u00f3rias, reduzindo congest\u00e3o e aliviando sintomas de tosse e resfriados. Assim, o tomilho contribui n\u00e3o apenas para a melhora da respira\u00e7\u00e3o, mas tamb\u00e9m para fortalecer o sistema imunol\u00f3gico diante das amea\u00e7as sazonais.<\/p>\n\n\n\n<p>A a\u00e7\u00e3o do tomilho em tratamentos respirat\u00f3rios \u00e9 reconhecida por profissionais de sa\u00fade e \u00e9 amplamente utilizada em fitoterapia. Preparar o ch\u00e1 de tomilho, por exemplo, pode ser uma medida eficaz para diminuir desconfortos pulmonares. Estudos recentes tamb\u00e9m sugerem que os compostos antioxidantes do tomilho podem ajudar a proteger o tecido pulmonar contra danos provocados por poluentes ambientais. Ainda assim, \u00e9 fundamental buscar orienta\u00e7\u00e3o profissional antes de iniciar qualquer suplementa\u00e7\u00e3o, aproveitando os benef\u00edcios do tomilho de maneira segura e consciente.<\/p>\n\n\n\n<p><strong>Aten\u00e7\u00e3o<\/strong>: Sempre consulte um profissional de sa\u00fade antes de adotar novos suplementos.<\/p>\n\n\n<div class=\"wp-block-image\">\n<figure class=\"aligncenter size-large\"><img loading=\"lazy\" decoding=\"async\" width=\"1024\" height=\"576\" src=\"https:\/\/www.em.com.br\/emfoco\/wp-content\/uploads\/2025\/08\/Tomilho_1756493674710-1024x576.jpg\" alt=\"Consumir tomilho\" class=\"wp-image-98225\" srcset=\"https:\/\/www.em.com.br\/emfoco\/wp-content\/uploads\/2025\/08\/Tomilho_1756493674710-1024x576.jpg 1024w, https:\/\/www.em.com.br\/emfoco\/wp-content\/uploads\/2025\/08\/Tomilho_1756493674710-300x169.jpg 300w, https:\/\/www.em.com.br\/emfoco\/wp-content\/uploads\/2025\/08\/Tomilho_1756493674710-768x432.jpg 768w, https:\/\/www.em.com.br\/emfoco\/wp-content\/uploads\/2025\/08\/Tomilho_1756493674710-750x422.jpg 750w, https:\/\/www.em.com.br\/emfoco\/wp-content\/uploads\/2025\/08\/Tomilho_1756493674710-1140x641.jpg 1140w, https:\/\/www.em.com.br\/emfoco\/wp-content\/uploads\/2025\/08\/Tomilho_1756493674710.jpg 1280w\" sizes=\"auto, (max-width: 1024px) 100vw, 1024px\" \/><figcaption class=\"wp-element-caption\">Consumir tomilho &#8211; Cr\u00e9ditos: depositphotos.com \/ VadimVasenin<\/figcaption><\/figure><\/div>\n\n\n<p>Leia tamb\u00e9m: <a href=\"https:\/\/www.em.com.br\/emfoco\/2025\/08\/29\/cidade-do-interior-paulista-com-um-dos-melhores-sistemas-de-saude-e-educacao-do-brasil\/\" target=\"_blank\" rel=\"noreferrer noopener\">Cidade do interior paulista com um dos melhores sistemas de sa\u00fade e educa\u00e7\u00e3o do Brasil<\/a><\/p>\n\n\n\n<h2 class=\"wp-block-heading\">Como incorporar o tomilho na rotina?<\/h2>\n\n\n\n<p>Introduzir o <strong>tomilho<\/strong> na rotina \u00e9 um processo simples e adapt\u00e1vel. No dia a dia, suas folhas podem ser usadas frescas ou secas no preparo de infus\u00f5es, promovendo n\u00e3o s\u00f3 o al\u00edvio de sintomas respirat\u00f3rios como tamb\u00e9m um momento relaxante. O tomilho tamb\u00e9m se destaca como tempero em sopas, carnes, molhos e outras receitas, tornando as refei\u00e7\u00f5es ainda mais saborosas e saud\u00e1veis.<\/p>\n\n\n\n<p>Al\u00e9m de suas aplica\u00e7\u00f5es culin\u00e1rias, o tomilho pode ser aproveitado em pr\u00e1ticas de aromaterapia, utilizando seus \u00f3leos essenciais em difusores. A inala\u00e7\u00e3o do aroma do tomilho contribui para a sensa\u00e7\u00e3o de bem-estar, al\u00edvio do estresse e melhora da respira\u00e7\u00e3o. Adote o tomilho em diferentes formas e descubra novas maneiras de melhorar sua sa\u00fade de maneira natural e pr\u00e1tica.<\/p>\n\n\n\n<ul class=\"wp-block-list\">\n<li><strong>Infus\u00e3o<\/strong> para aliviar os sintomas respirat\u00f3rios<\/li>\n\n\n\n<li><strong>Culin\u00e1ria<\/strong>: adicione o tomilho \u00e0s suas receitas para um toque especial<\/li>\n\n\n\n<li><strong>Aromaterapia<\/strong>: utilize \u00f3leos essenciais \u00e0 base de tomilho para um efeito relaxante<\/li>\n<\/ul>\n\n\n\n<h2 class=\"wp-block-heading\">Dicas para maximizar os benef\u00edcios do tomilho<\/h2>\n\n\n\n<p>Para extrair todo o potencial do <strong>tomilho<\/strong>, recomenda-se armazen\u00e1-lo corretamente, preservando sua frescura e propriedades. Mantenha sempre ramos frescos em local seco e arejado ou, se preferir, congele <a href=\"https:\/\/ceagesp.gov.br\/hortiescolha\/hortipedia\/tomilho\/\" target=\"_blank\" rel=\"noreferrer noopener\">pequenas <\/a>por\u00e7\u00f5es para o uso ao longo do tempo. Assim, a planta mant\u00e9m seu valor nutricional e medicinal, pronta para ser utilizada em infus\u00f5es, receitas e at\u00e9 mesmo em procedimentos de aromaterapia.<\/p>\n\n\n\n<p>Outra dica importante \u00e9 diversificar as formas de consumo. Experimente o uso do \u00f3leo essencial de tomilho em difusores pessoais, especialmente em ambientes fechados, para purificar o ar e favorecer a respira\u00e7\u00e3o. Explore tamb\u00e9m misturas com outras ervas, como alecrim e hortel\u00e3, potencializando seus efeitos ben\u00e9ficos e tornando o tomilho ainda mais vers\u00e1til em sua rotina de cuidados.<\/p>\n\n\n\n<h2 class=\"wp-block-heading\">Principais aprendizados sobre o tomilho<\/h2>\n\n\n\n<ul class=\"wp-block-list\">\n<li>O tomilho \u00e9 um excelente aliado no combate a problemas respirat\u00f3rios devido a suas propriedades expectorantes e antiss\u00e9pticas.<\/li>\n\n\n\n<li>\u00c9 simples incluir o tomilho em diversas formas na rotina, seja em infus\u00f5es, receitas culin\u00e1rias ou na aromaterapia, aproveitando ao m\u00e1ximo seus benef\u00edcios.<\/li>\n\n\n\n<li>Mantenha seu tomilho fresco, diversifique seu uso e explore diferentes m\u00e9todos para otimizar os efeitos positivos dessa planta arom\u00e1tica.<\/li>\n<\/ul>\n","protected":false},"excerpt":{"rendered":"<p>O tomilho \u00e9 uma planta vers\u00e1til, amplamente utilizada por suas reconhecidas propriedades arom\u00e1ticas e medicinais. Considerado um poderoso aliado na promo\u00e7\u00e3o da sa\u00fade respirat\u00f3ria, o tomilho destaca-se tanto no preparo de ch\u00e1s quanto em pr\u00e1ticas de aromaterapia. Ao longo dos s\u00e9culos, seu uso tem sido valorizado n\u00e3o s\u00f3 por cozinheiros, mas tamb\u00e9m por aqueles que [&hellip;]<\/p>\n","protected":false},"author":15,"featured_media":98224,"comment_status":"open","ping_status":"open","sticky":false,"template":"","format":"standard","meta":{"jnews-multi-image_gallery":[],"jnews_single_post":{"format":"standard"},"jnews_primary_category":[],"jnews_social_meta":[],"jnews_override_counter":[],"footnotes":""},"categories":[8819],"tags":[15213,7927,6949],"class_list":["post-98219","post","type-post","status-publish","format-standard","has-post-thumbnail","hentry","category-curiosidades","tag-erva-medicinal","tag-saude-respiratoria","tag-tomilho"],"yoast_head":"<!-- This site is optimized with the Yoast SEO plugin v23.8 - https:\/\/yoast.com\/wordpress\/plugins\/seo\/ -->\n<title>Voc\u00ea conhece os benef\u00edcios do consumo do tomilho diariamente? - Estado de Minas - Em foco<\/title>\n<meta name=\"description\" content=\"O consumo di\u00e1rio de tomilho traz benef\u00edcios para respira\u00e7\u00e3o, imunidade e bem-estar. Veja como incluir essa erva na sua rotina.\" \/>\n<meta name=\"robots\" content=\"index, follow, max-snippet:-1, max-image-preview:large, max-video-preview:-1\" \/>\n<link rel=\"canonical\" href=\"https:\/\/www.em.com.br\/emfoco\/2025\/08\/31\/voce-conhece-os-beneficios-do-consumo-do-tomilho-diariamente\/\" \/>\n<meta property=\"og:locale\" content=\"pt_BR\" \/>\n<meta property=\"og:type\" content=\"article\" \/>\n<meta property=\"og:title\" content=\"Voc\u00ea conhece os benef\u00edcios do consumo do tomilho diariamente? - Estado de Minas - Em foco\" \/>\n<meta property=\"og:description\" content=\"O consumo di\u00e1rio de tomilho traz benef\u00edcios para respira\u00e7\u00e3o, imunidade e bem-estar. Veja como incluir essa erva na sua rotina.\" \/>\n<meta property=\"og:url\" content=\"https:\/\/www.em.com.br\/emfoco\/2025\/08\/31\/voce-conhece-os-beneficios-do-consumo-do-tomilho-diariamente\/\" \/>\n<meta property=\"og:site_name\" content=\"Estado de Minas - Em foco\" \/>\n<meta property=\"article:published_time\" content=\"2025-09-01T00:18:39+00:00\" \/>\n<meta property=\"article:modified_time\" content=\"2025-08-29T18:58:51+00:00\" \/>\n<meta property=\"og:image\" content=\"https:\/\/www.em.com.br\/emfoco\/wp-content\/uploads\/2025\/08\/Tomilho_1756493669326.jpg\" \/>\n\t<meta property=\"og:image:width\" content=\"1280\" \/>\n\t<meta property=\"og:image:height\" content=\"720\" \/>\n\t<meta property=\"og:image:type\" content=\"image\/jpeg\" \/>\n<meta name=\"author\" content=\"Douglas Myth\" \/>\n<meta name=\"twitter:card\" content=\"summary_large_image\" \/>\n<meta name=\"twitter:label1\" content=\"Escrito por\" \/>\n\t<meta name=\"twitter:data1\" content=\"Douglas Myth\" \/>\n\t<meta name=\"twitter:label2\" content=\"Est. tempo de leitura\" \/>\n\t<meta name=\"twitter:data2\" content=\"5 minutos\" \/>\n<!-- \/ Yoast SEO plugin. -->","yoast_head_json":{"title":"Voc\u00ea conhece os benef\u00edcios do consumo do tomilho diariamente? - Estado de Minas - Em foco","description":"O consumo di\u00e1rio de tomilho traz benef\u00edcios para respira\u00e7\u00e3o, imunidade e bem-estar. Veja como incluir essa erva na sua rotina.","robots":{"index":"index","follow":"follow","max-snippet":"max-snippet:-1","max-image-preview":"max-image-preview:large","max-video-preview":"max-video-preview:-1"},"canonical":"https:\/\/www.em.com.br\/emfoco\/2025\/08\/31\/voce-conhece-os-beneficios-do-consumo-do-tomilho-diariamente\/","og_locale":"pt_BR","og_type":"article","og_title":"Voc\u00ea conhece os benef\u00edcios do consumo do tomilho diariamente? - Estado de Minas - Em foco","og_description":"O consumo di\u00e1rio de tomilho traz benef\u00edcios para respira\u00e7\u00e3o, imunidade e bem-estar. Veja como incluir essa erva na sua rotina.","og_url":"https:\/\/www.em.com.br\/emfoco\/2025\/08\/31\/voce-conhece-os-beneficios-do-consumo-do-tomilho-diariamente\/","og_site_name":"Estado de Minas - Em foco","article_published_time":"2025-09-01T00:18:39+00:00","article_modified_time":"2025-08-29T18:58:51+00:00","og_image":[{"width":1280,"height":720,"url":"https:\/\/www.em.com.br\/emfoco\/wp-content\/uploads\/2025\/08\/Tomilho_1756493669326.jpg","type":"image\/jpeg"}],"author":"Douglas Myth","twitter_card":"summary_large_image","twitter_misc":{"Escrito por":"Douglas Myth","Est. tempo de leitura":"5 minutos"},"schema":{"@context":"https:\/\/schema.org","@graph":[{"@type":"WebPage","@id":"https:\/\/www.em.com.br\/emfoco\/2025\/08\/31\/voce-conhece-os-beneficios-do-consumo-do-tomilho-diariamente\/","url":"https:\/\/www.em.com.br\/emfoco\/2025\/08\/31\/voce-conhece-os-beneficios-do-consumo-do-tomilho-diariamente\/","name":"Voc\u00ea conhece os benef\u00edcios do consumo do tomilho diariamente? - Estado de Minas - Em foco","isPartOf":{"@id":"https:\/\/www.em.com.br\/emfoco\/#website"},"primaryImageOfPage":{"@id":"https:\/\/www.em.com.br\/emfoco\/2025\/08\/31\/voce-conhece-os-beneficios-do-consumo-do-tomilho-diariamente\/#primaryimage"},"image":{"@id":"https:\/\/www.em.com.br\/emfoco\/2025\/08\/31\/voce-conhece-os-beneficios-do-consumo-do-tomilho-diariamente\/#primaryimage"},"thumbnailUrl":"https:\/\/www.em.com.br\/emfoco\/wp-content\/uploads\/2025\/08\/Tomilho_1756493669326.jpg","datePublished":"2025-09-01T00:18:39+00:00","dateModified":"2025-08-29T18:58:51+00:00","author":{"@id":"https:\/\/www.em.com.br\/emfoco\/#\/schema\/person\/bba594b7eebe9b9885fec3a5c7837089"},"description":"O consumo di\u00e1rio de tomilho traz benef\u00edcios para respira\u00e7\u00e3o, imunidade e bem-estar. Veja como incluir essa erva na sua rotina.","breadcrumb":{"@id":"https:\/\/www.em.com.br\/emfoco\/2025\/08\/31\/voce-conhece-os-beneficios-do-consumo-do-tomilho-diariamente\/#breadcrumb"},"inLanguage":"pt-BR","potentialAction":[{"@type":"ReadAction","target":["https:\/\/www.em.com.br\/emfoco\/2025\/08\/31\/voce-conhece-os-beneficios-do-consumo-do-tomilho-diariamente\/"]}]},{"@type":"ImageObject","inLanguage":"pt-BR","@id":"https:\/\/www.em.com.br\/emfoco\/2025\/08\/31\/voce-conhece-os-beneficios-do-consumo-do-tomilho-diariamente\/#primaryimage","url":"https:\/\/www.em.com.br\/emfoco\/wp-content\/uploads\/2025\/08\/Tomilho_1756493669326.jpg","contentUrl":"https:\/\/www.em.com.br\/emfoco\/wp-content\/uploads\/2025\/08\/Tomilho_1756493669326.jpg","width":1280,"height":720,"caption":"Consumir tomilho - Cr\u00e9ditos: depositphotos.com \/ MarusiaBO"},{"@type":"BreadcrumbList","@id":"https:\/\/www.em.com.br\/emfoco\/2025\/08\/31\/voce-conhece-os-beneficios-do-consumo-do-tomilho-diariamente\/#breadcrumb","itemListElement":[{"@type":"ListItem","position":1,"name":"In\u00edcio","item":"https:\/\/www.em.com.br\/emfoco\/"},{"@type":"ListItem","position":2,"name":"Voc\u00ea conhece os benef\u00edcios do consumo do tomilho diariamente?"}]},{"@type":"WebSite","@id":"https:\/\/www.em.com.br\/emfoco\/#website","url":"https:\/\/www.em.com.br\/emfoco\/","name":"Estado de Minas - Em foco","description":"Acompanhe as \u00faltimas not\u00edcias e fique bem informado sobre tudo o que acontece em Minas Gerais, Brasil e no mundo.","potentialAction":[{"@type":"SearchAction","target":{"@type":"EntryPoint","urlTemplate":"https:\/\/www.em.com.br\/emfoco\/?s={search_term_string}"},"query-input":{"@type":"PropertyValueSpecification","valueRequired":true,"valueName":"search_term_string"}}],"inLanguage":"pt-BR"},{"@type":"Person","@id":"https:\/\/www.em.com.br\/emfoco\/#\/schema\/person\/bba594b7eebe9b9885fec3a5c7837089","name":"Douglas Myth","image":{"@type":"ImageObject","inLanguage":"pt-BR","@id":"https:\/\/www.em.com.br\/emfoco\/#\/schema\/person\/image\/","url":"https:\/\/secure.gravatar.com\/avatar\/1ac3cf50d0e68642c697dc0c960c802f?s=96&d=mm&r=g","contentUrl":"https:\/\/secure.gravatar.com\/avatar\/1ac3cf50d0e68642c697dc0c960c802f?s=96&d=mm&r=g","caption":"Douglas Myth"},"url":"https:\/\/www.em.com.br\/emfoco\/author\/douglasmyth\/"}]}},"_links":{"self":[{"href":"https:\/\/www.em.com.br\/emfoco\/wp-json\/wp\/v2\/posts\/98219","targetHints":{"allow":["GET"]}}],"collection":[{"href":"https:\/\/www.em.com.br\/emfoco\/wp-json\/wp\/v2\/posts"}],"about":[{"href":"https:\/\/www.em.com.br\/emfoco\/wp-json\/wp\/v2\/types\/post"}],"author":[{"embeddable":true,"href":"https:\/\/www.em.com.br\/emfoco\/wp-json\/wp\/v2\/users\/15"}],"replies":[{"embeddable":true,"href":"https:\/\/www.em.com.br\/emfoco\/wp-json\/wp\/v2\/comments?post=98219"}],"version-history":[{"count":2,"href":"https:\/\/www.em.com.br\/emfoco\/wp-json\/wp\/v2\/posts\/98219\/revisions"}],"predecessor-version":[{"id":98228,"href":"https:\/\/www.em.com.br\/emfoco\/wp-json\/wp\/v2\/posts\/98219\/revisions\/98228"}],"wp:featuredmedia":[{"embeddable":true,"href":"https:\/\/www.em.com.br\/emfoco\/wp-json\/wp\/v2\/media\/98224"}],"wp:attachment":[{"href":"https:\/\/www.em.com.br\/emfoco\/wp-json\/wp\/v2\/media?parent=98219"}],"wp:term":[{"taxonomy":"category","embeddable":true,"href":"https:\/\/www.em.com.br\/emfoco\/wp-json\/wp\/v2\/categories?post=98219"},{"taxonomy":"post_tag","embeddable":true,"href":"https:\/\/www.em.com.br\/emfoco\/wp-json\/wp\/v2\/tags?post=98219"}],"curies":[{"name":"wp","href":"https:\/\/api.w.org\/{rel}","templated":true}]}}