{"id":9819,"date":"2025-01-11T17:00:00","date_gmt":"2025-01-11T20:00:00","guid":{"rendered":"https:\/\/www.em.com.br\/emfoco\/?p=9819"},"modified":"2025-01-11T05:23:53","modified_gmt":"2025-01-11T08:23:53","slug":"bpc-com-reajuste-o-que-muda-para-voce-em-2025","status":"publish","type":"post","link":"https:\/\/www.em.com.br\/emfoco\/2025\/01\/11\/bpc-com-reajuste-o-que-muda-para-voce-em-2025\/","title":{"rendered":"BPC com reajuste: o que muda para voc\u00ea em 2025?"},"content":{"rendered":"\n<p>O Benef\u00edcio de Presta\u00e7\u00e3o Continuada (BPC), administrado pelo Instituto Nacional do Seguro Social (<a href=\"https:\/\/www.gov.br\/inss\/pt-br\" target=\"_blank\" rel=\"noreferrer noopener\">INSS<\/a>), passou por altera\u00e7\u00f5es significativas para o ano de 2025. Com um reajuste aprovado, os benefici\u00e1rios podem esperar um aumento no valor recebido, al\u00e9m de um calend\u00e1rio atualizado para os pagamentos. Este benef\u00edcio \u00e9 de extrema import\u00e2ncia para idosos e <a href=\"https:\/\/www.em.com.br\/emfoco\/2024\/12\/26\/iniciativa-garante-oportunidades-de-trabalho-para-pessoas-vulneraveis\/\" target=\"_blank\" rel=\"noreferrer noopener\">pessoas <\/a>com defici\u00eancia que atendam aos crit\u00e9rios estabelecidos pela legisla\u00e7\u00e3o brasileira.<\/p>\n\n\n\n<p>A pol\u00edtica de reajuste do BPC est\u00e1 alinhada com as diretrizes constitucionais, visando manter o poder aquisitivo dos benefici\u00e1rios frente ao aumento do custo de vida. Em 2025, o valor do benef\u00edcio ser\u00e1 de R$ 1.518,00, acompanhando o novo valor do sal\u00e1rio m\u00ednimo anunciado pelo governo.<\/p>\n\n\n\n<h2 class=\"wp-block-heading\">Como \u00e9 definido o calend\u00e1rio de pagamentos do BPC?<\/h2>\n\n\n\n<p>O calend\u00e1rio de pagamentos para o BPC em 2025 foi cuidadosamente organizado para come\u00e7ar no final de janeiro e se estender at\u00e9 o in\u00edcio de fevereiro. O cronograma foi dividido em grupos, conforme o \u00faltimo d\u00edgito do n\u00famero do benef\u00edcio de cada segurado. Essa distribui\u00e7\u00e3o visa facilitar o processo de pagamento, evitando congestionamento nas ag\u00eancias banc\u00e1rias e garantindo maior efici\u00eancia.<\/p>\n\n\n<div class=\"wp-block-image\">\n<figure class=\"aligncenter size-large\"><img loading=\"lazy\" decoding=\"async\" width=\"1024\" height=\"576\" src=\"https:\/\/www.em.com.br\/emfoco\/wp-content\/uploads\/2024\/12\/INSS_1733328979004-1024x576.jpg\" alt=\"\" class=\"wp-image-3210\" srcset=\"https:\/\/www.em.com.br\/emfoco\/wp-content\/uploads\/2024\/12\/INSS_1733328979004-1024x576.jpg 1024w, https:\/\/www.em.com.br\/emfoco\/wp-content\/uploads\/2024\/12\/INSS_1733328979004-300x169.jpg 300w, https:\/\/www.em.com.br\/emfoco\/wp-content\/uploads\/2024\/12\/INSS_1733328979004-768x432.jpg 768w, https:\/\/www.em.com.br\/emfoco\/wp-content\/uploads\/2024\/12\/INSS_1733328979004-750x422.jpg 750w, https:\/\/www.em.com.br\/emfoco\/wp-content\/uploads\/2024\/12\/INSS_1733328979004-1140x641.jpg 1140w, https:\/\/www.em.com.br\/emfoco\/wp-content\/uploads\/2024\/12\/INSS_1733328979004.jpg 1280w\" sizes=\"auto, (max-width: 1024px) 100vw, 1024px\" \/><figcaption class=\"wp-element-caption\">Beneficio para Idosos &#8211; Cr\u00e9ditos: depositphotos.com \/ emissu<\/figcaption><\/figure><\/div>\n\n\n<h2 class=\"wp-block-heading\">Detalhamento das datas de pagamento<\/h2>\n\n\n\n<ul class=\"wp-block-list\">\n<li>Cart\u00e3o final 1: pagamento em 27 de janeiro<\/li>\n\n\n\n<li>Cart\u00e3o final 2: pagamento em 28 de janeiro<\/li>\n\n\n\n<li>Cart\u00e3o final 3: pagamento em 29 de janeiro<\/li>\n\n\n\n<li>Cart\u00e3o final 4: pagamento em 30 de janeiro<\/li>\n\n\n\n<li>Cart\u00e3o final 5: pagamento em 31 de janeiro<\/li>\n\n\n\n<li>Cart\u00e3o final 6: pagamento em 03 de fevereiro<\/li>\n\n\n\n<li>Cart\u00e3o final 7: pagamento em 04 de fevereiro<\/li>\n\n\n\n<li>Cart\u00e3o final 8: pagamento em 05 de fevereiro<\/li>\n\n\n\n<li>Cart\u00e3o final 9: pagamento em 06 de fevereiro<\/li>\n\n\n\n<li>Cart\u00e3o final 0: pagamento em 07 de fevereiro<\/li>\n<\/ul>\n\n\n\n<p>Os pagamentos s\u00e3o efetuados de acordo com a numera\u00e7\u00e3o final do benef\u00edcio, sendo que cada dia um grupo diferente recebe a transfer\u00eancia do valor definido.<\/p>\n\n\n\n<h2 class=\"wp-block-heading\">Qual \u00e9 o impacto do reajuste no BPC?<\/h2>\n\n\n\n<p>O reajuste do BPC para R$ 1.518,00 tem um impacto direto na vida dos benefici\u00e1rios. O aumento reflete a pol\u00edtica de valoriza\u00e7\u00e3o do sal\u00e1rio m\u00ednimo e visa garantir que os cidad\u00e3os contem com um suporte financeiro adequado em resposta \u00e0 infla\u00e7\u00e3o e ao crescente custo de vida. Este ajuste \u00e9 essencial para assegurar a qualidade de vida de idosos e pessoas com defici\u00eancia que dependem exclusivamente deste aux\u00edlio.<\/p>\n\n\n\n<p>Por fim, \u00e9 importante ressaltar que o BPC \u00e9 uma pe\u00e7a fundamental na rede de prote\u00e7\u00e3o social brasileira, garantindo dignidade e seguran\u00e7a financeira \u00e0queles que mais necessitam.<\/p>\n","protected":false},"excerpt":{"rendered":"<p>O Benef\u00edcio de Presta\u00e7\u00e3o Continuada (BPC), administrado pelo Instituto Nacional do Seguro Social (INSS), passou por altera\u00e7\u00f5es significativas para o ano de 2025. Com um reajuste aprovado, os benefici\u00e1rios podem esperar um aumento no valor recebido, al\u00e9m de um calend\u00e1rio atualizado para os pagamentos. Este benef\u00edcio \u00e9 de extrema import\u00e2ncia para idosos e pessoas com [&hellip;]<\/p>\n","protected":false},"author":7,"featured_media":5003,"comment_status":"open","ping_status":"open","sticky":false,"template":"","format":"standard","meta":{"jnews-multi-image_gallery":[],"jnews_single_post":{"format":"standard"},"jnews_primary_category":[],"jnews_social_meta":[],"jnews_override_counter":[],"footnotes":""},"categories":[28],"tags":[1113,257,174,3284],"class_list":["post-9819","post","type-post","status-publish","format-standard","has-post-thumbnail","hentry","category-economia","tag-beneficio-de-prestacao-continuada","tag-bpc","tag-inss","tag-reajuste-salario-minimo-2025"],"yoast_head":"<!-- This site is optimized with the Yoast SEO plugin v23.8 - https:\/\/yoast.com\/wordpress\/plugins\/seo\/ -->\n<title>BPC com reajuste: o que muda para voc\u00ea em 2025? - Estado de Minas - Em foco<\/title>\n<meta name=\"description\" content=\"O Benef\u00edcio de Presta\u00e7\u00e3o Continuada passou por altera\u00e7\u00f5es para 2025. Confira o novo valor e as datas de pagamento atualizadas.\" \/>\n<meta name=\"robots\" content=\"index, follow, max-snippet:-1, max-image-preview:large, max-video-preview:-1\" \/>\n<link rel=\"canonical\" href=\"https:\/\/www.em.com.br\/emfoco\/2025\/01\/11\/bpc-com-reajuste-o-que-muda-para-voce-em-2025\/\" \/>\n<meta property=\"og:locale\" content=\"pt_BR\" \/>\n<meta property=\"og:type\" content=\"article\" \/>\n<meta property=\"og:title\" content=\"BPC com reajuste: o que muda para voc\u00ea em 2025? - Estado de Minas - Em foco\" \/>\n<meta property=\"og:description\" content=\"O Benef\u00edcio de Presta\u00e7\u00e3o Continuada passou por altera\u00e7\u00f5es para 2025. Confira o novo valor e as datas de pagamento atualizadas.\" \/>\n<meta property=\"og:url\" content=\"https:\/\/www.em.com.br\/emfoco\/2025\/01\/11\/bpc-com-reajuste-o-que-muda-para-voce-em-2025\/\" \/>\n<meta property=\"og:site_name\" content=\"Estado de Minas - Em foco\" \/>\n<meta property=\"article:published_time\" content=\"2025-01-11T20:00:00+00:00\" \/>\n<meta property=\"article:modified_time\" content=\"2025-01-11T08:23:53+00:00\" \/>\n<meta property=\"og:image\" content=\"https:\/\/www.em.com.br\/emfoco\/wp-content\/uploads\/2024\/12\/Idosos_1734194756779.jpg\" \/>\n\t<meta property=\"og:image:width\" content=\"1280\" \/>\n\t<meta property=\"og:image:height\" content=\"720\" \/>\n\t<meta property=\"og:image:type\" content=\"image\/jpeg\" \/>\n<meta name=\"author\" content=\"Kelvin\" \/>\n<meta name=\"twitter:card\" content=\"summary_large_image\" \/>\n<meta name=\"twitter:label1\" content=\"Escrito por\" \/>\n\t<meta name=\"twitter:data1\" content=\"Kelvin\" \/>\n\t<meta name=\"twitter:label2\" content=\"Est. tempo de leitura\" \/>\n\t<meta name=\"twitter:data2\" content=\"3 minutos\" \/>\n<!-- \/ Yoast SEO plugin. -->","yoast_head_json":{"title":"BPC com reajuste: o que muda para voc\u00ea em 2025? - Estado de Minas - Em foco","description":"O Benef\u00edcio de Presta\u00e7\u00e3o Continuada passou por altera\u00e7\u00f5es para 2025. Confira o novo valor e as datas de pagamento atualizadas.","robots":{"index":"index","follow":"follow","max-snippet":"max-snippet:-1","max-image-preview":"max-image-preview:large","max-video-preview":"max-video-preview:-1"},"canonical":"https:\/\/www.em.com.br\/emfoco\/2025\/01\/11\/bpc-com-reajuste-o-que-muda-para-voce-em-2025\/","og_locale":"pt_BR","og_type":"article","og_title":"BPC com reajuste: o que muda para voc\u00ea em 2025? - Estado de Minas - Em foco","og_description":"O Benef\u00edcio de Presta\u00e7\u00e3o Continuada passou por altera\u00e7\u00f5es para 2025. Confira o novo valor e as datas de pagamento atualizadas.","og_url":"https:\/\/www.em.com.br\/emfoco\/2025\/01\/11\/bpc-com-reajuste-o-que-muda-para-voce-em-2025\/","og_site_name":"Estado de Minas - Em foco","article_published_time":"2025-01-11T20:00:00+00:00","article_modified_time":"2025-01-11T08:23:53+00:00","og_image":[{"width":1280,"height":720,"url":"https:\/\/www.em.com.br\/emfoco\/wp-content\/uploads\/2024\/12\/Idosos_1734194756779.jpg","type":"image\/jpeg"}],"author":"Kelvin","twitter_card":"summary_large_image","twitter_misc":{"Escrito por":"Kelvin","Est. tempo de leitura":"3 minutos"},"schema":{"@context":"https:\/\/schema.org","@graph":[{"@type":"WebPage","@id":"https:\/\/www.em.com.br\/emfoco\/2025\/01\/11\/bpc-com-reajuste-o-que-muda-para-voce-em-2025\/","url":"https:\/\/www.em.com.br\/emfoco\/2025\/01\/11\/bpc-com-reajuste-o-que-muda-para-voce-em-2025\/","name":"BPC com reajuste: o que muda para voc\u00ea em 2025? - Estado de Minas - Em foco","isPartOf":{"@id":"https:\/\/www.em.com.br\/emfoco\/#website"},"primaryImageOfPage":{"@id":"https:\/\/www.em.com.br\/emfoco\/2025\/01\/11\/bpc-com-reajuste-o-que-muda-para-voce-em-2025\/#primaryimage"},"image":{"@id":"https:\/\/www.em.com.br\/emfoco\/2025\/01\/11\/bpc-com-reajuste-o-que-muda-para-voce-em-2025\/#primaryimage"},"thumbnailUrl":"https:\/\/www.em.com.br\/emfoco\/wp-content\/uploads\/2024\/12\/Idosos_1734194756779.jpg","datePublished":"2025-01-11T20:00:00+00:00","dateModified":"2025-01-11T08:23:53+00:00","author":{"@id":"https:\/\/www.em.com.br\/emfoco\/#\/schema\/person\/fb0a7f48c6fbb94b83f413a80f61917d"},"description":"O Benef\u00edcio de Presta\u00e7\u00e3o Continuada passou por altera\u00e7\u00f5es para 2025. Confira o novo valor e as datas de pagamento atualizadas.","breadcrumb":{"@id":"https:\/\/www.em.com.br\/emfoco\/2025\/01\/11\/bpc-com-reajuste-o-que-muda-para-voce-em-2025\/#breadcrumb"},"inLanguage":"pt-BR","potentialAction":[{"@type":"ReadAction","target":["https:\/\/www.em.com.br\/emfoco\/2025\/01\/11\/bpc-com-reajuste-o-que-muda-para-voce-em-2025\/"]}]},{"@type":"ImageObject","inLanguage":"pt-BR","@id":"https:\/\/www.em.com.br\/emfoco\/2025\/01\/11\/bpc-com-reajuste-o-que-muda-para-voce-em-2025\/#primaryimage","url":"https:\/\/www.em.com.br\/emfoco\/wp-content\/uploads\/2024\/12\/Idosos_1734194756779.jpg","contentUrl":"https:\/\/www.em.com.br\/emfoco\/wp-content\/uploads\/2024\/12\/Idosos_1734194756779.jpg","width":1280,"height":720,"caption":"Aponsetado - Cr\u00e9ditos: depositphotos.com \/ AndrewLozovyi"},{"@type":"BreadcrumbList","@id":"https:\/\/www.em.com.br\/emfoco\/2025\/01\/11\/bpc-com-reajuste-o-que-muda-para-voce-em-2025\/#breadcrumb","itemListElement":[{"@type":"ListItem","position":1,"name":"In\u00edcio","item":"https:\/\/www.em.com.br\/emfoco\/"},{"@type":"ListItem","position":2,"name":"BPC com reajuste: o que muda para voc\u00ea em 2025?"}]},{"@type":"WebSite","@id":"https:\/\/www.em.com.br\/emfoco\/#website","url":"https:\/\/www.em.com.br\/emfoco\/","name":"Estado de Minas - Em foco","description":"Acompanhe as \u00faltimas not\u00edcias e fique bem informado sobre tudo o que acontece em Minas Gerais, Brasil e no mundo.","potentialAction":[{"@type":"SearchAction","target":{"@type":"EntryPoint","urlTemplate":"https:\/\/www.em.com.br\/emfoco\/?s={search_term_string}"},"query-input":{"@type":"PropertyValueSpecification","valueRequired":true,"valueName":"search_term_string"}}],"inLanguage":"pt-BR"},{"@type":"Person","@id":"https:\/\/www.em.com.br\/emfoco\/#\/schema\/person\/fb0a7f48c6fbb94b83f413a80f61917d","name":"Kelvin","image":{"@type":"ImageObject","inLanguage":"pt-BR","@id":"https:\/\/www.em.com.br\/emfoco\/#\/schema\/person\/image\/","url":"https:\/\/secure.gravatar.com\/avatar\/e74f84337e6bf6c4c5e88fbdffa05270?s=96&d=mm&r=g","contentUrl":"https:\/\/secure.gravatar.com\/avatar\/e74f84337e6bf6c4c5e88fbdffa05270?s=96&d=mm&r=g","caption":"Kelvin"},"sameAs":["https:\/\/www.em.com.br\/emfoco"],"url":"https:\/\/www.em.com.br\/emfoco\/author\/kelvinmyth\/"}]}},"_links":{"self":[{"href":"https:\/\/www.em.com.br\/emfoco\/wp-json\/wp\/v2\/posts\/9819","targetHints":{"allow":["GET"]}}],"collection":[{"href":"https:\/\/www.em.com.br\/emfoco\/wp-json\/wp\/v2\/posts"}],"about":[{"href":"https:\/\/www.em.com.br\/emfoco\/wp-json\/wp\/v2\/types\/post"}],"author":[{"embeddable":true,"href":"https:\/\/www.em.com.br\/emfoco\/wp-json\/wp\/v2\/users\/7"}],"replies":[{"embeddable":true,"href":"https:\/\/www.em.com.br\/emfoco\/wp-json\/wp\/v2\/comments?post=9819"}],"version-history":[{"count":2,"href":"https:\/\/www.em.com.br\/emfoco\/wp-json\/wp\/v2\/posts\/9819\/revisions"}],"predecessor-version":[{"id":9822,"href":"https:\/\/www.em.com.br\/emfoco\/wp-json\/wp\/v2\/posts\/9819\/revisions\/9822"}],"wp:featuredmedia":[{"embeddable":true,"href":"https:\/\/www.em.com.br\/emfoco\/wp-json\/wp\/v2\/media\/5003"}],"wp:attachment":[{"href":"https:\/\/www.em.com.br\/emfoco\/wp-json\/wp\/v2\/media?parent=9819"}],"wp:term":[{"taxonomy":"category","embeddable":true,"href":"https:\/\/www.em.com.br\/emfoco\/wp-json\/wp\/v2\/categories?post=9819"},{"taxonomy":"post_tag","embeddable":true,"href":"https:\/\/www.em.com.br\/emfoco\/wp-json\/wp\/v2\/tags?post=9819"}],"curies":[{"name":"wp","href":"https:\/\/api.w.org\/{rel}","templated":true}]}}