{"id":98091,"date":"2025-08-30T17:38:49","date_gmt":"2025-08-30T20:38:49","guid":{"rendered":"https:\/\/www.em.com.br\/emfoco\/?p=98091"},"modified":"2025-08-29T20:31:47","modified_gmt":"2025-08-29T23:31:47","slug":"sua-memoria-pode-ser-mais-eficiente-se-voce-fizer-pausas-no-estudo","status":"publish","type":"post","link":"https:\/\/www.em.com.br\/emfoco\/2025\/08\/30\/sua-memoria-pode-ser-mais-eficiente-se-voce-fizer-pausas-no-estudo\/","title":{"rendered":"Sua mem\u00f3ria pode ser mais eficiente se voc\u00ea fizer pausas no estudo"},"content":{"rendered":"\n<p>Entender <strong>quando fazer pequenas pausas<\/strong> durante o estudo pode ser a chave para melhorar a mem\u00f3ria e o aprendizado. Essas pausas estrat\u00e9gicas ajudam a consolidar as informa\u00e7\u00f5es e possibilitam uma recupera\u00e7\u00e3o mais eficaz dos conte\u00fados. Al\u00e9m disso, planejar esses intervalos contribui para uma rotina de estudos mais equilibrada, reduzindo o estresse e melhorando o desempenho a longo prazo. Descubra abaixo os principais benef\u00edcios e <strong>como implementar essa t\u00e9cnica<\/strong> no seu dia a dia.<\/p>\n\n\n\n<ul class=\"wp-block-list\">\n<li>Por que pausas programadas s\u00e3o eficazes para a mem\u00f3ria<\/li>\n\n\n\n<li>Como as pausas curtas afetam a concentra\u00e7\u00e3o e o foco<\/li>\n\n\n\n<li>Dicas pr\u00e1ticas para incluir pausas nos estudos di\u00e1rios<\/li>\n<\/ul>\n\n\n\n<h2 class=\"wp-block-heading\">Por que pequenas pausas melhoram a mem\u00f3ria?<\/h2>\n\n\n\n<p>As <strong>pequenas pausas<\/strong> proporcionam ao c\u00e9rebro um tempo necess\u00e1rio para processar e consolidar informa\u00e7\u00f5es. Durante esse breve per\u00edodo, ocorre a reorganiza\u00e7\u00e3o das mem\u00f3rias recentes, fortalecendo as sinapses e facilitando a fixa\u00e7\u00e3o dos conte\u00fados estudados. Estudos em neuroci\u00eancia mostram que intervalos regulares podem aumentar significativamente a reten\u00e7\u00e3o de informa\u00e7\u00f5es ao longo do tempo.<\/p>\n\n\n\n<p>Al\u00e9m de promoverem a consolida\u00e7\u00e3o da mem\u00f3ria, as pausas s\u00e3o importantes para evitar a <strong>fadiga mental<\/strong>. Ao dar ao c\u00e9rebro momentos curtos de descanso, prevenimos a sobrecarga cognitiva, o que permite que o aluno retome os estudos com mais disposi\u00e7\u00e3o, clareza mental e energia para se aprofundar nos conte\u00fados.<\/p>\n\n\n<div class=\"wp-block-image\">\n<figure class=\"aligncenter size-large\"><img loading=\"lazy\" decoding=\"async\" width=\"1024\" height=\"576\" src=\"https:\/\/www.em.com.br\/emfoco\/wp-content\/uploads\/2025\/08\/estudar_1756489013295-1024x576.jpg\" alt=\"Estudar\" class=\"wp-image-98094\" srcset=\"https:\/\/www.em.com.br\/emfoco\/wp-content\/uploads\/2025\/08\/estudar_1756489013295-1024x576.jpg 1024w, https:\/\/www.em.com.br\/emfoco\/wp-content\/uploads\/2025\/08\/estudar_1756489013295-300x169.jpg 300w, https:\/\/www.em.com.br\/emfoco\/wp-content\/uploads\/2025\/08\/estudar_1756489013295-768x432.jpg 768w, https:\/\/www.em.com.br\/emfoco\/wp-content\/uploads\/2025\/08\/estudar_1756489013295-750x422.jpg 750w, https:\/\/www.em.com.br\/emfoco\/wp-content\/uploads\/2025\/08\/estudar_1756489013295-1140x641.jpg 1140w, https:\/\/www.em.com.br\/emfoco\/wp-content\/uploads\/2025\/08\/estudar_1756489013295.jpg 1280w\" sizes=\"auto, (max-width: 1024px) 100vw, 1024px\" \/><figcaption class=\"wp-element-caption\">Estudar &#8211; Cr\u00e9ditos: depositphotos.com \/ VitalikRadko<\/figcaption><\/figure><\/div>\n\n\n<h2 class=\"wp-block-heading\">Como pausas curtas afetam a concentra\u00e7\u00e3o?<\/h2>\n\n\n\n<p>Pausas breves e frequentes s\u00e3o conhecidas por manter a concentra\u00e7\u00e3o em n\u00edveis \u00f3timos. Fazer pequenos intervalos permite que a mente se reorganize, reduzindo o estresse acumulado e ampliando nossa capacidade de aten\u00e7\u00e3o depois de cada pausa. Diversas pesquisas em psicologia cognitiva apontam que a produtividade aumenta quando o tempo de foco \u00e9 intercalado por per\u00edodos curtos de relaxamento.<\/p>\n\n\n\n<p>Al\u00e9m disso, ao evitar longas sess\u00f5es ininterruptas de estudo, \u00e9 poss\u00edvel evitar o esgotamento, garantindo uma abordagem mais equilibrada ao aprendizado. A concentra\u00e7\u00e3o se mant\u00e9m mais est\u00e1vel e os lapsos de aten\u00e7\u00e3o s\u00e3o minimizados, tornando o processo de estudo mais eficiente e menos cansativo.<\/p>\n\n\n\n<h2 class=\"wp-block-heading\">Estrat\u00e9gias para incorporar pausas nos estudos<\/h2>\n\n\n\n<p>Integrar <strong>pausas estrat\u00e9gicas<\/strong> depende de uma boa organiza\u00e7\u00e3o. Experimente t\u00e9cnicas como o Pomodoro, que sugere 25 minutos de foco seguido por 5 minutos de descanso, ajustando os intervalos conforme suas necessidades individuais. Organizar os estudos com cronogramas e blocos de tempo ajuda a transformar as pausas em parte da rotina, tornando os intervalos mais naturais e produtivos.<\/p>\n\n\n\n<ul class=\"wp-block-list\">\n<li>Estabele\u00e7a um cronograma de estudos com intervalos regulares.<\/li>\n\n\n\n<li>Aproveite as pausas para atividades relaxantes, como caminhadas breves ou exerc\u00edcios de respira\u00e7\u00e3o.<\/li>\n\n\n\n<li>Mantenha-se hidratado e nutrido para maximizar os benef\u00edcios das pausas.<\/li>\n<\/ul>\n\n\n\n<p>Utilize alarmes, aplicativos de produtividade ou at\u00e9 mesmo listas de tarefas para lembrar-se de fazer as pausas. Durante esses breves momentos, procure sair do ambiente de estudo, respirando ar fresco ou alongando-se, para um descanso mental e f\u00edsico mais completo. Outra sugest\u00e3o \u00e9 compartilhar seu plano de estudos com amigos ou familiares, o que pode aumentar o compromisso em respeitar os intervalos e tornar os resultados ainda mais efetivos.<\/p>\n\n\n\n<p>Leia tamb\u00e9m: <a href=\"https:\/\/www.em.com.br\/emfoco\/2025\/08\/29\/3-atitudes-simples-que-ajudam-a-controlar-a-pressao-a-glicose-e-o-colesterol-ao-mesmo-tempo\/\" target=\"_blank\" rel=\"noreferrer noopener\">3 atitudes simples que ajudam a controlar a press\u00e3o, a glicose e o colesterol ao mesmo tempo<\/a><\/p>\n\n\n\n<h2 class=\"wp-block-heading\">Dicas para maximizar o tempo de pausa<\/h2>\n\n\n\n<p>Durante as pausas, evite distra\u00e7\u00f5es como redes sociais e conte\u00fados digitais que possam sobrecarregar a mente. Priorize atividades simples e relaxantes, como alongamentos, pequenos lanches saud\u00e1veis ou exerc\u00edcios de respira\u00e7\u00e3o profunda, que ajudam a restaurar o foco sem gerar mais est\u00edmulos cognitivos.<\/p>\n\n\n\n<p>Praticar a aten\u00e7\u00e3o plena, como a medita\u00e7\u00e3o breve, pode ser uma excelente maneira de usar esse tempo, pois auxilia no centramento da mente e promove um retorno mais focado aos estudos. <a href=\"https:\/\/www.gov.br\/pt-br\/categorias\/educacao-e-pesquisa\/estudos-e-pesquisas\" target=\"_blank\" rel=\"noreferrer noopener\">Caminhadas <\/a>curtas em ambientes tranquilos e exerc\u00edcios leves tamb\u00e9m s\u00e3o op\u00e7\u00f5es valiosas para recarregar as energias durante as pausas. Caso tenha tempo, ouvir brevemente uma m\u00fasica suave ou sons da natureza pode complementar a recupera\u00e7\u00e3o mental.<\/p>\n\n\n\n<h2 class=\"wp-block-heading\">Resumo das t\u00e9cnicas eficazes de estudo<\/h2>\n\n\n\n<ul class=\"wp-block-list\">\n<li>Pequenas pausas ajudam na consolida\u00e7\u00e3o da mem\u00f3ria e evitam a fadiga mental, tornando o estudo mais eficiente.<\/li>\n\n\n\n<li>Integrar pausas regulares auxilia na manuten\u00e7\u00e3o da concentra\u00e7\u00e3o e no desempenho, promovendo um aprendizado sustent\u00e1vel.<\/li>\n\n\n\n<li>Estrat\u00e9gias como o Pomodoro podem estruturar melhor o tempo de estudo e descanso, adaptando-se a diferentes rotinas e necessidades individuais.<\/li>\n<\/ul>\n\n\n\n<p>Ao adotar essas t\u00e9cnicas, \u00e9 poss\u00edvel otimizar o aprendizado, manter a motiva\u00e7\u00e3o elevada e construir resultados mais s\u00f3lidos nos estudos di\u00e1rios. Com a aplica\u00e7\u00e3o consistente das pausas, \u00e9 poss\u00edvel perceber uma melhora no bem-estar geral e na capacidade de lidar com desafios acad\u00eamicos ou profissionais.<\/p>\n","protected":false},"excerpt":{"rendered":"<p>Entender quando fazer pequenas pausas durante o estudo pode ser a chave para melhorar a mem\u00f3ria e o aprendizado. Essas pausas estrat\u00e9gicas ajudam a consolidar as informa\u00e7\u00f5es e possibilitam uma recupera\u00e7\u00e3o mais eficaz dos conte\u00fados. Al\u00e9m disso, planejar esses intervalos contribui para uma rotina de estudos mais equilibrada, reduzindo o estresse e melhorando o desempenho [&hellip;]<\/p>\n","protected":false},"author":15,"featured_media":98093,"comment_status":"open","ping_status":"open","sticky":false,"template":"","format":"standard","meta":{"jnews-multi-image_gallery":[],"jnews_single_post":{"format":"standard"},"jnews_primary_category":[],"jnews_social_meta":[],"jnews_override_counter":[],"footnotes":""},"categories":[8819],"tags":[7665,9710,5381,10176,15182],"class_list":["post-98091","post","type-post","status-publish","format-standard","has-post-thumbnail","hentry","category-curiosidades","tag-concentracao","tag-estudos","tag-memoria","tag-pausas","tag-tecnicas-de-estudo"],"yoast_head":"<!-- This site is optimized with the Yoast SEO plugin v23.8 - https:\/\/yoast.com\/wordpress\/plugins\/seo\/ -->\n<title>Sua mem\u00f3ria pode ser mais eficiente se voc\u00ea fizer pausas no estudo - Estado de Minas - Em foco<\/title>\n<meta name=\"description\" content=\"Pausas curtas durante o estudo aumentam a memoriza\u00e7\u00e3o e reduzem o cansa\u00e7o mental. Conhe\u00e7a os benef\u00edcios dessa pr\u00e1tica.\" \/>\n<meta name=\"robots\" content=\"index, follow, max-snippet:-1, max-image-preview:large, max-video-preview:-1\" \/>\n<link rel=\"canonical\" href=\"https:\/\/www.em.com.br\/emfoco\/2025\/08\/30\/sua-memoria-pode-ser-mais-eficiente-se-voce-fizer-pausas-no-estudo\/\" \/>\n<meta property=\"og:locale\" content=\"pt_BR\" \/>\n<meta property=\"og:type\" content=\"article\" \/>\n<meta property=\"og:title\" content=\"Sua mem\u00f3ria pode ser mais eficiente se voc\u00ea fizer pausas no estudo - Estado de Minas - Em foco\" \/>\n<meta property=\"og:description\" content=\"Pausas curtas durante o estudo aumentam a memoriza\u00e7\u00e3o e reduzem o cansa\u00e7o mental. Conhe\u00e7a os benef\u00edcios dessa pr\u00e1tica.\" \/>\n<meta property=\"og:url\" content=\"https:\/\/www.em.com.br\/emfoco\/2025\/08\/30\/sua-memoria-pode-ser-mais-eficiente-se-voce-fizer-pausas-no-estudo\/\" \/>\n<meta property=\"og:site_name\" content=\"Estado de Minas - Em foco\" \/>\n<meta property=\"article:published_time\" content=\"2025-08-30T20:38:49+00:00\" \/>\n<meta property=\"article:modified_time\" content=\"2025-08-29T23:31:47+00:00\" \/>\n<meta property=\"og:image\" content=\"https:\/\/www.em.com.br\/emfoco\/wp-content\/uploads\/2025\/08\/estudar_1756489003016.jpg\" \/>\n\t<meta property=\"og:image:width\" content=\"1280\" \/>\n\t<meta property=\"og:image:height\" content=\"720\" \/>\n\t<meta property=\"og:image:type\" content=\"image\/jpeg\" \/>\n<meta name=\"author\" content=\"Douglas Myth\" \/>\n<meta name=\"twitter:card\" content=\"summary_large_image\" \/>\n<meta name=\"twitter:label1\" content=\"Escrito por\" \/>\n\t<meta name=\"twitter:data1\" content=\"Douglas Myth\" \/>\n\t<meta name=\"twitter:label2\" content=\"Est. tempo de leitura\" \/>\n\t<meta name=\"twitter:data2\" content=\"5 minutos\" \/>\n<!-- \/ Yoast SEO plugin. -->","yoast_head_json":{"title":"Sua mem\u00f3ria pode ser mais eficiente se voc\u00ea fizer pausas no estudo - Estado de Minas - Em foco","description":"Pausas curtas durante o estudo aumentam a memoriza\u00e7\u00e3o e reduzem o cansa\u00e7o mental. Conhe\u00e7a os benef\u00edcios dessa pr\u00e1tica.","robots":{"index":"index","follow":"follow","max-snippet":"max-snippet:-1","max-image-preview":"max-image-preview:large","max-video-preview":"max-video-preview:-1"},"canonical":"https:\/\/www.em.com.br\/emfoco\/2025\/08\/30\/sua-memoria-pode-ser-mais-eficiente-se-voce-fizer-pausas-no-estudo\/","og_locale":"pt_BR","og_type":"article","og_title":"Sua mem\u00f3ria pode ser mais eficiente se voc\u00ea fizer pausas no estudo - Estado de Minas - Em foco","og_description":"Pausas curtas durante o estudo aumentam a memoriza\u00e7\u00e3o e reduzem o cansa\u00e7o mental. Conhe\u00e7a os benef\u00edcios dessa pr\u00e1tica.","og_url":"https:\/\/www.em.com.br\/emfoco\/2025\/08\/30\/sua-memoria-pode-ser-mais-eficiente-se-voce-fizer-pausas-no-estudo\/","og_site_name":"Estado de Minas - Em foco","article_published_time":"2025-08-30T20:38:49+00:00","article_modified_time":"2025-08-29T23:31:47+00:00","og_image":[{"width":1280,"height":720,"url":"https:\/\/www.em.com.br\/emfoco\/wp-content\/uploads\/2025\/08\/estudar_1756489003016.jpg","type":"image\/jpeg"}],"author":"Douglas Myth","twitter_card":"summary_large_image","twitter_misc":{"Escrito por":"Douglas Myth","Est. tempo de leitura":"5 minutos"},"schema":{"@context":"https:\/\/schema.org","@graph":[{"@type":"WebPage","@id":"https:\/\/www.em.com.br\/emfoco\/2025\/08\/30\/sua-memoria-pode-ser-mais-eficiente-se-voce-fizer-pausas-no-estudo\/","url":"https:\/\/www.em.com.br\/emfoco\/2025\/08\/30\/sua-memoria-pode-ser-mais-eficiente-se-voce-fizer-pausas-no-estudo\/","name":"Sua mem\u00f3ria pode ser mais eficiente se voc\u00ea fizer pausas no estudo - Estado de Minas - Em foco","isPartOf":{"@id":"https:\/\/www.em.com.br\/emfoco\/#website"},"primaryImageOfPage":{"@id":"https:\/\/www.em.com.br\/emfoco\/2025\/08\/30\/sua-memoria-pode-ser-mais-eficiente-se-voce-fizer-pausas-no-estudo\/#primaryimage"},"image":{"@id":"https:\/\/www.em.com.br\/emfoco\/2025\/08\/30\/sua-memoria-pode-ser-mais-eficiente-se-voce-fizer-pausas-no-estudo\/#primaryimage"},"thumbnailUrl":"https:\/\/www.em.com.br\/emfoco\/wp-content\/uploads\/2025\/08\/estudar_1756489003016.jpg","datePublished":"2025-08-30T20:38:49+00:00","dateModified":"2025-08-29T23:31:47+00:00","author":{"@id":"https:\/\/www.em.com.br\/emfoco\/#\/schema\/person\/bba594b7eebe9b9885fec3a5c7837089"},"description":"Pausas curtas durante o estudo aumentam a memoriza\u00e7\u00e3o e reduzem o cansa\u00e7o mental. Conhe\u00e7a os benef\u00edcios dessa pr\u00e1tica.","breadcrumb":{"@id":"https:\/\/www.em.com.br\/emfoco\/2025\/08\/30\/sua-memoria-pode-ser-mais-eficiente-se-voce-fizer-pausas-no-estudo\/#breadcrumb"},"inLanguage":"pt-BR","potentialAction":[{"@type":"ReadAction","target":["https:\/\/www.em.com.br\/emfoco\/2025\/08\/30\/sua-memoria-pode-ser-mais-eficiente-se-voce-fizer-pausas-no-estudo\/"]}]},{"@type":"ImageObject","inLanguage":"pt-BR","@id":"https:\/\/www.em.com.br\/emfoco\/2025\/08\/30\/sua-memoria-pode-ser-mais-eficiente-se-voce-fizer-pausas-no-estudo\/#primaryimage","url":"https:\/\/www.em.com.br\/emfoco\/wp-content\/uploads\/2025\/08\/estudar_1756489003016.jpg","contentUrl":"https:\/\/www.em.com.br\/emfoco\/wp-content\/uploads\/2025\/08\/estudar_1756489003016.jpg","width":1280,"height":720,"caption":"Estudar - Cr\u00e9ditos: depositphotos.com \/ ijeab"},{"@type":"BreadcrumbList","@id":"https:\/\/www.em.com.br\/emfoco\/2025\/08\/30\/sua-memoria-pode-ser-mais-eficiente-se-voce-fizer-pausas-no-estudo\/#breadcrumb","itemListElement":[{"@type":"ListItem","position":1,"name":"In\u00edcio","item":"https:\/\/www.em.com.br\/emfoco\/"},{"@type":"ListItem","position":2,"name":"Sua mem\u00f3ria pode ser mais eficiente se voc\u00ea fizer pausas no estudo"}]},{"@type":"WebSite","@id":"https:\/\/www.em.com.br\/emfoco\/#website","url":"https:\/\/www.em.com.br\/emfoco\/","name":"Estado de Minas - Em foco","description":"Acompanhe as \u00faltimas not\u00edcias e fique bem informado sobre tudo o que acontece em Minas Gerais, Brasil e no mundo.","potentialAction":[{"@type":"SearchAction","target":{"@type":"EntryPoint","urlTemplate":"https:\/\/www.em.com.br\/emfoco\/?s={search_term_string}"},"query-input":{"@type":"PropertyValueSpecification","valueRequired":true,"valueName":"search_term_string"}}],"inLanguage":"pt-BR"},{"@type":"Person","@id":"https:\/\/www.em.com.br\/emfoco\/#\/schema\/person\/bba594b7eebe9b9885fec3a5c7837089","name":"Douglas Myth","image":{"@type":"ImageObject","inLanguage":"pt-BR","@id":"https:\/\/www.em.com.br\/emfoco\/#\/schema\/person\/image\/","url":"https:\/\/secure.gravatar.com\/avatar\/1ac3cf50d0e68642c697dc0c960c802f?s=96&d=mm&r=g","contentUrl":"https:\/\/secure.gravatar.com\/avatar\/1ac3cf50d0e68642c697dc0c960c802f?s=96&d=mm&r=g","caption":"Douglas Myth"},"url":"https:\/\/www.em.com.br\/emfoco\/author\/douglasmyth\/"}]}},"_links":{"self":[{"href":"https:\/\/www.em.com.br\/emfoco\/wp-json\/wp\/v2\/posts\/98091","targetHints":{"allow":["GET"]}}],"collection":[{"href":"https:\/\/www.em.com.br\/emfoco\/wp-json\/wp\/v2\/posts"}],"about":[{"href":"https:\/\/www.em.com.br\/emfoco\/wp-json\/wp\/v2\/types\/post"}],"author":[{"embeddable":true,"href":"https:\/\/www.em.com.br\/emfoco\/wp-json\/wp\/v2\/users\/15"}],"replies":[{"embeddable":true,"href":"https:\/\/www.em.com.br\/emfoco\/wp-json\/wp\/v2\/comments?post=98091"}],"version-history":[{"count":2,"href":"https:\/\/www.em.com.br\/emfoco\/wp-json\/wp\/v2\/posts\/98091\/revisions"}],"predecessor-version":[{"id":98095,"href":"https:\/\/www.em.com.br\/emfoco\/wp-json\/wp\/v2\/posts\/98091\/revisions\/98095"}],"wp:featuredmedia":[{"embeddable":true,"href":"https:\/\/www.em.com.br\/emfoco\/wp-json\/wp\/v2\/media\/98093"}],"wp:attachment":[{"href":"https:\/\/www.em.com.br\/emfoco\/wp-json\/wp\/v2\/media?parent=98091"}],"wp:term":[{"taxonomy":"category","embeddable":true,"href":"https:\/\/www.em.com.br\/emfoco\/wp-json\/wp\/v2\/categories?post=98091"},{"taxonomy":"post_tag","embeddable":true,"href":"https:\/\/www.em.com.br\/emfoco\/wp-json\/wp\/v2\/tags?post=98091"}],"curies":[{"name":"wp","href":"https:\/\/api.w.org\/{rel}","templated":true}]}}