{"id":97915,"date":"2025-08-30T10:08:00","date_gmt":"2025-08-30T13:08:00","guid":{"rendered":"https:\/\/www.em.com.br\/emfoco\/?p=97915"},"modified":"2025-08-29T12:02:59","modified_gmt":"2025-08-29T15:02:59","slug":"banco-central-emite-novo-comunicado-sobre-novidades-no-pix","status":"publish","type":"post","link":"https:\/\/www.em.com.br\/emfoco\/2025\/08\/30\/banco-central-emite-novo-comunicado-sobre-novidades-no-pix\/","title":{"rendered":"Banco Central emite novo comunicado sobre novidades no PIX"},"content":{"rendered":"\n<p>O\u00a0<a href=\"https:\/\/www.bcb.gov.br\/\" target=\"_blank\" rel=\"noreferrer noopener\"><strong>Banco Central<\/strong>\u00a0<\/a>publicou uma resolu\u00e7\u00e3o que melhora o\u00a0<strong>Mecanismo Especial de Devolu\u00e7\u00e3o<\/strong>\u00a0(MED) do\u00a0<strong>Pix<\/strong>, facilitando a devolu\u00e7\u00e3o de recursos para v\u00edtimas de fraudes. A partir de\u00a0<strong>outubro<\/strong>, o MED ser\u00e1 totalmente digital. Confira como essa mudan\u00e7a afeta voc\u00ea:<\/p>\n\n\n\n<ul class=\"wp-block-list\">\n<li>Aumento da agilidade no processo de devolu\u00e7\u00e3o de recursos.<\/li>\n\n\n\n<li>Possibilidade de devolu\u00e7\u00e3o a partir de outras contas al\u00e9m da original.<\/li>\n\n\n\n<li>Maior identifica\u00e7\u00e3o de contas usadas em fraudes.<\/li>\n<\/ul>\n\n\n\n<h2 class=\"wp-block-heading\">Como funciona a nova vers\u00e3o do MED?<\/h2>\n\n\n\n<p>A partir de 1\u00ba de outubro, o MED ser\u00e1 realizado de forma 100% digital, eliminando a necessidade de contato telef\u00f4nico com as institui\u00e7\u00f5es financeiras, como o&nbsp;<strong>Banco do Brasil<\/strong>&nbsp;e outras. Essa mudan\u00e7a visa tornar as contesta\u00e7\u00f5es de transa\u00e7\u00f5es fraudulentas mais r\u00e1pidas e eficientes, aumentando a possibilidade de recupera\u00e7\u00e3o dos valores.<\/p>\n\n\n\n<p>Com os aprimoramentos recentes, o MED vai identificar poss\u00edveis caminhos dos recursos. Essas informa\u00e7\u00f5es ser\u00e3o compartilhadas com os participantes envolvidos nas transa\u00e7\u00f5es e permitir\u00e3o a devolu\u00e7\u00e3o de recursos em at\u00e9 11 dias ap\u00f3s a contesta\u00e7\u00e3o, de acordo com o BC. Essa mudan\u00e7a estar\u00e1 dispon\u00edvel a partir de 23 de novembro, de forma facultativa, e se torna obrigat\u00f3ria em fevereiro do ano que vem.<\/p>\n\n\n\n<figure class=\"wp-block-image\"><img decoding=\"async\" src=\"https:\/\/www.em.com.br\/emfoco\/wp-content\/uploads\/2025\/07\/PIX_1752844857363-1024x576.jpg\" alt=\"\"\/><figcaption class=\"wp-element-caption\">PIX e dinheiro &#8211; Cr\u00e9ditos: depositphotos.com \/ Etalbr<\/figcaption><\/figure>\n\n\n\n<h2 class=\"wp-block-heading\">O que muda no mecanismo de contesta\u00e7\u00e3o?<\/h2>\n\n\n\n<p>Com as novas regras, os bancos poder\u00e3o devolver valores a partir de outras contas al\u00e9m da que participou da fraude inicial. Isso \u00e9 crucial porque muitos&nbsp;<strong>golpistas<\/strong>&nbsp;transferem rapidamente os valores para diferentes contas, dificultando a recupera\u00e7\u00e3o. Agora, institui\u00e7\u00f5es como o&nbsp;<strong>Caixa Econ\u00f4mica Federal<\/strong>&nbsp;tamb\u00e9m poder\u00e3o atuar nesse processo de rastreamento e recupera\u00e7\u00e3o.<\/p>\n\n\n\n<h2 class=\"wp-block-heading\">Quais s\u00e3o os impactos esperados?<\/h2>\n\n\n\n<p>O Banco Central espera que essas mudan\u00e7as resultem em um aumento na identifica\u00e7\u00e3o de contas fraudulentas, al\u00e9m de desincentivar as pr\u00e1ticas de fraude, tornando as transa\u00e7\u00f5es mais seguras para usu\u00e1rios de todo o&nbsp;<strong>Brasil<\/strong>.<\/p>\n\n\n\n<p>Leia tamb\u00e9m:\u00a0<strong><a href=\"https:\/\/www.em.com.br\/emfoco\/2025\/08\/28\/restituicao-via-pix-acelera-pagamentos-e-facilita-o-controle-financeiro\/\" target=\"_blank\" rel=\"noreferrer noopener\">Restitui\u00e7\u00e3o via PIX acelera pagamentos e facilita o controle financeiro<\/a><\/strong><\/p>\n\n\n\n<h2 class=\"wp-block-heading\">Para quais tipos de situa\u00e7\u00f5es a solu\u00e7\u00e3o funciona?<\/h2>\n\n\n\n<p>O MED permanece dispon\u00edvel exclusivamente para casos comprovados de fraude ou erros operacionais das institui\u00e7\u00f5es financeiras, como os registrados em sistemas do&nbsp;<strong>Bacen<\/strong>, e n\u00e3o se aplica a desacordos comerciais ou envios incorretos por erro do pr\u00f3prio usu\u00e1rio.<\/p>\n\n\n\n<h2 class=\"wp-block-heading\">Quais s\u00e3o os principais benef\u00edcios da atualiza\u00e7\u00e3o do MED?<\/h2>\n\n\n\n<ul class=\"wp-block-list\">\n<li>Facilidade de contestar transa\u00e7\u00f5es fraudulentas integralmente online.<\/li>\n\n\n\n<li>Agilidade no retorno dos valores para a v\u00edtima.<\/li>\n\n\n\n<li>Maior seguran\u00e7a e confian\u00e7a no uso do sistema Pix, especialmente ap\u00f3s esta atualiza\u00e7\u00e3o anunciada pelo Banco Central em outubro de 2025.<\/li>\n<\/ul>\n","protected":false},"excerpt":{"rendered":"<p>O\u00a0Banco Central\u00a0publicou uma resolu\u00e7\u00e3o que melhora o\u00a0Mecanismo Especial de Devolu\u00e7\u00e3o\u00a0(MED) do\u00a0Pix, facilitando a devolu\u00e7\u00e3o de recursos para v\u00edtimas de fraudes. A partir de\u00a0outubro, o MED ser\u00e1 totalmente digital. Confira como essa mudan\u00e7a afeta voc\u00ea: Como funciona a nova vers\u00e3o do MED? A partir de 1\u00ba de outubro, o MED ser\u00e1 realizado de forma 100% digital, [&hellip;]<\/p>\n","protected":false},"author":11,"featured_media":41789,"comment_status":"open","ping_status":"open","sticky":false,"template":"","format":"standard","meta":{"jnews-multi-image_gallery":[],"jnews_single_post":{"format":"standard"},"jnews_primary_category":[],"jnews_social_meta":[],"jnews_override_counter":[],"footnotes":""},"categories":[28,1],"tags":[749,1514,9790,14021],"class_list":["post-97915","post","type-post","status-publish","format-standard","has-post-thumbnail","hentry","category-economia","category-noticias","tag-golpe","tag-pix","tag-pix-automatico","tag-pix-errado"],"yoast_head":"<!-- This site is optimized with the Yoast SEO plugin v23.8 - https:\/\/yoast.com\/wordpress\/plugins\/seo\/ -->\n<title>Banco Central emite novo comunicado sobre novidades no PIX - Estado de Minas - Em foco<\/title>\n<meta name=\"description\" content=\"Banco Central atualiza regras do Pix para aumentar a seguran\u00e7a e permitir devolu\u00e7\u00f5es mais r\u00e1pidas.\" \/>\n<meta name=\"robots\" content=\"index, follow, max-snippet:-1, max-image-preview:large, max-video-preview:-1\" \/>\n<link rel=\"canonical\" href=\"https:\/\/www.em.com.br\/emfoco\/2025\/08\/30\/banco-central-emite-novo-comunicado-sobre-novidades-no-pix\/\" \/>\n<meta property=\"og:locale\" content=\"pt_BR\" \/>\n<meta property=\"og:type\" content=\"article\" \/>\n<meta property=\"og:title\" content=\"Banco Central emite novo comunicado sobre novidades no PIX - Estado de Minas - Em foco\" \/>\n<meta property=\"og:description\" content=\"Banco Central atualiza regras do Pix para aumentar a seguran\u00e7a e permitir devolu\u00e7\u00f5es mais r\u00e1pidas.\" \/>\n<meta property=\"og:url\" content=\"https:\/\/www.em.com.br\/emfoco\/2025\/08\/30\/banco-central-emite-novo-comunicado-sobre-novidades-no-pix\/\" \/>\n<meta property=\"og:site_name\" content=\"Estado de Minas - Em foco\" \/>\n<meta property=\"article:published_time\" content=\"2025-08-30T13:08:00+00:00\" \/>\n<meta property=\"article:modified_time\" content=\"2025-08-29T15:02:59+00:00\" \/>\n<meta property=\"og:image\" content=\"https:\/\/www.em.com.br\/emfoco\/wp-content\/uploads\/2025\/04\/Banco-Central-brasil_1745609620145.jpg\" \/>\n\t<meta property=\"og:image:width\" content=\"1280\" \/>\n\t<meta property=\"og:image:height\" content=\"720\" \/>\n\t<meta property=\"og:image:type\" content=\"image\/jpeg\" \/>\n<meta name=\"author\" content=\"Andre\u0301 Rangel\u00a0\" \/>\n<meta name=\"twitter:card\" content=\"summary_large_image\" \/>\n<meta name=\"twitter:label1\" content=\"Escrito por\" \/>\n\t<meta name=\"twitter:data1\" content=\"Andre\u0301 Rangel\u00a0\" \/>\n\t<meta name=\"twitter:label2\" content=\"Est. tempo de leitura\" \/>\n\t<meta name=\"twitter:data2\" content=\"3 minutos\" \/>\n<!-- \/ Yoast SEO plugin. -->","yoast_head_json":{"title":"Banco Central emite novo comunicado sobre novidades no PIX - Estado de Minas - Em foco","description":"Banco Central atualiza regras do Pix para aumentar a seguran\u00e7a e permitir devolu\u00e7\u00f5es mais r\u00e1pidas.","robots":{"index":"index","follow":"follow","max-snippet":"max-snippet:-1","max-image-preview":"max-image-preview:large","max-video-preview":"max-video-preview:-1"},"canonical":"https:\/\/www.em.com.br\/emfoco\/2025\/08\/30\/banco-central-emite-novo-comunicado-sobre-novidades-no-pix\/","og_locale":"pt_BR","og_type":"article","og_title":"Banco Central emite novo comunicado sobre novidades no PIX - Estado de Minas - Em foco","og_description":"Banco Central atualiza regras do Pix para aumentar a seguran\u00e7a e permitir devolu\u00e7\u00f5es mais r\u00e1pidas.","og_url":"https:\/\/www.em.com.br\/emfoco\/2025\/08\/30\/banco-central-emite-novo-comunicado-sobre-novidades-no-pix\/","og_site_name":"Estado de Minas - Em foco","article_published_time":"2025-08-30T13:08:00+00:00","article_modified_time":"2025-08-29T15:02:59+00:00","og_image":[{"width":1280,"height":720,"url":"https:\/\/www.em.com.br\/emfoco\/wp-content\/uploads\/2025\/04\/Banco-Central-brasil_1745609620145.jpg","type":"image\/jpeg"}],"author":"Andre\u0301 Rangel\u00a0","twitter_card":"summary_large_image","twitter_misc":{"Escrito por":"Andre\u0301 Rangel\u00a0","Est. tempo de leitura":"3 minutos"},"schema":{"@context":"https:\/\/schema.org","@graph":[{"@type":"WebPage","@id":"https:\/\/www.em.com.br\/emfoco\/2025\/08\/30\/banco-central-emite-novo-comunicado-sobre-novidades-no-pix\/","url":"https:\/\/www.em.com.br\/emfoco\/2025\/08\/30\/banco-central-emite-novo-comunicado-sobre-novidades-no-pix\/","name":"Banco Central emite novo comunicado sobre novidades no PIX - Estado de Minas - Em foco","isPartOf":{"@id":"https:\/\/www.em.com.br\/emfoco\/#website"},"primaryImageOfPage":{"@id":"https:\/\/www.em.com.br\/emfoco\/2025\/08\/30\/banco-central-emite-novo-comunicado-sobre-novidades-no-pix\/#primaryimage"},"image":{"@id":"https:\/\/www.em.com.br\/emfoco\/2025\/08\/30\/banco-central-emite-novo-comunicado-sobre-novidades-no-pix\/#primaryimage"},"thumbnailUrl":"https:\/\/www.em.com.br\/emfoco\/wp-content\/uploads\/2025\/04\/Banco-Central-brasil_1745609620145.jpg","datePublished":"2025-08-30T13:08:00+00:00","dateModified":"2025-08-29T15:02:59+00:00","author":{"@id":"https:\/\/www.em.com.br\/emfoco\/#\/schema\/person\/60eda09c1fedf0d6891f4cef4b60b8b8"},"description":"Banco Central atualiza regras do Pix para aumentar a seguran\u00e7a e permitir devolu\u00e7\u00f5es mais r\u00e1pidas.","breadcrumb":{"@id":"https:\/\/www.em.com.br\/emfoco\/2025\/08\/30\/banco-central-emite-novo-comunicado-sobre-novidades-no-pix\/#breadcrumb"},"inLanguage":"pt-BR","potentialAction":[{"@type":"ReadAction","target":["https:\/\/www.em.com.br\/emfoco\/2025\/08\/30\/banco-central-emite-novo-comunicado-sobre-novidades-no-pix\/"]}]},{"@type":"ImageObject","inLanguage":"pt-BR","@id":"https:\/\/www.em.com.br\/emfoco\/2025\/08\/30\/banco-central-emite-novo-comunicado-sobre-novidades-no-pix\/#primaryimage","url":"https:\/\/www.em.com.br\/emfoco\/wp-content\/uploads\/2025\/04\/Banco-Central-brasil_1745609620145.jpg","contentUrl":"https:\/\/www.em.com.br\/emfoco\/wp-content\/uploads\/2025\/04\/Banco-Central-brasil_1745609620145.jpg","width":1280,"height":720,"caption":"Banco Central lan\u00e7a ferramenta impede aberturas indevidas e alerta o titular - Cr\u00e9ditos: depositphotos.com \/ rmcarvalhobsb"},{"@type":"BreadcrumbList","@id":"https:\/\/www.em.com.br\/emfoco\/2025\/08\/30\/banco-central-emite-novo-comunicado-sobre-novidades-no-pix\/#breadcrumb","itemListElement":[{"@type":"ListItem","position":1,"name":"In\u00edcio","item":"https:\/\/www.em.com.br\/emfoco\/"},{"@type":"ListItem","position":2,"name":"Banco Central emite novo comunicado sobre novidades no PIX"}]},{"@type":"WebSite","@id":"https:\/\/www.em.com.br\/emfoco\/#website","url":"https:\/\/www.em.com.br\/emfoco\/","name":"Estado de Minas - Em foco","description":"Acompanhe as \u00faltimas not\u00edcias e fique bem informado sobre tudo o que acontece em Minas Gerais, Brasil e no mundo.","potentialAction":[{"@type":"SearchAction","target":{"@type":"EntryPoint","urlTemplate":"https:\/\/www.em.com.br\/emfoco\/?s={search_term_string}"},"query-input":{"@type":"PropertyValueSpecification","valueRequired":true,"valueName":"search_term_string"}}],"inLanguage":"pt-BR"},{"@type":"Person","@id":"https:\/\/www.em.com.br\/emfoco\/#\/schema\/person\/60eda09c1fedf0d6891f4cef4b60b8b8","name":"Andre\u0301 Rangel\u00a0","image":{"@type":"ImageObject","inLanguage":"pt-BR","@id":"https:\/\/www.em.com.br\/emfoco\/#\/schema\/person\/image\/","url":"https:\/\/secure.gravatar.com\/avatar\/6234dc814c77c8ef6d8bba622c787efc?s=96&d=mm&r=g","contentUrl":"https:\/\/secure.gravatar.com\/avatar\/6234dc814c77c8ef6d8bba622c787efc?s=96&d=mm&r=g","caption":"Andre\u0301 Rangel\u00a0"},"url":"https:\/\/www.em.com.br\/emfoco\/author\/luizmyth\/"}]}},"_links":{"self":[{"href":"https:\/\/www.em.com.br\/emfoco\/wp-json\/wp\/v2\/posts\/97915","targetHints":{"allow":["GET"]}}],"collection":[{"href":"https:\/\/www.em.com.br\/emfoco\/wp-json\/wp\/v2\/posts"}],"about":[{"href":"https:\/\/www.em.com.br\/emfoco\/wp-json\/wp\/v2\/types\/post"}],"author":[{"embeddable":true,"href":"https:\/\/www.em.com.br\/emfoco\/wp-json\/wp\/v2\/users\/11"}],"replies":[{"embeddable":true,"href":"https:\/\/www.em.com.br\/emfoco\/wp-json\/wp\/v2\/comments?post=97915"}],"version-history":[{"count":4,"href":"https:\/\/www.em.com.br\/emfoco\/wp-json\/wp\/v2\/posts\/97915\/revisions"}],"predecessor-version":[{"id":97981,"href":"https:\/\/www.em.com.br\/emfoco\/wp-json\/wp\/v2\/posts\/97915\/revisions\/97981"}],"wp:featuredmedia":[{"embeddable":true,"href":"https:\/\/www.em.com.br\/emfoco\/wp-json\/wp\/v2\/media\/41789"}],"wp:attachment":[{"href":"https:\/\/www.em.com.br\/emfoco\/wp-json\/wp\/v2\/media?parent=97915"}],"wp:term":[{"taxonomy":"category","embeddable":true,"href":"https:\/\/www.em.com.br\/emfoco\/wp-json\/wp\/v2\/categories?post=97915"},{"taxonomy":"post_tag","embeddable":true,"href":"https:\/\/www.em.com.br\/emfoco\/wp-json\/wp\/v2\/tags?post=97915"}],"curies":[{"name":"wp","href":"https:\/\/api.w.org\/{rel}","templated":true}]}}