{"id":97648,"date":"2025-08-29T08:08:00","date_gmt":"2025-08-29T11:08:00","guid":{"rendered":"https:\/\/www.em.com.br\/emfoco\/?p=97648"},"modified":"2025-08-28T17:55:51","modified_gmt":"2025-08-28T20:55:51","slug":"aplicativos-comuns-estao-roubando-dados-e-ninguem-esta-seguro","status":"publish","type":"post","link":"https:\/\/www.em.com.br\/emfoco\/2025\/08\/29\/aplicativos-comuns-estao-roubando-dados-e-ninguem-esta-seguro\/","title":{"rendered":"Aplicativos comuns est\u00e3o roubando dados e ningu\u00e9m est\u00e1 seguro"},"content":{"rendered":"\n<p>Armazenar informa\u00e7\u00f5es pessoais em&nbsp;<strong>dispositivos m\u00f3veis<\/strong>&nbsp;pode aumentar o&nbsp;<strong>n\u00edvel de vulnerabilidade digital<\/strong>. Com a populariza\u00e7\u00e3o das transa\u00e7\u00f5es online, a&nbsp;<strong>ciberseguran\u00e7a<\/strong>&nbsp;tornou-se essencial para mitigar riscos de roubo de dados.<\/p>\n\n\n\n<ul class=\"wp-block-list\">\n<li>Identifique t\u00e1ticas comuns de cibercriminosos<\/li>\n\n\n\n<li>Dicas para verificar apps potencialmente perigosos<\/li>\n\n\n\n<li>Com quem falar em caso de fraude digital<\/li>\n<\/ul>\n\n\n\n<h2 class=\"wp-block-heading\">Como os cibercriminosos atuam e o que evitar?<\/h2>\n\n\n\n<p>Cibercriminosos frequentemente utilizam e-mails, <a href=\"https:\/\/www.em.com.br\/emfoco\/2025\/08\/25\/o-que-significa-quando-alguem-responde-suas-mensagens-de-forma-curta\/\" target=\"_blank\" rel=\"noreferrer noopener\">mensagens <\/a>de texto e chamadas para obter\u00a0<strong>informa\u00e7\u00f5es pessoais<\/strong>. Al\u00e9m disso, desenvolvem aplicativos falsos com o objetivo \u00fanico de\u00a0<strong>roubar dados<\/strong>\u00a0de usu\u00e1rios distra\u00eddos.<\/p>\n\n\n\n<p>Em especial, essas plataformas maliciosas podem acessar o&nbsp;<strong>hist\u00f3rico de navega\u00e7\u00e3o<\/strong>&nbsp;e contas banc\u00e1rias associadas ao&nbsp;<strong>dispositivo<\/strong>. O resultado? Extors\u00e3o e roubo de dados pessoais sem que a v\u00edtima perceba. Recentemente, autoridades como a&nbsp;<strong>Pol\u00edcia Nacional<\/strong>&nbsp;tamb\u00e9m alertaram para golpes em redes sociais, onde links maliciosos levam ao roubo de credenciais.<\/p>\n\n\n\n<figure class=\"wp-block-image\"><img decoding=\"async\" src=\"https:\/\/www.em.com.br\/emfoco\/wp-content\/uploads\/2025\/08\/malware-celular_1754080051782-1024x576.jpg\" alt=\"\"\/><figcaption class=\"wp-element-caption\">Celular alerta &#8211; Cr\u00e9ditos: depositphotos.com \/ 1stfootage<\/figcaption><\/figure>\n\n\n\n<h2 class=\"wp-block-heading\">Como verificar se seus aplicativos s\u00e3o seguros?<\/h2>\n\n\n\n<p>Para evitar ser v\u00edtima, \u00e9 importante&nbsp;<strong>verificar regularmente os aplicativos<\/strong>&nbsp;em seus&nbsp;<strong>dispositivos<\/strong>. Essa pr\u00e1tica garante a&nbsp;<strong>prote\u00e7\u00e3o de conex\u00f5es<\/strong>&nbsp;e das comunica\u00e7\u00f5es dos usu\u00e1rios.<\/p>\n\n\n\n<p>Uma lista de aplicativos potencialmente perigosos inclui plataformas que aparentam ser normais, mas s\u00e3o geridas por golpistas. Se alguma dessas estiver instalada, remova-a imediatamente. Utilize tamb\u00e9m ferramentas confi\u00e1veis de seguran\u00e7a, como o<a href=\"https:\/\/developers.google.com\/android\/play-protect\" target=\"_blank\" rel=\"noreferrer noopener\">\u00a0<strong>Google Play Protect<\/strong><\/a>, para an\u00e1lise e detec\u00e7\u00e3o pr\u00e9via de apps suspeitos.<\/p>\n\n\n\n<h2 class=\"wp-block-heading\">Quem procurar em caso de roubo virtual?<\/h2>\n\n\n\n<p>Se detectar o roubo de senhas ou dados banc\u00e1rios, \u00e9 crucial agir r\u00e1pido. Entre em contato com a&nbsp;<strong>CAI Virtual da Pol\u00edcia Nacional<\/strong>&nbsp;ou a delegacia mais pr\u00f3xima. Em alguns estados, como&nbsp;<strong>S\u00e3o Paulo<\/strong>, existe a&nbsp;<strong>Delegacia de Crimes Cibern\u00e9ticos<\/strong>&nbsp;para apoio especializado.<\/p>\n\n\n\n<p>Essas institui\u00e7\u00f5es oferecem servi\u00e7os de recep\u00e7\u00e3o de den\u00fancias e&nbsp;<strong>aconselhamento em ciberseguran\u00e7a<\/strong>, al\u00e9m de conduzir investiga\u00e7\u00f5es sobre amea\u00e7as.<\/p>\n\n\n\n<h2 class=\"wp-block-heading\">Quais pr\u00e1ticas ajudam a promover sua seguran\u00e7a?<\/h2>\n\n\n\n<p>Proteger suas informa\u00e7\u00f5es n\u00e3o precisa ser complicado. Com atitudes simples, voc\u00ea pode garantir uma&nbsp;<strong>experi\u00eancia mais segura<\/strong>&nbsp;em seus&nbsp;<strong>dispositivos m\u00f3veis<\/strong>.<\/p>\n\n\n\n<ul class=\"wp-block-list\">\n<li>Verifique regularmente seus aplicativos<\/li>\n\n\n\n<li>Evite links suspeitos ou apps n\u00e3o verificados<\/li>\n\n\n\n<li>Guarde suas informa\u00e7\u00f5es de login com seguran\u00e7a<\/li>\n\n\n\n<li>Ative autentica\u00e7\u00e3o em dois fatores nos principais servi\u00e7os, como\u00a0<strong>Google<\/strong>,\u00a0<strong>Apple ID<\/strong>\u00a0e contas banc\u00e1rias<\/li>\n<\/ul>\n","protected":false},"excerpt":{"rendered":"<p>Armazenar informa\u00e7\u00f5es pessoais em&nbsp;dispositivos m\u00f3veis&nbsp;pode aumentar o&nbsp;n\u00edvel de vulnerabilidade digital. Com a populariza\u00e7\u00e3o das transa\u00e7\u00f5es online, a&nbsp;ciberseguran\u00e7a&nbsp;tornou-se essencial para mitigar riscos de roubo de dados. Como os cibercriminosos atuam e o que evitar? Cibercriminosos frequentemente utilizam e-mails, mensagens de texto e chamadas para obter\u00a0informa\u00e7\u00f5es pessoais. Al\u00e9m disso, desenvolvem aplicativos falsos com o objetivo \u00fanico de\u00a0roubar [&hellip;]<\/p>\n","protected":false},"author":11,"featured_media":85241,"comment_status":"open","ping_status":"open","sticky":false,"template":"","format":"standard","meta":{"jnews-multi-image_gallery":[],"jnews_single_post":{"format":"standard"},"jnews_primary_category":[],"jnews_social_meta":[],"jnews_override_counter":[],"footnotes":""},"categories":[138,1],"tags":[255,628,749],"class_list":["post-97648","post","type-post","status-publish","format-standard","has-post-thumbnail","hentry","category-mundo","category-noticias","tag-aplicativo","tag-dados","tag-golpe"],"yoast_head":"<!-- This site is optimized with the Yoast SEO plugin v23.8 - https:\/\/yoast.com\/wordpress\/plugins\/seo\/ -->\n<title>Aplicativos comuns est\u00e3o roubando dados e ningu\u00e9m est\u00e1 seguro - Estado de Minas - Em foco<\/title>\n<meta name=\"description\" content=\"Aplicativos falsos podem roubar seus dados sem que voc\u00ea perceba. Veja como se proteger de forma simples e eficaz.\" \/>\n<meta name=\"robots\" content=\"index, follow, max-snippet:-1, max-image-preview:large, max-video-preview:-1\" \/>\n<link rel=\"canonical\" href=\"https:\/\/www.em.com.br\/emfoco\/2025\/08\/29\/aplicativos-comuns-estao-roubando-dados-e-ninguem-esta-seguro\/\" \/>\n<meta property=\"og:locale\" content=\"pt_BR\" \/>\n<meta property=\"og:type\" content=\"article\" \/>\n<meta property=\"og:title\" content=\"Aplicativos comuns est\u00e3o roubando dados e ningu\u00e9m est\u00e1 seguro - Estado de Minas - Em foco\" \/>\n<meta property=\"og:description\" content=\"Aplicativos falsos podem roubar seus dados sem que voc\u00ea perceba. Veja como se proteger de forma simples e eficaz.\" \/>\n<meta property=\"og:url\" content=\"https:\/\/www.em.com.br\/emfoco\/2025\/08\/29\/aplicativos-comuns-estao-roubando-dados-e-ninguem-esta-seguro\/\" \/>\n<meta property=\"og:site_name\" content=\"Estado de Minas - Em foco\" \/>\n<meta property=\"article:published_time\" content=\"2025-08-29T11:08:00+00:00\" \/>\n<meta property=\"article:modified_time\" content=\"2025-08-28T20:55:51+00:00\" \/>\n<meta property=\"og:image\" content=\"https:\/\/www.em.com.br\/emfoco\/wp-content\/uploads\/2025\/08\/malware-celular_1754080004774.jpg\" \/>\n\t<meta property=\"og:image:width\" content=\"1280\" \/>\n\t<meta property=\"og:image:height\" content=\"720\" \/>\n\t<meta property=\"og:image:type\" content=\"image\/jpeg\" \/>\n<meta name=\"author\" content=\"Andre\u0301 Rangel\u00a0\" \/>\n<meta name=\"twitter:card\" content=\"summary_large_image\" \/>\n<meta name=\"twitter:label1\" content=\"Escrito por\" \/>\n\t<meta name=\"twitter:data1\" content=\"Andre\u0301 Rangel\u00a0\" \/>\n\t<meta name=\"twitter:label2\" content=\"Est. tempo de leitura\" \/>\n\t<meta name=\"twitter:data2\" content=\"3 minutos\" \/>\n<!-- \/ Yoast SEO plugin. -->","yoast_head_json":{"title":"Aplicativos comuns est\u00e3o roubando dados e ningu\u00e9m est\u00e1 seguro - Estado de Minas - Em foco","description":"Aplicativos falsos podem roubar seus dados sem que voc\u00ea perceba. Veja como se proteger de forma simples e eficaz.","robots":{"index":"index","follow":"follow","max-snippet":"max-snippet:-1","max-image-preview":"max-image-preview:large","max-video-preview":"max-video-preview:-1"},"canonical":"https:\/\/www.em.com.br\/emfoco\/2025\/08\/29\/aplicativos-comuns-estao-roubando-dados-e-ninguem-esta-seguro\/","og_locale":"pt_BR","og_type":"article","og_title":"Aplicativos comuns est\u00e3o roubando dados e ningu\u00e9m est\u00e1 seguro - Estado de Minas - Em foco","og_description":"Aplicativos falsos podem roubar seus dados sem que voc\u00ea perceba. Veja como se proteger de forma simples e eficaz.","og_url":"https:\/\/www.em.com.br\/emfoco\/2025\/08\/29\/aplicativos-comuns-estao-roubando-dados-e-ninguem-esta-seguro\/","og_site_name":"Estado de Minas - Em foco","article_published_time":"2025-08-29T11:08:00+00:00","article_modified_time":"2025-08-28T20:55:51+00:00","og_image":[{"width":1280,"height":720,"url":"https:\/\/www.em.com.br\/emfoco\/wp-content\/uploads\/2025\/08\/malware-celular_1754080004774.jpg","type":"image\/jpeg"}],"author":"Andre\u0301 Rangel\u00a0","twitter_card":"summary_large_image","twitter_misc":{"Escrito por":"Andre\u0301 Rangel\u00a0","Est. tempo de leitura":"3 minutos"},"schema":{"@context":"https:\/\/schema.org","@graph":[{"@type":"WebPage","@id":"https:\/\/www.em.com.br\/emfoco\/2025\/08\/29\/aplicativos-comuns-estao-roubando-dados-e-ninguem-esta-seguro\/","url":"https:\/\/www.em.com.br\/emfoco\/2025\/08\/29\/aplicativos-comuns-estao-roubando-dados-e-ninguem-esta-seguro\/","name":"Aplicativos comuns est\u00e3o roubando dados e ningu\u00e9m est\u00e1 seguro - Estado de Minas - Em foco","isPartOf":{"@id":"https:\/\/www.em.com.br\/emfoco\/#website"},"primaryImageOfPage":{"@id":"https:\/\/www.em.com.br\/emfoco\/2025\/08\/29\/aplicativos-comuns-estao-roubando-dados-e-ninguem-esta-seguro\/#primaryimage"},"image":{"@id":"https:\/\/www.em.com.br\/emfoco\/2025\/08\/29\/aplicativos-comuns-estao-roubando-dados-e-ninguem-esta-seguro\/#primaryimage"},"thumbnailUrl":"https:\/\/www.em.com.br\/emfoco\/wp-content\/uploads\/2025\/08\/malware-celular_1754080004774.jpg","datePublished":"2025-08-29T11:08:00+00:00","dateModified":"2025-08-28T20:55:51+00:00","author":{"@id":"https:\/\/www.em.com.br\/emfoco\/#\/schema\/person\/60eda09c1fedf0d6891f4cef4b60b8b8"},"description":"Aplicativos falsos podem roubar seus dados sem que voc\u00ea perceba. Veja como se proteger de forma simples e eficaz.","breadcrumb":{"@id":"https:\/\/www.em.com.br\/emfoco\/2025\/08\/29\/aplicativos-comuns-estao-roubando-dados-e-ninguem-esta-seguro\/#breadcrumb"},"inLanguage":"pt-BR","potentialAction":[{"@type":"ReadAction","target":["https:\/\/www.em.com.br\/emfoco\/2025\/08\/29\/aplicativos-comuns-estao-roubando-dados-e-ninguem-esta-seguro\/"]}]},{"@type":"ImageObject","inLanguage":"pt-BR","@id":"https:\/\/www.em.com.br\/emfoco\/2025\/08\/29\/aplicativos-comuns-estao-roubando-dados-e-ninguem-esta-seguro\/#primaryimage","url":"https:\/\/www.em.com.br\/emfoco\/wp-content\/uploads\/2025\/08\/malware-celular_1754080004774.jpg","contentUrl":"https:\/\/www.em.com.br\/emfoco\/wp-content\/uploads\/2025\/08\/malware-celular_1754080004774.jpg","width":1280,"height":720,"caption":"Alerta no celular - Cr\u00e9ditos: depositphotos.com \/ izzuanroslan"},{"@type":"BreadcrumbList","@id":"https:\/\/www.em.com.br\/emfoco\/2025\/08\/29\/aplicativos-comuns-estao-roubando-dados-e-ninguem-esta-seguro\/#breadcrumb","itemListElement":[{"@type":"ListItem","position":1,"name":"In\u00edcio","item":"https:\/\/www.em.com.br\/emfoco\/"},{"@type":"ListItem","position":2,"name":"Aplicativos comuns est\u00e3o roubando dados e ningu\u00e9m est\u00e1 seguro"}]},{"@type":"WebSite","@id":"https:\/\/www.em.com.br\/emfoco\/#website","url":"https:\/\/www.em.com.br\/emfoco\/","name":"Estado de Minas - Em foco","description":"Acompanhe as \u00faltimas not\u00edcias e fique bem informado sobre tudo o que acontece em Minas Gerais, Brasil e no mundo.","potentialAction":[{"@type":"SearchAction","target":{"@type":"EntryPoint","urlTemplate":"https:\/\/www.em.com.br\/emfoco\/?s={search_term_string}"},"query-input":{"@type":"PropertyValueSpecification","valueRequired":true,"valueName":"search_term_string"}}],"inLanguage":"pt-BR"},{"@type":"Person","@id":"https:\/\/www.em.com.br\/emfoco\/#\/schema\/person\/60eda09c1fedf0d6891f4cef4b60b8b8","name":"Andre\u0301 Rangel\u00a0","image":{"@type":"ImageObject","inLanguage":"pt-BR","@id":"https:\/\/www.em.com.br\/emfoco\/#\/schema\/person\/image\/","url":"https:\/\/secure.gravatar.com\/avatar\/6234dc814c77c8ef6d8bba622c787efc?s=96&d=mm&r=g","contentUrl":"https:\/\/secure.gravatar.com\/avatar\/6234dc814c77c8ef6d8bba622c787efc?s=96&d=mm&r=g","caption":"Andre\u0301 Rangel\u00a0"},"url":"https:\/\/www.em.com.br\/emfoco\/author\/luizmyth\/"}]}},"_links":{"self":[{"href":"https:\/\/www.em.com.br\/emfoco\/wp-json\/wp\/v2\/posts\/97648","targetHints":{"allow":["GET"]}}],"collection":[{"href":"https:\/\/www.em.com.br\/emfoco\/wp-json\/wp\/v2\/posts"}],"about":[{"href":"https:\/\/www.em.com.br\/emfoco\/wp-json\/wp\/v2\/types\/post"}],"author":[{"embeddable":true,"href":"https:\/\/www.em.com.br\/emfoco\/wp-json\/wp\/v2\/users\/11"}],"replies":[{"embeddable":true,"href":"https:\/\/www.em.com.br\/emfoco\/wp-json\/wp\/v2\/comments?post=97648"}],"version-history":[{"count":3,"href":"https:\/\/www.em.com.br\/emfoco\/wp-json\/wp\/v2\/posts\/97648\/revisions"}],"predecessor-version":[{"id":97714,"href":"https:\/\/www.em.com.br\/emfoco\/wp-json\/wp\/v2\/posts\/97648\/revisions\/97714"}],"wp:featuredmedia":[{"embeddable":true,"href":"https:\/\/www.em.com.br\/emfoco\/wp-json\/wp\/v2\/media\/85241"}],"wp:attachment":[{"href":"https:\/\/www.em.com.br\/emfoco\/wp-json\/wp\/v2\/media?parent=97648"}],"wp:term":[{"taxonomy":"category","embeddable":true,"href":"https:\/\/www.em.com.br\/emfoco\/wp-json\/wp\/v2\/categories?post=97648"},{"taxonomy":"post_tag","embeddable":true,"href":"https:\/\/www.em.com.br\/emfoco\/wp-json\/wp\/v2\/tags?post=97648"}],"curies":[{"name":"wp","href":"https:\/\/api.w.org\/{rel}","templated":true}]}}