{"id":97593,"date":"2025-08-30T09:18:59","date_gmt":"2025-08-30T12:18:59","guid":{"rendered":"https:\/\/www.em.com.br\/emfoco\/?p=97593"},"modified":"2025-08-28T14:12:22","modified_gmt":"2025-08-28T17:12:22","slug":"esse-medo-curioso-pode-revelar-mais-sobre-voce-do-que-imagina","status":"publish","type":"post","link":"https:\/\/www.em.com.br\/emfoco\/2025\/08\/30\/esse-medo-curioso-pode-revelar-mais-sobre-voce-do-que-imagina\/","title":{"rendered":"Esse medo curioso pode revelar mais sobre voc\u00ea do que imagina"},"content":{"rendered":"\n<p>O <strong>medo de coisas que nunca viveu<\/strong> \u00e9 um sentimento complexo e frequentemente subestimado, experimentado por muitas pessoas ao longo da vida. Trata-se de uma sensa\u00e7\u00e3o que pode interferir em decis\u00f5es pessoais, profissionais e impactar diretamente o bem-estar emocional. Compreender a natureza deste medo e suas origens \u00e9 fundamental para quem deseja super\u00e1-lo, promovendo autoconhecimento e maior autonomia diante dos desafios di\u00e1rios.<\/p>\n\n\n\n<p>Esse tipo de receio n\u00e3o \u00e9 raro e pode se manifestar em diferentes fases da vida, desde a juventude at\u00e9 a maturidade. Ao entender o medo de experi\u00eancias in\u00e9ditas, \u00e9 poss\u00edvel identificar seus gatilhos e limita\u00e7\u00f5es, tornando-se mais preparado para lidar com situa\u00e7\u00f5es desafiadoras de forma equilibrada. A busca por estrat\u00e9gias para superar esse sentimento contribui para uma vida mais confiante e satisfat\u00f3ria.<\/p>\n\n\n\n<ul class=\"wp-block-list\">\n<li>Entenda as origens desse medo e suas implica\u00e7\u00f5es;<\/li>\n\n\n\n<li>Descubra como ele afeta diferentes \u00e1reas da vida;<\/li>\n\n\n\n<li>Explore estrat\u00e9gias para super\u00e1-lo de forma eficaz.<\/li>\n<\/ul>\n\n\n\n<h2 class=\"wp-block-heading\">Por que temos medo do desconhecido?<\/h2>\n\n\n\n<p>O <strong>medo do desconhecido<\/strong> \u00e9 um instinto profundamente enraizado no ser humano. Serve como mecanismo de autoprote\u00e7\u00e3o, evitando situa\u00e7\u00f5es potencialmente perigosas. Esse medo, no entanto, pode surgir mesmo quando o cen\u00e1rio imaginado n\u00e3o representa uma amea\u00e7a real, sendo alimentado pela ansiedade e incerteza sobre o futuro.<\/p>\n\n\n\n<p>Em muitos casos, o desconhecido provoca uma ativa\u00e7\u00e3o emocional intensa, dificultando a tomada de decis\u00f5es racionais e equilibradas. O c\u00e9rebro humano tende a antecipar consequ\u00eancias negativas, mesmo sem evid\u00eancias concretas, levando ao bloqueio de oportunidades e experi\u00eancias enriquecedoras. Entender esse processo \u00e9 um passo importante para romper padr\u00f5es limitantes e se abrir para o novo.<\/p>\n\n\n<div class=\"wp-block-image\">\n<figure class=\"aligncenter size-large\"><img loading=\"lazy\" decoding=\"async\" width=\"1024\" height=\"576\" src=\"https:\/\/www.em.com.br\/emfoco\/wp-content\/uploads\/2025\/08\/medo_1756400866108-1024x576.jpg\" alt=\"Medo do desconhecido\" class=\"wp-image-97596\" srcset=\"https:\/\/www.em.com.br\/emfoco\/wp-content\/uploads\/2025\/08\/medo_1756400866108-1024x576.jpg 1024w, https:\/\/www.em.com.br\/emfoco\/wp-content\/uploads\/2025\/08\/medo_1756400866108-300x169.jpg 300w, https:\/\/www.em.com.br\/emfoco\/wp-content\/uploads\/2025\/08\/medo_1756400866108-768x432.jpg 768w, https:\/\/www.em.com.br\/emfoco\/wp-content\/uploads\/2025\/08\/medo_1756400866108-750x422.jpg 750w, https:\/\/www.em.com.br\/emfoco\/wp-content\/uploads\/2025\/08\/medo_1756400866108-1140x641.jpg 1140w, https:\/\/www.em.com.br\/emfoco\/wp-content\/uploads\/2025\/08\/medo_1756400866108.jpg 1280w\" sizes=\"auto, (max-width: 1024px) 100vw, 1024px\" \/><figcaption class=\"wp-element-caption\">Medo do desconhecido &#8211; Cr\u00e9ditos: depositphotos.com \/ VitalikRadko<\/figcaption><\/figure><\/div>\n\n\n<h2 class=\"wp-block-heading\">Como o medo de experi\u00eancias nunca vividas afeta nossas decis\u00f5es?<\/h2>\n\n\n\n<p>Quando deixamos que o <strong>medo influencie<\/strong> nossas decis\u00f5es, podemos ficar paralisados diante de novas possibilidades, perdendo oportunidades importantes de crescimento. Esse sentimento pode nos levar \u00e0 procrastina\u00e7\u00e3o, evitando situa\u00e7\u00f5es que, embora desafiadoras, poderiam trazer benef\u00edcios significativos para nossa vida.<\/p>\n\n\n\n<p>A ansiedade causada por esse medo impacta n\u00e3o apenas o aspecto emocional, mas tamb\u00e9m a clareza mental, prejudicando a confian\u00e7a em nossas pr\u00f3prias habilidades. Esse c\u00edrculo vicioso dificulta o desenvolvimento pessoal e profissional, tornando fundamental identificar estrat\u00e9gias para minimizar o impacto negativo desse medo e agir de forma mais assertiva.<\/p>\n\n\n\n<p>Leia tamb\u00e9m: <a href=\"https:\/\/www.em.com.br\/emfoco\/2025\/08\/27\/o-metodo-mais-eficaz-contra-lagartas-que-poucos-conhecem\/\" target=\"_blank\" rel=\"noreferrer noopener\">O m\u00e9todo mais eficaz contra lagartas que poucos conhecem<\/a><\/p>\n\n\n\n<h2 class=\"wp-block-heading\">M\u00e9todos eficazes para superar o medo do desconhecido<\/h2>\n\n\n\n<p>Superar o medo de situa\u00e7\u00f5es in\u00e9ditas exige dedica\u00e7\u00e3o e pr\u00e1ticas espec\u00edficas. Identificar a origem do medo e trabalhar o <strong>autoconhecimento<\/strong> s\u00e3o passos essenciais nesse processo. Reconhecer e acolher as emo\u00e7\u00f5es ajuda a reduzir a ansiedade, abrindo espa\u00e7o para pensamentos mais positivos e construtivos.<\/p>\n\n\n\n<p>Investir em t\u00e9cnicas de relaxamento, como mindfulness ou respira\u00e7\u00e3o consciente, auxilia no controle do estresse. Conversar com pessoas de confian\u00e7a e buscar apoio profissional, se necess\u00e1rio, s\u00e3o atitudes que promovem o enfrentamento do medo de forma gradual e saud\u00e1vel. Pequenas conquistas di\u00e1rias podem transformar profundamente sua percep\u00e7\u00e3o do desconhecido.<\/p>\n\n\n\n<ul class=\"wp-block-list\">\n<li>Reconhe\u00e7a e acolha suas emo\u00e7\u00f5es ao inv\u00e9s de ignor\u00e1-las;<\/li>\n\n\n\n<li>Invista em t\u00e9cnicas de relaxamento e mindfulness;<\/li>\n\n\n\n<li>Converse com pessoas de confian\u00e7a sobre seus medos.<\/li>\n<\/ul>\n\n\n\n<h2 class=\"wp-block-heading\">Transforme o medo em uma oportunidade<\/h2>\n\n\n\n<p>Encarar o <strong>medo como um desafio<\/strong> pode transformar completamente sua perspectiva diante das incertezas. Adotar uma mentalidade de crescimento permite enxergar cada situa\u00e7\u00e3o nova como uma chance de aprender, evoluir e expandir horizontes. O medo, quando bem administrado, pode se transformar em impulso para conquistas significativas.<\/p>\n\n\n\n<p>D\u00ea pequenos passos de coragem diariamente, comemorando cada vit\u00f3ria ao superar resist\u00eancias internas. Com o tempo, essa pr\u00e1tica fortalece a autoconfian\u00e7a e abre caminhos para novas experi\u00eancias. Aproveitar as <a href=\"https:\/\/www.gov.br\/ebserh\/pt-br\/comunicacao\/noticias\/novos-desafios-da-vida-moderna-impactam-na-saude-mental\" target=\"_blank\" rel=\"noreferrer noopener\">oportunidades <\/a>que surgem, mesmo com certo receio, \u00e9 essencial para alcan\u00e7ar o desenvolvimento pessoal pleno.<\/p>\n\n\n\n<h2 class=\"wp-block-heading\">Superando o medo com confian\u00e7a<\/h2>\n\n\n\n<ul class=\"wp-block-list\">\n<li>Compreender a origem do medo \u00e9 o primeiro passo para venc\u00ea-lo, ajudando a identificar padr\u00f5es e cren\u00e7as limitantes.<\/li>\n\n\n\n<li>Aplicar t\u00e9cnicas pr\u00e1ticas, como exerc\u00edcios de respira\u00e7\u00e3o e visualiza\u00e7\u00e3o positiva, contribui para elevar a confian\u00e7a e o bem-estar.<\/li>\n\n\n\n<li>Transformar o medo em oportunidades favorece o crescimento pessoal, permitindo acessar novas possibilidades antes consideradas inalcan\u00e7\u00e1veis.<\/li>\n<\/ul>\n\n\n\n<p>Ao investir no autoconhecimento, voc\u00ea passa a lidar com desafios de forma mais serena e confiante. A pr\u00e1tica constante dessas abordagens cria uma base s\u00f3lida para enfrentar o desconhecido, tornando o medo um aliado no processo de transforma\u00e7\u00e3o pessoal.<\/p>\n","protected":false},"excerpt":{"rendered":"<p>O medo de coisas que nunca viveu \u00e9 um sentimento complexo e frequentemente subestimado, experimentado por muitas pessoas ao longo da vida. Trata-se de uma sensa\u00e7\u00e3o que pode interferir em decis\u00f5es pessoais, profissionais e impactar diretamente o bem-estar emocional. Compreender a natureza deste medo e suas origens \u00e9 fundamental para quem deseja super\u00e1-lo, promovendo autoconhecimento [&hellip;]<\/p>\n","protected":false},"author":15,"featured_media":97595,"comment_status":"open","ping_status":"open","sticky":false,"template":"","format":"standard","meta":{"jnews-multi-image_gallery":[],"jnews_single_post":{"format":"standard"},"jnews_primary_category":[],"jnews_social_meta":[],"jnews_override_counter":[],"footnotes":""},"categories":[8819],"tags":[5742,665,269,15101,5023],"class_list":["post-97593","post","type-post","status-publish","format-standard","has-post-thumbnail","hentry","category-curiosidades","tag-autoconfianca","tag-autoconhecimento","tag-desafios","tag-desconhecido","tag-medo"],"yoast_head":"<!-- This site is optimized with the Yoast SEO plugin v23.8 - https:\/\/yoast.com\/wordpress\/plugins\/seo\/ -->\n<title>Esse medo curioso pode revelar mais sobre voc\u00ea do que imagina - Estado de Minas - Em foco<\/title>\n<meta name=\"description\" content=\"O medo do desconhecido pode surgir sem experi\u00eancias reais. Saiba por que isso acontece e o que sua mente est\u00e1 revelando.\" \/>\n<meta name=\"robots\" content=\"index, follow, max-snippet:-1, max-image-preview:large, max-video-preview:-1\" \/>\n<link rel=\"canonical\" href=\"https:\/\/www.em.com.br\/emfoco\/2025\/08\/30\/esse-medo-curioso-pode-revelar-mais-sobre-voce-do-que-imagina\/\" \/>\n<meta property=\"og:locale\" content=\"pt_BR\" \/>\n<meta property=\"og:type\" content=\"article\" \/>\n<meta property=\"og:title\" content=\"Esse medo curioso pode revelar mais sobre voc\u00ea do que imagina - Estado de Minas - Em foco\" \/>\n<meta property=\"og:description\" content=\"O medo do desconhecido pode surgir sem experi\u00eancias reais. Saiba por que isso acontece e o que sua mente est\u00e1 revelando.\" \/>\n<meta property=\"og:url\" content=\"https:\/\/www.em.com.br\/emfoco\/2025\/08\/30\/esse-medo-curioso-pode-revelar-mais-sobre-voce-do-que-imagina\/\" \/>\n<meta property=\"og:site_name\" content=\"Estado de Minas - Em foco\" \/>\n<meta property=\"article:published_time\" content=\"2025-08-30T12:18:59+00:00\" \/>\n<meta property=\"article:modified_time\" content=\"2025-08-28T17:12:22+00:00\" \/>\n<meta property=\"og:image\" content=\"https:\/\/www.em.com.br\/emfoco\/wp-content\/uploads\/2025\/08\/receio_1756400867931.jpg\" \/>\n\t<meta property=\"og:image:width\" content=\"1280\" \/>\n\t<meta property=\"og:image:height\" content=\"720\" \/>\n\t<meta property=\"og:image:type\" content=\"image\/jpeg\" \/>\n<meta name=\"author\" content=\"Douglas Myth\" \/>\n<meta name=\"twitter:card\" content=\"summary_large_image\" \/>\n<meta name=\"twitter:label1\" content=\"Escrito por\" \/>\n\t<meta name=\"twitter:data1\" content=\"Douglas Myth\" \/>\n\t<meta name=\"twitter:label2\" content=\"Est. tempo de leitura\" \/>\n\t<meta name=\"twitter:data2\" content=\"5 minutos\" \/>\n<!-- \/ Yoast SEO plugin. -->","yoast_head_json":{"title":"Esse medo curioso pode revelar mais sobre voc\u00ea do que imagina - Estado de Minas - Em foco","description":"O medo do desconhecido pode surgir sem experi\u00eancias reais. Saiba por que isso acontece e o que sua mente est\u00e1 revelando.","robots":{"index":"index","follow":"follow","max-snippet":"max-snippet:-1","max-image-preview":"max-image-preview:large","max-video-preview":"max-video-preview:-1"},"canonical":"https:\/\/www.em.com.br\/emfoco\/2025\/08\/30\/esse-medo-curioso-pode-revelar-mais-sobre-voce-do-que-imagina\/","og_locale":"pt_BR","og_type":"article","og_title":"Esse medo curioso pode revelar mais sobre voc\u00ea do que imagina - Estado de Minas - Em foco","og_description":"O medo do desconhecido pode surgir sem experi\u00eancias reais. Saiba por que isso acontece e o que sua mente est\u00e1 revelando.","og_url":"https:\/\/www.em.com.br\/emfoco\/2025\/08\/30\/esse-medo-curioso-pode-revelar-mais-sobre-voce-do-que-imagina\/","og_site_name":"Estado de Minas - Em foco","article_published_time":"2025-08-30T12:18:59+00:00","article_modified_time":"2025-08-28T17:12:22+00:00","og_image":[{"width":1280,"height":720,"url":"https:\/\/www.em.com.br\/emfoco\/wp-content\/uploads\/2025\/08\/receio_1756400867931.jpg","type":"image\/jpeg"}],"author":"Douglas Myth","twitter_card":"summary_large_image","twitter_misc":{"Escrito por":"Douglas Myth","Est. tempo de leitura":"5 minutos"},"schema":{"@context":"https:\/\/schema.org","@graph":[{"@type":"WebPage","@id":"https:\/\/www.em.com.br\/emfoco\/2025\/08\/30\/esse-medo-curioso-pode-revelar-mais-sobre-voce-do-que-imagina\/","url":"https:\/\/www.em.com.br\/emfoco\/2025\/08\/30\/esse-medo-curioso-pode-revelar-mais-sobre-voce-do-que-imagina\/","name":"Esse medo curioso pode revelar mais sobre voc\u00ea do que imagina - Estado de Minas - Em foco","isPartOf":{"@id":"https:\/\/www.em.com.br\/emfoco\/#website"},"primaryImageOfPage":{"@id":"https:\/\/www.em.com.br\/emfoco\/2025\/08\/30\/esse-medo-curioso-pode-revelar-mais-sobre-voce-do-que-imagina\/#primaryimage"},"image":{"@id":"https:\/\/www.em.com.br\/emfoco\/2025\/08\/30\/esse-medo-curioso-pode-revelar-mais-sobre-voce-do-que-imagina\/#primaryimage"},"thumbnailUrl":"https:\/\/www.em.com.br\/emfoco\/wp-content\/uploads\/2025\/08\/receio_1756400867931.jpg","datePublished":"2025-08-30T12:18:59+00:00","dateModified":"2025-08-28T17:12:22+00:00","author":{"@id":"https:\/\/www.em.com.br\/emfoco\/#\/schema\/person\/bba594b7eebe9b9885fec3a5c7837089"},"description":"O medo do desconhecido pode surgir sem experi\u00eancias reais. Saiba por que isso acontece e o que sua mente est\u00e1 revelando.","breadcrumb":{"@id":"https:\/\/www.em.com.br\/emfoco\/2025\/08\/30\/esse-medo-curioso-pode-revelar-mais-sobre-voce-do-que-imagina\/#breadcrumb"},"inLanguage":"pt-BR","potentialAction":[{"@type":"ReadAction","target":["https:\/\/www.em.com.br\/emfoco\/2025\/08\/30\/esse-medo-curioso-pode-revelar-mais-sobre-voce-do-que-imagina\/"]}]},{"@type":"ImageObject","inLanguage":"pt-BR","@id":"https:\/\/www.em.com.br\/emfoco\/2025\/08\/30\/esse-medo-curioso-pode-revelar-mais-sobre-voce-do-que-imagina\/#primaryimage","url":"https:\/\/www.em.com.br\/emfoco\/wp-content\/uploads\/2025\/08\/receio_1756400867931.jpg","contentUrl":"https:\/\/www.em.com.br\/emfoco\/wp-content\/uploads\/2025\/08\/receio_1756400867931.jpg","width":1280,"height":720,"caption":"Medo do desconhecido - Cr\u00e9ditos: depositphotos.com \/ HayDmitriy"},{"@type":"BreadcrumbList","@id":"https:\/\/www.em.com.br\/emfoco\/2025\/08\/30\/esse-medo-curioso-pode-revelar-mais-sobre-voce-do-que-imagina\/#breadcrumb","itemListElement":[{"@type":"ListItem","position":1,"name":"In\u00edcio","item":"https:\/\/www.em.com.br\/emfoco\/"},{"@type":"ListItem","position":2,"name":"Esse medo curioso pode revelar mais sobre voc\u00ea do que imagina"}]},{"@type":"WebSite","@id":"https:\/\/www.em.com.br\/emfoco\/#website","url":"https:\/\/www.em.com.br\/emfoco\/","name":"Estado de Minas - Em foco","description":"Acompanhe as \u00faltimas not\u00edcias e fique bem informado sobre tudo o que acontece em Minas Gerais, Brasil e no mundo.","potentialAction":[{"@type":"SearchAction","target":{"@type":"EntryPoint","urlTemplate":"https:\/\/www.em.com.br\/emfoco\/?s={search_term_string}"},"query-input":{"@type":"PropertyValueSpecification","valueRequired":true,"valueName":"search_term_string"}}],"inLanguage":"pt-BR"},{"@type":"Person","@id":"https:\/\/www.em.com.br\/emfoco\/#\/schema\/person\/bba594b7eebe9b9885fec3a5c7837089","name":"Douglas Myth","image":{"@type":"ImageObject","inLanguage":"pt-BR","@id":"https:\/\/www.em.com.br\/emfoco\/#\/schema\/person\/image\/","url":"https:\/\/secure.gravatar.com\/avatar\/1ac3cf50d0e68642c697dc0c960c802f?s=96&d=mm&r=g","contentUrl":"https:\/\/secure.gravatar.com\/avatar\/1ac3cf50d0e68642c697dc0c960c802f?s=96&d=mm&r=g","caption":"Douglas Myth"},"url":"https:\/\/www.em.com.br\/emfoco\/author\/douglasmyth\/"}]}},"_links":{"self":[{"href":"https:\/\/www.em.com.br\/emfoco\/wp-json\/wp\/v2\/posts\/97593","targetHints":{"allow":["GET"]}}],"collection":[{"href":"https:\/\/www.em.com.br\/emfoco\/wp-json\/wp\/v2\/posts"}],"about":[{"href":"https:\/\/www.em.com.br\/emfoco\/wp-json\/wp\/v2\/types\/post"}],"author":[{"embeddable":true,"href":"https:\/\/www.em.com.br\/emfoco\/wp-json\/wp\/v2\/users\/15"}],"replies":[{"embeddable":true,"href":"https:\/\/www.em.com.br\/emfoco\/wp-json\/wp\/v2\/comments?post=97593"}],"version-history":[{"count":2,"href":"https:\/\/www.em.com.br\/emfoco\/wp-json\/wp\/v2\/posts\/97593\/revisions"}],"predecessor-version":[{"id":97597,"href":"https:\/\/www.em.com.br\/emfoco\/wp-json\/wp\/v2\/posts\/97593\/revisions\/97597"}],"wp:featuredmedia":[{"embeddable":true,"href":"https:\/\/www.em.com.br\/emfoco\/wp-json\/wp\/v2\/media\/97595"}],"wp:attachment":[{"href":"https:\/\/www.em.com.br\/emfoco\/wp-json\/wp\/v2\/media?parent=97593"}],"wp:term":[{"taxonomy":"category","embeddable":true,"href":"https:\/\/www.em.com.br\/emfoco\/wp-json\/wp\/v2\/categories?post=97593"},{"taxonomy":"post_tag","embeddable":true,"href":"https:\/\/www.em.com.br\/emfoco\/wp-json\/wp\/v2\/tags?post=97593"}],"curies":[{"name":"wp","href":"https:\/\/api.w.org\/{rel}","templated":true}]}}