{"id":97585,"date":"2025-08-30T22:38:30","date_gmt":"2025-08-31T01:38:30","guid":{"rendered":"https:\/\/www.em.com.br\/emfoco\/?p=97585"},"modified":"2025-08-28T14:04:56","modified_gmt":"2025-08-28T17:04:56","slug":"voce-conhece-o-kefir-saiba-como-ele-transforma-seu-dia","status":"publish","type":"post","link":"https:\/\/www.em.com.br\/emfoco\/2025\/08\/30\/voce-conhece-o-kefir-saiba-como-ele-transforma-seu-dia\/","title":{"rendered":"Voc\u00ea conhece o kefir? Saiba como ele transforma seu dia"},"content":{"rendered":"\n<p><strong>Kefir<\/strong> \u00e9 uma bebida fermentada repleta de probi\u00f3ticos, essencial para promover um <strong>intestino saud\u00e1vel<\/strong> e o bem-estar geral do organismo. Seu consumo frequente est\u00e1 relacionado \u00e0 melhora da sa\u00fade digestiva, fortalecimento do sistema imunol\u00f3gico e aumento da vitalidade. Neste artigo, exploramos os principais benef\u00edcios do kefir, al\u00e9m de dicas pr\u00e1ticas sobre como adicion\u00e1-lo \u00e0 sua rotina alimentar para otimizar a digest\u00e3o e impulsionar a imunidade.<\/p>\n\n\n\n<ul class=\"wp-block-list\">\n<li>Benef\u00edcios do kefir para a sa\u00fade intestinal<\/li>\n\n\n\n<li>Como incorporar kefir na dieta di\u00e1ria<\/li>\n\n\n\n<li>Kefir vs. outros probi\u00f3ticos<\/li>\n<\/ul>\n\n\n\n<h2 class=\"wp-block-heading\">Por que o kefir \u00e9 bom para o intestino?<\/h2>\n\n\n\n<p>O <strong>kefir \u00e9 uma fonte rica de probi\u00f3ticos<\/strong>, que ajudam a equilibrar a flora intestinal e manter o bom funcionamento do sistema digestivo. Esses microrganismos ben\u00e9ficos contribuem para a digest\u00e3o eficiente dos alimentos, inibem o crescimento de bact\u00e9rias prejudiciais e podem ajudar a aliviar sintomas como constipa\u00e7\u00e3o, gases e incha\u00e7o abdominal.<\/p>\n\n\n\n<p>Al\u00e9m de melhorar a digest\u00e3o, os probi\u00f3ticos presentes no kefir desempenham um papel importante na regula\u00e7\u00e3o do sistema imunol\u00f3gico, tornando-o mais resiliente contra infec\u00e7\u00f5es. Estudos sugerem que o consumo regular de kefir pode ainda reduzir processos inflamat\u00f3rios intestinais, promovendo um ambiente interno mais saud\u00e1vel e equilibrado.<\/p>\n\n\n<div class=\"wp-block-image\">\n<figure class=\"aligncenter size-large\"><img loading=\"lazy\" decoding=\"async\" width=\"1024\" height=\"576\" src=\"https:\/\/www.em.com.br\/emfoco\/wp-content\/uploads\/2025\/08\/Kefir-o-probiotico-natural-1024x576.jpg\" alt=\"Kefir o probi\u00f3tico natural\" class=\"wp-image-97589\" srcset=\"https:\/\/www.em.com.br\/emfoco\/wp-content\/uploads\/2025\/08\/Kefir-o-probiotico-natural-1024x576.jpg 1024w, https:\/\/www.em.com.br\/emfoco\/wp-content\/uploads\/2025\/08\/Kefir-o-probiotico-natural-300x169.jpg 300w, https:\/\/www.em.com.br\/emfoco\/wp-content\/uploads\/2025\/08\/Kefir-o-probiotico-natural-768x432.jpg 768w, https:\/\/www.em.com.br\/emfoco\/wp-content\/uploads\/2025\/08\/Kefir-o-probiotico-natural-750x422.jpg 750w, https:\/\/www.em.com.br\/emfoco\/wp-content\/uploads\/2025\/08\/Kefir-o-probiotico-natural-1140x641.jpg 1140w, https:\/\/www.em.com.br\/emfoco\/wp-content\/uploads\/2025\/08\/Kefir-o-probiotico-natural.jpg 1280w\" sizes=\"auto, (max-width: 1024px) 100vw, 1024px\" \/><figcaption class=\"wp-element-caption\">Kefir o probi\u00f3tico natural &#8211; Cr\u00e9ditos: depositphotos.com \/ MadeleineSteinbach &#8211; Cr\u00e9ditos: depositphotos.com \/ MadeleineSteinbach<\/figcaption><\/figure><\/div>\n\n\n<h2 class=\"wp-block-heading\">Como consumir kefir no dia a dia?<\/h2>\n\n\n\n<p>\u00c9 f\u00e1cil incluir <strong>kefir em suas refei\u00e7\u00f5es<\/strong>, tornando seu card\u00e1pio mais nutritivo e saboroso. O kefir pode ser consumido puro, misturado em smoothies com frutas frescas ou usado como base cremosa para molhos de salada e sobremesas. Dessa forma, \u00e9 poss\u00edvel desfrutar dos benef\u00edcios dos probi\u00f3ticos sem abrir m\u00e3o do sabor e da variedade na alimenta\u00e7\u00e3o.<\/p>\n\n\n\n<p>Para potencializar os efeitos positivos, prefira kefir org\u00e2nico e sem aditivos, pois ele preserva uma maior quantidade de bact\u00e9rias ben\u00e9ficas. Comece com pequenas por\u00e7\u00f5es e aumente gradualmente, permitindo que seu organismo se adapte. Se desejar, experimente adicionar kefir em receitas de p\u00e3es ou panquecas, tornando as refei\u00e7\u00f5es ainda mais saud\u00e1veis.<\/p>\n\n\n\n<p>Leia tamb\u00e9m: <a href=\"https:\/\/www.em.com.br\/emfoco\/2025\/08\/27\/sentir-sede-o-tempo-todo-pode-ser-algo-mais-serio-do-que-parece\/\" target=\"_blank\" rel=\"noreferrer noopener\">Sentir sede o tempo todo pode ser algo mais s\u00e9rio do que parece<\/a><\/p>\n\n\n\n<h2 class=\"wp-block-heading\">Kefir ou iogurte: qual \u00e9 melhor para a sa\u00fade?<\/h2>\n\n\n\n<p>Embora <strong>kefir e iogurte<\/strong> sejam ambos ricos em probi\u00f3ticos, o kefir apresenta uma diversidade significativa de bact\u00e9rias e leveduras vivas, que favorecem o equil\u00edbrio da flora intestinal de maneira mais abrangente. Essa variedade proporciona benef\u00edcios adicionais, como melhor assimila\u00e7\u00e3o de nutrientes e regula\u00e7\u00e3o do tr\u00e2nsito intestinal, tornando-o uma excelente escolha para quem busca sa\u00fade digestiva completa.<\/p>\n\n\n\n<p>Outro ponto relevante \u00e9 a digestibilidade: muitas pessoas com intoler\u00e2ncia \u00e0 lactose toleram melhor o kefir por conta da fermenta\u00e7\u00e3o, que reduz significativamente o teor de lactose. Opte pelo kefir se busca uma dose mais intensa de <a href=\"https:\/\/www.gov.br\/anvisa\/pt-br\/assuntos\/noticias-anvisa\/2021\/publicada-segunda-versao-do-guia-de-probioticos\" target=\"_blank\" rel=\"noreferrer noopener\">probi\u00f3ticos <\/a>e menos lactose, principalmente se voc\u00ea tem sensibilidade a produtos l\u00e1cteos tradicionais.<\/p>\n\n\n\n<h2 class=\"wp-block-heading\">Principais aprendizados sobre o uso de kefir<\/h2>\n\n\n\n<ul class=\"wp-block-list\">\n<li>O kefir \u00e9 uma excelente fonte de probi\u00f3ticos, contribuindo para um intestino saud\u00e1vel, digest\u00e3o eficiente e fortalecimento da imunidade.<\/li>\n\n\n\n<li>Sua inclus\u00e3o no dia a dia \u00e9 simples, vers\u00e1til e ben\u00e9fica, sendo poss\u00edvel adaptar o consumo a diferentes receitas e prefer\u00eancias alimentares.<\/li>\n\n\n\n<li>Comparado ao iogurte, o kefir oferece uma gama maior de microrganismos ben\u00e9ficos, auxiliando de forma superior na manuten\u00e7\u00e3o da sa\u00fade geral e no equil\u00edbrio do organismo.<\/li>\n<\/ul>\n","protected":false},"excerpt":{"rendered":"<p>Kefir \u00e9 uma bebida fermentada repleta de probi\u00f3ticos, essencial para promover um intestino saud\u00e1vel e o bem-estar geral do organismo. Seu consumo frequente est\u00e1 relacionado \u00e0 melhora da sa\u00fade digestiva, fortalecimento do sistema imunol\u00f3gico e aumento da vitalidade. Neste artigo, exploramos os principais benef\u00edcios do kefir, al\u00e9m de dicas pr\u00e1ticas sobre como adicion\u00e1-lo \u00e0 sua [&hellip;]<\/p>\n","protected":false},"author":15,"featured_media":97588,"comment_status":"open","ping_status":"open","sticky":false,"template":"","format":"standard","meta":{"jnews-multi-image_gallery":[],"jnews_single_post":{"format":"standard"},"jnews_primary_category":[],"jnews_social_meta":[],"jnews_override_counter":[],"footnotes":""},"categories":[8819],"tags":[15100,15099,15097,15098],"class_list":["post-97585","post","type-post","status-publish","format-standard","has-post-thumbnail","hentry","category-curiosidades","tag-digestion","tag-gut-health","tag-kefir","tag-probiotics"],"yoast_head":"<!-- This site is optimized with the Yoast SEO plugin v23.8 - https:\/\/yoast.com\/wordpress\/plugins\/seo\/ -->\n<title>Voc\u00ea conhece o kefir? Saiba como ele transforma seu dia - Estado de Minas - Em foco<\/title>\n<meta name=\"description\" content=\"Voc\u00ea conhece o kefir? Esse probi\u00f3tico natural melhora a digest\u00e3o, fortalece o intestino e transforma sua sa\u00fade no dia a dia.\" \/>\n<meta name=\"robots\" content=\"index, follow, max-snippet:-1, max-image-preview:large, max-video-preview:-1\" \/>\n<link rel=\"canonical\" href=\"https:\/\/www.em.com.br\/emfoco\/2025\/08\/30\/voce-conhece-o-kefir-saiba-como-ele-transforma-seu-dia\/\" \/>\n<meta property=\"og:locale\" content=\"pt_BR\" \/>\n<meta property=\"og:type\" content=\"article\" \/>\n<meta property=\"og:title\" content=\"Voc\u00ea conhece o kefir? Saiba como ele transforma seu dia - Estado de Minas - Em foco\" \/>\n<meta property=\"og:description\" content=\"Voc\u00ea conhece o kefir? Esse probi\u00f3tico natural melhora a digest\u00e3o, fortalece o intestino e transforma sua sa\u00fade no dia a dia.\" \/>\n<meta property=\"og:url\" content=\"https:\/\/www.em.com.br\/emfoco\/2025\/08\/30\/voce-conhece-o-kefir-saiba-como-ele-transforma-seu-dia\/\" \/>\n<meta property=\"og:site_name\" content=\"Estado de Minas - Em foco\" \/>\n<meta property=\"article:published_time\" content=\"2025-08-31T01:38:30+00:00\" \/>\n<meta property=\"article:modified_time\" content=\"2025-08-28T17:04:56+00:00\" \/>\n<meta property=\"og:image\" content=\"https:\/\/www.em.com.br\/emfoco\/wp-content\/uploads\/2025\/08\/Kefir_1756400501646.jpg\" \/>\n\t<meta property=\"og:image:width\" content=\"1280\" \/>\n\t<meta property=\"og:image:height\" content=\"720\" \/>\n\t<meta property=\"og:image:type\" content=\"image\/jpeg\" \/>\n<meta name=\"author\" content=\"Douglas Myth\" \/>\n<meta name=\"twitter:card\" content=\"summary_large_image\" \/>\n<meta name=\"twitter:label1\" content=\"Escrito por\" \/>\n\t<meta name=\"twitter:data1\" content=\"Douglas Myth\" \/>\n\t<meta name=\"twitter:label2\" content=\"Est. tempo de leitura\" \/>\n\t<meta name=\"twitter:data2\" content=\"4 minutos\" \/>\n<!-- \/ Yoast SEO plugin. -->","yoast_head_json":{"title":"Voc\u00ea conhece o kefir? Saiba como ele transforma seu dia - Estado de Minas - Em foco","description":"Voc\u00ea conhece o kefir? Esse probi\u00f3tico natural melhora a digest\u00e3o, fortalece o intestino e transforma sua sa\u00fade no dia a dia.","robots":{"index":"index","follow":"follow","max-snippet":"max-snippet:-1","max-image-preview":"max-image-preview:large","max-video-preview":"max-video-preview:-1"},"canonical":"https:\/\/www.em.com.br\/emfoco\/2025\/08\/30\/voce-conhece-o-kefir-saiba-como-ele-transforma-seu-dia\/","og_locale":"pt_BR","og_type":"article","og_title":"Voc\u00ea conhece o kefir? Saiba como ele transforma seu dia - Estado de Minas - Em foco","og_description":"Voc\u00ea conhece o kefir? Esse probi\u00f3tico natural melhora a digest\u00e3o, fortalece o intestino e transforma sua sa\u00fade no dia a dia.","og_url":"https:\/\/www.em.com.br\/emfoco\/2025\/08\/30\/voce-conhece-o-kefir-saiba-como-ele-transforma-seu-dia\/","og_site_name":"Estado de Minas - Em foco","article_published_time":"2025-08-31T01:38:30+00:00","article_modified_time":"2025-08-28T17:04:56+00:00","og_image":[{"width":1280,"height":720,"url":"https:\/\/www.em.com.br\/emfoco\/wp-content\/uploads\/2025\/08\/Kefir_1756400501646.jpg","type":"image\/jpeg"}],"author":"Douglas Myth","twitter_card":"summary_large_image","twitter_misc":{"Escrito por":"Douglas Myth","Est. tempo de leitura":"4 minutos"},"schema":{"@context":"https:\/\/schema.org","@graph":[{"@type":"WebPage","@id":"https:\/\/www.em.com.br\/emfoco\/2025\/08\/30\/voce-conhece-o-kefir-saiba-como-ele-transforma-seu-dia\/","url":"https:\/\/www.em.com.br\/emfoco\/2025\/08\/30\/voce-conhece-o-kefir-saiba-como-ele-transforma-seu-dia\/","name":"Voc\u00ea conhece o kefir? Saiba como ele transforma seu dia - Estado de Minas - Em foco","isPartOf":{"@id":"https:\/\/www.em.com.br\/emfoco\/#website"},"primaryImageOfPage":{"@id":"https:\/\/www.em.com.br\/emfoco\/2025\/08\/30\/voce-conhece-o-kefir-saiba-como-ele-transforma-seu-dia\/#primaryimage"},"image":{"@id":"https:\/\/www.em.com.br\/emfoco\/2025\/08\/30\/voce-conhece-o-kefir-saiba-como-ele-transforma-seu-dia\/#primaryimage"},"thumbnailUrl":"https:\/\/www.em.com.br\/emfoco\/wp-content\/uploads\/2025\/08\/Kefir_1756400501646.jpg","datePublished":"2025-08-31T01:38:30+00:00","dateModified":"2025-08-28T17:04:56+00:00","author":{"@id":"https:\/\/www.em.com.br\/emfoco\/#\/schema\/person\/bba594b7eebe9b9885fec3a5c7837089"},"description":"Voc\u00ea conhece o kefir? Esse probi\u00f3tico natural melhora a digest\u00e3o, fortalece o intestino e transforma sua sa\u00fade no dia a dia.","breadcrumb":{"@id":"https:\/\/www.em.com.br\/emfoco\/2025\/08\/30\/voce-conhece-o-kefir-saiba-como-ele-transforma-seu-dia\/#breadcrumb"},"inLanguage":"pt-BR","potentialAction":[{"@type":"ReadAction","target":["https:\/\/www.em.com.br\/emfoco\/2025\/08\/30\/voce-conhece-o-kefir-saiba-como-ele-transforma-seu-dia\/"]}]},{"@type":"ImageObject","inLanguage":"pt-BR","@id":"https:\/\/www.em.com.br\/emfoco\/2025\/08\/30\/voce-conhece-o-kefir-saiba-como-ele-transforma-seu-dia\/#primaryimage","url":"https:\/\/www.em.com.br\/emfoco\/wp-content\/uploads\/2025\/08\/Kefir_1756400501646.jpg","contentUrl":"https:\/\/www.em.com.br\/emfoco\/wp-content\/uploads\/2025\/08\/Kefir_1756400501646.jpg","width":1280,"height":720,"caption":"Kefir o probi\u00f3tico natural - Cr\u00e9ditos: depositphotos.com \/ pressmaster"},{"@type":"BreadcrumbList","@id":"https:\/\/www.em.com.br\/emfoco\/2025\/08\/30\/voce-conhece-o-kefir-saiba-como-ele-transforma-seu-dia\/#breadcrumb","itemListElement":[{"@type":"ListItem","position":1,"name":"In\u00edcio","item":"https:\/\/www.em.com.br\/emfoco\/"},{"@type":"ListItem","position":2,"name":"Voc\u00ea conhece o kefir? Saiba como ele transforma seu dia"}]},{"@type":"WebSite","@id":"https:\/\/www.em.com.br\/emfoco\/#website","url":"https:\/\/www.em.com.br\/emfoco\/","name":"Estado de Minas - Em foco","description":"Acompanhe as \u00faltimas not\u00edcias e fique bem informado sobre tudo o que acontece em Minas Gerais, Brasil e no mundo.","potentialAction":[{"@type":"SearchAction","target":{"@type":"EntryPoint","urlTemplate":"https:\/\/www.em.com.br\/emfoco\/?s={search_term_string}"},"query-input":{"@type":"PropertyValueSpecification","valueRequired":true,"valueName":"search_term_string"}}],"inLanguage":"pt-BR"},{"@type":"Person","@id":"https:\/\/www.em.com.br\/emfoco\/#\/schema\/person\/bba594b7eebe9b9885fec3a5c7837089","name":"Douglas Myth","image":{"@type":"ImageObject","inLanguage":"pt-BR","@id":"https:\/\/www.em.com.br\/emfoco\/#\/schema\/person\/image\/","url":"https:\/\/secure.gravatar.com\/avatar\/1ac3cf50d0e68642c697dc0c960c802f?s=96&d=mm&r=g","contentUrl":"https:\/\/secure.gravatar.com\/avatar\/1ac3cf50d0e68642c697dc0c960c802f?s=96&d=mm&r=g","caption":"Douglas Myth"},"url":"https:\/\/www.em.com.br\/emfoco\/author\/douglasmyth\/"}]}},"_links":{"self":[{"href":"https:\/\/www.em.com.br\/emfoco\/wp-json\/wp\/v2\/posts\/97585","targetHints":{"allow":["GET"]}}],"collection":[{"href":"https:\/\/www.em.com.br\/emfoco\/wp-json\/wp\/v2\/posts"}],"about":[{"href":"https:\/\/www.em.com.br\/emfoco\/wp-json\/wp\/v2\/types\/post"}],"author":[{"embeddable":true,"href":"https:\/\/www.em.com.br\/emfoco\/wp-json\/wp\/v2\/users\/15"}],"replies":[{"embeddable":true,"href":"https:\/\/www.em.com.br\/emfoco\/wp-json\/wp\/v2\/comments?post=97585"}],"version-history":[{"count":2,"href":"https:\/\/www.em.com.br\/emfoco\/wp-json\/wp\/v2\/posts\/97585\/revisions"}],"predecessor-version":[{"id":97591,"href":"https:\/\/www.em.com.br\/emfoco\/wp-json\/wp\/v2\/posts\/97585\/revisions\/97591"}],"wp:featuredmedia":[{"embeddable":true,"href":"https:\/\/www.em.com.br\/emfoco\/wp-json\/wp\/v2\/media\/97588"}],"wp:attachment":[{"href":"https:\/\/www.em.com.br\/emfoco\/wp-json\/wp\/v2\/media?parent=97585"}],"wp:term":[{"taxonomy":"category","embeddable":true,"href":"https:\/\/www.em.com.br\/emfoco\/wp-json\/wp\/v2\/categories?post=97585"},{"taxonomy":"post_tag","embeddable":true,"href":"https:\/\/www.em.com.br\/emfoco\/wp-json\/wp\/v2\/tags?post=97585"}],"curies":[{"name":"wp","href":"https:\/\/api.w.org\/{rel}","templated":true}]}}