{"id":9755,"date":"2025-01-18T16:20:00","date_gmt":"2025-01-18T19:20:00","guid":{"rendered":"https:\/\/www.em.com.br\/emfoco\/?p=9755"},"modified":"2025-01-10T20:44:04","modified_gmt":"2025-01-10T23:44:04","slug":"imperdivel-saiba-como-ganhar-grandes-premios-com-suas-compras","status":"publish","type":"post","link":"https:\/\/www.em.com.br\/emfoco\/2025\/01\/18\/imperdivel-saiba-como-ganhar-grandes-premios-com-suas-compras\/","title":{"rendered":"Imperd\u00edvel! Saiba como ganhar grandes pr\u00eamios com suas compras!"},"content":{"rendered":"\n<p>O programa Nota Fiscal Mineira \u00e9 uma iniciativa do governo de Minas Gerais que tem como objetivo incentivar os consumidores a exigirem o documento fiscal em suas compras. A proposta central deste programa \u00e9 conscientizar a popula\u00e7\u00e3o sobre a import\u00e2ncia da emiss\u00e3o de notas fiscais, al\u00e9m de oferecer benef\u00edcios financeiros aos participantes por meio de sorteios.<\/p>\n\n\n\n<p>Ao participar, o consumidor ajuda a combater a sonega\u00e7\u00e3o fiscal e contribui para o aumento da arrecada\u00e7\u00e3o de impostos. Para isso, basta que o comprador informe seu n\u00famero de Cadastro de Pessoa F\u00edsica (CPF) ao comerciante no momento da compra, permitindo assim que essa informa\u00e7\u00e3o seja registrada na nota fiscal.<\/p>\n\n\n\n<h2 class=\"wp-block-heading\">Como participar da Nota Fiscal Mineira?<\/h2>\n\n\n\n<p>Participar do programa \u00e9 um processo simples e acess\u00edvel a todos. Primeiramente, \u00e9 necess\u00e1rio baixar o aplicativo da<strong> <a href=\"https:\/\/notafiscalmineira.fazenda.mg.gov.br\/\" target=\"_blank\" rel=\"noreferrer noopener\">Nota Fiscal Mineira<\/a><\/strong>, dispon\u00edvel em lojas de aplicativos para dispositivos m\u00f3veis. Com o aplicativo instalado, o usu\u00e1rio deve realizar um cadastro b\u00e1sico, fornecendo algumas informa\u00e7\u00f5es pessoais.<\/p>\n\n\n\n<p>No momento do cadastro, h\u00e1 a possibilidade de indicar at\u00e9 tr\u00eas institui\u00e7\u00f5es de assist\u00eancia social para serem beneficiadas. Em seguida, sempre que realizar uma compra, o consumidor dever\u00e1 solicitar a inclus\u00e3o do <strong><a href=\"https:\/\/www.em.com.br\/emfoco\/2025\/01\/02\/por-que-colocar-o-cpf-na-nota-saiba-como-isso-te-beneficia\/\" target=\"_blank\" rel=\"noreferrer noopener\">CPF na nota fiscal<\/a><\/strong>. Cada inser\u00e7\u00e3o do CPF gera automaticamente um bilhete eletr\u00f4nico para participar dos sorteios do programa.<\/p>\n\n\n\n<figure class=\"wp-block-image size-large\"><img loading=\"lazy\" decoding=\"async\" width=\"1024\" height=\"576\" src=\"https:\/\/www.em.com.br\/emfoco\/wp-content\/uploads\/2024\/12\/CPF_1735328129110-1024x576.jpg\" alt=\"Transforme suas compras em sorte: Entenda como o programa CPF na Nota funciona\" class=\"wp-image-7088\" srcset=\"https:\/\/www.em.com.br\/emfoco\/wp-content\/uploads\/2024\/12\/CPF_1735328129110-1024x576.jpg 1024w, https:\/\/www.em.com.br\/emfoco\/wp-content\/uploads\/2024\/12\/CPF_1735328129110-300x169.jpg 300w, https:\/\/www.em.com.br\/emfoco\/wp-content\/uploads\/2024\/12\/CPF_1735328129110-768x432.jpg 768w, https:\/\/www.em.com.br\/emfoco\/wp-content\/uploads\/2024\/12\/CPF_1735328129110-750x422.jpg 750w, https:\/\/www.em.com.br\/emfoco\/wp-content\/uploads\/2024\/12\/CPF_1735328129110-1140x641.jpg 1140w, https:\/\/www.em.com.br\/emfoco\/wp-content\/uploads\/2024\/12\/CPF_1735328129110.jpg 1280w\" sizes=\"auto, (max-width: 1024px) 100vw, 1024px\" \/><figcaption class=\"wp-element-caption\">Imagem Ilustrativa do CPF &#8211; Cr\u00e9ditos: depositphotos.com \/ Mehaniq<\/figcaption><\/figure>\n\n\n\n<h2 class=\"wp-block-heading\">Quais pr\u00eamios s\u00e3o oferecidos pela Nota Fiscal Mineira?<\/h2>\n\n\n\n<p>Os participantes do programa t\u00eam a chance de ganhar uma variedade de pr\u00eamios em dinheiro. Os sorteios s\u00e3o realizados mensalmente e recompensam tanto os consumidores quanto as institui\u00e7\u00f5es sociais indicadas por eles. Um exemplo recente s\u00e3o os cinco ganhadores provenientes de cidades como Belo Horizonte e Uberl\u00e2ndia, que receberam pr\u00eamios de R$ 10 mil cada um.<\/p>\n\n\n\n<p>Al\u00e9m das premia\u00e7\u00f5es mensais, h\u00e1 sorteios especiais com valores maiores. Um dos destaques \u00e9 o sorteio de um pr\u00eamio de R$ 1 milh\u00e3o, destinado a entusiasmar ainda mais a participa\u00e7\u00e3o dos consumidores.<\/p>\n\n\n\n<h2 class=\"wp-block-heading\">Qual \u00e9 o impacto social da Nota Fiscal Mineira?<\/h2>\n\n\n\n<p>O impacto do programa transcende a premia\u00e7\u00e3o financeira. Ao registrar o CPF nas notas fiscais, os participantes ajudam a aumentar a arrecada\u00e7\u00e3o de impostos, que poder\u00e1 ser revertida em investimentos em infraestrutura e servi\u00e7os p\u00fablicos, beneficiando a comunidade como um todo.<\/p>\n\n\n\n<p>Al\u00e9m disso, as entidades sociais indicadas pelos consumidores no cadastro s\u00e3o beneficiadas e recebem repasses que auxiliam na manuten\u00e7\u00e3o de suas opera\u00e7\u00f5es. Isso promove um ciclo de solidariedade e apoio comunit\u00e1rio, fortalecendo organiza\u00e7\u00f5es que atuam em prol do bem-estar social.<\/p>\n","protected":false},"excerpt":{"rendered":"<p>O programa Nota Fiscal Mineira \u00e9 uma iniciativa do governo de Minas Gerais que tem como objetivo incentivar os consumidores a exigirem o documento fiscal em suas compras. A proposta central deste programa \u00e9 conscientizar a popula\u00e7\u00e3o sobre a import\u00e2ncia da emiss\u00e3o de notas fiscais, al\u00e9m de oferecer benef\u00edcios financeiros aos participantes por meio de [&hellip;]<\/p>\n","protected":false},"author":5,"featured_media":7330,"comment_status":"open","ping_status":"open","sticky":false,"template":"","format":"standard","meta":{"jnews-multi-image_gallery":[],"jnews_single_post":{"format":"standard"},"jnews_primary_category":[],"jnews_social_meta":[],"jnews_override_counter":[],"footnotes":""},"categories":[28,1],"tags":[848,398,3134,2588],"class_list":["post-9755","post","type-post","status-publish","format-standard","has-post-thumbnail","hentry","category-economia","category-noticias","tag-cpf","tag-cpf-na-nota","tag-cpf-na-nota-fiscal","tag-programa-cpf-na-nota"],"yoast_head":"<!-- This site is optimized with the Yoast SEO plugin v23.8 - https:\/\/yoast.com\/wordpress\/plugins\/seo\/ -->\n<title>Imperd\u00edvel! Saiba como ganhar grandes pr\u00eamios com suas compras! - Estado de Minas - Em foco<\/title>\n<meta name=\"description\" content=\"Com a Nota Fiscal Mineira, voc\u00ea pode ajudar o pr\u00f3ximo e ainda ter a chance de ganhar pr\u00eamios incr\u00edveis. Participe agora mesmo!\" \/>\n<meta name=\"robots\" content=\"index, follow, max-snippet:-1, max-image-preview:large, max-video-preview:-1\" \/>\n<link rel=\"canonical\" href=\"https:\/\/www.em.com.br\/emfoco\/2025\/01\/18\/imperdivel-saiba-como-ganhar-grandes-premios-com-suas-compras\/\" \/>\n<meta property=\"og:locale\" content=\"pt_BR\" \/>\n<meta property=\"og:type\" content=\"article\" \/>\n<meta property=\"og:title\" content=\"Imperd\u00edvel! Saiba como ganhar grandes pr\u00eamios com suas compras! - Estado de Minas - Em foco\" \/>\n<meta property=\"og:description\" content=\"Com a Nota Fiscal Mineira, voc\u00ea pode ajudar o pr\u00f3ximo e ainda ter a chance de ganhar pr\u00eamios incr\u00edveis. Participe agora mesmo!\" \/>\n<meta property=\"og:url\" content=\"https:\/\/www.em.com.br\/emfoco\/2025\/01\/18\/imperdivel-saiba-como-ganhar-grandes-premios-com-suas-compras\/\" \/>\n<meta property=\"og:site_name\" content=\"Estado de Minas - Em foco\" \/>\n<meta property=\"article:published_time\" content=\"2025-01-18T19:20:00+00:00\" \/>\n<meta property=\"article:modified_time\" content=\"2025-01-10T23:44:04+00:00\" \/>\n<meta property=\"og:image\" content=\"https:\/\/www.em.com.br\/emfoco\/wp-content\/uploads\/2024\/12\/mercado_1735411644997.jpg\" \/>\n\t<meta property=\"og:image:width\" content=\"1280\" \/>\n\t<meta property=\"og:image:height\" content=\"720\" \/>\n\t<meta property=\"og:image:type\" content=\"image\/jpeg\" \/>\n<meta name=\"author\" content=\"N\u00fabia Rangel\" \/>\n<meta name=\"twitter:card\" content=\"summary_large_image\" \/>\n<meta name=\"twitter:label1\" content=\"Escrito por\" \/>\n\t<meta name=\"twitter:data1\" content=\"N\u00fabia Rangel\" \/>\n\t<meta name=\"twitter:label2\" content=\"Est. tempo de leitura\" \/>\n\t<meta name=\"twitter:data2\" content=\"3 minutos\" \/>\n<!-- \/ Yoast SEO plugin. -->","yoast_head_json":{"title":"Imperd\u00edvel! Saiba como ganhar grandes pr\u00eamios com suas compras! - Estado de Minas - Em foco","description":"Com a Nota Fiscal Mineira, voc\u00ea pode ajudar o pr\u00f3ximo e ainda ter a chance de ganhar pr\u00eamios incr\u00edveis. Participe agora mesmo!","robots":{"index":"index","follow":"follow","max-snippet":"max-snippet:-1","max-image-preview":"max-image-preview:large","max-video-preview":"max-video-preview:-1"},"canonical":"https:\/\/www.em.com.br\/emfoco\/2025\/01\/18\/imperdivel-saiba-como-ganhar-grandes-premios-com-suas-compras\/","og_locale":"pt_BR","og_type":"article","og_title":"Imperd\u00edvel! Saiba como ganhar grandes pr\u00eamios com suas compras! - Estado de Minas - Em foco","og_description":"Com a Nota Fiscal Mineira, voc\u00ea pode ajudar o pr\u00f3ximo e ainda ter a chance de ganhar pr\u00eamios incr\u00edveis. Participe agora mesmo!","og_url":"https:\/\/www.em.com.br\/emfoco\/2025\/01\/18\/imperdivel-saiba-como-ganhar-grandes-premios-com-suas-compras\/","og_site_name":"Estado de Minas - Em foco","article_published_time":"2025-01-18T19:20:00+00:00","article_modified_time":"2025-01-10T23:44:04+00:00","og_image":[{"width":1280,"height":720,"url":"https:\/\/www.em.com.br\/emfoco\/wp-content\/uploads\/2024\/12\/mercado_1735411644997.jpg","type":"image\/jpeg"}],"author":"N\u00fabia Rangel","twitter_card":"summary_large_image","twitter_misc":{"Escrito por":"N\u00fabia Rangel","Est. tempo de leitura":"3 minutos"},"schema":{"@context":"https:\/\/schema.org","@graph":[{"@type":"WebPage","@id":"https:\/\/www.em.com.br\/emfoco\/2025\/01\/18\/imperdivel-saiba-como-ganhar-grandes-premios-com-suas-compras\/","url":"https:\/\/www.em.com.br\/emfoco\/2025\/01\/18\/imperdivel-saiba-como-ganhar-grandes-premios-com-suas-compras\/","name":"Imperd\u00edvel! Saiba como ganhar grandes pr\u00eamios com suas compras! - Estado de Minas - Em foco","isPartOf":{"@id":"https:\/\/www.em.com.br\/emfoco\/#website"},"primaryImageOfPage":{"@id":"https:\/\/www.em.com.br\/emfoco\/2025\/01\/18\/imperdivel-saiba-como-ganhar-grandes-premios-com-suas-compras\/#primaryimage"},"image":{"@id":"https:\/\/www.em.com.br\/emfoco\/2025\/01\/18\/imperdivel-saiba-como-ganhar-grandes-premios-com-suas-compras\/#primaryimage"},"thumbnailUrl":"https:\/\/www.em.com.br\/emfoco\/wp-content\/uploads\/2024\/12\/mercado_1735411644997.jpg","datePublished":"2025-01-18T19:20:00+00:00","dateModified":"2025-01-10T23:44:04+00:00","author":{"@id":"https:\/\/www.em.com.br\/emfoco\/#\/schema\/person\/524437ef54f8a5d32591b143307f2e20"},"description":"Com a Nota Fiscal Mineira, voc\u00ea pode ajudar o pr\u00f3ximo e ainda ter a chance de ganhar pr\u00eamios incr\u00edveis. Participe agora mesmo!","breadcrumb":{"@id":"https:\/\/www.em.com.br\/emfoco\/2025\/01\/18\/imperdivel-saiba-como-ganhar-grandes-premios-com-suas-compras\/#breadcrumb"},"inLanguage":"pt-BR","potentialAction":[{"@type":"ReadAction","target":["https:\/\/www.em.com.br\/emfoco\/2025\/01\/18\/imperdivel-saiba-como-ganhar-grandes-premios-com-suas-compras\/"]}]},{"@type":"ImageObject","inLanguage":"pt-BR","@id":"https:\/\/www.em.com.br\/emfoco\/2025\/01\/18\/imperdivel-saiba-como-ganhar-grandes-premios-com-suas-compras\/#primaryimage","url":"https:\/\/www.em.com.br\/emfoco\/wp-content\/uploads\/2024\/12\/mercado_1735411644997.jpg","contentUrl":"https:\/\/www.em.com.br\/emfoco\/wp-content\/uploads\/2024\/12\/mercado_1735411644997.jpg","width":1280,"height":720,"caption":"Foto Ilustrativa de mercado - Cr\u00e9ditos: depositphotos.com \/ AndrewLozovyi"},{"@type":"BreadcrumbList","@id":"https:\/\/www.em.com.br\/emfoco\/2025\/01\/18\/imperdivel-saiba-como-ganhar-grandes-premios-com-suas-compras\/#breadcrumb","itemListElement":[{"@type":"ListItem","position":1,"name":"In\u00edcio","item":"https:\/\/www.em.com.br\/emfoco\/"},{"@type":"ListItem","position":2,"name":"Imperd\u00edvel! Saiba como ganhar grandes pr\u00eamios com suas compras!"}]},{"@type":"WebSite","@id":"https:\/\/www.em.com.br\/emfoco\/#website","url":"https:\/\/www.em.com.br\/emfoco\/","name":"Estado de Minas - Em foco","description":"Acompanhe as \u00faltimas not\u00edcias e fique bem informado sobre tudo o que acontece em Minas Gerais, Brasil e no mundo.","potentialAction":[{"@type":"SearchAction","target":{"@type":"EntryPoint","urlTemplate":"https:\/\/www.em.com.br\/emfoco\/?s={search_term_string}"},"query-input":{"@type":"PropertyValueSpecification","valueRequired":true,"valueName":"search_term_string"}}],"inLanguage":"pt-BR"},{"@type":"Person","@id":"https:\/\/www.em.com.br\/emfoco\/#\/schema\/person\/524437ef54f8a5d32591b143307f2e20","name":"N\u00fabia Rangel","image":{"@type":"ImageObject","inLanguage":"pt-BR","@id":"https:\/\/www.em.com.br\/emfoco\/#\/schema\/person\/image\/","url":"https:\/\/secure.gravatar.com\/avatar\/47cff2827a5ba23c37e8068c86817ea4?s=96&d=mm&r=g","contentUrl":"https:\/\/secure.gravatar.com\/avatar\/47cff2827a5ba23c37e8068c86817ea4?s=96&d=mm&r=g","caption":"N\u00fabia Rangel"},"sameAs":["https:\/\/www.em.com.br\/emfoco\/"],"url":"https:\/\/www.em.com.br\/emfoco\/author\/nubiamyth\/"}]}},"_links":{"self":[{"href":"https:\/\/www.em.com.br\/emfoco\/wp-json\/wp\/v2\/posts\/9755","targetHints":{"allow":["GET"]}}],"collection":[{"href":"https:\/\/www.em.com.br\/emfoco\/wp-json\/wp\/v2\/posts"}],"about":[{"href":"https:\/\/www.em.com.br\/emfoco\/wp-json\/wp\/v2\/types\/post"}],"author":[{"embeddable":true,"href":"https:\/\/www.em.com.br\/emfoco\/wp-json\/wp\/v2\/users\/5"}],"replies":[{"embeddable":true,"href":"https:\/\/www.em.com.br\/emfoco\/wp-json\/wp\/v2\/comments?post=9755"}],"version-history":[{"count":2,"href":"https:\/\/www.em.com.br\/emfoco\/wp-json\/wp\/v2\/posts\/9755\/revisions"}],"predecessor-version":[{"id":9757,"href":"https:\/\/www.em.com.br\/emfoco\/wp-json\/wp\/v2\/posts\/9755\/revisions\/9757"}],"wp:featuredmedia":[{"embeddable":true,"href":"https:\/\/www.em.com.br\/emfoco\/wp-json\/wp\/v2\/media\/7330"}],"wp:attachment":[{"href":"https:\/\/www.em.com.br\/emfoco\/wp-json\/wp\/v2\/media?parent=9755"}],"wp:term":[{"taxonomy":"category","embeddable":true,"href":"https:\/\/www.em.com.br\/emfoco\/wp-json\/wp\/v2\/categories?post=9755"},{"taxonomy":"post_tag","embeddable":true,"href":"https:\/\/www.em.com.br\/emfoco\/wp-json\/wp\/v2\/tags?post=9755"}],"curies":[{"name":"wp","href":"https:\/\/api.w.org\/{rel}","templated":true}]}}