{"id":97480,"date":"2025-08-31T07:48:00","date_gmt":"2025-08-31T10:48:00","guid":{"rendered":"https:\/\/www.em.com.br\/emfoco\/?p=97480"},"modified":"2025-08-28T13:08:48","modified_gmt":"2025-08-28T16:08:48","slug":"o-que-significa-esquecer-nomes-de-pessoas-segundo-a-psicologia","status":"publish","type":"post","link":"https:\/\/www.em.com.br\/emfoco\/2025\/08\/31\/o-que-significa-esquecer-nomes-de-pessoas-segundo-a-psicologia\/","title":{"rendered":"O que significa esquecer nomes de pessoas segundo a psicologia"},"content":{"rendered":"\n<p>Esquecer o nome de algu\u00e9m \u00e9 mais comum do que parece e a <strong>psicologia<\/strong> explica os motivos por tr\u00e1s desse fen\u00f4meno. Pesquisadores apontam que esse lapso de mem\u00f3ria est\u00e1 ligado a fatores cognitivos, emocionais e sociais.<\/p>\n\n\n\n<ul class=\"wp-block-list\">\n<li>O papel da aten\u00e7\u00e3o e sobrecarga mental<\/li>\n\n\n\n<li>As emo\u00e7\u00f5es e a press\u00e3o social envolvidas<\/li>\n\n\n\n<li>O que dizem os psic\u00f3logos sobre esse esquecimento<\/li>\n<\/ul>\n\n\n\n<h2 class=\"wp-block-heading\">Por que a falta de aten\u00e7\u00e3o contribui para esquecer nomes?<\/h2>\n\n\n\n<p>De acordo com o psic\u00f3logo <strong>Daniel Schacter<\/strong>, especialista em mem\u00f3ria da <strong><a href=\"https:\/\/www.harvard.edu\/\" target=\"_blank\" rel=\"noreferrer noopener\">Universidade de Harvard<\/a><\/strong>, grande parte dos lapsos acontece porque a mente est\u00e1 sobrecarregada. Em situa\u00e7\u00f5es sociais, o c\u00e9rebro divide a aten\u00e7\u00e3o entre interpretar express\u00f5es, manter a conversa e se apresentar, o que reduz o foco no nome rec\u00e9m-aprendido.<\/p>\n\n\n\n<p>Esse fen\u00f4meno \u00e9 conhecido como \u201cfalha no registro inicial\u201d. Ou seja, n\u00e3o \u00e9 que o nome foi esquecido, mas muitas vezes ele nem chegou a ser consolidado corretamente na mem\u00f3ria de curto prazo.<\/p>\n\n\n\n<figure class=\"wp-block-image size-large\"><img loading=\"lazy\" decoding=\"async\" width=\"1024\" height=\"576\" src=\"https:\/\/www.em.com.br\/emfoco\/wp-content\/uploads\/2025\/08\/Esquecer_1756397114075-1024x576.jpg\" alt=\"O que significa esquecer nomes de pessoas segundo a psicologia\" class=\"wp-image-97534\" srcset=\"https:\/\/www.em.com.br\/emfoco\/wp-content\/uploads\/2025\/08\/Esquecer_1756397114075-1024x576.jpg 1024w, https:\/\/www.em.com.br\/emfoco\/wp-content\/uploads\/2025\/08\/Esquecer_1756397114075-300x169.jpg 300w, https:\/\/www.em.com.br\/emfoco\/wp-content\/uploads\/2025\/08\/Esquecer_1756397114075-768x432.jpg 768w, https:\/\/www.em.com.br\/emfoco\/wp-content\/uploads\/2025\/08\/Esquecer_1756397114075-750x422.jpg 750w, https:\/\/www.em.com.br\/emfoco\/wp-content\/uploads\/2025\/08\/Esquecer_1756397114075-1140x641.jpg 1140w, https:\/\/www.em.com.br\/emfoco\/wp-content\/uploads\/2025\/08\/Esquecer_1756397114075.jpg 1280w\" sizes=\"auto, (max-width: 1024px) 100vw, 1024px\" \/><figcaption class=\"wp-element-caption\">Representa\u00e7\u00e3o de mulher esquecendo &#8211; Cr\u00e9ditos: depositphotos.com \/ AndrewLozovyi<\/figcaption><\/figure>\n\n\n\n<h2 class=\"wp-block-heading\">Como a emo\u00e7\u00e3o influencia na lembran\u00e7a de nomes?<\/h2>\n\n\n\n<p>O psic\u00f3logo <strong>Richard E. Mayer<\/strong>, pesquisador em psicologia cognitiva, explica que a ansiedade ou a press\u00e3o em intera\u00e7\u00f5es sociais pode atrapalhar a recupera\u00e7\u00e3o de informa\u00e7\u00f5es. Quando estamos preocupados em causar boa impress\u00e3o, nosso c\u00e9rebro prioriza o controle emocional em vez da lembran\u00e7a de detalhes.<\/p>\n\n\n\n<p>Esse bloqueio moment\u00e2neo, chamado de \u201cefeito ponta da l\u00edngua\u201d, \u00e9 frequente em contextos de nervosismo. Ap\u00f3s o encontro, a informa\u00e7\u00e3o pode at\u00e9 reaparecer espontaneamente, quando a tens\u00e3o j\u00e1 diminuiu.<\/p>\n\n\n\n<h2 class=\"wp-block-heading\">Quais estrat\u00e9gias ajudam a melhorar a lembran\u00e7a de nomes?<\/h2>\n\n\n\n<p>Para reduzir esses lapsos, a <strong>psicologia<\/strong> sugere o uso de <strong><a href=\"https:\/\/www.em.com.br\/emfoco\/2025\/08\/25\/tecnicas-simples-que-transformam-a-vida-de-quem-sofre-para-respirar-todos-os-dias\/\" target=\"_blank\" rel=\"noreferrer noopener\">t\u00e9cnicas simples<\/a><\/strong> de associa\u00e7\u00e3o mental. Uma das mais eficazes \u00e9 criar conex\u00f5es entre o nome da pessoa e caracter\u00edsticas marcantes, como profiss\u00e3o, roupa ou um tra\u00e7o f\u00edsico.<\/p>\n\n\n\n<p>Outra recomenda\u00e7\u00e3o \u00e9 repetir o nome em voz alta logo ap\u00f3s ouvir, pois isso ajuda no processo de fixa\u00e7\u00e3o.<\/p>\n\n\n\n<ul class=\"wp-block-list\">\n<li>Associar o nome a uma imagem mental<\/li>\n\n\n\n<li>Repetir o nome durante a conversa<\/li>\n\n\n\n<li>Relacionar o nome a algo pessoal ou familiar<\/li>\n\n\n\n<li>Praticar aten\u00e7\u00e3o plena em intera\u00e7\u00f5es sociais<\/li>\n<\/ul>\n\n\n\n<figure class=\"wp-block-image size-large\"><img loading=\"lazy\" decoding=\"async\" width=\"1024\" height=\"576\" src=\"https:\/\/www.em.com.br\/emfoco\/wp-content\/uploads\/2025\/07\/Pensando_1751904515548-1024x576.jpg\" alt=\"Voc\u00ea j\u00e1 lembrou de coisas que nunca aconteceram? Entenda como o efeito Mandela atua na mem\u00f3ria coletiva\" class=\"wp-image-72408\" srcset=\"https:\/\/www.em.com.br\/emfoco\/wp-content\/uploads\/2025\/07\/Pensando_1751904515548-1024x576.jpg 1024w, https:\/\/www.em.com.br\/emfoco\/wp-content\/uploads\/2025\/07\/Pensando_1751904515548-300x169.jpg 300w, https:\/\/www.em.com.br\/emfoco\/wp-content\/uploads\/2025\/07\/Pensando_1751904515548-768x432.jpg 768w, https:\/\/www.em.com.br\/emfoco\/wp-content\/uploads\/2025\/07\/Pensando_1751904515548-750x422.jpg 750w, https:\/\/www.em.com.br\/emfoco\/wp-content\/uploads\/2025\/07\/Pensando_1751904515548-1140x641.jpg 1140w, https:\/\/www.em.com.br\/emfoco\/wp-content\/uploads\/2025\/07\/Pensando_1751904515548.jpg 1280w\" sizes=\"auto, (max-width: 1024px) 100vw, 1024px\" \/><figcaption class=\"wp-element-caption\">Homem pensando &#8211; Cr\u00e9ditos: depositphotos.com \/ Krakenimages.com<\/figcaption><\/figure>\n\n\n\n<h2 class=\"wp-block-heading\">Quais erros comuns pioram a capacidade de lembrar nomes?<\/h2>\n\n\n\n<p>Segundo especialistas, alguns h\u00e1bitos cotidianos podem dificultar a reten\u00e7\u00e3o de nomes, tornando o esquecimento ainda mais frequente. O uso excessivo do celular em situa\u00e7\u00f5es sociais, por exemplo, desvia a aten\u00e7\u00e3o e prejudica a consolida\u00e7\u00e3o da informa\u00e7\u00e3o.<\/p>\n\n\n\n<p>Outro erro recorrente \u00e9 acreditar que a mem\u00f3ria funciona de forma autom\u00e1tica, sem a necessidade de treino ou estrat\u00e9gias de apoio.<\/p>\n\n\n\n<ul class=\"wp-block-list\">\n<li>Distra\u00e7\u00f5es constantes em encontros sociais<\/li>\n\n\n\n<li>N\u00e3o repetir o nome logo ap\u00f3s ouvir<\/li>\n\n\n\n<li>Subestimar a import\u00e2ncia da aten\u00e7\u00e3o<\/li>\n\n\n\n<li>Falta de exerc\u00edcios cognitivos regulares<\/li>\n<\/ul>\n\n\n\n<h2 class=\"wp-block-heading\">Esquecer nomes \u00e9 um processo natural da mente<\/h2>\n\n\n\n<ul class=\"wp-block-list\">\n<li>Esse tipo de esquecimento ocorre por falhas no registro inicial e n\u00e3o por perda de mem\u00f3ria real.<\/li>\n\n\n\n<li>A ansiedade social pode dificultar o acesso a informa\u00e7\u00f5es armazenadas.<\/li>\n\n\n\n<li>T\u00e9cnicas de associa\u00e7\u00e3o e aten\u00e7\u00e3o plena ajudam a melhorar a lembran\u00e7a de nomes.<\/li>\n<\/ul>\n\n\n\n<p>Gostou do conte\u00fado? Compartilhe com seus amigos e espalhe essa informa\u00e7\u00e3o!<\/p>\n","protected":false},"excerpt":{"rendered":"<p>Esquecer o nome de algu\u00e9m \u00e9 mais comum do que parece e a psicologia explica os motivos por tr\u00e1s desse fen\u00f4meno. Pesquisadores apontam que esse lapso de mem\u00f3ria est\u00e1 ligado a fatores cognitivos, emocionais e sociais. Por que a falta de aten\u00e7\u00e3o contribui para esquecer nomes? De acordo com o psic\u00f3logo Daniel Schacter, especialista em [&hellip;]<\/p>\n","protected":false},"author":13,"featured_media":97533,"comment_status":"open","ping_status":"open","sticky":false,"template":"","format":"standard","meta":{"jnews-multi-image_gallery":[],"jnews_single_post":{"format":"standard"},"jnews_primary_category":[],"jnews_social_meta":[],"jnews_override_counter":[],"footnotes":""},"categories":[8819],"tags":[15076,9040,5381,5155],"class_list":["post-97480","post","type-post","status-publish","format-standard","has-post-thumbnail","hentry","category-curiosidades","tag-esquecer-o-nome","tag-habitos","tag-memoria","tag-psicologia"],"yoast_head":"<!-- This site is optimized with the Yoast SEO plugin v23.8 - https:\/\/yoast.com\/wordpress\/plugins\/seo\/ -->\n<title>O que significa esquecer nomes de pessoas segundo a psicologia - Estado de Minas - Em foco<\/title>\n<meta name=\"description\" content=\"Especialistas mostram que esquecer nomes n\u00e3o \u00e9 sinal de desaten\u00e7\u00e3o, mas uma pista de como seu c\u00e9rebro realmente funciona.\" \/>\n<meta name=\"robots\" content=\"index, follow, max-snippet:-1, max-image-preview:large, max-video-preview:-1\" \/>\n<link rel=\"canonical\" href=\"https:\/\/www.em.com.br\/emfoco\/2025\/08\/31\/o-que-significa-esquecer-nomes-de-pessoas-segundo-a-psicologia\/\" \/>\n<meta property=\"og:locale\" content=\"pt_BR\" \/>\n<meta property=\"og:type\" content=\"article\" \/>\n<meta property=\"og:title\" content=\"O que significa esquecer nomes de pessoas segundo a psicologia - Estado de Minas - Em foco\" \/>\n<meta property=\"og:description\" content=\"Especialistas mostram que esquecer nomes n\u00e3o \u00e9 sinal de desaten\u00e7\u00e3o, mas uma pista de como seu c\u00e9rebro realmente funciona.\" \/>\n<meta property=\"og:url\" content=\"https:\/\/www.em.com.br\/emfoco\/2025\/08\/31\/o-que-significa-esquecer-nomes-de-pessoas-segundo-a-psicologia\/\" \/>\n<meta property=\"og:site_name\" content=\"Estado de Minas - Em foco\" \/>\n<meta property=\"article:published_time\" content=\"2025-08-31T10:48:00+00:00\" \/>\n<meta property=\"article:modified_time\" content=\"2025-08-28T16:08:48+00:00\" \/>\n<meta property=\"og:image\" content=\"https:\/\/www.em.com.br\/emfoco\/wp-content\/uploads\/2025\/08\/Esquecer_1756397078069.jpg\" \/>\n\t<meta property=\"og:image:width\" content=\"1280\" \/>\n\t<meta property=\"og:image:height\" content=\"720\" \/>\n\t<meta property=\"og:image:type\" content=\"image\/jpeg\" \/>\n<meta name=\"author\" content=\"Gabriel Martins\" \/>\n<meta name=\"twitter:card\" content=\"summary_large_image\" \/>\n<meta name=\"twitter:label1\" content=\"Escrito por\" \/>\n\t<meta name=\"twitter:data1\" content=\"Gabriel Martins\" \/>\n\t<meta name=\"twitter:label2\" content=\"Est. tempo de leitura\" \/>\n\t<meta name=\"twitter:data2\" content=\"4 minutos\" \/>\n<!-- \/ Yoast SEO plugin. -->","yoast_head_json":{"title":"O que significa esquecer nomes de pessoas segundo a psicologia - Estado de Minas - Em foco","description":"Especialistas mostram que esquecer nomes n\u00e3o \u00e9 sinal de desaten\u00e7\u00e3o, mas uma pista de como seu c\u00e9rebro realmente funciona.","robots":{"index":"index","follow":"follow","max-snippet":"max-snippet:-1","max-image-preview":"max-image-preview:large","max-video-preview":"max-video-preview:-1"},"canonical":"https:\/\/www.em.com.br\/emfoco\/2025\/08\/31\/o-que-significa-esquecer-nomes-de-pessoas-segundo-a-psicologia\/","og_locale":"pt_BR","og_type":"article","og_title":"O que significa esquecer nomes de pessoas segundo a psicologia - Estado de Minas - Em foco","og_description":"Especialistas mostram que esquecer nomes n\u00e3o \u00e9 sinal de desaten\u00e7\u00e3o, mas uma pista de como seu c\u00e9rebro realmente funciona.","og_url":"https:\/\/www.em.com.br\/emfoco\/2025\/08\/31\/o-que-significa-esquecer-nomes-de-pessoas-segundo-a-psicologia\/","og_site_name":"Estado de Minas - Em foco","article_published_time":"2025-08-31T10:48:00+00:00","article_modified_time":"2025-08-28T16:08:48+00:00","og_image":[{"width":1280,"height":720,"url":"https:\/\/www.em.com.br\/emfoco\/wp-content\/uploads\/2025\/08\/Esquecer_1756397078069.jpg","type":"image\/jpeg"}],"author":"Gabriel Martins","twitter_card":"summary_large_image","twitter_misc":{"Escrito por":"Gabriel Martins","Est. tempo de leitura":"4 minutos"},"schema":{"@context":"https:\/\/schema.org","@graph":[{"@type":"WebPage","@id":"https:\/\/www.em.com.br\/emfoco\/2025\/08\/31\/o-que-significa-esquecer-nomes-de-pessoas-segundo-a-psicologia\/","url":"https:\/\/www.em.com.br\/emfoco\/2025\/08\/31\/o-que-significa-esquecer-nomes-de-pessoas-segundo-a-psicologia\/","name":"O que significa esquecer nomes de pessoas segundo a psicologia - Estado de Minas - Em foco","isPartOf":{"@id":"https:\/\/www.em.com.br\/emfoco\/#website"},"primaryImageOfPage":{"@id":"https:\/\/www.em.com.br\/emfoco\/2025\/08\/31\/o-que-significa-esquecer-nomes-de-pessoas-segundo-a-psicologia\/#primaryimage"},"image":{"@id":"https:\/\/www.em.com.br\/emfoco\/2025\/08\/31\/o-que-significa-esquecer-nomes-de-pessoas-segundo-a-psicologia\/#primaryimage"},"thumbnailUrl":"https:\/\/www.em.com.br\/emfoco\/wp-content\/uploads\/2025\/08\/Esquecer_1756397078069.jpg","datePublished":"2025-08-31T10:48:00+00:00","dateModified":"2025-08-28T16:08:48+00:00","author":{"@id":"https:\/\/www.em.com.br\/emfoco\/#\/schema\/person\/1c9ddeab18b98abeffef834667bcf08a"},"description":"Especialistas mostram que esquecer nomes n\u00e3o \u00e9 sinal de desaten\u00e7\u00e3o, mas uma pista de como seu c\u00e9rebro realmente funciona.","breadcrumb":{"@id":"https:\/\/www.em.com.br\/emfoco\/2025\/08\/31\/o-que-significa-esquecer-nomes-de-pessoas-segundo-a-psicologia\/#breadcrumb"},"inLanguage":"pt-BR","potentialAction":[{"@type":"ReadAction","target":["https:\/\/www.em.com.br\/emfoco\/2025\/08\/31\/o-que-significa-esquecer-nomes-de-pessoas-segundo-a-psicologia\/"]}]},{"@type":"ImageObject","inLanguage":"pt-BR","@id":"https:\/\/www.em.com.br\/emfoco\/2025\/08\/31\/o-que-significa-esquecer-nomes-de-pessoas-segundo-a-psicologia\/#primaryimage","url":"https:\/\/www.em.com.br\/emfoco\/wp-content\/uploads\/2025\/08\/Esquecer_1756397078069.jpg","contentUrl":"https:\/\/www.em.com.br\/emfoco\/wp-content\/uploads\/2025\/08\/Esquecer_1756397078069.jpg","width":1280,"height":720,"caption":"Esquecer nomes pode indicar que sua mente est\u00e1 sobrecarregada - Cr\u00e9ditos: depositphotos.com \/ Krakenimages.com"},{"@type":"BreadcrumbList","@id":"https:\/\/www.em.com.br\/emfoco\/2025\/08\/31\/o-que-significa-esquecer-nomes-de-pessoas-segundo-a-psicologia\/#breadcrumb","itemListElement":[{"@type":"ListItem","position":1,"name":"In\u00edcio","item":"https:\/\/www.em.com.br\/emfoco\/"},{"@type":"ListItem","position":2,"name":"O que significa esquecer nomes de pessoas segundo a psicologia"}]},{"@type":"WebSite","@id":"https:\/\/www.em.com.br\/emfoco\/#website","url":"https:\/\/www.em.com.br\/emfoco\/","name":"Estado de Minas - Em foco","description":"Acompanhe as \u00faltimas not\u00edcias e fique bem informado sobre tudo o que acontece em Minas Gerais, Brasil e no mundo.","potentialAction":[{"@type":"SearchAction","target":{"@type":"EntryPoint","urlTemplate":"https:\/\/www.em.com.br\/emfoco\/?s={search_term_string}"},"query-input":{"@type":"PropertyValueSpecification","valueRequired":true,"valueName":"search_term_string"}}],"inLanguage":"pt-BR"},{"@type":"Person","@id":"https:\/\/www.em.com.br\/emfoco\/#\/schema\/person\/1c9ddeab18b98abeffef834667bcf08a","name":"Gabriel Martins","image":{"@type":"ImageObject","inLanguage":"pt-BR","@id":"https:\/\/www.em.com.br\/emfoco\/#\/schema\/person\/image\/","url":"https:\/\/secure.gravatar.com\/avatar\/f0f1e2efdfd88f1ad2cb08c5c2731e50?s=96&d=mm&r=g","contentUrl":"https:\/\/secure.gravatar.com\/avatar\/f0f1e2efdfd88f1ad2cb08c5c2731e50?s=96&d=mm&r=g","caption":"Gabriel Martins"},"sameAs":["https:\/\/www.em.com.br\/emfoco\/"],"url":"https:\/\/www.em.com.br\/emfoco\/author\/gabrielmartinsmyth\/"}]}},"_links":{"self":[{"href":"https:\/\/www.em.com.br\/emfoco\/wp-json\/wp\/v2\/posts\/97480","targetHints":{"allow":["GET"]}}],"collection":[{"href":"https:\/\/www.em.com.br\/emfoco\/wp-json\/wp\/v2\/posts"}],"about":[{"href":"https:\/\/www.em.com.br\/emfoco\/wp-json\/wp\/v2\/types\/post"}],"author":[{"embeddable":true,"href":"https:\/\/www.em.com.br\/emfoco\/wp-json\/wp\/v2\/users\/13"}],"replies":[{"embeddable":true,"href":"https:\/\/www.em.com.br\/emfoco\/wp-json\/wp\/v2\/comments?post=97480"}],"version-history":[{"count":1,"href":"https:\/\/www.em.com.br\/emfoco\/wp-json\/wp\/v2\/posts\/97480\/revisions"}],"predecessor-version":[{"id":97535,"href":"https:\/\/www.em.com.br\/emfoco\/wp-json\/wp\/v2\/posts\/97480\/revisions\/97535"}],"wp:featuredmedia":[{"embeddable":true,"href":"https:\/\/www.em.com.br\/emfoco\/wp-json\/wp\/v2\/media\/97533"}],"wp:attachment":[{"href":"https:\/\/www.em.com.br\/emfoco\/wp-json\/wp\/v2\/media?parent=97480"}],"wp:term":[{"taxonomy":"category","embeddable":true,"href":"https:\/\/www.em.com.br\/emfoco\/wp-json\/wp\/v2\/categories?post=97480"},{"taxonomy":"post_tag","embeddable":true,"href":"https:\/\/www.em.com.br\/emfoco\/wp-json\/wp\/v2\/tags?post=97480"}],"curies":[{"name":"wp","href":"https:\/\/api.w.org\/{rel}","templated":true}]}}