{"id":97398,"date":"2025-08-28T16:58:00","date_gmt":"2025-08-28T19:58:00","guid":{"rendered":"https:\/\/www.em.com.br\/emfoco\/?p=97398"},"modified":"2025-08-28T12:36:37","modified_gmt":"2025-08-28T15:36:37","slug":"problema-que-afeta-muitas-mulheres-apos-o-parto-tem-solucao-simples","status":"publish","type":"post","link":"https:\/\/www.em.com.br\/emfoco\/2025\/08\/28\/problema-que-afeta-muitas-mulheres-apos-o-parto-tem-solucao-simples\/","title":{"rendered":"Problema que afeta muitas mulheres ap\u00f3s o parto tem solu\u00e7\u00e3o simples"},"content":{"rendered":"\n<p>A incontin\u00eancia urin\u00e1ria \u00e9 uma condi\u00e7\u00e3o que afeta significativamente muitas mulheres ap\u00f3s o t\u00e9rmino da gesta\u00e7\u00e3o. Este problema de sa\u00fade \u00e9 caracterizado pela perda involunt\u00e1ria de urina, que pode variar desde pequenos vazamentos at\u00e9 perdas mais substanciais. Essa situa\u00e7\u00e3o est\u00e1 amplamente ligada a altera\u00e7\u00f5es no assoalho p\u00e9lvico, especialmente ap\u00f3s o parto vaginal, quando os m\u00fasculos da regi\u00e3o podem sofrer um estresse consider\u00e1vel, segundo a <a href=\"https:\/\/clinicaavanttos.com.br\/como-prevenir-e-tratar-a-incontinencia-urinaria-depois-da-gestacao\/\" target=\"_blank\" rel=\"noreferrer noopener\">Cl\u00ednica Avanttos.<\/a><\/p>\n\n\n\n<p>Os m\u00fasculos p\u00e9lvicos t\u00eam a fun\u00e7\u00e3o essencial de sustentar \u00f3rg\u00e3os como a bexiga, o \u00fatero e o reto, garantindo seu adequado funcionamento. Muitas mulheres come\u00e7am a perceber sintomas como escapes de urina ou desconforto f\u00edsico durante atividades rotineiras devido ao enfraquecimento dessa musculatura, o que afeta, em \u00faltima an\u00e1lise, sua qualidade de vida di\u00e1ria.<\/p>\n\n\n\n<h2 class=\"wp-block-heading\">Quais s\u00e3o as causas do enfraquecimento do assoalho p\u00e9lvico?<\/h2>\n\n\n\n<p>A disfun\u00e7\u00e3o do assoalho p\u00e9lvico, frequentemente ocasionando incontin\u00eancia urin\u00e1ria, pode ser atribu\u00edda a diversos fatores associados ao processo de gesta\u00e7\u00e3o e parto. Durante o parto, os <a href=\"https:\/\/www.em.com.br\/emfoco\/2025\/08\/26\/reabilitacao-pos-avc-muda-completamente-a-vida-do-paciente-quando-feita-da-forma-certa\/\" target=\"_blank\" rel=\"noreferrer noopener\">m\u00fasculos<\/a> passam por um intenso estir\u00e3o, al\u00e9m de poss\u00edveis les\u00f5es nos nervos ao redor.<\/p>\n\n\n\n<ul class=\"wp-block-list\">\n<li>Interven\u00e7\u00f5es m\u00e9dicas, como o uso de f\u00f3rceps ou episiotomia, durante o parto.<\/li>\n\n\n\n<li>M\u00faltiplas gesta\u00e7\u00f5es, que intensificam a press\u00e3o sobre a musculatura p\u00e9lvica.<\/li>\n\n\n\n<li>Altera\u00e7\u00f5es hormonais que ocorrem no p\u00f3s-parto.<\/li>\n\n\n\n<li>Condi\u00e7\u00f5es como obesidade e sedentarismo, que sobrecarregam esses m\u00fasculos.<\/li>\n<\/ul>\n\n\n\n<p>Al\u00e9m disso, fatores gen\u00e9ticos e o processo natural de envelhecimento podem aumentar o risco de disfun\u00e7\u00e3o p\u00e9lvica.<\/p>\n\n\n\n<h2 class=\"wp-block-heading\">Como a fisioterapia pode ajudar?<\/h2>\n\n\n\n<p>A fisioterapia especializada desempenha um papel crucial no tratamento da incontin\u00eancia urin\u00e1ria, oferecendo uma abordagem personalizada que envolve exerc\u00edcios espec\u00edficos e reeduca\u00e7\u00e3o dos h\u00e1bitos di\u00e1rios. O objetivo principal \u00e9 <strong>fortalecer a musculatura p\u00e9lvica<\/strong> e reduzir sintomas desconfort\u00e1veis, promovendo um melhor controle urin\u00e1rio.<\/p>\n\n\n\n<ol class=\"wp-block-list\">\n<li>T\u00e9cnicas de biofeedback s\u00e3o usadas para ajudar as mulheres a localizar e fortalecer os m\u00fasculos corretos.<\/li>\n\n\n\n<li>Eletroterapia pode ser aplicada em casos de significativa fraqueza muscular.<\/li>\n\n\n\n<li>Exerc\u00edcios como os de Kegel, que s\u00e3o f\u00e1ceis de aprender e praticar em casa, ajudam a tonificar os m\u00fasculos do assoalho p\u00e9lvico.<\/li>\n<\/ol>\n\n\n\n<p>A orienta\u00e7\u00e3o de profissionais de fisioterapia garante a correta execu\u00e7\u00e3o dos exerc\u00edcios e a adapta\u00e7\u00e3o das t\u00e9cnicas \u00e0s necessidades individuais.<\/p>\n\n\n<div class=\"wp-block-image\">\n<figure class=\"aligncenter size-large\"><img loading=\"lazy\" decoding=\"async\" width=\"1024\" height=\"576\" src=\"https:\/\/www.em.com.br\/emfoco\/wp-content\/uploads\/2025\/08\/pos-parto_1756395314806-1024x576.jpg\" alt=\"Problema que afeta muitas mulheres ap\u00f3s o parto tem solu\u00e7\u00e3o simples\" class=\"wp-image-97502\" srcset=\"https:\/\/www.em.com.br\/emfoco\/wp-content\/uploads\/2025\/08\/pos-parto_1756395314806-1024x576.jpg 1024w, https:\/\/www.em.com.br\/emfoco\/wp-content\/uploads\/2025\/08\/pos-parto_1756395314806-300x169.jpg 300w, https:\/\/www.em.com.br\/emfoco\/wp-content\/uploads\/2025\/08\/pos-parto_1756395314806-768x432.jpg 768w, https:\/\/www.em.com.br\/emfoco\/wp-content\/uploads\/2025\/08\/pos-parto_1756395314806-750x422.jpg 750w, https:\/\/www.em.com.br\/emfoco\/wp-content\/uploads\/2025\/08\/pos-parto_1756395314806-1140x641.jpg 1140w, https:\/\/www.em.com.br\/emfoco\/wp-content\/uploads\/2025\/08\/pos-parto_1756395314806.jpg 1280w\" sizes=\"auto, (max-width: 1024px) 100vw, 1024px\" \/><figcaption class=\"wp-element-caption\">A orienta\u00e7\u00e3o de profissionais de fisioterapia garante a correta execu\u00e7\u00e3o dos exerc\u00edcios (Cr\u00e9ditos: depositphotos.com \/ rayp808)<\/figcaption><\/figure><\/div>\n\n\n<h2 class=\"wp-block-heading\">Qual \u00e9 a forma correta de realizar exerc\u00edcios de Kegel?<\/h2>\n\n\n\n<p>Os exerc\u00edcios de Kegel s\u00e3o amplamente recomendados por sua efic\u00e1cia no fortalecimento do assoalho p\u00e9lvico. Pratic\u00e1-los regularmente pode fazer parte da rotina di\u00e1ria e trazer melhorias significativas.<\/p>\n\n\n\n<p>Para realiz\u00e1-los, siga os passos:<\/p>\n\n\n\n<ol class=\"wp-block-list\">\n<li>Inicie com a bexiga vazia e encontre uma posi\u00e7\u00e3o confort\u00e1vel, seja sentada ou deitada.<\/li>\n\n\n\n<li>Contraia os m\u00fasculos que usaria para interromper o fluxo de urina.<\/li>\n\n\n\n<li>Mantenha a contra\u00e7\u00e3o por cerca de 3 a 5 segundos, respirando normalmente.<\/li>\n\n\n\n<li>Relaxe os m\u00fasculos durante o mesmo per\u00edodo.<\/li>\n\n\n\n<li>Repita 10 a 15 vezes por sess\u00e3o, realizando tr\u00eas sess\u00f5es ao longo do dia.<\/li>\n<\/ol>\n\n\n\n<p>Recomenda-se o acompanhamento por um fisioterapeuta para garantir a correta execu\u00e7\u00e3o e otimiza\u00e7\u00e3o dos exerc\u00edcios.<\/p>\n\n\n\n<h2 class=\"wp-block-heading\">Medidas para prevenir a incontin\u00eancia no p\u00f3s-parto<\/h2>\n\n\n\n<p>A preven\u00e7\u00e3o da incontin\u00eancia urin\u00e1ria pode ser abordada atrav\u00e9s de cuidados iniciados no pr\u00e9-natal e continuados no p\u00f3s-parto. Fortalecer o assoalho p\u00e9lvico antes e durante a gravidez prepara os m\u00fasculos para as mudan\u00e7as experimentadas pelo corpo feminino. Manter um peso saud\u00e1vel e uma rotina de exerc\u00edcios s\u00e3o formas eficazes de preven\u00e7\u00e3o.<\/p>\n\n\n\n<p>Mesmo para mulheres que j\u00e1 apresentam sinais de disfun\u00e7\u00e3o, buscar ajuda especializada prontamente pode prevenir complica\u00e7\u00f5es e melhorar a qualidade de vida. Essa quest\u00e3o \u00e9 de suma import\u00e2ncia para a sa\u00fade feminina em todas as fases da vida.<\/p>\n","protected":false},"excerpt":{"rendered":"<p>A incontin\u00eancia urin\u00e1ria \u00e9 uma condi\u00e7\u00e3o que afeta significativamente muitas mulheres ap\u00f3s o t\u00e9rmino da gesta\u00e7\u00e3o. Este problema de sa\u00fade \u00e9 caracterizado pela perda involunt\u00e1ria de urina, que pode variar desde pequenos vazamentos at\u00e9 perdas mais substanciais. Essa situa\u00e7\u00e3o est\u00e1 amplamente ligada a altera\u00e7\u00f5es no assoalho p\u00e9lvico, especialmente ap\u00f3s o parto vaginal, quando os m\u00fasculos [&hellip;]<\/p>\n","protected":false},"author":10,"featured_media":97500,"comment_status":"open","ping_status":"open","sticky":false,"template":"","format":"standard","meta":{"jnews-multi-image_gallery":[],"jnews_single_post":{"format":"standard"},"jnews_primary_category":[],"jnews_social_meta":[],"jnews_override_counter":[],"footnotes":""},"categories":[9053],"tags":[14053,8281,7483],"class_list":["post-97398","post","type-post","status-publish","format-standard","has-post-thumbnail","hentry","category-saude","tag-assoalho-pelvico","tag-maes","tag-pos-parto"],"yoast_head":"<!-- This site is optimized with the Yoast SEO plugin v23.8 - https:\/\/yoast.com\/wordpress\/plugins\/seo\/ -->\n<title>Problema que afeta muitas mulheres ap\u00f3s o parto tem solu\u00e7\u00e3o simples - Estado de Minas - Em foco<\/title>\n<meta name=\"description\" content=\"Perda involunt\u00e1ria de urina no p\u00f3s-parto tem solu\u00e7\u00e3o. Exerc\u00edcios de Kegel e fisioterapia melhoram qualidade de vida das m\u00e3es.\" \/>\n<meta name=\"robots\" content=\"index, follow, max-snippet:-1, max-image-preview:large, max-video-preview:-1\" \/>\n<link rel=\"canonical\" href=\"https:\/\/www.em.com.br\/emfoco\/2025\/08\/28\/problema-que-afeta-muitas-mulheres-apos-o-parto-tem-solucao-simples\/\" \/>\n<meta property=\"og:locale\" content=\"pt_BR\" \/>\n<meta property=\"og:type\" content=\"article\" \/>\n<meta property=\"og:title\" content=\"Problema que afeta muitas mulheres ap\u00f3s o parto tem solu\u00e7\u00e3o simples - Estado de Minas - Em foco\" \/>\n<meta property=\"og:description\" content=\"Perda involunt\u00e1ria de urina no p\u00f3s-parto tem solu\u00e7\u00e3o. Exerc\u00edcios de Kegel e fisioterapia melhoram qualidade de vida das m\u00e3es.\" \/>\n<meta property=\"og:url\" content=\"https:\/\/www.em.com.br\/emfoco\/2025\/08\/28\/problema-que-afeta-muitas-mulheres-apos-o-parto-tem-solucao-simples\/\" \/>\n<meta property=\"og:site_name\" content=\"Estado de Minas - Em foco\" \/>\n<meta property=\"article:published_time\" content=\"2025-08-28T19:58:00+00:00\" \/>\n<meta property=\"article:modified_time\" content=\"2025-08-28T15:36:37+00:00\" \/>\n<meta property=\"og:image\" content=\"https:\/\/www.em.com.br\/emfoco\/wp-content\/uploads\/2025\/08\/pos-parto_1756395237381.jpg\" \/>\n\t<meta property=\"og:image:width\" content=\"1280\" \/>\n\t<meta property=\"og:image:height\" content=\"720\" \/>\n\t<meta property=\"og:image:type\" content=\"image\/jpeg\" \/>\n<meta name=\"author\" content=\"Patryck Reinehr\" \/>\n<meta name=\"twitter:card\" content=\"summary_large_image\" \/>\n<meta name=\"twitter:label1\" content=\"Escrito por\" \/>\n\t<meta name=\"twitter:data1\" content=\"Patryck Reinehr\" \/>\n\t<meta name=\"twitter:label2\" content=\"Est. tempo de leitura\" \/>\n\t<meta name=\"twitter:data2\" content=\"4 minutos\" \/>\n<!-- \/ Yoast SEO plugin. -->","yoast_head_json":{"title":"Problema que afeta muitas mulheres ap\u00f3s o parto tem solu\u00e7\u00e3o simples - Estado de Minas - Em foco","description":"Perda involunt\u00e1ria de urina no p\u00f3s-parto tem solu\u00e7\u00e3o. Exerc\u00edcios de Kegel e fisioterapia melhoram qualidade de vida das m\u00e3es.","robots":{"index":"index","follow":"follow","max-snippet":"max-snippet:-1","max-image-preview":"max-image-preview:large","max-video-preview":"max-video-preview:-1"},"canonical":"https:\/\/www.em.com.br\/emfoco\/2025\/08\/28\/problema-que-afeta-muitas-mulheres-apos-o-parto-tem-solucao-simples\/","og_locale":"pt_BR","og_type":"article","og_title":"Problema que afeta muitas mulheres ap\u00f3s o parto tem solu\u00e7\u00e3o simples - Estado de Minas - Em foco","og_description":"Perda involunt\u00e1ria de urina no p\u00f3s-parto tem solu\u00e7\u00e3o. Exerc\u00edcios de Kegel e fisioterapia melhoram qualidade de vida das m\u00e3es.","og_url":"https:\/\/www.em.com.br\/emfoco\/2025\/08\/28\/problema-que-afeta-muitas-mulheres-apos-o-parto-tem-solucao-simples\/","og_site_name":"Estado de Minas - Em foco","article_published_time":"2025-08-28T19:58:00+00:00","article_modified_time":"2025-08-28T15:36:37+00:00","og_image":[{"width":1280,"height":720,"url":"https:\/\/www.em.com.br\/emfoco\/wp-content\/uploads\/2025\/08\/pos-parto_1756395237381.jpg","type":"image\/jpeg"}],"author":"Patryck Reinehr","twitter_card":"summary_large_image","twitter_misc":{"Escrito por":"Patryck Reinehr","Est. tempo de leitura":"4 minutos"},"schema":{"@context":"https:\/\/schema.org","@graph":[{"@type":"WebPage","@id":"https:\/\/www.em.com.br\/emfoco\/2025\/08\/28\/problema-que-afeta-muitas-mulheres-apos-o-parto-tem-solucao-simples\/","url":"https:\/\/www.em.com.br\/emfoco\/2025\/08\/28\/problema-que-afeta-muitas-mulheres-apos-o-parto-tem-solucao-simples\/","name":"Problema que afeta muitas mulheres ap\u00f3s o parto tem solu\u00e7\u00e3o simples - Estado de Minas - Em foco","isPartOf":{"@id":"https:\/\/www.em.com.br\/emfoco\/#website"},"primaryImageOfPage":{"@id":"https:\/\/www.em.com.br\/emfoco\/2025\/08\/28\/problema-que-afeta-muitas-mulheres-apos-o-parto-tem-solucao-simples\/#primaryimage"},"image":{"@id":"https:\/\/www.em.com.br\/emfoco\/2025\/08\/28\/problema-que-afeta-muitas-mulheres-apos-o-parto-tem-solucao-simples\/#primaryimage"},"thumbnailUrl":"https:\/\/www.em.com.br\/emfoco\/wp-content\/uploads\/2025\/08\/pos-parto_1756395237381.jpg","datePublished":"2025-08-28T19:58:00+00:00","dateModified":"2025-08-28T15:36:37+00:00","author":{"@id":"https:\/\/www.em.com.br\/emfoco\/#\/schema\/person\/43407752bebcbbb4d0ec79deedc0d7ce"},"description":"Perda involunt\u00e1ria de urina no p\u00f3s-parto tem solu\u00e7\u00e3o. Exerc\u00edcios de Kegel e fisioterapia melhoram qualidade de vida das m\u00e3es.","breadcrumb":{"@id":"https:\/\/www.em.com.br\/emfoco\/2025\/08\/28\/problema-que-afeta-muitas-mulheres-apos-o-parto-tem-solucao-simples\/#breadcrumb"},"inLanguage":"pt-BR","potentialAction":[{"@type":"ReadAction","target":["https:\/\/www.em.com.br\/emfoco\/2025\/08\/28\/problema-que-afeta-muitas-mulheres-apos-o-parto-tem-solucao-simples\/"]}]},{"@type":"ImageObject","inLanguage":"pt-BR","@id":"https:\/\/www.em.com.br\/emfoco\/2025\/08\/28\/problema-que-afeta-muitas-mulheres-apos-o-parto-tem-solucao-simples\/#primaryimage","url":"https:\/\/www.em.com.br\/emfoco\/wp-content\/uploads\/2025\/08\/pos-parto_1756395237381.jpg","contentUrl":"https:\/\/www.em.com.br\/emfoco\/wp-content\/uploads\/2025\/08\/pos-parto_1756395237381.jpg","width":1280,"height":720,"caption":"M\u00e3e e seu beb\u00ea (Cr\u00e9ditos: depositphotos.com \/ IgorVetushko)"},{"@type":"BreadcrumbList","@id":"https:\/\/www.em.com.br\/emfoco\/2025\/08\/28\/problema-que-afeta-muitas-mulheres-apos-o-parto-tem-solucao-simples\/#breadcrumb","itemListElement":[{"@type":"ListItem","position":1,"name":"In\u00edcio","item":"https:\/\/www.em.com.br\/emfoco\/"},{"@type":"ListItem","position":2,"name":"Problema que afeta muitas mulheres ap\u00f3s o parto tem solu\u00e7\u00e3o simples"}]},{"@type":"WebSite","@id":"https:\/\/www.em.com.br\/emfoco\/#website","url":"https:\/\/www.em.com.br\/emfoco\/","name":"Estado de Minas - Em foco","description":"Acompanhe as \u00faltimas not\u00edcias e fique bem informado sobre tudo o que acontece em Minas Gerais, Brasil e no mundo.","potentialAction":[{"@type":"SearchAction","target":{"@type":"EntryPoint","urlTemplate":"https:\/\/www.em.com.br\/emfoco\/?s={search_term_string}"},"query-input":{"@type":"PropertyValueSpecification","valueRequired":true,"valueName":"search_term_string"}}],"inLanguage":"pt-BR"},{"@type":"Person","@id":"https:\/\/www.em.com.br\/emfoco\/#\/schema\/person\/43407752bebcbbb4d0ec79deedc0d7ce","name":"Patryck Reinehr","image":{"@type":"ImageObject","inLanguage":"pt-BR","@id":"https:\/\/www.em.com.br\/emfoco\/#\/schema\/person\/image\/","url":"https:\/\/secure.gravatar.com\/avatar\/570c7fb2898c0e2df0823196891bea88?s=96&d=mm&r=g","contentUrl":"https:\/\/secure.gravatar.com\/avatar\/570c7fb2898c0e2df0823196891bea88?s=96&d=mm&r=g","caption":"Patryck Reinehr"},"url":"https:\/\/www.em.com.br\/emfoco\/author\/patryckmyth\/"}]}},"_links":{"self":[{"href":"https:\/\/www.em.com.br\/emfoco\/wp-json\/wp\/v2\/posts\/97398","targetHints":{"allow":["GET"]}}],"collection":[{"href":"https:\/\/www.em.com.br\/emfoco\/wp-json\/wp\/v2\/posts"}],"about":[{"href":"https:\/\/www.em.com.br\/emfoco\/wp-json\/wp\/v2\/types\/post"}],"author":[{"embeddable":true,"href":"https:\/\/www.em.com.br\/emfoco\/wp-json\/wp\/v2\/users\/10"}],"replies":[{"embeddable":true,"href":"https:\/\/www.em.com.br\/emfoco\/wp-json\/wp\/v2\/comments?post=97398"}],"version-history":[{"count":1,"href":"https:\/\/www.em.com.br\/emfoco\/wp-json\/wp\/v2\/posts\/97398\/revisions"}],"predecessor-version":[{"id":97503,"href":"https:\/\/www.em.com.br\/emfoco\/wp-json\/wp\/v2\/posts\/97398\/revisions\/97503"}],"wp:featuredmedia":[{"embeddable":true,"href":"https:\/\/www.em.com.br\/emfoco\/wp-json\/wp\/v2\/media\/97500"}],"wp:attachment":[{"href":"https:\/\/www.em.com.br\/emfoco\/wp-json\/wp\/v2\/media?parent=97398"}],"wp:term":[{"taxonomy":"category","embeddable":true,"href":"https:\/\/www.em.com.br\/emfoco\/wp-json\/wp\/v2\/categories?post=97398"},{"taxonomy":"post_tag","embeddable":true,"href":"https:\/\/www.em.com.br\/emfoco\/wp-json\/wp\/v2\/tags?post=97398"}],"curies":[{"name":"wp","href":"https:\/\/api.w.org\/{rel}","templated":true}]}}