{"id":9737,"date":"2025-01-18T21:20:00","date_gmt":"2025-01-19T00:20:00","guid":{"rendered":"https:\/\/www.em.com.br\/emfoco\/?p=9737"},"modified":"2025-01-10T17:28:58","modified_gmt":"2025-01-10T20:28:58","slug":"voce-precisa-conhecer-um-os-estados-com-maior-geracao-de-empregos-do-brasil","status":"publish","type":"post","link":"https:\/\/www.em.com.br\/emfoco\/2025\/01\/18\/voce-precisa-conhecer-um-os-estados-com-maior-geracao-de-empregos-do-brasil\/","title":{"rendered":"Voc\u00ea precisa conhecer um os estados com maior gera\u00e7\u00e3o de empregos do Brasil!"},"content":{"rendered":"\n<p>O ano de 2024 trouxe resultados positivos no mercado de trabalho para o Cear\u00e1, destacando-se com a cria\u00e7\u00e3o de 62.312 postos de trabalho formais entre janeiro e novembro. No m\u00eas de novembro, sozinho, foi observado o aumento de 4.443 vagas, segundo o registro do <strong><a href=\"https:\/\/www.gov.br\/trabalho-e-emprego\/pt-br\/assuntos\/estatisticas-trabalho\/novo-caged\/novo-caged-2024\/junho\" target=\"_blank\" rel=\"noreferrer noopener\">Novo Caged<\/a><\/strong>. Este cen\u00e1rio reflete um ambiente econ\u00f4mico em recupera\u00e7\u00e3o no estado.<\/p>\n\n\n\n<p>Tal evolu\u00e7\u00e3o \u00e9 impulsionada por pol\u00edticas eficazes e a colabora\u00e7\u00e3o entre os setores p\u00fablico e privado, que t\u00eam sido cruciais para fortalecer o mercado de trabalho local. Essas iniciativas n\u00e3o s\u00f3 incentivam a cria\u00e7\u00e3o de empregos, mas tamb\u00e9m sinalizam uma trajet\u00f3ria de desenvolvimento cont\u00ednuo.<\/p>\n\n\n\n<h2 class=\"wp-block-heading\">Quais Setores Tiveram Maior Impacto na Cria\u00e7\u00e3o de Postos de Trabalho?<\/h2>\n\n\n\n<p>O setor de servi\u00e7os se destacou como o principal gerador de empregos no Cear\u00e1, proporcionando mais de 30 mil oportunidades ao longo do ano. Esse setor, que engloba uma variedade de servi\u00e7os para empresas e consumidores finais, \u00e9 fundamental para a sustenta\u00e7\u00e3o econ\u00f4mica da regi\u00e3o.<\/p>\n\n\n\n<p>Al\u00e9m do setor de servi\u00e7os, a ind\u00fastria e o com\u00e9rcio tamb\u00e9m contribu\u00edram significativamente, oferecendo juntos mais de 25 mil empregos. A constru\u00e7\u00e3o civil, tradicionalmente associada ao crescimento urbano, adicionou mais de 4 mil vagas, enquanto a agropecu\u00e1ria continuou a ter um impacto positivo, gerando mais de 2 mil postos de trabalho.<\/p>\n\n\n\n<figure class=\"wp-block-image size-large\"><img loading=\"lazy\" decoding=\"async\" width=\"1024\" height=\"576\" src=\"https:\/\/www.em.com.br\/emfoco\/wp-content\/uploads\/2024\/12\/Jericoacoara_1733256254280-1024x576.jpg\" alt=\"Descubra as Praias Mais Incr\u00edveis do Brasil e Surpreenda-se!\" class=\"wp-image-3047\" srcset=\"https:\/\/www.em.com.br\/emfoco\/wp-content\/uploads\/2024\/12\/Jericoacoara_1733256254280-1024x576.jpg 1024w, https:\/\/www.em.com.br\/emfoco\/wp-content\/uploads\/2024\/12\/Jericoacoara_1733256254280-300x169.jpg 300w, https:\/\/www.em.com.br\/emfoco\/wp-content\/uploads\/2024\/12\/Jericoacoara_1733256254280-768x432.jpg 768w, https:\/\/www.em.com.br\/emfoco\/wp-content\/uploads\/2024\/12\/Jericoacoara_1733256254280-750x422.jpg 750w, https:\/\/www.em.com.br\/emfoco\/wp-content\/uploads\/2024\/12\/Jericoacoara_1733256254280-1140x641.jpg 1140w, https:\/\/www.em.com.br\/emfoco\/wp-content\/uploads\/2024\/12\/Jericoacoara_1733256254280.jpg 1280w\" sizes=\"auto, (max-width: 1024px) 100vw, 1024px\" \/><figcaption class=\"wp-element-caption\">Jericoacoara em Jijoca de Jericoacoara, Cear\u00e1 &#8211; Cr\u00e9ditos: depositphotos.com \/ giannakisphoto<\/figcaption><\/figure>\n\n\n\n<h2 class=\"wp-block-heading\">Como Cidades do Cear\u00e1 T\u00eam se Beneficiado da Expans\u00e3o Econ\u00f4mica?<\/h2>\n\n\n\n<p>Fortaleza, sendo a capital, liderou a gera\u00e7\u00e3o de empregos no estado, com um incremento de mais de 31 mil vagas em 2024. Sobral tamb\u00e9m registrou um crescimento not\u00e1vel, com milhares de novas oportunidades. Outras cidades como Juazeiro do Norte, Maracana\u00fa e Horizonte tamb\u00e9m participaram do avan\u00e7o, fortalecendo o mercado laboral <strong><a href=\"https:\/\/www.em.com.br\/emfoco\/2024\/12\/03\/veja-as-melhores-cidades-do-nordeste-para-viver-em-2025\/\" target=\"_blank\" rel=\"noreferrer noopener\">regional<\/a><\/strong>.<\/p>\n\n\n\n<ul class=\"wp-block-list\">\n<li><strong>Fortaleza:<\/strong> 31.041 novas vagas<\/li>\n\n\n\n<li><strong>Sobral:<\/strong> 3.534 novas vagas<\/li>\n\n\n\n<li><strong>Outros munic\u00edpios em destaque:<\/strong> Juazeiro do Norte, Maracana\u00fa, Horizonte<\/li>\n<\/ul>\n\n\n\n<h2 class=\"wp-block-heading\">Import\u00e2ncia da Taxa de Desemprego Reduzida no Cear\u00e1<\/h2>\n\n\n\n<p>O Cear\u00e1 alcan\u00e7ou uma taxa de desemprego de 6,7%, a menor da regi\u00e3o Nordeste. Este feito se deve aos esfor\u00e7os cont\u00ednuos em revitalizar a economia do estado. Comparando com a taxa nacional de 6,1%, o estado mostra um desempenho invej\u00e1vel, refletindo efic\u00e1cia em suas estrat\u00e9gias de empregabilidade.<\/p>\n\n\n\n<p>No entanto, a quest\u00e3o da distribui\u00e7\u00e3o de vagas entre diferentes grupos ainda persiste, com um destaque para a predomin\u00e2ncia masculina nas novas contrata\u00e7\u00f5es. Avan\u00e7ar nas pol\u00edticas que promovam a equidade de g\u00eanero no trabalho continua sendo um desafio premente.<\/p>\n\n\n\n<h2 class=\"wp-block-heading\">Desafios Futuros e Oportunidades para o Cear\u00e1<\/h2>\n\n\n\n<p>A perspectiva econ\u00f4mica no Cear\u00e1 \u00e9 promissora, mas requer aten\u00e7\u00e3o para garantir que o crescimento dos empregos seja amplamente inclusivo. \u00c9 essencial que as oportunidades sejam equitativamente distribu\u00eddas para que toda a popula\u00e7\u00e3o se beneficie.<\/p>\n\n\n\n<p>Promover diversidade e igualdade de g\u00eanero no ambiente de trabalho pode potencializar ainda mais o progresso econ\u00f4mico. A parceria entre governo e empresas ser\u00e1 vital para continuar avan\u00e7ando e realizar um crescimento que beneficie todos os estratos da sociedade cearense.<\/p>\n","protected":false},"excerpt":{"rendered":"<p>O ano de 2024 trouxe resultados positivos no mercado de trabalho para o Cear\u00e1, destacando-se com a cria\u00e7\u00e3o de 62.312 postos de trabalho formais entre janeiro e novembro. No m\u00eas de novembro, sozinho, foi observado o aumento de 4.443 vagas, segundo o registro do Novo Caged. Este cen\u00e1rio reflete um ambiente econ\u00f4mico em recupera\u00e7\u00e3o no [&hellip;]<\/p>\n","protected":false},"author":5,"featured_media":8859,"comment_status":"open","ping_status":"open","sticky":false,"template":"","format":"standard","meta":{"jnews-multi-image_gallery":[],"jnews_single_post":{"format":"standard"},"jnews_primary_category":[],"jnews_social_meta":[],"jnews_override_counter":[],"footnotes":""},"categories":[26,1],"tags":[184,782,3260,183,1184,157],"class_list":["post-9737","post","type-post","status-publish","format-standard","has-post-thumbnail","hentry","category-cidades","category-noticias","tag-184","tag-782","tag-ceara","tag-cidades","tag-nordeste","tag-turismo"],"yoast_head":"<!-- This site is optimized with the Yoast SEO plugin v23.8 - https:\/\/yoast.com\/wordpress\/plugins\/seo\/ -->\n<title>Voc\u00ea precisa conhecer um os estados com maior gera\u00e7\u00e3o de empregos do Brasil! - Estado de Minas - Em foco<\/title>\n<meta name=\"description\" content=\"Saiba mais sobre o mercado de trabalho cearense e descubra por que o estado \u00e9 um dos mais atrativos para investir e trabalhar.\" \/>\n<meta name=\"robots\" content=\"index, follow, max-snippet:-1, max-image-preview:large, max-video-preview:-1\" \/>\n<link rel=\"canonical\" href=\"https:\/\/www.em.com.br\/emfoco\/2025\/01\/18\/voce-precisa-conhecer-um-os-estados-com-maior-geracao-de-empregos-do-brasil\/\" \/>\n<meta property=\"og:locale\" content=\"pt_BR\" \/>\n<meta property=\"og:type\" content=\"article\" \/>\n<meta property=\"og:title\" content=\"Voc\u00ea precisa conhecer um os estados com maior gera\u00e7\u00e3o de empregos do Brasil! - Estado de Minas - Em foco\" \/>\n<meta property=\"og:description\" content=\"Saiba mais sobre o mercado de trabalho cearense e descubra por que o estado \u00e9 um dos mais atrativos para investir e trabalhar.\" \/>\n<meta property=\"og:url\" content=\"https:\/\/www.em.com.br\/emfoco\/2025\/01\/18\/voce-precisa-conhecer-um-os-estados-com-maior-geracao-de-empregos-do-brasil\/\" \/>\n<meta property=\"og:site_name\" content=\"Estado de Minas - Em foco\" \/>\n<meta property=\"article:published_time\" content=\"2025-01-19T00:20:00+00:00\" \/>\n<meta property=\"article:modified_time\" content=\"2025-01-10T20:28:58+00:00\" \/>\n<meta property=\"og:image\" content=\"https:\/\/www.em.com.br\/emfoco\/wp-content\/uploads\/2025\/01\/Carteira-de-trabalho_1736201983090.jpg\" \/>\n\t<meta property=\"og:image:width\" content=\"1280\" \/>\n\t<meta property=\"og:image:height\" content=\"720\" \/>\n\t<meta property=\"og:image:type\" content=\"image\/jpeg\" \/>\n<meta name=\"author\" content=\"N\u00fabia Rangel\" \/>\n<meta name=\"twitter:card\" content=\"summary_large_image\" \/>\n<meta name=\"twitter:label1\" content=\"Escrito por\" \/>\n\t<meta name=\"twitter:data1\" content=\"N\u00fabia Rangel\" \/>\n\t<meta name=\"twitter:label2\" content=\"Est. tempo de leitura\" \/>\n\t<meta name=\"twitter:data2\" content=\"4 minutos\" \/>\n<!-- \/ Yoast SEO plugin. -->","yoast_head_json":{"title":"Voc\u00ea precisa conhecer um os estados com maior gera\u00e7\u00e3o de empregos do Brasil! - Estado de Minas - Em foco","description":"Saiba mais sobre o mercado de trabalho cearense e descubra por que o estado \u00e9 um dos mais atrativos para investir e trabalhar.","robots":{"index":"index","follow":"follow","max-snippet":"max-snippet:-1","max-image-preview":"max-image-preview:large","max-video-preview":"max-video-preview:-1"},"canonical":"https:\/\/www.em.com.br\/emfoco\/2025\/01\/18\/voce-precisa-conhecer-um-os-estados-com-maior-geracao-de-empregos-do-brasil\/","og_locale":"pt_BR","og_type":"article","og_title":"Voc\u00ea precisa conhecer um os estados com maior gera\u00e7\u00e3o de empregos do Brasil! - Estado de Minas - Em foco","og_description":"Saiba mais sobre o mercado de trabalho cearense e descubra por que o estado \u00e9 um dos mais atrativos para investir e trabalhar.","og_url":"https:\/\/www.em.com.br\/emfoco\/2025\/01\/18\/voce-precisa-conhecer-um-os-estados-com-maior-geracao-de-empregos-do-brasil\/","og_site_name":"Estado de Minas - Em foco","article_published_time":"2025-01-19T00:20:00+00:00","article_modified_time":"2025-01-10T20:28:58+00:00","og_image":[{"width":1280,"height":720,"url":"https:\/\/www.em.com.br\/emfoco\/wp-content\/uploads\/2025\/01\/Carteira-de-trabalho_1736201983090.jpg","type":"image\/jpeg"}],"author":"N\u00fabia Rangel","twitter_card":"summary_large_image","twitter_misc":{"Escrito por":"N\u00fabia Rangel","Est. tempo de leitura":"4 minutos"},"schema":{"@context":"https:\/\/schema.org","@graph":[{"@type":"WebPage","@id":"https:\/\/www.em.com.br\/emfoco\/2025\/01\/18\/voce-precisa-conhecer-um-os-estados-com-maior-geracao-de-empregos-do-brasil\/","url":"https:\/\/www.em.com.br\/emfoco\/2025\/01\/18\/voce-precisa-conhecer-um-os-estados-com-maior-geracao-de-empregos-do-brasil\/","name":"Voc\u00ea precisa conhecer um os estados com maior gera\u00e7\u00e3o de empregos do Brasil! - Estado de Minas - Em foco","isPartOf":{"@id":"https:\/\/www.em.com.br\/emfoco\/#website"},"primaryImageOfPage":{"@id":"https:\/\/www.em.com.br\/emfoco\/2025\/01\/18\/voce-precisa-conhecer-um-os-estados-com-maior-geracao-de-empregos-do-brasil\/#primaryimage"},"image":{"@id":"https:\/\/www.em.com.br\/emfoco\/2025\/01\/18\/voce-precisa-conhecer-um-os-estados-com-maior-geracao-de-empregos-do-brasil\/#primaryimage"},"thumbnailUrl":"https:\/\/www.em.com.br\/emfoco\/wp-content\/uploads\/2025\/01\/Carteira-de-trabalho_1736201983090.jpg","datePublished":"2025-01-19T00:20:00+00:00","dateModified":"2025-01-10T20:28:58+00:00","author":{"@id":"https:\/\/www.em.com.br\/emfoco\/#\/schema\/person\/524437ef54f8a5d32591b143307f2e20"},"description":"Saiba mais sobre o mercado de trabalho cearense e descubra por que o estado \u00e9 um dos mais atrativos para investir e trabalhar.","breadcrumb":{"@id":"https:\/\/www.em.com.br\/emfoco\/2025\/01\/18\/voce-precisa-conhecer-um-os-estados-com-maior-geracao-de-empregos-do-brasil\/#breadcrumb"},"inLanguage":"pt-BR","potentialAction":[{"@type":"ReadAction","target":["https:\/\/www.em.com.br\/emfoco\/2025\/01\/18\/voce-precisa-conhecer-um-os-estados-com-maior-geracao-de-empregos-do-brasil\/"]}]},{"@type":"ImageObject","inLanguage":"pt-BR","@id":"https:\/\/www.em.com.br\/emfoco\/2025\/01\/18\/voce-precisa-conhecer-um-os-estados-com-maior-geracao-de-empregos-do-brasil\/#primaryimage","url":"https:\/\/www.em.com.br\/emfoco\/wp-content\/uploads\/2025\/01\/Carteira-de-trabalho_1736201983090.jpg","contentUrl":"https:\/\/www.em.com.br\/emfoco\/wp-content\/uploads\/2025\/01\/Carteira-de-trabalho_1736201983090.jpg","width":1280,"height":720,"caption":"Imagem Ilustrativa de Carteira de Trabalho - Cr\u00e9ditos: depositphotos.com \/ rafapress"},{"@type":"BreadcrumbList","@id":"https:\/\/www.em.com.br\/emfoco\/2025\/01\/18\/voce-precisa-conhecer-um-os-estados-com-maior-geracao-de-empregos-do-brasil\/#breadcrumb","itemListElement":[{"@type":"ListItem","position":1,"name":"In\u00edcio","item":"https:\/\/www.em.com.br\/emfoco\/"},{"@type":"ListItem","position":2,"name":"Voc\u00ea precisa conhecer um os estados com maior gera\u00e7\u00e3o de empregos do Brasil!"}]},{"@type":"WebSite","@id":"https:\/\/www.em.com.br\/emfoco\/#website","url":"https:\/\/www.em.com.br\/emfoco\/","name":"Estado de Minas - Em foco","description":"Acompanhe as \u00faltimas not\u00edcias e fique bem informado sobre tudo o que acontece em Minas Gerais, Brasil e no mundo.","potentialAction":[{"@type":"SearchAction","target":{"@type":"EntryPoint","urlTemplate":"https:\/\/www.em.com.br\/emfoco\/?s={search_term_string}"},"query-input":{"@type":"PropertyValueSpecification","valueRequired":true,"valueName":"search_term_string"}}],"inLanguage":"pt-BR"},{"@type":"Person","@id":"https:\/\/www.em.com.br\/emfoco\/#\/schema\/person\/524437ef54f8a5d32591b143307f2e20","name":"N\u00fabia Rangel","image":{"@type":"ImageObject","inLanguage":"pt-BR","@id":"https:\/\/www.em.com.br\/emfoco\/#\/schema\/person\/image\/","url":"https:\/\/secure.gravatar.com\/avatar\/47cff2827a5ba23c37e8068c86817ea4?s=96&d=mm&r=g","contentUrl":"https:\/\/secure.gravatar.com\/avatar\/47cff2827a5ba23c37e8068c86817ea4?s=96&d=mm&r=g","caption":"N\u00fabia Rangel"},"sameAs":["https:\/\/www.em.com.br\/emfoco\/"],"url":"https:\/\/www.em.com.br\/emfoco\/author\/nubiamyth\/"}]}},"_links":{"self":[{"href":"https:\/\/www.em.com.br\/emfoco\/wp-json\/wp\/v2\/posts\/9737","targetHints":{"allow":["GET"]}}],"collection":[{"href":"https:\/\/www.em.com.br\/emfoco\/wp-json\/wp\/v2\/posts"}],"about":[{"href":"https:\/\/www.em.com.br\/emfoco\/wp-json\/wp\/v2\/types\/post"}],"author":[{"embeddable":true,"href":"https:\/\/www.em.com.br\/emfoco\/wp-json\/wp\/v2\/users\/5"}],"replies":[{"embeddable":true,"href":"https:\/\/www.em.com.br\/emfoco\/wp-json\/wp\/v2\/comments?post=9737"}],"version-history":[{"count":2,"href":"https:\/\/www.em.com.br\/emfoco\/wp-json\/wp\/v2\/posts\/9737\/revisions"}],"predecessor-version":[{"id":9739,"href":"https:\/\/www.em.com.br\/emfoco\/wp-json\/wp\/v2\/posts\/9737\/revisions\/9739"}],"wp:featuredmedia":[{"embeddable":true,"href":"https:\/\/www.em.com.br\/emfoco\/wp-json\/wp\/v2\/media\/8859"}],"wp:attachment":[{"href":"https:\/\/www.em.com.br\/emfoco\/wp-json\/wp\/v2\/media?parent=9737"}],"wp:term":[{"taxonomy":"category","embeddable":true,"href":"https:\/\/www.em.com.br\/emfoco\/wp-json\/wp\/v2\/categories?post=9737"},{"taxonomy":"post_tag","embeddable":true,"href":"https:\/\/www.em.com.br\/emfoco\/wp-json\/wp\/v2\/tags?post=9737"}],"curies":[{"name":"wp","href":"https:\/\/api.w.org\/{rel}","templated":true}]}}