{"id":97262,"date":"2025-08-28T10:58:00","date_gmt":"2025-08-28T13:58:00","guid":{"rendered":"https:\/\/www.em.com.br\/emfoco\/?p=97262"},"modified":"2025-08-27T18:00:44","modified_gmt":"2025-08-27T21:00:44","slug":"familias-com-nis-de-final-9-recebem-auxilio-do-bolsa-familia-hoje","status":"publish","type":"post","link":"https:\/\/www.em.com.br\/emfoco\/2025\/08\/28\/familias-com-nis-de-final-9-recebem-auxilio-do-bolsa-familia-hoje\/","title":{"rendered":"Fam\u00edlias com NIS de final 9 recebem aux\u00edlio do Bolsa Fam\u00edlia HOJE"},"content":{"rendered":"\n<p>No dia 27 de agosto, a <strong><a href=\"https:\/\/www.em.com.br\/emfoco\/2025\/08\/27\/r-67154-em-media-entenda-os-beneficios-do-bolsa-familia-neste-mes\/\" target=\"_blank\" rel=\"noreferrer noopener\">Caixa Econ\u00f4mica Federal<\/a><\/strong> realizou mais um pagamento do programa <strong>Bolsa Fam\u00edlia<\/strong>, beneficiando aqueles cujo <strong>N\u00famero de Inscri\u00e7\u00e3o Social<\/strong> (NIS) termina em 8. Neste ciclo, o valor m\u00e9dio do aux\u00edlio est\u00e1 previsto em R$ 671,54, superando o piso estabelecido de R$ 600. Dados fornecidos pelo <strong>Minist\u00e9rio do Desenvolvimento e Assist\u00eancia Social<\/strong> indicam que, neste m\u00eas, mais de 19 milh\u00f5es de lares brasileiros ter\u00e3o acesso a esse benef\u00edcio, totalizando um desembolso superior a R$ 12 bilh\u00f5es. Esse aporte auxilia fam\u00edlias carentes a suprirem necessidades b\u00e1sicas e contribui para movimentar a economia local.<\/p>\n\n\n\n<p>Al\u00e9m do valor m\u00ednimo, o programa oferece tr\u00eas incrementos significativos. Lares com beb\u00eas at\u00e9 seis meses, gestantes ou lactantes recebem parcelas adicionais de R$ 50, dispon\u00edveis durante per\u00edodos estipulados pelo programa, como forma de garantir a nutri\u00e7\u00e3o infantil e o apoio materno. Crian\u00e7as at\u00e9 seis anos t\u00eam direito a R$ 150 extras, e jovens entre 7 e 18 anos recebem R$ 50 adicionais, o que eleva o total recebido mensalmente, dependendo da composi\u00e7\u00e3o familiar.<\/p>\n\n\n\n<p>Os dep\u00f3sitos s\u00e3o realizados por meio da conta social digital, acessada pelo aplicativo <strong>Caixa Tem<\/strong>, que possibilita consultar saldo, extratos e datas de pagamento. Esse sistema digital facilita o acompanhamento dos recursos e garante rapidez na disponibiliza\u00e7\u00e3o dos valores, inclusive para moradores de \u00e1reas remotas. Em contextos emergenciais, pagamentos podem ser antecipados para munic\u00edpios impactados por situa\u00e7\u00f5es clim\u00e1ticas extremas ou vulnerabilidade social.<\/p>\n\n\n\n<h2 class=\"wp-block-heading\">Como funciona o calend\u00e1rio de pagamentos do Bolsa Fam\u00edlia?<\/h2>\n\n\n<div class=\"wp-block-image\">\n<figure class=\"aligncenter size-large\"><img loading=\"lazy\" decoding=\"async\" width=\"1024\" height=\"576\" src=\"https:\/\/www.em.com.br\/emfoco\/wp-content\/uploads\/2025\/06\/8570314b-6e14-424b-9ff7-dba10bb136fb-1-1024x576.jpeg\" alt=\"Como funcionam os benef\u00edcios adicionais do Bolsa Fam\u00edlia para gestantes e crian\u00e7as\" class=\"wp-image-55085\" srcset=\"https:\/\/www.em.com.br\/emfoco\/wp-content\/uploads\/2025\/06\/8570314b-6e14-424b-9ff7-dba10bb136fb-1-1024x576.jpeg 1024w, https:\/\/www.em.com.br\/emfoco\/wp-content\/uploads\/2025\/06\/8570314b-6e14-424b-9ff7-dba10bb136fb-1-300x169.jpeg 300w, https:\/\/www.em.com.br\/emfoco\/wp-content\/uploads\/2025\/06\/8570314b-6e14-424b-9ff7-dba10bb136fb-1-768x432.jpeg 768w, https:\/\/www.em.com.br\/emfoco\/wp-content\/uploads\/2025\/06\/8570314b-6e14-424b-9ff7-dba10bb136fb-1-750x422.jpeg 750w, https:\/\/www.em.com.br\/emfoco\/wp-content\/uploads\/2025\/06\/8570314b-6e14-424b-9ff7-dba10bb136fb-1-1140x641.jpeg 1140w, https:\/\/www.em.com.br\/emfoco\/wp-content\/uploads\/2025\/06\/8570314b-6e14-424b-9ff7-dba10bb136fb-1.jpeg 1280w\" sizes=\"auto, (max-width: 1024px) 100vw, 1024px\" \/><figcaption class=\"wp-element-caption\">Calend\u00e1rio Bolsa fam\u00edlia &#8211; Divulga\u00e7\u00e3o: GOV.BR<\/figcaption><\/figure><\/div>\n\n\n<p>O calend\u00e1rio do <strong><a href=\"https:\/\/www.gov.br\/mds\/pt-br\/acoes-e-programas\/bolsa-familia\" target=\"_blank\" rel=\"noreferrer noopener\">Bolsa Fam\u00edlia<\/a><\/strong> \u00e9 planejado de acordo com o d\u00edgito final do <strong>NIS<\/strong>, distribuindo os dep\u00f3sitos ao longo dos \u00faltimos dez dias \u00fateis do m\u00eas. Esse sistema evita aglomera\u00e7\u00f5es nas ag\u00eancias e facilita o fluxo de atendimento para milh\u00f5es de benefici\u00e1rios. A cada ciclo, a <strong>Caixa <\/strong>divulga informa\u00e7\u00f5es atualizadas no <strong>Caixa Tem<\/strong>, detalhando datas de saque e eventuais antecipa\u00e7\u00f5es.<\/p>\n\n\n\n<p>Para atender regi\u00f5es afetadas por emerg\u00eancias, o governo federal tem autorizado adiantamentos dos pagamentos, a exemplo do que ocorreu em agosto em algumas cidades do <strong>Rio Grande do Sul<\/strong> e em munic\u00edpios com popula\u00e7\u00e3o ind\u00edgena em situa\u00e7\u00e3o de vulnerabilidade. Nessas localidades, todos os benefici\u00e1rios puderam acessar os recursos na mesma data, independentemente do final do <strong>NIS<\/strong>. Essa medida agiliza a chegada do aux\u00edlio nas m\u00e3os de quem mais precisa.<\/p>\n\n\n\n<p>O acompanhamento do calend\u00e1rio \u00e9 fundamental para evitar transtornos e garantir o melhor planejamento dos benefici\u00e1rios. No aplicativo, tamb\u00e9m \u00e9 poss\u00edvel visualizar os valores programados, bem como os adicionais a que cada fam\u00edlia tem direito, promovendo maior transpar\u00eancia no processo.<\/p>\n\n\n\n<h2 class=\"wp-block-heading\">Quais benef\u00edcios adicionais o Bolsa Fam\u00edlia oferece?<\/h2>\n\n\n\n<p>O programa <strong>Bolsa Fam\u00edlia<\/strong> foi reformulado para incluir incrementos que atendem as necessidades espec\u00edficas dos benefici\u00e1rios. O <strong>Benef\u00edcio Vari\u00e1vel Familiar Nutriz<\/strong>, por exemplo, \u00e9 direcionado a lares com beb\u00eas at\u00e9 seis meses, garantindo seis parcelas de R$ 50 e promovendo o desenvolvimento infantil com alimenta\u00e7\u00e3o adequada.<\/p>\n\n\n\n<p>M\u00e3es gestantes ou lactantes s\u00e3o contempladas com quantias extras de R$ 50 mensais, reconhecendo os desafios e demandas maiores durante esse per\u00edodo. Crian\u00e7as at\u00e9 seis anos recebem um valor adicional de R$ 150, enquanto jovens de 7 a 18 anos ganham mais R$ 50 por m\u00eas, ampliando a cobertura para parcela significativa da popula\u00e7\u00e3o em idade escolar.<\/p>\n\n\n\n<p>Al\u00e9m disso, esses complementos refor\u00e7am a fun\u00e7\u00e3o social do <strong>Bolsa Fam\u00edlia<\/strong>, ajudando a combater a inseguran\u00e7a alimentar e incentivando a frequ\u00eancia escolar. Cada adicional \u00e9 calculado conforme a composi\u00e7\u00e3o familiar registrada no <strong>Cad\u00danico<\/strong>, respeitando as condi\u00e7\u00f5es estabelecidas pelo programa.<\/p>\n\n\n\n<h2 class=\"wp-block-heading\">Altera\u00e7\u00f5es recentes e impactos no Bolsa Fam\u00edlia<\/h2>\n\n\n\n<p>Com a vig\u00eancia da <strong><a href=\"https:\/\/www.planalto.gov.br\/ccivil_03\/_ato2023-2026\/2023\/lei\/l14601.htm\" target=\"_blank\" rel=\"noreferrer noopener\">Lei 14.601\/2023<\/a><\/strong>, o programa passou a isentar o desconto do <strong>Seguro Defeso<\/strong> para benefici\u00e1rios pescadores artesanais. Isso significa que tais fam\u00edlias recebem o valor integral do benef\u00edcio mesmo durante a piracema, quando ficam impedidas de trabalhar para preservar a fauna aqu\u00e1tica.<\/p>\n\n\n\n<p>Essa medida amplia o alcance financeiro dos benef\u00edcios e reconhece a import\u00e2ncia social e econ\u00f4mica da atividade pesqueira para milhares de fam\u00edlias. A mudan\u00e7a contribui para maior seguran\u00e7a no or\u00e7amento dom\u00e9stico durante os per\u00edodos de menor renda, minimizando impactos negativos sobre a subsist\u00eancia dessas comunidades.<\/p>\n\n\n\n<p>Tamb\u00e9m houve ajuste na chamada \u201c<strong>regra de prote\u00e7\u00e3o<\/strong>\u201d, que permite a continuidade do recebimento de <strong>50%<\/strong> do benef\u00edcio para fam\u00edlias cuja renda aumente at\u00e9 meio sal\u00e1rio m\u00ednimo por pessoa. Desde junho, a dura\u00e7\u00e3o desse benef\u00edcio foi reduzida para um ano apenas para novos inclu\u00eddos; quem j\u00e1 recebia mant\u00e9m o per\u00edodo anterior de dois anos.<\/p>\n\n\n\n<h2 class=\"wp-block-heading\">Aux\u00edlio G\u00e1s: quem tem direito e como funciona<\/h2>\n\n\n\n<p>No mesmo dia 27 de agosto, o <strong>Aux\u00edlio G\u00e1s<\/strong> tamb\u00e9m \u00e9 pago para fam\u00edlias com <strong>NIS <\/strong>final 8, desde que estejam inscritas no <strong>Cad\u00danico <\/strong>e atendam \u00e0s exig\u00eancias estabelecidas pelo governo federal. Em agosto, o valor do benef\u00edcio foi de R$ 108, o equivalente ao custo m\u00e9dio de um botij\u00e3o de g\u00e1s de 13 kg em territ\u00f3rio nacional.<\/p>\n\n\n\n<p>O programa tem validade prevista at\u00e9 2026 e prioriza mulheres chefes de fam\u00edlia e aquelas em situa\u00e7\u00e3o de viol\u00eancia dom\u00e9stica, desde que tamb\u00e9m sejam benefici\u00e1rias do <strong>BPC<\/strong>. A transfer\u00eancia do aux\u00edlio ocorre de forma autom\u00e1tica, junto ao pagamento do Bolsa Fam\u00edlia, facilitando o acesso \u00e0 energia dom\u00e9stica b\u00e1sica para cozinhar e aquecer alimentos.<\/p>\n\n\n\n<p>Com essa pol\u00edtica, mais de 5 milh\u00f5es de fam\u00edlias brasileiras s\u00e3o contempladas mensalmente, reduzindo o impacto do pre\u00e7o do g\u00e1s no or\u00e7amento dos mais vulner\u00e1veis e promovendo maior dignidade no cotidiano dessas pessoas.<\/p>\n\n\n\n<h2 class=\"wp-block-heading\">Cadastro, atualiza\u00e7\u00e3o e manuten\u00e7\u00e3o dos benef\u00edcios<\/h2>\n\n\n\n<p>Para receber o <strong>Bolsa Fam\u00edlia<\/strong> e o <strong>Aux\u00edlio G\u00e1s<\/strong>, a inscri\u00e7\u00e3o no <strong>Cadastro \u00danico<\/strong> \u00e9 obrigat\u00f3ria. \u00c9 fundamental manter os dados atualizados para garantir o acesso ininterrupto aos programas, principalmente informa\u00e7\u00f5es sobre renda, endere\u00e7o e composi\u00e7\u00e3o familiar, que influenciam diretamente nos valores recebidos.<\/p>\n\n\n\n<p>As atualiza\u00e7\u00f5es podem ser feitas nos <strong>Centros de Refer\u00eancia de Assist\u00eancia Social<\/strong> (CRAS), que tamb\u00e9m orientam sobre novas regras e documenta\u00e7\u00e3o exigida. Manter o cadastro regularizado evita bloqueios e suspens\u00f5es indevidas, assegurando que o benef\u00edcio chegue a quem realmente necessita.<\/p>\n\n\n\n<p>O governo realiza revis\u00f5es peri\u00f3dicas para verificar inconsist\u00eancias e aprimorar a focaliza\u00e7\u00e3o dos benef\u00edcios, tornando o processo mais transparente e eficiente. Com estas pr\u00e1ticas, tenta-se minimizar fraudes e desvios, mantendo o compromisso social do programa.<\/p>\n\n\n\n<h2 class=\"wp-block-heading\">Import\u00e2ncia do Bolsa Fam\u00edlia para a sociedade brasileira<\/h2>\n\n\n\n<p>O <strong>Bolsa Fam\u00edlia<\/strong> \u00e9 reconhecido como um dos principais instrumentos de combate \u00e0 pobreza e \u00e0 desigualdade social no <strong>Brasil<\/strong>. Al\u00e9m de transferir renda, o programa estimula a perman\u00eancia escolar de crian\u00e7as e adolescentes, bem como o acompanhamento da sa\u00fade b\u00e1sica das fam\u00edlias.<\/p>\n\n\n\n<p>Impactos positivos s\u00e3o observados na melhoria de indicadores sociais, como a redu\u00e7\u00e3o da desnutri\u00e7\u00e3o infantil e o aumento da frequ\u00eancia escolar, principalmente nas regi\u00f5es <strong>Norte e Nordeste<\/strong>, que concentram grande parte dos benefici\u00e1rios. O programa tamb\u00e9m ajuda a dinamizar economias locais, especialmente em pequenos munic\u00edpios.<\/p>\n\n\n\n<p>A continuidade e o fortalecimento do <strong>Bolsa Fam\u00edlia<\/strong> contribuem para uma sociedade mais justa, onde popula\u00e7\u00f5es historicamente marginalizadas t\u00eam maiores oportunidades de desenvolvimento e inclus\u00e3o social, al\u00e9m de fortalecer pol\u00edticas p\u00fablicas voltadas ao bem-estar coletivo.<\/p>\n","protected":false},"excerpt":{"rendered":"<p>No dia 27 de agosto, a Caixa Econ\u00f4mica Federal realizou mais um pagamento do programa Bolsa Fam\u00edlia, beneficiando aqueles cujo N\u00famero de Inscri\u00e7\u00e3o Social (NIS) termina em 8. Neste ciclo, o valor m\u00e9dio do aux\u00edlio est\u00e1 previsto em R$ 671,54, superando o piso estabelecido de R$ 600. Dados fornecidos pelo Minist\u00e9rio do Desenvolvimento e Assist\u00eancia [&hellip;]<\/p>\n","protected":false},"author":20,"featured_media":54991,"comment_status":"open","ping_status":"open","sticky":false,"template":"","format":"standard","meta":{"jnews-multi-image_gallery":[],"jnews_single_post":{"format":"standard"},"jnews_primary_category":[],"jnews_social_meta":[],"jnews_override_counter":[],"footnotes":""},"categories":[28,1],"tags":[209,1114,345],"class_list":["post-97262","post","type-post","status-publish","format-standard","has-post-thumbnail","hentry","category-economia","category-noticias","tag-bolsa-familia","tag-mds","tag-nis"],"yoast_head":"<!-- This site is optimized with the Yoast SEO plugin v23.8 - https:\/\/yoast.com\/wordpress\/plugins\/seo\/ -->\n<title>Fam\u00edlias com NIS de final 9 recebem aux\u00edlio do Bolsa Fam\u00edlia HOJE - Estado de Minas - Em foco<\/title>\n<meta name=\"description\" content=\"Bolsa Fam\u00edlia paga parcelas em agosto com adicionais para crian\u00e7as, gestantes e jovens, fortalecendo o apoio \u00e0s fam\u00edlias mais vulner\u00e1veis.\" \/>\n<meta name=\"robots\" content=\"index, follow, max-snippet:-1, max-image-preview:large, max-video-preview:-1\" \/>\n<link rel=\"canonical\" href=\"https:\/\/www.em.com.br\/emfoco\/2025\/08\/28\/familias-com-nis-de-final-9-recebem-auxilio-do-bolsa-familia-hoje\/\" \/>\n<meta property=\"og:locale\" content=\"pt_BR\" \/>\n<meta property=\"og:type\" content=\"article\" \/>\n<meta property=\"og:title\" content=\"Fam\u00edlias com NIS de final 9 recebem aux\u00edlio do Bolsa Fam\u00edlia HOJE - Estado de Minas - Em foco\" \/>\n<meta property=\"og:description\" content=\"Bolsa Fam\u00edlia paga parcelas em agosto com adicionais para crian\u00e7as, gestantes e jovens, fortalecendo o apoio \u00e0s fam\u00edlias mais vulner\u00e1veis.\" \/>\n<meta property=\"og:url\" content=\"https:\/\/www.em.com.br\/emfoco\/2025\/08\/28\/familias-com-nis-de-final-9-recebem-auxilio-do-bolsa-familia-hoje\/\" \/>\n<meta property=\"og:site_name\" content=\"Estado de Minas - Em foco\" \/>\n<meta property=\"article:published_time\" content=\"2025-08-28T13:58:00+00:00\" \/>\n<meta property=\"article:modified_time\" content=\"2025-08-27T21:00:44+00:00\" \/>\n<meta property=\"og:image\" content=\"https:\/\/www.em.com.br\/emfoco\/wp-content\/uploads\/2025\/06\/idoso-com-dinheiro-reais_1743473065115.jpg\" \/>\n\t<meta property=\"og:image:width\" content=\"1280\" \/>\n\t<meta property=\"og:image:height\" content=\"720\" \/>\n\t<meta property=\"og:image:type\" content=\"image\/jpeg\" \/>\n<meta name=\"author\" content=\"Ingrid Diniz\" \/>\n<meta name=\"twitter:card\" content=\"summary_large_image\" \/>\n<meta name=\"twitter:label1\" content=\"Escrito por\" \/>\n\t<meta name=\"twitter:data1\" content=\"Ingrid Diniz\" \/>\n\t<meta name=\"twitter:label2\" content=\"Est. tempo de leitura\" \/>\n\t<meta name=\"twitter:data2\" content=\"7 minutos\" \/>\n<!-- \/ Yoast SEO plugin. -->","yoast_head_json":{"title":"Fam\u00edlias com NIS de final 9 recebem aux\u00edlio do Bolsa Fam\u00edlia HOJE - Estado de Minas - Em foco","description":"Bolsa Fam\u00edlia paga parcelas em agosto com adicionais para crian\u00e7as, gestantes e jovens, fortalecendo o apoio \u00e0s fam\u00edlias mais vulner\u00e1veis.","robots":{"index":"index","follow":"follow","max-snippet":"max-snippet:-1","max-image-preview":"max-image-preview:large","max-video-preview":"max-video-preview:-1"},"canonical":"https:\/\/www.em.com.br\/emfoco\/2025\/08\/28\/familias-com-nis-de-final-9-recebem-auxilio-do-bolsa-familia-hoje\/","og_locale":"pt_BR","og_type":"article","og_title":"Fam\u00edlias com NIS de final 9 recebem aux\u00edlio do Bolsa Fam\u00edlia HOJE - Estado de Minas - Em foco","og_description":"Bolsa Fam\u00edlia paga parcelas em agosto com adicionais para crian\u00e7as, gestantes e jovens, fortalecendo o apoio \u00e0s fam\u00edlias mais vulner\u00e1veis.","og_url":"https:\/\/www.em.com.br\/emfoco\/2025\/08\/28\/familias-com-nis-de-final-9-recebem-auxilio-do-bolsa-familia-hoje\/","og_site_name":"Estado de Minas - Em foco","article_published_time":"2025-08-28T13:58:00+00:00","article_modified_time":"2025-08-27T21:00:44+00:00","og_image":[{"width":1280,"height":720,"url":"https:\/\/www.em.com.br\/emfoco\/wp-content\/uploads\/2025\/06\/idoso-com-dinheiro-reais_1743473065115.jpg","type":"image\/jpeg"}],"author":"Ingrid Diniz","twitter_card":"summary_large_image","twitter_misc":{"Escrito por":"Ingrid Diniz","Est. tempo de leitura":"7 minutos"},"schema":{"@context":"https:\/\/schema.org","@graph":[{"@type":"WebPage","@id":"https:\/\/www.em.com.br\/emfoco\/2025\/08\/28\/familias-com-nis-de-final-9-recebem-auxilio-do-bolsa-familia-hoje\/","url":"https:\/\/www.em.com.br\/emfoco\/2025\/08\/28\/familias-com-nis-de-final-9-recebem-auxilio-do-bolsa-familia-hoje\/","name":"Fam\u00edlias com NIS de final 9 recebem aux\u00edlio do Bolsa Fam\u00edlia HOJE - Estado de Minas - Em foco","isPartOf":{"@id":"https:\/\/www.em.com.br\/emfoco\/#website"},"primaryImageOfPage":{"@id":"https:\/\/www.em.com.br\/emfoco\/2025\/08\/28\/familias-com-nis-de-final-9-recebem-auxilio-do-bolsa-familia-hoje\/#primaryimage"},"image":{"@id":"https:\/\/www.em.com.br\/emfoco\/2025\/08\/28\/familias-com-nis-de-final-9-recebem-auxilio-do-bolsa-familia-hoje\/#primaryimage"},"thumbnailUrl":"https:\/\/www.em.com.br\/emfoco\/wp-content\/uploads\/2025\/06\/idoso-com-dinheiro-reais_1743473065115.jpg","datePublished":"2025-08-28T13:58:00+00:00","dateModified":"2025-08-27T21:00:44+00:00","author":{"@id":"https:\/\/www.em.com.br\/emfoco\/#\/schema\/person\/649e610b4eb8fff87ff394e54fe17b2b"},"description":"Bolsa Fam\u00edlia paga parcelas em agosto com adicionais para crian\u00e7as, gestantes e jovens, fortalecendo o apoio \u00e0s fam\u00edlias mais vulner\u00e1veis.","breadcrumb":{"@id":"https:\/\/www.em.com.br\/emfoco\/2025\/08\/28\/familias-com-nis-de-final-9-recebem-auxilio-do-bolsa-familia-hoje\/#breadcrumb"},"inLanguage":"pt-BR","potentialAction":[{"@type":"ReadAction","target":["https:\/\/www.em.com.br\/emfoco\/2025\/08\/28\/familias-com-nis-de-final-9-recebem-auxilio-do-bolsa-familia-hoje\/"]}]},{"@type":"ImageObject","inLanguage":"pt-BR","@id":"https:\/\/www.em.com.br\/emfoco\/2025\/08\/28\/familias-com-nis-de-final-9-recebem-auxilio-do-bolsa-familia-hoje\/#primaryimage","url":"https:\/\/www.em.com.br\/emfoco\/wp-content\/uploads\/2025\/06\/idoso-com-dinheiro-reais_1743473065115.jpg","contentUrl":"https:\/\/www.em.com.br\/emfoco\/wp-content\/uploads\/2025\/06\/idoso-com-dinheiro-reais_1743473065115.jpg","width":1280,"height":720,"caption":"Pagamento do Bolsa Fam\u00edlia para NIS final 5 - Cr\u00e9ditos: depositphotos.com \/ AngelaMacario"},{"@type":"BreadcrumbList","@id":"https:\/\/www.em.com.br\/emfoco\/2025\/08\/28\/familias-com-nis-de-final-9-recebem-auxilio-do-bolsa-familia-hoje\/#breadcrumb","itemListElement":[{"@type":"ListItem","position":1,"name":"In\u00edcio","item":"https:\/\/www.em.com.br\/emfoco\/"},{"@type":"ListItem","position":2,"name":"Fam\u00edlias com NIS de final 9 recebem aux\u00edlio do Bolsa Fam\u00edlia HOJE"}]},{"@type":"WebSite","@id":"https:\/\/www.em.com.br\/emfoco\/#website","url":"https:\/\/www.em.com.br\/emfoco\/","name":"Estado de Minas - Em foco","description":"Acompanhe as \u00faltimas not\u00edcias e fique bem informado sobre tudo o que acontece em Minas Gerais, Brasil e no mundo.","potentialAction":[{"@type":"SearchAction","target":{"@type":"EntryPoint","urlTemplate":"https:\/\/www.em.com.br\/emfoco\/?s={search_term_string}"},"query-input":{"@type":"PropertyValueSpecification","valueRequired":true,"valueName":"search_term_string"}}],"inLanguage":"pt-BR"},{"@type":"Person","@id":"https:\/\/www.em.com.br\/emfoco\/#\/schema\/person\/649e610b4eb8fff87ff394e54fe17b2b","name":"Ingrid Diniz","image":{"@type":"ImageObject","inLanguage":"pt-BR","@id":"https:\/\/www.em.com.br\/emfoco\/#\/schema\/person\/image\/","url":"https:\/\/secure.gravatar.com\/avatar\/a3baa1449ec5c39b4c42babc9d4f3951?s=96&d=mm&r=g","contentUrl":"https:\/\/secure.gravatar.com\/avatar\/a3baa1449ec5c39b4c42babc9d4f3951?s=96&d=mm&r=g","caption":"Ingrid Diniz"},"sameAs":["https:\/\/www.em.com.br\/"],"url":"https:\/\/www.em.com.br\/emfoco\/author\/ingridmyth\/"}]}},"_links":{"self":[{"href":"https:\/\/www.em.com.br\/emfoco\/wp-json\/wp\/v2\/posts\/97262","targetHints":{"allow":["GET"]}}],"collection":[{"href":"https:\/\/www.em.com.br\/emfoco\/wp-json\/wp\/v2\/posts"}],"about":[{"href":"https:\/\/www.em.com.br\/emfoco\/wp-json\/wp\/v2\/types\/post"}],"author":[{"embeddable":true,"href":"https:\/\/www.em.com.br\/emfoco\/wp-json\/wp\/v2\/users\/20"}],"replies":[{"embeddable":true,"href":"https:\/\/www.em.com.br\/emfoco\/wp-json\/wp\/v2\/comments?post=97262"}],"version-history":[{"count":1,"href":"https:\/\/www.em.com.br\/emfoco\/wp-json\/wp\/v2\/posts\/97262\/revisions"}],"predecessor-version":[{"id":97295,"href":"https:\/\/www.em.com.br\/emfoco\/wp-json\/wp\/v2\/posts\/97262\/revisions\/97295"}],"wp:featuredmedia":[{"embeddable":true,"href":"https:\/\/www.em.com.br\/emfoco\/wp-json\/wp\/v2\/media\/54991"}],"wp:attachment":[{"href":"https:\/\/www.em.com.br\/emfoco\/wp-json\/wp\/v2\/media?parent=97262"}],"wp:term":[{"taxonomy":"category","embeddable":true,"href":"https:\/\/www.em.com.br\/emfoco\/wp-json\/wp\/v2\/categories?post=97262"},{"taxonomy":"post_tag","embeddable":true,"href":"https:\/\/www.em.com.br\/emfoco\/wp-json\/wp\/v2\/tags?post=97262"}],"curies":[{"name":"wp","href":"https:\/\/api.w.org\/{rel}","templated":true}]}}