{"id":97244,"date":"2025-08-28T12:08:00","date_gmt":"2025-08-28T15:08:00","guid":{"rendered":"https:\/\/www.em.com.br\/emfoco\/?p=97244"},"modified":"2025-08-27T17:13:07","modified_gmt":"2025-08-27T20:13:07","slug":"isso-que-acontece-com-seu-corpo-se-ficar-15-dias-sem-acucar-revela-nutricionista-edina-serafini","status":"publish","type":"post","link":"https:\/\/www.em.com.br\/emfoco\/2025\/08\/28\/isso-que-acontece-com-seu-corpo-se-ficar-15-dias-sem-acucar-revela-nutricionista-edina-serafini\/","title":{"rendered":"Isso que acontece com seu corpo se ficar 15 dias sem a\u00e7\u00facar, revela nutricionista \u00c9dina Serafini"},"content":{"rendered":"\n<p>Isso \u00e9 o que acontece com o seu corpo quando voc\u00ea fica quinze dias sem comer a\u00e7\u00facar \u00e9 a provoca\u00e7\u00e3o da nutricionista \u00c9dina Serafini, que usa uma linguagem direta para mostrar os benef\u00edcios reais de reduzir o consumo de a\u00e7\u00facar de forma consciente e equilibrada.<\/p>\n\n\n\n<p>Ela destaca cinco <a href=\"https:\/\/www.em.com.br\/emfoco\/2025\/08\/23\/o-poder-do-iogurte-natural-na-saude-intestinal\/\" target=\"_blank\" rel=\"noreferrer noopener\">mudan\u00e7as <\/a>percept\u00edveis em apenas quinze dias: perda de gordura abdominal, redu\u00e7\u00e3o da celulite com visual mais uniforme da pele, melhora da resist\u00eancia \u00e0 insulina, pele mais v\u00edscosa e enrijecida, al\u00e9m de sa\u00fade global impactando vis\u00e3o, cora\u00e7\u00e3o, c\u00e9rebro e rim. A mensagem final valoriza o equil\u00edbrio, n\u00e3o a proibi\u00e7\u00e3o, e convida a seguir para mais conte\u00fados.<\/p>\n\n\n\n<h2 class=\"wp-block-heading\">Quais os efeitos de eliminar o a\u00e7\u00facar por quinze dias no peso e na barriga?<\/h2>\n\n\n\n<p>Ao retirar o a\u00e7\u00facar adicionado por cerca de duas semanas, o corpo deixa de usar essa fonte imediata de energia e passa a recorrer \u00e0s reservas de gordura, inclusive na regi\u00e3o abdominal, o que pode levar \u00e0 redu\u00e7\u00e3o de incha\u00e7o e gordura localizada. Essa estrat\u00e9gia tamb\u00e9m favorece a perda de gordura visceral e melhora o controle glic\u00eamico.<\/p>\n\n\n\n<h2 class=\"wp-block-heading\">Como cortar a\u00e7\u00facar melhora a celulite e o aspecto da pele?<\/h2>\n\n\n\n<p>Reduzir o consumo de a\u00e7\u00facar ajuda a combater a inflama\u00e7\u00e3o sist\u00eamica, o que pode suavizar a textura da pele e reduzir o aspecto de casca de laranja da celulite. A menor inflama\u00e7\u00e3o promove uma pele mais lisa, uniforme e com apar\u00eancia mais descansada.<\/p>\n\n\n\n<h2 class=\"wp-block-heading\">De que forma a sensibilidade \u00e0 insulina evolui sem a\u00e7\u00facar?<\/h2>\n\n\n\n<p>A retirada do a\u00e7\u00facar adicionado estabiliza os n\u00edveis de glicose e insulina no sangue, diminuindo a resist\u00eancia insul\u00ednica. Isso facilita a queima de gordura, favorece a sensibilidade biol\u00f3gica \u00e0 insulina e melhora o metabolismo energ\u00e9tico.<\/p>\n\n\n<div class=\"wp-block-image\">\n<figure class=\"aligncenter size-large\"><img loading=\"lazy\" decoding=\"async\" width=\"1024\" height=\"576\" src=\"https:\/\/www.em.com.br\/emfoco\/wp-content\/uploads\/2025\/08\/acucar_1756325179705-1024x576.jpg\" alt=\"\" class=\"wp-image-97248\" srcset=\"https:\/\/www.em.com.br\/emfoco\/wp-content\/uploads\/2025\/08\/acucar_1756325179705-1024x576.jpg 1024w, https:\/\/www.em.com.br\/emfoco\/wp-content\/uploads\/2025\/08\/acucar_1756325179705-300x169.jpg 300w, https:\/\/www.em.com.br\/emfoco\/wp-content\/uploads\/2025\/08\/acucar_1756325179705-768x432.jpg 768w, https:\/\/www.em.com.br\/emfoco\/wp-content\/uploads\/2025\/08\/acucar_1756325179705-750x422.jpg 750w, https:\/\/www.em.com.br\/emfoco\/wp-content\/uploads\/2025\/08\/acucar_1756325179705-1140x641.jpg 1140w, https:\/\/www.em.com.br\/emfoco\/wp-content\/uploads\/2025\/08\/acucar_1756325179705.jpg 1280w\" sizes=\"auto, (max-width: 1024px) 100vw, 1024px\" \/><figcaption class=\"wp-element-caption\">Ficar 15 dias sem comer a\u00e7\u00facar &#8211; Cr\u00e9ditos: depositphotos.com \/ NewAfrica<\/figcaption><\/figure><\/div>\n\n\n<h2 class=\"wp-block-heading\">Por que sua pele fica mais bonita e vi\u00e7osa com menos a\u00e7\u00facar?<\/h2>\n\n\n\n<p>O a\u00e7\u00facar agride col\u00e1geno e elastina pela glicosila\u00e7\u00e3o, acelerando o envelhecimento cut\u00e2neo e prejudicando a elasticidade da pele. Reduzir seu consumo contribui para uma pele mais firme, luminosa e com menos sinais de envelhecimento precoce.<\/p>\n\n\n\n<h2 class=\"wp-block-heading\">Como o corpo se beneficia globalmente em apenas quinze dias sem a\u00e7\u00facar?<\/h2>\n\n\n\n<p>Mesmo em curto prazo, cortar a\u00e7\u00facar adicionado pode trazer benef\u00edcios gerais \u00e0 sa\u00fade: melhora no funcionamento card\u00edaco, renal, cerebral e visual \u2014 al\u00e9m de redu\u00e7\u00e3o da inflama\u00e7\u00e3o e melhora no bem-estar geral \u2014 mantendo o organismo mais equilibrado e forte.<\/p>\n\n\n\n<h2 class=\"wp-block-heading\">Importante lembrar, equil\u00edbrio \u00e9 o objetivo<\/h2>\n\n\n\n<p>O prop\u00f3sito n\u00e3o \u00e9 proibir completamente o a\u00e7\u00facar, mas sim alertar sobre o uso consciente. Diminuir quantidades e frequ\u00eancia pode gerar benef\u00edcios significativos sem sacrif\u00edcios extremos e com mais sustentabilidade no dia a dia.<\/p>\n\n\n\n<h2 class=\"wp-block-heading\">Fontes oficiais<\/h2>\n\n\n\n<ul class=\"wp-block-list\">\n<li><strong>Healthline \/ 30-day no sugar challenge<\/strong> \u2013 cortes de a\u00e7\u00facar melhoram pele, insulina, sa\u00fade metab\u00f3lica e reduzem doen\u00e7as cr\u00f4nicas. (<a href=\"https:\/\/www.healthline.com\/nutrition\/30-days-no-sugar?utm_source=chatgpt.com\">Healthline<\/a>)<\/li>\n\n\n\n<li><strong>Hindustan Times \/ benef\u00edcios em 14 dias<\/strong> \u2013 estabiliza\u00e7\u00e3o da glicose, fome reduzida, pele melhor e sa\u00fade cardiovascular. (<a href=\"https:\/\/indianexpress.com\/article\/lifestyle\/food-wine\/quit-sugar-14-days-benefits-sumukhi-suresh-expert-9880677\/?utm_source=chatgpt.com\">The Indian Express<\/a>)<\/li>\n\n\n\n<li><strong>Health.com \u2013 \u201c7 Benefits of Cutting Out Sugar\u201d<\/strong> \u2013 perda de peso, melhora nos n\u00edveis de insulina, sa\u00fade da pele e preven\u00e7\u00e3o de doen\u00e7as hep\u00e1ticas e card\u00edacas. (<a href=\"https:\/\/www.health.com\/nutrition\/health-benefits-quitting-sugar?utm_source=chatgpt.com\">Health<\/a>)<\/li>\n<\/ul>\n","protected":false},"excerpt":{"rendered":"<p>Isso \u00e9 o que acontece com o seu corpo quando voc\u00ea fica quinze dias sem comer a\u00e7\u00facar \u00e9 a provoca\u00e7\u00e3o da nutricionista \u00c9dina Serafini, que usa uma linguagem direta para mostrar os benef\u00edcios reais de reduzir o consumo de a\u00e7\u00facar de forma consciente e equilibrada. Ela destaca cinco mudan\u00e7as percept\u00edveis em apenas quinze dias: perda [&hellip;]<\/p>\n","protected":false},"author":9,"featured_media":97246,"comment_status":"open","ping_status":"open","sticky":false,"template":"","format":"standard","meta":{"jnews-multi-image_gallery":[],"jnews_single_post":{"format":"standard"},"jnews_primary_category":[],"jnews_social_meta":[],"jnews_override_counter":[],"footnotes":""},"categories":[8691,9053],"tags":[3508,3109,15025],"class_list":["post-97244","post","type-post","status-publish","format-standard","has-post-thumbnail","hentry","category-bem-estar","category-saude","tag-acucar","tag-emagrecimento","tag-ficar-sem-acucar"],"yoast_head":"<!-- This site is optimized with the Yoast SEO plugin v23.8 - https:\/\/yoast.com\/wordpress\/plugins\/seo\/ -->\n<title>Isso que acontece com seu corpo se ficar 15 dias sem a\u00e7\u00facar, revela nutricionista \u00c9dina Serafini<\/title>\n<meta name=\"description\" content=\"Sem a\u00e7\u00facar por 15 dias, voc\u00ea reduz barriga, melhora pele, insulina e sa\u00fade geral, com modera\u00e7\u00e3o, diz \u00c9dina Serafini, nutricionista.\" \/>\n<meta name=\"robots\" content=\"index, follow, max-snippet:-1, max-image-preview:large, max-video-preview:-1\" \/>\n<link rel=\"canonical\" href=\"https:\/\/www.em.com.br\/emfoco\/2025\/08\/28\/isso-que-acontece-com-seu-corpo-se-ficar-15-dias-sem-acucar-revela-nutricionista-edina-serafini\/\" \/>\n<meta property=\"og:locale\" content=\"pt_BR\" \/>\n<meta property=\"og:type\" content=\"article\" \/>\n<meta property=\"og:title\" content=\"Isso que acontece com seu corpo se ficar 15 dias sem a\u00e7\u00facar, revela nutricionista \u00c9dina Serafini\" \/>\n<meta property=\"og:description\" content=\"Sem a\u00e7\u00facar por 15 dias, voc\u00ea reduz barriga, melhora pele, insulina e sa\u00fade geral, com modera\u00e7\u00e3o, diz \u00c9dina Serafini, nutricionista.\" \/>\n<meta property=\"og:url\" content=\"https:\/\/www.em.com.br\/emfoco\/2025\/08\/28\/isso-que-acontece-com-seu-corpo-se-ficar-15-dias-sem-acucar-revela-nutricionista-edina-serafini\/\" \/>\n<meta property=\"og:site_name\" content=\"Estado de Minas - Em foco\" \/>\n<meta property=\"article:published_time\" content=\"2025-08-28T15:08:00+00:00\" \/>\n<meta property=\"article:modified_time\" content=\"2025-08-27T20:13:07+00:00\" \/>\n<meta property=\"og:image\" content=\"https:\/\/www.em.com.br\/emfoco\/wp-content\/uploads\/2025\/08\/mosaico_1756324876006.png\" \/>\n\t<meta property=\"og:image:width\" content=\"1280\" \/>\n\t<meta property=\"og:image:height\" content=\"720\" \/>\n\t<meta property=\"og:image:type\" content=\"image\/png\" \/>\n<meta name=\"author\" content=\"Daniely Cardoso\" \/>\n<meta name=\"twitter:card\" content=\"summary_large_image\" \/>\n<meta name=\"twitter:label1\" content=\"Escrito por\" \/>\n\t<meta name=\"twitter:data1\" content=\"Daniely Cardoso\" \/>\n\t<meta name=\"twitter:label2\" content=\"Est. tempo de leitura\" \/>\n\t<meta name=\"twitter:data2\" content=\"4 minutos\" \/>\n<!-- \/ Yoast SEO plugin. -->","yoast_head_json":{"title":"Isso que acontece com seu corpo se ficar 15 dias sem a\u00e7\u00facar, revela nutricionista \u00c9dina Serafini","description":"Sem a\u00e7\u00facar por 15 dias, voc\u00ea reduz barriga, melhora pele, insulina e sa\u00fade geral, com modera\u00e7\u00e3o, diz \u00c9dina Serafini, nutricionista.","robots":{"index":"index","follow":"follow","max-snippet":"max-snippet:-1","max-image-preview":"max-image-preview:large","max-video-preview":"max-video-preview:-1"},"canonical":"https:\/\/www.em.com.br\/emfoco\/2025\/08\/28\/isso-que-acontece-com-seu-corpo-se-ficar-15-dias-sem-acucar-revela-nutricionista-edina-serafini\/","og_locale":"pt_BR","og_type":"article","og_title":"Isso que acontece com seu corpo se ficar 15 dias sem a\u00e7\u00facar, revela nutricionista \u00c9dina Serafini","og_description":"Sem a\u00e7\u00facar por 15 dias, voc\u00ea reduz barriga, melhora pele, insulina e sa\u00fade geral, com modera\u00e7\u00e3o, diz \u00c9dina Serafini, nutricionista.","og_url":"https:\/\/www.em.com.br\/emfoco\/2025\/08\/28\/isso-que-acontece-com-seu-corpo-se-ficar-15-dias-sem-acucar-revela-nutricionista-edina-serafini\/","og_site_name":"Estado de Minas - Em foco","article_published_time":"2025-08-28T15:08:00+00:00","article_modified_time":"2025-08-27T20:13:07+00:00","og_image":[{"width":1280,"height":720,"url":"https:\/\/www.em.com.br\/emfoco\/wp-content\/uploads\/2025\/08\/mosaico_1756324876006.png","type":"image\/png"}],"author":"Daniely Cardoso","twitter_card":"summary_large_image","twitter_misc":{"Escrito por":"Daniely Cardoso","Est. tempo de leitura":"4 minutos"},"schema":{"@context":"https:\/\/schema.org","@graph":[{"@type":"WebPage","@id":"https:\/\/www.em.com.br\/emfoco\/2025\/08\/28\/isso-que-acontece-com-seu-corpo-se-ficar-15-dias-sem-acucar-revela-nutricionista-edina-serafini\/","url":"https:\/\/www.em.com.br\/emfoco\/2025\/08\/28\/isso-que-acontece-com-seu-corpo-se-ficar-15-dias-sem-acucar-revela-nutricionista-edina-serafini\/","name":"Isso que acontece com seu corpo se ficar 15 dias sem a\u00e7\u00facar, revela nutricionista \u00c9dina Serafini","isPartOf":{"@id":"https:\/\/www.em.com.br\/emfoco\/#website"},"primaryImageOfPage":{"@id":"https:\/\/www.em.com.br\/emfoco\/2025\/08\/28\/isso-que-acontece-com-seu-corpo-se-ficar-15-dias-sem-acucar-revela-nutricionista-edina-serafini\/#primaryimage"},"image":{"@id":"https:\/\/www.em.com.br\/emfoco\/2025\/08\/28\/isso-que-acontece-com-seu-corpo-se-ficar-15-dias-sem-acucar-revela-nutricionista-edina-serafini\/#primaryimage"},"thumbnailUrl":"https:\/\/www.em.com.br\/emfoco\/wp-content\/uploads\/2025\/08\/mosaico_1756324876006.png","datePublished":"2025-08-28T15:08:00+00:00","dateModified":"2025-08-27T20:13:07+00:00","author":{"@id":"https:\/\/www.em.com.br\/emfoco\/#\/schema\/person\/0a8186d72f2c3a5c6276d90b41f271a0"},"description":"Sem a\u00e7\u00facar por 15 dias, voc\u00ea reduz barriga, melhora pele, insulina e sa\u00fade geral, com modera\u00e7\u00e3o, diz \u00c9dina Serafini, nutricionista.","breadcrumb":{"@id":"https:\/\/www.em.com.br\/emfoco\/2025\/08\/28\/isso-que-acontece-com-seu-corpo-se-ficar-15-dias-sem-acucar-revela-nutricionista-edina-serafini\/#breadcrumb"},"inLanguage":"pt-BR","potentialAction":[{"@type":"ReadAction","target":["https:\/\/www.em.com.br\/emfoco\/2025\/08\/28\/isso-que-acontece-com-seu-corpo-se-ficar-15-dias-sem-acucar-revela-nutricionista-edina-serafini\/"]}]},{"@type":"ImageObject","inLanguage":"pt-BR","@id":"https:\/\/www.em.com.br\/emfoco\/2025\/08\/28\/isso-que-acontece-com-seu-corpo-se-ficar-15-dias-sem-acucar-revela-nutricionista-edina-serafini\/#primaryimage","url":"https:\/\/www.em.com.br\/emfoco\/wp-content\/uploads\/2025\/08\/mosaico_1756324876006.png","contentUrl":"https:\/\/www.em.com.br\/emfoco\/wp-content\/uploads\/2025\/08\/mosaico_1756324876006.png","width":1280,"height":720,"caption":"Reduzir o consumo de a\u00e7\u00facar ajuda a combater a inflama\u00e7\u00e3o sist\u00eamica - Reprodu\u00e7\u00e3o (Tiktok: edinaserafini_nutri)"},{"@type":"BreadcrumbList","@id":"https:\/\/www.em.com.br\/emfoco\/2025\/08\/28\/isso-que-acontece-com-seu-corpo-se-ficar-15-dias-sem-acucar-revela-nutricionista-edina-serafini\/#breadcrumb","itemListElement":[{"@type":"ListItem","position":1,"name":"In\u00edcio","item":"https:\/\/www.em.com.br\/emfoco\/"},{"@type":"ListItem","position":2,"name":"Isso que acontece com seu corpo se ficar 15 dias sem a\u00e7\u00facar, revela nutricionista \u00c9dina Serafini"}]},{"@type":"WebSite","@id":"https:\/\/www.em.com.br\/emfoco\/#website","url":"https:\/\/www.em.com.br\/emfoco\/","name":"Estado de Minas - Em foco","description":"Acompanhe as \u00faltimas not\u00edcias e fique bem informado sobre tudo o que acontece em Minas Gerais, Brasil e no mundo.","potentialAction":[{"@type":"SearchAction","target":{"@type":"EntryPoint","urlTemplate":"https:\/\/www.em.com.br\/emfoco\/?s={search_term_string}"},"query-input":{"@type":"PropertyValueSpecification","valueRequired":true,"valueName":"search_term_string"}}],"inLanguage":"pt-BR"},{"@type":"Person","@id":"https:\/\/www.em.com.br\/emfoco\/#\/schema\/person\/0a8186d72f2c3a5c6276d90b41f271a0","name":"Daniely Cardoso","image":{"@type":"ImageObject","inLanguage":"pt-BR","@id":"https:\/\/www.em.com.br\/emfoco\/#\/schema\/person\/image\/","url":"https:\/\/secure.gravatar.com\/avatar\/4b80ddbd124d1f071b626d52d62e5dff?s=96&d=mm&r=g","contentUrl":"https:\/\/secure.gravatar.com\/avatar\/4b80ddbd124d1f071b626d52d62e5dff?s=96&d=mm&r=g","caption":"Daniely Cardoso"},"url":"https:\/\/www.em.com.br\/emfoco\/author\/danielymyth\/"}]}},"_links":{"self":[{"href":"https:\/\/www.em.com.br\/emfoco\/wp-json\/wp\/v2\/posts\/97244","targetHints":{"allow":["GET"]}}],"collection":[{"href":"https:\/\/www.em.com.br\/emfoco\/wp-json\/wp\/v2\/posts"}],"about":[{"href":"https:\/\/www.em.com.br\/emfoco\/wp-json\/wp\/v2\/types\/post"}],"author":[{"embeddable":true,"href":"https:\/\/www.em.com.br\/emfoco\/wp-json\/wp\/v2\/users\/9"}],"replies":[{"embeddable":true,"href":"https:\/\/www.em.com.br\/emfoco\/wp-json\/wp\/v2\/comments?post=97244"}],"version-history":[{"count":2,"href":"https:\/\/www.em.com.br\/emfoco\/wp-json\/wp\/v2\/posts\/97244\/revisions"}],"predecessor-version":[{"id":97249,"href":"https:\/\/www.em.com.br\/emfoco\/wp-json\/wp\/v2\/posts\/97244\/revisions\/97249"}],"wp:featuredmedia":[{"embeddable":true,"href":"https:\/\/www.em.com.br\/emfoco\/wp-json\/wp\/v2\/media\/97246"}],"wp:attachment":[{"href":"https:\/\/www.em.com.br\/emfoco\/wp-json\/wp\/v2\/media?parent=97244"}],"wp:term":[{"taxonomy":"category","embeddable":true,"href":"https:\/\/www.em.com.br\/emfoco\/wp-json\/wp\/v2\/categories?post=97244"},{"taxonomy":"post_tag","embeddable":true,"href":"https:\/\/www.em.com.br\/emfoco\/wp-json\/wp\/v2\/tags?post=97244"}],"curies":[{"name":"wp","href":"https:\/\/api.w.org\/{rel}","templated":true}]}}