{"id":97184,"date":"2025-08-28T12:38:43","date_gmt":"2025-08-28T15:38:43","guid":{"rendered":"https:\/\/www.em.com.br\/emfoco\/?p=97184"},"modified":"2025-08-27T15:58:35","modified_gmt":"2025-08-27T18:58:35","slug":"o-que-esta-por-tras-da-dificuldade-em-olhar-nos-olhos","status":"publish","type":"post","link":"https:\/\/www.em.com.br\/emfoco\/2025\/08\/28\/o-que-esta-por-tras-da-dificuldade-em-olhar-nos-olhos\/","title":{"rendered":"O que est\u00e1 por tr\u00e1s da dificuldade em olhar nos olhos"},"content":{"rendered":"\n<p>O <strong>contato visual<\/strong> \u00e9 um elemento fundamental na comunica\u00e7\u00e3o interpessoal, sendo respons\u00e1vel por transmitir seguran\u00e7a, aten\u00e7\u00e3o e interesse ao interlocutor. Por\u00e9m, muitas pessoas encontram obst\u00e1culos ao tentar sustentar o olhar durante uma conversa\u00e7\u00e3o. Este artigo aprofunda os fatores que dificultam essa habilidade e apresenta sugest\u00f5es pr\u00e1ticas para aprimor\u00e1-la no dia a dia.<\/p>\n\n\n\n<ul class=\"wp-block-list\">\n<li>Compreenda os fatores psicol\u00f3gicos que influenciam o contato visual.<\/li>\n\n\n\n<li>Descubra como a educa\u00e7\u00e3o e a cultura impactam essa habilidade.<\/li>\n\n\n\n<li>Aproveite dicas para melhorar sua comunica\u00e7\u00e3o visual.<\/li>\n<\/ul>\n\n\n\n<h2 class=\"wp-block-heading\">Quais fatores psicol\u00f3gicos afetam o contato visual?<\/h2>\n\n\n\n<p>Diversas quest\u00f5es psicol\u00f3gicas podem dificultar o contato visual. A <strong>ansiedade social<\/strong>, por exemplo, faz com que a pessoa sinta desconforto ao ser observada, levando \u00e0 evita\u00e7\u00e3o do olhar direto. Muitas vezes, esse comportamento funciona como uma forma inconsciente de se proteger de julgamentos alheios ou de situa\u00e7\u00f5es percebidas como intimidadoras.<\/p>\n\n\n\n<p>Al\u00e9m disso, <strong>condi\u00e7\u00f5es do espectro autista<\/strong> influenciam diretamente essa habilidade. Indiv\u00edduos com autismo podem apresentar sensibilidade sensorial aumentada, tornando o contato visual excessivamente estimulante ou at\u00e9 mesmo doloroso. Outros transtornos, como fobia social e timidez extrema, tamb\u00e9m podem interferir e dificultar a manuten\u00e7\u00e3o desse contato durante intera\u00e7\u00f5es sociais. Em alguns casos, experi\u00eancias traum\u00e1ticas anteriores tamb\u00e9m podem contribuir para essa dificuldade, pois a pessoa pode associar o olhar direto a situa\u00e7\u00f5es amea\u00e7adoras ou constrangedoras.<\/p>\n\n\n<div class=\"wp-block-image\">\n<figure class=\"aligncenter size-large\"><img loading=\"lazy\" decoding=\"async\" width=\"1024\" height=\"576\" src=\"https:\/\/www.em.com.br\/emfoco\/wp-content\/uploads\/2025\/08\/desviar-o-olhar_1756320767713-1024x576.jpg\" alt=\"Contato visual\" class=\"wp-image-97188\" srcset=\"https:\/\/www.em.com.br\/emfoco\/wp-content\/uploads\/2025\/08\/desviar-o-olhar_1756320767713-1024x576.jpg 1024w, https:\/\/www.em.com.br\/emfoco\/wp-content\/uploads\/2025\/08\/desviar-o-olhar_1756320767713-300x169.jpg 300w, https:\/\/www.em.com.br\/emfoco\/wp-content\/uploads\/2025\/08\/desviar-o-olhar_1756320767713-768x432.jpg 768w, https:\/\/www.em.com.br\/emfoco\/wp-content\/uploads\/2025\/08\/desviar-o-olhar_1756320767713-750x422.jpg 750w, https:\/\/www.em.com.br\/emfoco\/wp-content\/uploads\/2025\/08\/desviar-o-olhar_1756320767713-1140x641.jpg 1140w, https:\/\/www.em.com.br\/emfoco\/wp-content\/uploads\/2025\/08\/desviar-o-olhar_1756320767713.jpg 1280w\" sizes=\"auto, (max-width: 1024px) 100vw, 1024px\" \/><figcaption class=\"wp-element-caption\">Contato visual &#8211; Cr\u00e9ditos: depositphotos.com \/ HayDmitriy<\/figcaption><\/figure><\/div>\n\n\n<h2 class=\"wp-block-heading\">Como a cultura e educa\u00e7\u00e3o influenciam o contato visual?<\/h2>\n\n\n\n<p>O <strong>contexto cultural<\/strong> desempenha papel essencial no modo como o contato visual \u00e9 percebido e utilizado. Em algumas sociedades ocidentais, olhar nos olhos \u00e9 s\u00edmbolo de confian\u00e7a e sinceridade. J\u00e1 em certas culturas asi\u00e1ticas, por exemplo, o contato visual prolongado pode ser interpretado como falta de respeito ou desafio, mostrando a diversidade de significados em diferentes regi\u00f5es do mundo.<\/p>\n\n\n\n<p>A <strong>educa\u00e7\u00e3o familiar<\/strong> e experi\u00eancias de inf\u00e2ncia tamb\u00e9m moldam a percep\u00e7\u00e3o sobre o contato visual. Crian\u00e7as criadas em ambientes onde o olhar \u00e9 desencorajado tendem a manter esse padr\u00e3o na vida adulta, dificultando a naturalidade desse comportamento em situa\u00e7\u00f5es sociais. Al\u00e9m disso, fatores como timidez instilada pelos pais ou experi\u00eancias negativas podem contribuir para essa dificuldade. Vale destacar que ambientes escolares e sociais pouco acolhedores podem refor\u00e7ar padr\u00f5es de evita\u00e7\u00e3o do contato visual, principalmente em pessoas mais sens\u00edveis.<\/p>\n\n\n\n<p>Leia tamb\u00e9m: <a href=\"https:\/\/www.em.com.br\/emfoco\/2025\/08\/27\/por-que-algumas-pessoas-escutam-a-mesma-musica-repetidamente\/\" target=\"_blank\" rel=\"noreferrer noopener\">Por que algumas pessoas escutam a mesma m\u00fasica repetidamente<\/a><\/p>\n\n\n\n<h2 class=\"wp-block-heading\">Dicas para melhorar o contato visual<\/h2>\n\n\n\n<p>Para quem busca aprimorar o contato visual, existem estrat\u00e9gias eficazes que auxiliam no desenvolvimento dessa habilidade. Manter um olhar natural e gentil \u00e9 essencial, pois encarar de forma intensa pode transmitir agressividade ou desconforto ao outro. Treinar-se diariamente, seja frente ao espelho ou durante intera\u00e7\u00f5es simples, contribui para a constru\u00e7\u00e3o de autoconfian\u00e7a.<\/p>\n\n\n\n<p>Uma t\u00e9cnica \u00fatil \u00e9 alternar o olhar entre os olhos e outras partes do rosto, como boca ou sobrancelhas, tornando a experi\u00eancia mais confort\u00e1vel e menos cansativa. Praticar a escuta ativa e concentrar-se na mensagem da outra pessoa tamb\u00e9m ajudam a tornar o contato visual mais espont\u00e2neo. A paci\u00eancia e repeti\u00e7\u00e3o desses exerc\u00edcios s\u00e3o <a href=\"https:\/\/antigo.saude.sc.gov.br\/index.php\/resultado-busca\/geral\/10198-manual-de-identidade-visual\" target=\"_blank\" rel=\"noreferrer noopener\">fundamentais <\/a>para progressos gradativos. Al\u00e9m disso, buscar feedback de pessoas pr\u00f3ximas pode fortalecer o autoconhecimento e facilitar ajustes no comportamento.<\/p>\n\n\n\n<h2 class=\"wp-block-heading\">Principais insights sobre contato visual<\/h2>\n\n\n\n<ul class=\"wp-block-list\">\n<li>Fatores psicol\u00f3gicos e culturais s\u00e3o determinantes no contato visual, podendo facilitar ou dificultar sua pr\u00e1tica di\u00e1ria.<\/li>\n\n\n\n<li>Educa\u00e7\u00e3o e pr\u00e1ticas familiares t\u00eam papel relevante na forma\u00e7\u00e3o dessa aptid\u00e3o, influenciando como cada indiv\u00edduo se comporta em diferentes contextos.<\/li>\n\n\n\n<li>Com dicas pr\u00e1ticas e treino cont\u00ednuo, qualquer pessoa pode melhorar sua capacidade de manter contato visual, tornando suas intera\u00e7\u00f5es sociais mais aut\u00eanticas e eficientes.<\/li>\n<\/ul>\n","protected":false},"excerpt":{"rendered":"<p>O contato visual \u00e9 um elemento fundamental na comunica\u00e7\u00e3o interpessoal, sendo respons\u00e1vel por transmitir seguran\u00e7a, aten\u00e7\u00e3o e interesse ao interlocutor. Por\u00e9m, muitas pessoas encontram obst\u00e1culos ao tentar sustentar o olhar durante uma conversa\u00e7\u00e3o. Este artigo aprofunda os fatores que dificultam essa habilidade e apresenta sugest\u00f5es pr\u00e1ticas para aprimor\u00e1-la no dia a dia. Quais fatores psicol\u00f3gicos [&hellip;]<\/p>\n","protected":false},"author":15,"featured_media":97186,"comment_status":"open","ping_status":"open","sticky":false,"template":"","format":"standard","meta":{"jnews-multi-image_gallery":[],"jnews_single_post":{"format":"standard"},"jnews_primary_category":[],"jnews_social_meta":[],"jnews_override_counter":[],"footnotes":""},"categories":[8819],"tags":[4983,5023,7613,5155],"class_list":["post-97184","post","type-post","status-publish","format-standard","has-post-thumbnail","hentry","category-curiosidades","tag-comportamento","tag-medo","tag-olhar","tag-psicologia"],"yoast_head":"<!-- This site is optimized with the Yoast SEO plugin v23.8 - https:\/\/yoast.com\/wordpress\/plugins\/seo\/ -->\n<title>O que est\u00e1 por tr\u00e1s da dificuldade em olhar nos olhos - Estado de Minas - Em foco<\/title>\n<meta name=\"description\" content=\"A dificuldade em manter contato visual pode ter causas emocionais ou sociais. Veja por que isso acontece em algumas pessoas.\" \/>\n<meta name=\"robots\" content=\"index, follow, max-snippet:-1, max-image-preview:large, max-video-preview:-1\" \/>\n<link rel=\"canonical\" href=\"https:\/\/www.em.com.br\/emfoco\/2025\/08\/28\/o-que-esta-por-tras-da-dificuldade-em-olhar-nos-olhos\/\" \/>\n<meta property=\"og:locale\" content=\"pt_BR\" \/>\n<meta property=\"og:type\" content=\"article\" \/>\n<meta property=\"og:title\" content=\"O que est\u00e1 por tr\u00e1s da dificuldade em olhar nos olhos - Estado de Minas - Em foco\" \/>\n<meta property=\"og:description\" content=\"A dificuldade em manter contato visual pode ter causas emocionais ou sociais. Veja por que isso acontece em algumas pessoas.\" \/>\n<meta property=\"og:url\" content=\"https:\/\/www.em.com.br\/emfoco\/2025\/08\/28\/o-que-esta-por-tras-da-dificuldade-em-olhar-nos-olhos\/\" \/>\n<meta property=\"og:site_name\" content=\"Estado de Minas - Em foco\" \/>\n<meta property=\"article:published_time\" content=\"2025-08-28T15:38:43+00:00\" \/>\n<meta property=\"article:modified_time\" content=\"2025-08-27T18:58:35+00:00\" \/>\n<meta property=\"og:image\" content=\"https:\/\/www.em.com.br\/emfoco\/wp-content\/uploads\/2025\/08\/olhar-no-olho_1756320731935.jpg\" \/>\n\t<meta property=\"og:image:width\" content=\"1280\" \/>\n\t<meta property=\"og:image:height\" content=\"720\" \/>\n\t<meta property=\"og:image:type\" content=\"image\/jpeg\" \/>\n<meta name=\"author\" content=\"Douglas Myth\" \/>\n<meta name=\"twitter:card\" content=\"summary_large_image\" \/>\n<meta name=\"twitter:label1\" content=\"Escrito por\" \/>\n\t<meta name=\"twitter:data1\" content=\"Douglas Myth\" \/>\n\t<meta name=\"twitter:label2\" content=\"Est. tempo de leitura\" \/>\n\t<meta name=\"twitter:data2\" content=\"4 minutos\" \/>\n<!-- \/ Yoast SEO plugin. -->","yoast_head_json":{"title":"O que est\u00e1 por tr\u00e1s da dificuldade em olhar nos olhos - Estado de Minas - Em foco","description":"A dificuldade em manter contato visual pode ter causas emocionais ou sociais. Veja por que isso acontece em algumas pessoas.","robots":{"index":"index","follow":"follow","max-snippet":"max-snippet:-1","max-image-preview":"max-image-preview:large","max-video-preview":"max-video-preview:-1"},"canonical":"https:\/\/www.em.com.br\/emfoco\/2025\/08\/28\/o-que-esta-por-tras-da-dificuldade-em-olhar-nos-olhos\/","og_locale":"pt_BR","og_type":"article","og_title":"O que est\u00e1 por tr\u00e1s da dificuldade em olhar nos olhos - Estado de Minas - Em foco","og_description":"A dificuldade em manter contato visual pode ter causas emocionais ou sociais. Veja por que isso acontece em algumas pessoas.","og_url":"https:\/\/www.em.com.br\/emfoco\/2025\/08\/28\/o-que-esta-por-tras-da-dificuldade-em-olhar-nos-olhos\/","og_site_name":"Estado de Minas - Em foco","article_published_time":"2025-08-28T15:38:43+00:00","article_modified_time":"2025-08-27T18:58:35+00:00","og_image":[{"width":1280,"height":720,"url":"https:\/\/www.em.com.br\/emfoco\/wp-content\/uploads\/2025\/08\/olhar-no-olho_1756320731935.jpg","type":"image\/jpeg"}],"author":"Douglas Myth","twitter_card":"summary_large_image","twitter_misc":{"Escrito por":"Douglas Myth","Est. tempo de leitura":"4 minutos"},"schema":{"@context":"https:\/\/schema.org","@graph":[{"@type":"WebPage","@id":"https:\/\/www.em.com.br\/emfoco\/2025\/08\/28\/o-que-esta-por-tras-da-dificuldade-em-olhar-nos-olhos\/","url":"https:\/\/www.em.com.br\/emfoco\/2025\/08\/28\/o-que-esta-por-tras-da-dificuldade-em-olhar-nos-olhos\/","name":"O que est\u00e1 por tr\u00e1s da dificuldade em olhar nos olhos - Estado de Minas - Em foco","isPartOf":{"@id":"https:\/\/www.em.com.br\/emfoco\/#website"},"primaryImageOfPage":{"@id":"https:\/\/www.em.com.br\/emfoco\/2025\/08\/28\/o-que-esta-por-tras-da-dificuldade-em-olhar-nos-olhos\/#primaryimage"},"image":{"@id":"https:\/\/www.em.com.br\/emfoco\/2025\/08\/28\/o-que-esta-por-tras-da-dificuldade-em-olhar-nos-olhos\/#primaryimage"},"thumbnailUrl":"https:\/\/www.em.com.br\/emfoco\/wp-content\/uploads\/2025\/08\/olhar-no-olho_1756320731935.jpg","datePublished":"2025-08-28T15:38:43+00:00","dateModified":"2025-08-27T18:58:35+00:00","author":{"@id":"https:\/\/www.em.com.br\/emfoco\/#\/schema\/person\/bba594b7eebe9b9885fec3a5c7837089"},"description":"A dificuldade em manter contato visual pode ter causas emocionais ou sociais. Veja por que isso acontece em algumas pessoas.","breadcrumb":{"@id":"https:\/\/www.em.com.br\/emfoco\/2025\/08\/28\/o-que-esta-por-tras-da-dificuldade-em-olhar-nos-olhos\/#breadcrumb"},"inLanguage":"pt-BR","potentialAction":[{"@type":"ReadAction","target":["https:\/\/www.em.com.br\/emfoco\/2025\/08\/28\/o-que-esta-por-tras-da-dificuldade-em-olhar-nos-olhos\/"]}]},{"@type":"ImageObject","inLanguage":"pt-BR","@id":"https:\/\/www.em.com.br\/emfoco\/2025\/08\/28\/o-que-esta-por-tras-da-dificuldade-em-olhar-nos-olhos\/#primaryimage","url":"https:\/\/www.em.com.br\/emfoco\/wp-content\/uploads\/2025\/08\/olhar-no-olho_1756320731935.jpg","contentUrl":"https:\/\/www.em.com.br\/emfoco\/wp-content\/uploads\/2025\/08\/olhar-no-olho_1756320731935.jpg","width":1280,"height":720,"caption":"Contato visual - Cr\u00e9ditos: depositphotos.com \/ VadimVasenin"},{"@type":"BreadcrumbList","@id":"https:\/\/www.em.com.br\/emfoco\/2025\/08\/28\/o-que-esta-por-tras-da-dificuldade-em-olhar-nos-olhos\/#breadcrumb","itemListElement":[{"@type":"ListItem","position":1,"name":"In\u00edcio","item":"https:\/\/www.em.com.br\/emfoco\/"},{"@type":"ListItem","position":2,"name":"O que est\u00e1 por tr\u00e1s da dificuldade em olhar nos olhos"}]},{"@type":"WebSite","@id":"https:\/\/www.em.com.br\/emfoco\/#website","url":"https:\/\/www.em.com.br\/emfoco\/","name":"Estado de Minas - Em foco","description":"Acompanhe as \u00faltimas not\u00edcias e fique bem informado sobre tudo o que acontece em Minas Gerais, Brasil e no mundo.","potentialAction":[{"@type":"SearchAction","target":{"@type":"EntryPoint","urlTemplate":"https:\/\/www.em.com.br\/emfoco\/?s={search_term_string}"},"query-input":{"@type":"PropertyValueSpecification","valueRequired":true,"valueName":"search_term_string"}}],"inLanguage":"pt-BR"},{"@type":"Person","@id":"https:\/\/www.em.com.br\/emfoco\/#\/schema\/person\/bba594b7eebe9b9885fec3a5c7837089","name":"Douglas Myth","image":{"@type":"ImageObject","inLanguage":"pt-BR","@id":"https:\/\/www.em.com.br\/emfoco\/#\/schema\/person\/image\/","url":"https:\/\/secure.gravatar.com\/avatar\/1ac3cf50d0e68642c697dc0c960c802f?s=96&d=mm&r=g","contentUrl":"https:\/\/secure.gravatar.com\/avatar\/1ac3cf50d0e68642c697dc0c960c802f?s=96&d=mm&r=g","caption":"Douglas Myth"},"url":"https:\/\/www.em.com.br\/emfoco\/author\/douglasmyth\/"}]}},"_links":{"self":[{"href":"https:\/\/www.em.com.br\/emfoco\/wp-json\/wp\/v2\/posts\/97184","targetHints":{"allow":["GET"]}}],"collection":[{"href":"https:\/\/www.em.com.br\/emfoco\/wp-json\/wp\/v2\/posts"}],"about":[{"href":"https:\/\/www.em.com.br\/emfoco\/wp-json\/wp\/v2\/types\/post"}],"author":[{"embeddable":true,"href":"https:\/\/www.em.com.br\/emfoco\/wp-json\/wp\/v2\/users\/15"}],"replies":[{"embeddable":true,"href":"https:\/\/www.em.com.br\/emfoco\/wp-json\/wp\/v2\/comments?post=97184"}],"version-history":[{"count":2,"href":"https:\/\/www.em.com.br\/emfoco\/wp-json\/wp\/v2\/posts\/97184\/revisions"}],"predecessor-version":[{"id":97189,"href":"https:\/\/www.em.com.br\/emfoco\/wp-json\/wp\/v2\/posts\/97184\/revisions\/97189"}],"wp:featuredmedia":[{"embeddable":true,"href":"https:\/\/www.em.com.br\/emfoco\/wp-json\/wp\/v2\/media\/97186"}],"wp:attachment":[{"href":"https:\/\/www.em.com.br\/emfoco\/wp-json\/wp\/v2\/media?parent=97184"}],"wp:term":[{"taxonomy":"category","embeddable":true,"href":"https:\/\/www.em.com.br\/emfoco\/wp-json\/wp\/v2\/categories?post=97184"},{"taxonomy":"post_tag","embeddable":true,"href":"https:\/\/www.em.com.br\/emfoco\/wp-json\/wp\/v2\/tags?post=97184"}],"curies":[{"name":"wp","href":"https:\/\/api.w.org\/{rel}","templated":true}]}}