{"id":96951,"date":"2025-08-27T19:38:00","date_gmt":"2025-08-27T22:38:00","guid":{"rendered":"https:\/\/www.em.com.br\/emfoco\/?p=96951"},"modified":"2025-08-26T23:21:16","modified_gmt":"2025-08-27T02:21:16","slug":"voce-sabia-inss-oferece-aposentadoria-diferenciada-para-deficientes","status":"publish","type":"post","link":"https:\/\/www.em.com.br\/emfoco\/2025\/08\/27\/voce-sabia-inss-oferece-aposentadoria-diferenciada-para-deficientes\/","title":{"rendered":"Voc\u00ea sabia? INSS oferece aposentadoria diferenciada para deficientes"},"content":{"rendered":"\n<p>Durante a <strong>Semana Nacional da Pessoa com Defici\u00eancia Intelectual e M\u00faltipla<\/strong>, realizada entre 21 e 28 de agosto, destaca-se a import\u00e2ncia da inclus\u00e3o social. Neste contexto, o <strong>Instituto Nacional do Seguro Social<\/strong> (<a href=\"https:\/\/meu.inss.gov.br\/\" target=\"_blank\" rel=\"noreferrer noopener\">INSS<\/a>) apresenta os principais <strong>benef\u00edcios<\/strong> e <strong>direitos<\/strong> para pessoas com defici\u00eancia, especialmente as que possuem defici\u00eancia <strong>intelectual<\/strong> e <strong>m\u00faltipla<\/strong>.<\/p>\n\n\n\n<ul class=\"wp-block-list\">\n<li><strong>Benef\u00edcio de Presta\u00e7\u00e3o Continuada <\/strong>(<a href=\"https:\/\/www.em.com.br\/emfoco\/2025\/08\/23\/bpc-de-2025-tem-reajuste-e-novas-regras-veja-quem-tem-direito\/\" target=\"_blank\" rel=\"noreferrer noopener\">BPC<\/a>): apoio financeiro para quem mais precisa.<\/li>\n\n\n\n<li><strong>Aposentadoria diferenciada<\/strong> para pessoas com defici\u00eancia.<\/li>\n\n\n\n<li>Diversidade dos <strong>direitos garantidos<\/strong> por lei.<\/li>\n<\/ul>\n\n\n\n<h2 class=\"wp-block-heading\">O que \u00e9 o BPC\/Loas?<\/h2>\n\n\n<div class=\"wp-block-image\">\n<figure class=\"aligncenter size-large\"><img loading=\"lazy\" decoding=\"async\" width=\"1024\" height=\"576\" src=\"https:\/\/www.em.com.br\/emfoco\/wp-content\/uploads\/2025\/08\/Reais-dinheiro_1754978580233-1024x576.jpg\" alt=\"Valor do BPC foi atualizado, veja quando receber!\" class=\"wp-image-90628\" srcset=\"https:\/\/www.em.com.br\/emfoco\/wp-content\/uploads\/2025\/08\/Reais-dinheiro_1754978580233-1024x576.jpg 1024w, https:\/\/www.em.com.br\/emfoco\/wp-content\/uploads\/2025\/08\/Reais-dinheiro_1754978580233-300x169.jpg 300w, https:\/\/www.em.com.br\/emfoco\/wp-content\/uploads\/2025\/08\/Reais-dinheiro_1754978580233-768x432.jpg 768w, https:\/\/www.em.com.br\/emfoco\/wp-content\/uploads\/2025\/08\/Reais-dinheiro_1754978580233-750x422.jpg 750w, https:\/\/www.em.com.br\/emfoco\/wp-content\/uploads\/2025\/08\/Reais-dinheiro_1754978580233-1140x641.jpg 1140w, https:\/\/www.em.com.br\/emfoco\/wp-content\/uploads\/2025\/08\/Reais-dinheiro_1754978580233.jpg 1280w\" sizes=\"auto, (max-width: 1024px) 100vw, 1024px\" \/><figcaption class=\"wp-element-caption\">Homem segurando dinheiro em fundo azul &#8211; Cr\u00e9ditos: depositphotos.com \/ Krakenimages.com<\/figcaption><\/figure><\/div>\n\n\n<p>O <strong>BPC<\/strong> \u00e9 um direito previsto pela <strong>Lei Org\u00e2nica da Assist\u00eancia Social<\/strong> (LOAS) que garante, mensalmente, um sal\u00e1rio m\u00ednimo para idosos a partir de 65 anos ou para pessoas com defici\u00eancia de qualquer idade, desde que sigam as regras exigidas.<\/p>\n\n\n\n<h2 class=\"wp-block-heading\">Quais s\u00e3o as regras principais do BPC?<\/h2>\n\n\n\n<ul class=\"wp-block-list\">\n<li>Renda familiar por pessoa igual ou menor que 1\/4 do sal\u00e1rio m\u00ednimo.<\/li>\n\n\n\n<li>Comprova\u00e7\u00e3o de defici\u00eancia de longo prazo.<\/li>\n\n\n\n<li>Cadastro no <strong>Cad\u00danico <\/strong>atualizado.<\/li>\n<\/ul>\n\n\n\n<p>O <strong>BPC <\/strong>\u00e9 um <strong>benef\u00edcio assistencial<\/strong>; n\u00e3o \u00e9 necess\u00e1rio ter contribu\u00eddo para o <strong>INSS<\/strong>. O pedido pode ser feito online ou pelo telefone, com necessidade de comparecimento presencial apenas se solicitado.<\/p>\n\n\n\n<h2 class=\"wp-block-heading\">A aposentadoria da pessoa com defici\u00eancia \u00e9 igual ao BPC?<\/h2>\n\n\n\n<p>N\u00e3o, a <strong>aposentadoria da pessoa com defici\u00eancia<\/strong> \u00e9 um direito diferenciado para quem contribuiu para o <strong>INSS <\/strong>e atende a regras espec\u00edficas. Diferentemente do <strong>BPC<\/strong>, ela exige contribui\u00e7\u00e3o.<\/p>\n\n\n\n<h2 class=\"wp-block-heading\">Como funciona a aposentadoria por tempo de contribui\u00e7\u00e3o para pessoas com defici\u00eancia?<\/h2>\n\n\n\n<p>Essa <strong>aposentadoria<\/strong> possui crit\u00e9rios espec\u00edficos. O tempo de contribui\u00e7\u00e3o exigido varia conforme o grau da defici\u00eancia, definido por avalia\u00e7\u00e3o m\u00e9dica e social do INSS.<\/p>\n\n\n\n<ul class=\"wp-block-list\">\n<li><strong>Defici\u00eancia grave<\/strong>: 20 anos para mulheres e 25 anos para homens.<\/li>\n\n\n\n<li><strong>Defici\u00eancia moderada<\/strong>: 24 anos para mulheres e 29 anos para homens.<\/li>\n\n\n\n<li><strong>Defici\u00eancia leve<\/strong>: 28 anos para mulheres e 33 anos para homens.<\/li>\n<\/ul>\n\n\n\n<h2 class=\"wp-block-heading\">Voc\u00ea sabia que tamb\u00e9m existe aposentadoria por idade para deficientes?<\/h2>\n\n\n\n<p>A <strong>aposentadoria por idade<\/strong> \u00e9 destinada a quem atinge a idade m\u00ednima e possui o tempo de contribui\u00e7\u00e3o necess\u00e1rio, mesmo possuindo defici\u00eancia.<\/p>\n\n\n\n<ul class=\"wp-block-list\">\n<li>Idade m\u00ednima: 55 anos para mulheres e 60 anos para homens.<\/li>\n\n\n\n<li>Tempo de trabalho com defici\u00eancia de, no m\u00ednimo, 15 anos.<\/li>\n<\/ul>\n\n\n\n<p>Os pedidos de <strong>aposentadoria<\/strong> e <strong>BPC<\/strong> podem ser feitos pelo <strong>Meu INSS<\/strong> na internet ou pelo telefone, presencialmente apenas se solicitado.<\/p>\n\n\n\n<h2 class=\"wp-block-heading\">Pontos importantes a lembrar<\/h2>\n\n\n\n<ul class=\"wp-block-list\">\n<li>O <strong>BPC<\/strong> \u00e9 assistencial e n\u00e3o requer contribui\u00e7\u00e3o ao <strong>INSS<\/strong>.<\/li>\n\n\n\n<li>A <strong>aposentadoria<\/strong> para deficientes tem regras espec\u00edficas, variando conforme o grau de defici\u00eancia.<\/li>\n\n\n\n<li>Acesso aos benef\u00edcios por meio digital facilita a vida de quem precisa.<\/li>\n<\/ul>\n","protected":false},"excerpt":{"rendered":"<p>Durante a Semana Nacional da Pessoa com Defici\u00eancia Intelectual e M\u00faltipla, realizada entre 21 e 28 de agosto, destaca-se a import\u00e2ncia da inclus\u00e3o social. Neste contexto, o Instituto Nacional do Seguro Social (INSS) apresenta os principais benef\u00edcios e direitos para pessoas com defici\u00eancia, especialmente as que possuem defici\u00eancia intelectual e m\u00faltipla. O que \u00e9 o [&hellip;]<\/p>\n","protected":false},"author":20,"featured_media":55204,"comment_status":"open","ping_status":"open","sticky":false,"template":"","format":"standard","meta":{"jnews-multi-image_gallery":[],"jnews_single_post":{"format":"standard"},"jnews_primary_category":[],"jnews_social_meta":[],"jnews_override_counter":[],"footnotes":""},"categories":[28,1],"tags":[14950,257,174],"class_list":["post-96951","post","type-post","status-publish","format-standard","has-post-thumbnail","hentry","category-economia","category-noticias","tag-aposentadorias-especiais","tag-bpc","tag-inss"],"yoast_head":"<!-- This site is optimized with the Yoast SEO plugin v23.8 - https:\/\/yoast.com\/wordpress\/plugins\/seo\/ -->\n<title>Voc\u00ea sabia? INSS oferece aposentadoria diferenciada para deficientes - Estado de Minas - Em foco<\/title>\n<meta name=\"description\" content=\"Pessoas com defici\u00eancia t\u00eam direito ao BPC e aposentadoria diferenciada pelo INSS. Veja regras e como solicitar os benef\u00edcios.\" \/>\n<meta name=\"robots\" content=\"index, follow, max-snippet:-1, max-image-preview:large, max-video-preview:-1\" \/>\n<link rel=\"canonical\" href=\"https:\/\/www.em.com.br\/emfoco\/2025\/08\/27\/voce-sabia-inss-oferece-aposentadoria-diferenciada-para-deficientes\/\" \/>\n<meta property=\"og:locale\" content=\"pt_BR\" \/>\n<meta property=\"og:type\" content=\"article\" \/>\n<meta property=\"og:title\" content=\"Voc\u00ea sabia? INSS oferece aposentadoria diferenciada para deficientes - Estado de Minas - Em foco\" \/>\n<meta property=\"og:description\" content=\"Pessoas com defici\u00eancia t\u00eam direito ao BPC e aposentadoria diferenciada pelo INSS. Veja regras e como solicitar os benef\u00edcios.\" \/>\n<meta property=\"og:url\" content=\"https:\/\/www.em.com.br\/emfoco\/2025\/08\/27\/voce-sabia-inss-oferece-aposentadoria-diferenciada-para-deficientes\/\" \/>\n<meta property=\"og:site_name\" content=\"Estado de Minas - Em foco\" \/>\n<meta property=\"article:published_time\" content=\"2025-08-27T22:38:00+00:00\" \/>\n<meta property=\"article:modified_time\" content=\"2025-08-27T02:21:16+00:00\" \/>\n<meta property=\"og:image\" content=\"https:\/\/www.em.com.br\/emfoco\/wp-content\/uploads\/2025\/06\/inss_1748997192246.jpg\" \/>\n\t<meta property=\"og:image:width\" content=\"1280\" \/>\n\t<meta property=\"og:image:height\" content=\"720\" \/>\n\t<meta property=\"og:image:type\" content=\"image\/jpeg\" \/>\n<meta name=\"author\" content=\"Ingrid Diniz\" \/>\n<meta name=\"twitter:card\" content=\"summary_large_image\" \/>\n<meta name=\"twitter:label1\" content=\"Escrito por\" \/>\n\t<meta name=\"twitter:data1\" content=\"Ingrid Diniz\" \/>\n\t<meta name=\"twitter:label2\" content=\"Est. tempo de leitura\" \/>\n\t<meta name=\"twitter:data2\" content=\"3 minutos\" \/>\n<!-- \/ Yoast SEO plugin. -->","yoast_head_json":{"title":"Voc\u00ea sabia? INSS oferece aposentadoria diferenciada para deficientes - Estado de Minas - Em foco","description":"Pessoas com defici\u00eancia t\u00eam direito ao BPC e aposentadoria diferenciada pelo INSS. Veja regras e como solicitar os benef\u00edcios.","robots":{"index":"index","follow":"follow","max-snippet":"max-snippet:-1","max-image-preview":"max-image-preview:large","max-video-preview":"max-video-preview:-1"},"canonical":"https:\/\/www.em.com.br\/emfoco\/2025\/08\/27\/voce-sabia-inss-oferece-aposentadoria-diferenciada-para-deficientes\/","og_locale":"pt_BR","og_type":"article","og_title":"Voc\u00ea sabia? INSS oferece aposentadoria diferenciada para deficientes - Estado de Minas - Em foco","og_description":"Pessoas com defici\u00eancia t\u00eam direito ao BPC e aposentadoria diferenciada pelo INSS. Veja regras e como solicitar os benef\u00edcios.","og_url":"https:\/\/www.em.com.br\/emfoco\/2025\/08\/27\/voce-sabia-inss-oferece-aposentadoria-diferenciada-para-deficientes\/","og_site_name":"Estado de Minas - Em foco","article_published_time":"2025-08-27T22:38:00+00:00","article_modified_time":"2025-08-27T02:21:16+00:00","og_image":[{"width":1280,"height":720,"url":"https:\/\/www.em.com.br\/emfoco\/wp-content\/uploads\/2025\/06\/inss_1748997192246.jpg","type":"image\/jpeg"}],"author":"Ingrid Diniz","twitter_card":"summary_large_image","twitter_misc":{"Escrito por":"Ingrid Diniz","Est. tempo de leitura":"3 minutos"},"schema":{"@context":"https:\/\/schema.org","@graph":[{"@type":"WebPage","@id":"https:\/\/www.em.com.br\/emfoco\/2025\/08\/27\/voce-sabia-inss-oferece-aposentadoria-diferenciada-para-deficientes\/","url":"https:\/\/www.em.com.br\/emfoco\/2025\/08\/27\/voce-sabia-inss-oferece-aposentadoria-diferenciada-para-deficientes\/","name":"Voc\u00ea sabia? INSS oferece aposentadoria diferenciada para deficientes - Estado de Minas - Em foco","isPartOf":{"@id":"https:\/\/www.em.com.br\/emfoco\/#website"},"primaryImageOfPage":{"@id":"https:\/\/www.em.com.br\/emfoco\/2025\/08\/27\/voce-sabia-inss-oferece-aposentadoria-diferenciada-para-deficientes\/#primaryimage"},"image":{"@id":"https:\/\/www.em.com.br\/emfoco\/2025\/08\/27\/voce-sabia-inss-oferece-aposentadoria-diferenciada-para-deficientes\/#primaryimage"},"thumbnailUrl":"https:\/\/www.em.com.br\/emfoco\/wp-content\/uploads\/2025\/06\/inss_1748997192246.jpg","datePublished":"2025-08-27T22:38:00+00:00","dateModified":"2025-08-27T02:21:16+00:00","author":{"@id":"https:\/\/www.em.com.br\/emfoco\/#\/schema\/person\/649e610b4eb8fff87ff394e54fe17b2b"},"description":"Pessoas com defici\u00eancia t\u00eam direito ao BPC e aposentadoria diferenciada pelo INSS. Veja regras e como solicitar os benef\u00edcios.","breadcrumb":{"@id":"https:\/\/www.em.com.br\/emfoco\/2025\/08\/27\/voce-sabia-inss-oferece-aposentadoria-diferenciada-para-deficientes\/#breadcrumb"},"inLanguage":"pt-BR","potentialAction":[{"@type":"ReadAction","target":["https:\/\/www.em.com.br\/emfoco\/2025\/08\/27\/voce-sabia-inss-oferece-aposentadoria-diferenciada-para-deficientes\/"]}]},{"@type":"ImageObject","inLanguage":"pt-BR","@id":"https:\/\/www.em.com.br\/emfoco\/2025\/08\/27\/voce-sabia-inss-oferece-aposentadoria-diferenciada-para-deficientes\/#primaryimage","url":"https:\/\/www.em.com.br\/emfoco\/wp-content\/uploads\/2025\/06\/inss_1748997192246.jpg","contentUrl":"https:\/\/www.em.com.br\/emfoco\/wp-content\/uploads\/2025\/06\/inss_1748997192246.jpg","width":1280,"height":720,"caption":"Nova regra do Atestmed permite afastamento sem per\u00edcia - Cr\u00e9ditos: depositphotos.com \/ rmcarvalhobsb"},{"@type":"BreadcrumbList","@id":"https:\/\/www.em.com.br\/emfoco\/2025\/08\/27\/voce-sabia-inss-oferece-aposentadoria-diferenciada-para-deficientes\/#breadcrumb","itemListElement":[{"@type":"ListItem","position":1,"name":"In\u00edcio","item":"https:\/\/www.em.com.br\/emfoco\/"},{"@type":"ListItem","position":2,"name":"Voc\u00ea sabia? INSS oferece aposentadoria diferenciada para deficientes"}]},{"@type":"WebSite","@id":"https:\/\/www.em.com.br\/emfoco\/#website","url":"https:\/\/www.em.com.br\/emfoco\/","name":"Estado de Minas - Em foco","description":"Acompanhe as \u00faltimas not\u00edcias e fique bem informado sobre tudo o que acontece em Minas Gerais, Brasil e no mundo.","potentialAction":[{"@type":"SearchAction","target":{"@type":"EntryPoint","urlTemplate":"https:\/\/www.em.com.br\/emfoco\/?s={search_term_string}"},"query-input":{"@type":"PropertyValueSpecification","valueRequired":true,"valueName":"search_term_string"}}],"inLanguage":"pt-BR"},{"@type":"Person","@id":"https:\/\/www.em.com.br\/emfoco\/#\/schema\/person\/649e610b4eb8fff87ff394e54fe17b2b","name":"Ingrid Diniz","image":{"@type":"ImageObject","inLanguage":"pt-BR","@id":"https:\/\/www.em.com.br\/emfoco\/#\/schema\/person\/image\/","url":"https:\/\/secure.gravatar.com\/avatar\/a3baa1449ec5c39b4c42babc9d4f3951?s=96&d=mm&r=g","contentUrl":"https:\/\/secure.gravatar.com\/avatar\/a3baa1449ec5c39b4c42babc9d4f3951?s=96&d=mm&r=g","caption":"Ingrid Diniz"},"sameAs":["https:\/\/www.em.com.br\/"],"url":"https:\/\/www.em.com.br\/emfoco\/author\/ingridmyth\/"}]}},"_links":{"self":[{"href":"https:\/\/www.em.com.br\/emfoco\/wp-json\/wp\/v2\/posts\/96951","targetHints":{"allow":["GET"]}}],"collection":[{"href":"https:\/\/www.em.com.br\/emfoco\/wp-json\/wp\/v2\/posts"}],"about":[{"href":"https:\/\/www.em.com.br\/emfoco\/wp-json\/wp\/v2\/types\/post"}],"author":[{"embeddable":true,"href":"https:\/\/www.em.com.br\/emfoco\/wp-json\/wp\/v2\/users\/20"}],"replies":[{"embeddable":true,"href":"https:\/\/www.em.com.br\/emfoco\/wp-json\/wp\/v2\/comments?post=96951"}],"version-history":[{"count":1,"href":"https:\/\/www.em.com.br\/emfoco\/wp-json\/wp\/v2\/posts\/96951\/revisions"}],"predecessor-version":[{"id":96961,"href":"https:\/\/www.em.com.br\/emfoco\/wp-json\/wp\/v2\/posts\/96951\/revisions\/96961"}],"wp:featuredmedia":[{"embeddable":true,"href":"https:\/\/www.em.com.br\/emfoco\/wp-json\/wp\/v2\/media\/55204"}],"wp:attachment":[{"href":"https:\/\/www.em.com.br\/emfoco\/wp-json\/wp\/v2\/media?parent=96951"}],"wp:term":[{"taxonomy":"category","embeddable":true,"href":"https:\/\/www.em.com.br\/emfoco\/wp-json\/wp\/v2\/categories?post=96951"},{"taxonomy":"post_tag","embeddable":true,"href":"https:\/\/www.em.com.br\/emfoco\/wp-json\/wp\/v2\/tags?post=96951"}],"curies":[{"name":"wp","href":"https:\/\/api.w.org\/{rel}","templated":true}]}}