{"id":96933,"date":"2025-08-27T06:18:00","date_gmt":"2025-08-27T09:18:00","guid":{"rendered":"https:\/\/www.em.com.br\/emfoco\/?p=96933"},"modified":"2025-08-26T21:41:32","modified_gmt":"2025-08-27T00:41:32","slug":"r-67154-em-media-entenda-os-beneficios-do-bolsa-familia-neste-mes","status":"publish","type":"post","link":"https:\/\/www.em.com.br\/emfoco\/2025\/08\/27\/r-67154-em-media-entenda-os-beneficios-do-bolsa-familia-neste-mes\/","title":{"rendered":"Caixa paga Bolsa Fam\u00edlia a benefici\u00e1rios com NIS de final 7"},"content":{"rendered":"\n<p>O programa <strong><a href=\"https:\/\/www.em.com.br\/emfoco\/2025\/08\/26\/voce-tem-direito-conheca-os-valores-adicionais-do-bolsa-familia\/\" target=\"_blank\" rel=\"noreferrer noopener\">Bolsa Fam\u00edlia<\/a><\/strong> \u00e9 reconhecido como um dos principais instrumentos de transfer\u00eancia de renda no <strong>Brasil<\/strong>, beneficiando milh\u00f5es de fam\u00edlias em situa\u00e7\u00e3o de vulnerabilidade social. Em agosto, os pagamentos seguem o calend\u00e1rio do <strong>NIS <\/strong>(N\u00famero de Inscri\u00e7\u00e3o Social), com valores m\u00ednimos de R$ 600 e m\u00e9dias de R$ 671,54, conforme divulgado pelo <strong>Minist\u00e9rio do Desenvolvimento e Assist\u00eancia Social<\/strong>. A iniciativa \u00e9 essencial para a redu\u00e7\u00e3o das desigualdades e o fortalecimento da rede de prote\u00e7\u00e3o social brasileira.<\/p>\n\n\n\n<p>O benef\u00edcio possui adicionais como o <strong>Benef\u00edcio Vari\u00e1vel Familiar Nutriz<\/strong>, que oferece R$ 50 extras para m\u00e3es de beb\u00eas de at\u00e9 6 meses, permitindo uma alimenta\u00e7\u00e3o b\u00e1sica adequada. Outros acr\u00e9scimos contemplam m\u00e3es gestantes, lactantes e filhos de diferentes faixas et\u00e1rias, garantindo maior cobertura para situa\u00e7\u00f5es espec\u00edficas de vulnerabilidade. O detalhamento dos benefici\u00e1rios busca assegurar que fam\u00edlias em diferentes est\u00e1gios do ciclo de vida sejam atendidas da melhor forma poss\u00edvel.<\/p>\n\n\n\n<p>O calend\u00e1rio de pagamentos do <strong>Bolsa Fam\u00edlia<\/strong> \u00e9 estrat\u00e9gico, distribu\u00eddo nos \u00faltimos dez dias \u00fateis do m\u00eas, e pode ser consultado pelo aplicativo <strong>Caixa Tem<\/strong>. Em situa\u00e7\u00f5es emergenciais, como desastres naturais ou condi\u00e7\u00f5es que afetem comunidades ind\u00edgenas, os repasses podem ser antecipados, como ocorreu em agosto em 521 munic\u00edpios. Essa flexibilidade permite que o programa se adapte rapidamente a imprevistos, prestando aux\u00edlio \u00e0s fam\u00edlias quando elas mais precisam.<\/p>\n\n\n\n<h2 class=\"wp-block-heading\">Quem recebe o Bolsa Fam\u00edlia em agosto de 2024?<\/h2>\n\n\n<div class=\"wp-block-image\">\n<figure class=\"aligncenter size-large\"><img loading=\"lazy\" decoding=\"async\" width=\"1024\" height=\"576\" src=\"https:\/\/www.em.com.br\/emfoco\/wp-content\/uploads\/2025\/06\/bolsa-familia_1748976702558-1024x576.jpg\" alt=\"Confira quem recebe o Bolsa Fam\u00edlia primeiro em setembro\" class=\"wp-image-54997\" srcset=\"https:\/\/www.em.com.br\/emfoco\/wp-content\/uploads\/2025\/06\/bolsa-familia_1748976702558-1024x576.jpg 1024w, https:\/\/www.em.com.br\/emfoco\/wp-content\/uploads\/2025\/06\/bolsa-familia_1748976702558-300x169.jpg 300w, https:\/\/www.em.com.br\/emfoco\/wp-content\/uploads\/2025\/06\/bolsa-familia_1748976702558-768x432.jpg 768w, https:\/\/www.em.com.br\/emfoco\/wp-content\/uploads\/2025\/06\/bolsa-familia_1748976702558-750x422.jpg 750w, https:\/\/www.em.com.br\/emfoco\/wp-content\/uploads\/2025\/06\/bolsa-familia_1748976702558-1140x641.jpg 1140w, https:\/\/www.em.com.br\/emfoco\/wp-content\/uploads\/2025\/06\/bolsa-familia_1748976702558.jpg 1280w\" sizes=\"auto, (max-width: 1024px) 100vw, 1024px\" \/><figcaption class=\"wp-element-caption\">Fam\u00edlia de papel e moedas &#8211; Cr\u00e9ditos: depositphotos.com \/ Photografeus<\/figcaption><\/figure><\/div>\n\n\n<p>Mais de 19 milh\u00f5es de fam\u00edlias ser\u00e3o beneficiadas em agosto de 2024, considerando crit\u00e9rios como renda per capita e inscri\u00e7\u00e3o no <strong>Cadastro \u00danico<\/strong>. O valor repassado depende da composi\u00e7\u00e3o familiar, principalmente da quantidade de crian\u00e7as, adolescentes, gestantes e nutrizes. Esse c\u00e1lculo detalhado permite maior precis\u00e3o na destina\u00e7\u00e3o dos recursos e torna o programa mais eficiente no combate \u00e0 pobreza.<\/p>\n\n\n\n<p>O processo de inclus\u00e3o no programa \u00e9 realizado de forma cont\u00ednua, permitindo que fam\u00edlias que se enquadram nos requisitos possam ser contempladas a qualquer momento. O foco s\u00e3o pessoas em situa\u00e7\u00e3o de pobreza ou extrema pobreza, com prioridade para fam\u00edlias chefiadas por mulheres e em situa\u00e7\u00e3o de risco. A avalia\u00e7\u00e3o socioecon\u00f4mica \u00e9 peri\u00f3dica, mantendo o cadastro sempre atualizado e garantindo justi\u00e7a no acesso ao benef\u00edcio.<\/p>\n\n\n\n<p>Importante destacar que, para receber o <strong><a href=\"https:\/\/www.gov.br\/mds\/pt-br\/acoes-e-programas\/bolsa-familia\" target=\"_blank\" rel=\"noreferrer noopener\">Bolsa Fam\u00edlia<\/a><\/strong>, \u00e9 necess\u00e1rio manter o cadastro atualizado, respeitar as condicionalidades de sa\u00fade e educa\u00e7\u00e3o e apresentar documentos comprobat\u00f3rios. O acompanhamento \u00e9 feito pelas prefeituras, garantindo maior transpar\u00eancia e efetividade na distribui\u00e7\u00e3o do benef\u00edcio.<\/p>\n\n\n\n<h2 class=\"wp-block-heading\">Como funciona o calend\u00e1rio de pagamentos?<\/h2>\n\n\n\n<p>O calend\u00e1rio do <strong>Bolsa Fam\u00edlia<\/strong> \u00e9 baseado no \u00faltimo n\u00famero do <strong>NIS <\/strong>de cada benefici\u00e1rio, promovendo uma organiza\u00e7\u00e3o eficiente dos repasses e evitando aglomera\u00e7\u00e3o nas ag\u00eancias banc\u00e1rias. Os pagamentos acontecem nos \u00faltimos dez dias \u00fateis do m\u00eas, trazendo previsibilidade ao or\u00e7amento das fam\u00edlias. Em situa\u00e7\u00f5es excepcionais, como chuvas fortes ou calamidades, o pagamento pode ser antecipado.<\/p>\n\n\n\n<p>No m\u00eas de agosto de 2024, as datas de pagamento seguir\u00e3o a ordem do <strong>NIS<\/strong>, garantindo que todos os benefici\u00e1rios recebam dentro do prazo estabelecido. Fam\u00edlias de munic\u00edpios em situa\u00e7\u00e3o de emerg\u00eancia podem consultar as datas diretamente no aplicativo <strong>Caixa Tem<\/strong> ou nas ag\u00eancias da <strong>Caixa<\/strong>. \u00c9 importante estar atento \u00e0s atualiza\u00e7\u00f5es, que podem ser publicadas pelo <strong>Minist\u00e9rio <\/strong>ou pelas prefeituras locais.<\/p>\n\n\n\n<ul class=\"wp-block-list\">\n<li>19\/08 \u2013 NIS final 1<\/li>\n\n\n\n<li>20\/08 \u2013 NIS final 2<\/li>\n\n\n\n<li>21\/08 \u2013 NIS final 3<\/li>\n\n\n\n<li>22\/08 \u2013 NIS final 4<\/li>\n\n\n\n<li>23\/08 \u2013 NIS final 5<\/li>\n\n\n\n<li>26\/08 \u2013 NIS final 6<\/li>\n\n\n\n<li>27\/08 \u2013 NIS final 7<\/li>\n\n\n\n<li>28\/08 \u2013 NIS final 8<\/li>\n\n\n\n<li>29\/08 \u2013 NIS final 9<\/li>\n\n\n\n<li>30\/08 \u2013 NIS final 0<\/li>\n<\/ul>\n\n\n\n<p>Os repasses s\u00e3o feitos diretamente na conta <strong>Caixa Tem<\/strong>, podendo ser movimentados pelo aplicativo ou sacados em ag\u00eancias e lot\u00e9ricas.<\/p>\n\n\n\n<h2 class=\"wp-block-heading\">Quais adicionais e extras o programa oferece?<\/h2>\n\n\n\n<p>O <strong>Bolsa Fam\u00edlia<\/strong> oferece complementos espec\u00edficos para grupos priorit\u00e1rios, assegurando maior abrang\u00eancia nas pol\u00edticas de assist\u00eancia. Entre eles est\u00e3o benef\u00edcios para gestantes, m\u00e3es lactantes, nutrizes e crian\u00e7as de diferentes faixas et\u00e1rias. Esses adicionais s\u00e3o fundamentais para garantir a sa\u00fade e o desenvolvimento adequado dos benefici\u00e1rios.<\/p>\n\n\n\n<p>Quem tem crian\u00e7as de at\u00e9 6 anos recebe R$ 150 por filho, enquanto gestantes, nutrizes e m\u00e3es lactantes t\u00eam direito a um adicional de R$ 50. Crian\u00e7as e adolescentes entre 7 e 18 anos tamb\u00e9m recebem valores extras, promovendo a perman\u00eancia na escola e o fortalecimento do n\u00facleo familiar. Assim, o programa busca combater a vulnerabilidade em m\u00faltiplas dimens\u00f5es.<\/p>\n\n\n\n<ul class=\"wp-block-list\">\n<li>Benef\u00edcio para crian\u00e7as at\u00e9 6 anos: R$ 150<\/li>\n\n\n\n<li>Gestantes, nutrizes e m\u00e3es lactantes: R$ 50<\/li>\n\n\n\n<li>Filhos de 7 a 18 anos: R$ 50<\/li>\n<\/ul>\n\n\n\n<p>Esses valores s\u00e3o acumulativos e calculados de acordo com a composi\u00e7\u00e3o familiar registrada no cadastro \u00fanico.<\/p>\n\n\n\n<h2 class=\"wp-block-heading\">Como funciona a regra de prote\u00e7\u00e3o do Bolsa Fam\u00edlia?<\/h2>\n\n\n\n<p>A regra de prote\u00e7\u00e3o permite que fam\u00edlias que tiveram aumento de renda recente continuem recebendo parte do benef\u00edcio durante o per\u00edodo de um ano, reduzindo o valor para <strong>50%<\/strong>. Essa medida visa evitar a chamada &#8220;<strong>porta girat\u00f3ria<\/strong>&#8220;, onde pequenas melhorias de renda gerariam a exclus\u00e3o imediata do programa. No m\u00eas corrente, cerca de 2,63 milh\u00f5es de fam\u00edlias se beneficiam desta regra.<\/p>\n\n\n\n<p>A concess\u00e3o dessa prote\u00e7\u00e3o \u00e9 v\u00e1lida para fam\u00edlias que atingem renda de at\u00e9 meio sal\u00e1rio m\u00ednimo por pessoa, como forma de garantir estabilidade durante per\u00edodos de transi\u00e7\u00e3o econ\u00f4mica. Dessa maneira, o apoio do <strong>Bolsa Fam\u00edlia<\/strong> se prolonga at\u00e9 que haja seguran\u00e7a financeira consolidada. A transi\u00e7\u00e3o \u00e9 monitorada pelas autoridades, a partir dos dados do <strong>Cadastro \u00danico<\/strong> e do cruzamento de informa\u00e7\u00f5es oficiais.<\/p>\n\n\n\n<p>Tal a\u00e7\u00e3o evita que fam\u00edlias fiquem desamparadas diante de mudan\u00e7as fr\u00e1geis na renda, garantindo maior seguran\u00e7a e promovendo uma sa\u00edda gradual da situa\u00e7\u00e3o de vulnerabilidade.<\/p>\n\n\n\n<h2 class=\"wp-block-heading\">Como funciona o Aux\u00edlio G\u00e1s?<\/h2>\n\n\n\n<p>O <strong>Aux\u00edlio G\u00e1s<\/strong> \u00e9 um programa complementar ao <strong>Bolsa Fam\u00edlia<\/strong>, destinado a fam\u00edlias inscritas no <strong>Cadastro \u00danico<\/strong>, com prioridade para benefici\u00e1rios do <strong>BPC<\/strong>. Em agosto de 2024, ser\u00e3o atendidas mais de 5,13 milh\u00f5es de fam\u00edlias, com valor fixo de R$ 108, correspondente \u00e0 m\u00e9dia do botij\u00e3o de 13 kg. O objetivo \u00e9 garantir que o acesso ao g\u00e1s de cozinha n\u00e3o comprometa o sustento das fam\u00edlias.<\/p>\n\n\n\n<p>Al\u00e9m das prioridades j\u00e1 mencionadas, como mulheres chefes de fam\u00edlia e v\u00edtimas de viol\u00eancia dom\u00e9stica, o <strong>Aux\u00edlio G\u00e1s<\/strong> proporciona uma rede de prote\u00e7\u00e3o extra em momentos de alta dos insumos. Os pagamentos s\u00e3o realizados de acordo com o mesmo calend\u00e1rio do <strong>Bolsa Fam\u00edlia<\/strong>, utilizando o aplicativo <strong>Caixa Tem<\/strong> para consulta e movimenta\u00e7\u00e3o dos recursos.<\/p>\n\n\n\n<p>Esse benef\u00edcio \u00e9 fundamental para proteger gastos essenciais, possibilitando que as fam\u00edlias possam destinar sua renda para outras necessidades b\u00e1sicas como alimenta\u00e7\u00e3o, sa\u00fade e educa\u00e7\u00e3o.<\/p>\n\n\n\n<h2 class=\"wp-block-heading\">Como manter o cadastro atualizado e acessar os benef\u00edcios?<\/h2>\n\n\n\n<p>Para garantir o acesso regular ao <strong>Bolsa Fam\u00edlia<\/strong> e ao <strong>Aux\u00edlio G\u00e1s<\/strong>, \u00e9 imprescind\u00edvel manter o <strong>Cadastro \u00danico<\/strong> atualizado, informando eventuais mudan\u00e7as de endere\u00e7o, renda ou composi\u00e7\u00e3o familiar. O n\u00e3o cumprimento dessas exig\u00eancias pode resultar na suspens\u00e3o ou cancelamento dos pagamentos. Os benefici\u00e1rios devem procurar o <strong>CRAS <\/strong>mais pr\u00f3ximo para atualiza\u00e7\u00f5es ou esclarecimentos.<\/p>\n\n\n\n<p>O acompanhamento das condicionalidades tamb\u00e9m \u00e9 um passo essencial, incluindo a frequ\u00eancia escolar de crian\u00e7as e adolescentes e o comparecimento a consultas de sa\u00fade para gestantes e crian\u00e7as. Essas exig\u00eancias asseguram que as fam\u00edlias n\u00e3o apenas recebam o benef\u00edcio, mas tamb\u00e9m ampliem seu acesso a direitos b\u00e1sicos. Casos de descumprimento podem ser analisados e, se necess\u00e1rio, punidos com bloqueios tempor\u00e1rios ou definitivos.<\/p>\n\n\n\n<p>As informa\u00e7\u00f5es sobre pagamentos, valores e datas podem ser consultadas facilmente pelo aplicativo <strong>Caixa Tem<\/strong>, al\u00e9m dos canais oficiais do <strong>Governo Federal<\/strong>, garantindo transpar\u00eancia e autonomia \u00e0s fam\u00edlias benefici\u00e1rias.<\/p>\n","protected":false},"excerpt":{"rendered":"<p>O programa Bolsa Fam\u00edlia \u00e9 reconhecido como um dos principais instrumentos de transfer\u00eancia de renda no Brasil, beneficiando milh\u00f5es de fam\u00edlias em situa\u00e7\u00e3o de vulnerabilidade social. Em agosto, os pagamentos seguem o calend\u00e1rio do NIS (N\u00famero de Inscri\u00e7\u00e3o Social), com valores m\u00ednimos de R$ 600 e m\u00e9dias de R$ 671,54, conforme divulgado pelo Minist\u00e9rio do [&hellip;]<\/p>\n","protected":false},"author":20,"featured_media":56500,"comment_status":"open","ping_status":"open","sticky":false,"template":"","format":"standard","meta":{"jnews-multi-image_gallery":[],"jnews_single_post":{"format":"standard"},"jnews_primary_category":[],"jnews_social_meta":[],"jnews_override_counter":[],"footnotes":""},"categories":[28,1],"tags":[256,209,345],"class_list":["post-96933","post","type-post","status-publish","format-standard","has-post-thumbnail","hentry","category-economia","category-noticias","tag-beneficios","tag-bolsa-familia","tag-nis"],"yoast_head":"<!-- This site is optimized with the Yoast SEO plugin v23.8 - https:\/\/yoast.com\/wordpress\/plugins\/seo\/ -->\n<title>Caixa paga Bolsa Fam\u00edlia a benefici\u00e1rios com NIS de final 7 - Estado de Minas - Em foco<\/title>\n<meta name=\"description\" content=\"Entenda como funcionam os benef\u00edcios extras, o calend\u00e1rio por NIS e a regra de prote\u00e7\u00e3o do Bolsa Fam\u00edlia para fam\u00edlias que tiveram aumento de renda.\" \/>\n<meta name=\"robots\" content=\"index, follow, max-snippet:-1, max-image-preview:large, max-video-preview:-1\" \/>\n<link rel=\"canonical\" href=\"https:\/\/www.em.com.br\/emfoco\/2025\/08\/27\/r-67154-em-media-entenda-os-beneficios-do-bolsa-familia-neste-mes\/\" \/>\n<meta property=\"og:locale\" content=\"pt_BR\" \/>\n<meta property=\"og:type\" content=\"article\" \/>\n<meta property=\"og:title\" content=\"Caixa paga Bolsa Fam\u00edlia a benefici\u00e1rios com NIS de final 7 - Estado de Minas - Em foco\" \/>\n<meta property=\"og:description\" content=\"Entenda como funcionam os benef\u00edcios extras, o calend\u00e1rio por NIS e a regra de prote\u00e7\u00e3o do Bolsa Fam\u00edlia para fam\u00edlias que tiveram aumento de renda.\" \/>\n<meta property=\"og:url\" content=\"https:\/\/www.em.com.br\/emfoco\/2025\/08\/27\/r-67154-em-media-entenda-os-beneficios-do-bolsa-familia-neste-mes\/\" \/>\n<meta property=\"og:site_name\" content=\"Estado de Minas - Em foco\" \/>\n<meta property=\"article:published_time\" content=\"2025-08-27T09:18:00+00:00\" \/>\n<meta property=\"article:modified_time\" content=\"2025-08-27T00:41:32+00:00\" \/>\n<meta property=\"og:image\" content=\"https:\/\/www.em.com.br\/emfoco\/wp-content\/uploads\/2025\/06\/bolsa-familia-brasil_1749152247546.jpg\" \/>\n\t<meta property=\"og:image:width\" content=\"1280\" \/>\n\t<meta property=\"og:image:height\" content=\"720\" \/>\n\t<meta property=\"og:image:type\" content=\"image\/jpeg\" \/>\n<meta name=\"author\" content=\"Ingrid Diniz\" \/>\n<meta name=\"twitter:card\" content=\"summary_large_image\" \/>\n<meta name=\"twitter:label1\" content=\"Escrito por\" \/>\n\t<meta name=\"twitter:data1\" content=\"Ingrid Diniz\" \/>\n\t<meta name=\"twitter:label2\" content=\"Est. tempo de leitura\" \/>\n\t<meta name=\"twitter:data2\" content=\"7 minutos\" \/>\n<!-- \/ Yoast SEO plugin. -->","yoast_head_json":{"title":"Caixa paga Bolsa Fam\u00edlia a benefici\u00e1rios com NIS de final 7 - Estado de Minas - Em foco","description":"Entenda como funcionam os benef\u00edcios extras, o calend\u00e1rio por NIS e a regra de prote\u00e7\u00e3o do Bolsa Fam\u00edlia para fam\u00edlias que tiveram aumento de renda.","robots":{"index":"index","follow":"follow","max-snippet":"max-snippet:-1","max-image-preview":"max-image-preview:large","max-video-preview":"max-video-preview:-1"},"canonical":"https:\/\/www.em.com.br\/emfoco\/2025\/08\/27\/r-67154-em-media-entenda-os-beneficios-do-bolsa-familia-neste-mes\/","og_locale":"pt_BR","og_type":"article","og_title":"Caixa paga Bolsa Fam\u00edlia a benefici\u00e1rios com NIS de final 7 - Estado de Minas - Em foco","og_description":"Entenda como funcionam os benef\u00edcios extras, o calend\u00e1rio por NIS e a regra de prote\u00e7\u00e3o do Bolsa Fam\u00edlia para fam\u00edlias que tiveram aumento de renda.","og_url":"https:\/\/www.em.com.br\/emfoco\/2025\/08\/27\/r-67154-em-media-entenda-os-beneficios-do-bolsa-familia-neste-mes\/","og_site_name":"Estado de Minas - Em foco","article_published_time":"2025-08-27T09:18:00+00:00","article_modified_time":"2025-08-27T00:41:32+00:00","og_image":[{"width":1280,"height":720,"url":"https:\/\/www.em.com.br\/emfoco\/wp-content\/uploads\/2025\/06\/bolsa-familia-brasil_1749152247546.jpg","type":"image\/jpeg"}],"author":"Ingrid Diniz","twitter_card":"summary_large_image","twitter_misc":{"Escrito por":"Ingrid Diniz","Est. tempo de leitura":"7 minutos"},"schema":{"@context":"https:\/\/schema.org","@graph":[{"@type":"WebPage","@id":"https:\/\/www.em.com.br\/emfoco\/2025\/08\/27\/r-67154-em-media-entenda-os-beneficios-do-bolsa-familia-neste-mes\/","url":"https:\/\/www.em.com.br\/emfoco\/2025\/08\/27\/r-67154-em-media-entenda-os-beneficios-do-bolsa-familia-neste-mes\/","name":"Caixa paga Bolsa Fam\u00edlia a benefici\u00e1rios com NIS de final 7 - Estado de Minas - Em foco","isPartOf":{"@id":"https:\/\/www.em.com.br\/emfoco\/#website"},"primaryImageOfPage":{"@id":"https:\/\/www.em.com.br\/emfoco\/2025\/08\/27\/r-67154-em-media-entenda-os-beneficios-do-bolsa-familia-neste-mes\/#primaryimage"},"image":{"@id":"https:\/\/www.em.com.br\/emfoco\/2025\/08\/27\/r-67154-em-media-entenda-os-beneficios-do-bolsa-familia-neste-mes\/#primaryimage"},"thumbnailUrl":"https:\/\/www.em.com.br\/emfoco\/wp-content\/uploads\/2025\/06\/bolsa-familia-brasil_1749152247546.jpg","datePublished":"2025-08-27T09:18:00+00:00","dateModified":"2025-08-27T00:41:32+00:00","author":{"@id":"https:\/\/www.em.com.br\/emfoco\/#\/schema\/person\/649e610b4eb8fff87ff394e54fe17b2b"},"description":"Entenda como funcionam os benef\u00edcios extras, o calend\u00e1rio por NIS e a regra de prote\u00e7\u00e3o do Bolsa Fam\u00edlia para fam\u00edlias que tiveram aumento de renda.","breadcrumb":{"@id":"https:\/\/www.em.com.br\/emfoco\/2025\/08\/27\/r-67154-em-media-entenda-os-beneficios-do-bolsa-familia-neste-mes\/#breadcrumb"},"inLanguage":"pt-BR","potentialAction":[{"@type":"ReadAction","target":["https:\/\/www.em.com.br\/emfoco\/2025\/08\/27\/r-67154-em-media-entenda-os-beneficios-do-bolsa-familia-neste-mes\/"]}]},{"@type":"ImageObject","inLanguage":"pt-BR","@id":"https:\/\/www.em.com.br\/emfoco\/2025\/08\/27\/r-67154-em-media-entenda-os-beneficios-do-bolsa-familia-neste-mes\/#primaryimage","url":"https:\/\/www.em.com.br\/emfoco\/wp-content\/uploads\/2025\/06\/bolsa-familia-brasil_1749152247546.jpg","contentUrl":"https:\/\/www.em.com.br\/emfoco\/wp-content\/uploads\/2025\/06\/bolsa-familia-brasil_1749152247546.jpg","width":1280,"height":720,"caption":"Erro no Cad\u00danico que bloqueia o Bolsa Fam\u00edlia - Cr\u00e9ditos: depositphotos.com \/ joasouza"},{"@type":"BreadcrumbList","@id":"https:\/\/www.em.com.br\/emfoco\/2025\/08\/27\/r-67154-em-media-entenda-os-beneficios-do-bolsa-familia-neste-mes\/#breadcrumb","itemListElement":[{"@type":"ListItem","position":1,"name":"In\u00edcio","item":"https:\/\/www.em.com.br\/emfoco\/"},{"@type":"ListItem","position":2,"name":"Caixa paga Bolsa Fam\u00edlia a benefici\u00e1rios com NIS de final 7"}]},{"@type":"WebSite","@id":"https:\/\/www.em.com.br\/emfoco\/#website","url":"https:\/\/www.em.com.br\/emfoco\/","name":"Estado de Minas - Em foco","description":"Acompanhe as \u00faltimas not\u00edcias e fique bem informado sobre tudo o que acontece em Minas Gerais, Brasil e no mundo.","potentialAction":[{"@type":"SearchAction","target":{"@type":"EntryPoint","urlTemplate":"https:\/\/www.em.com.br\/emfoco\/?s={search_term_string}"},"query-input":{"@type":"PropertyValueSpecification","valueRequired":true,"valueName":"search_term_string"}}],"inLanguage":"pt-BR"},{"@type":"Person","@id":"https:\/\/www.em.com.br\/emfoco\/#\/schema\/person\/649e610b4eb8fff87ff394e54fe17b2b","name":"Ingrid Diniz","image":{"@type":"ImageObject","inLanguage":"pt-BR","@id":"https:\/\/www.em.com.br\/emfoco\/#\/schema\/person\/image\/","url":"https:\/\/secure.gravatar.com\/avatar\/a3baa1449ec5c39b4c42babc9d4f3951?s=96&d=mm&r=g","contentUrl":"https:\/\/secure.gravatar.com\/avatar\/a3baa1449ec5c39b4c42babc9d4f3951?s=96&d=mm&r=g","caption":"Ingrid Diniz"},"sameAs":["https:\/\/www.em.com.br\/"],"url":"https:\/\/www.em.com.br\/emfoco\/author\/ingridmyth\/"}]}},"_links":{"self":[{"href":"https:\/\/www.em.com.br\/emfoco\/wp-json\/wp\/v2\/posts\/96933","targetHints":{"allow":["GET"]}}],"collection":[{"href":"https:\/\/www.em.com.br\/emfoco\/wp-json\/wp\/v2\/posts"}],"about":[{"href":"https:\/\/www.em.com.br\/emfoco\/wp-json\/wp\/v2\/types\/post"}],"author":[{"embeddable":true,"href":"https:\/\/www.em.com.br\/emfoco\/wp-json\/wp\/v2\/users\/20"}],"replies":[{"embeddable":true,"href":"https:\/\/www.em.com.br\/emfoco\/wp-json\/wp\/v2\/comments?post=96933"}],"version-history":[{"count":2,"href":"https:\/\/www.em.com.br\/emfoco\/wp-json\/wp\/v2\/posts\/96933\/revisions"}],"predecessor-version":[{"id":96944,"href":"https:\/\/www.em.com.br\/emfoco\/wp-json\/wp\/v2\/posts\/96933\/revisions\/96944"}],"wp:featuredmedia":[{"embeddable":true,"href":"https:\/\/www.em.com.br\/emfoco\/wp-json\/wp\/v2\/media\/56500"}],"wp:attachment":[{"href":"https:\/\/www.em.com.br\/emfoco\/wp-json\/wp\/v2\/media?parent=96933"}],"wp:term":[{"taxonomy":"category","embeddable":true,"href":"https:\/\/www.em.com.br\/emfoco\/wp-json\/wp\/v2\/categories?post=96933"},{"taxonomy":"post_tag","embeddable":true,"href":"https:\/\/www.em.com.br\/emfoco\/wp-json\/wp\/v2\/tags?post=96933"}],"curies":[{"name":"wp","href":"https:\/\/api.w.org\/{rel}","templated":true}]}}