{"id":96919,"date":"2025-08-29T14:28:00","date_gmt":"2025-08-29T17:28:00","guid":{"rendered":"https:\/\/www.em.com.br\/emfoco\/?p=96919"},"modified":"2025-08-26T17:57:05","modified_gmt":"2025-08-26T20:57:05","slug":"o-que-significa-quando-alguem-esta-sempre-atrasado-segundo-a-psicologia","status":"publish","type":"post","link":"https:\/\/www.em.com.br\/emfoco\/2025\/08\/29\/o-que-significa-quando-alguem-esta-sempre-atrasado-segundo-a-psicologia\/","title":{"rendered":"O que significa quando algu\u00e9m est\u00e1 sempre atrasado, segundo a psicologia"},"content":{"rendered":"\n<p>O h\u00e1bito de se atrasar pode parecer apenas descuido, mas para a <strong>psicologia<\/strong>, esse comportamento pode revelar muito sobre a personalidade e a forma como algu\u00e9m lida com a vida. Entender esses padr\u00f5es ajuda a enxergar al\u00e9m do simples h\u00e1bito de perder a hora.<\/p>\n\n\n\n<p>Entre as interpreta\u00e7\u00f5es mais comuns, destacam-se:<\/p>\n\n\n\n<ul class=\"wp-block-list\">\n<li><strong>Procrastina\u00e7\u00e3o<\/strong> e dificuldade em organizar prioridades.<\/li>\n\n\n\n<li><strong>Personalidade otimista<\/strong> que acredita ter mais tempo dispon\u00edvel do que realmente tem.<\/li>\n\n\n\n<li><strong>Quest\u00f5es emocionais<\/strong> ligadas \u00e0 ansiedade ou necessidade de controle.<\/li>\n<\/ul>\n\n\n\n<h2 class=\"wp-block-heading\">Por que algumas pessoas nunca conseguem ser pontuais?<\/h2>\n\n\n\n<p>Quando algu\u00e9m est\u00e1 <strong>sempre atrasado<\/strong>, isso pode refletir uma percep\u00e7\u00e3o distorcida do tempo. Muitos acreditam que conseguir\u00e3o realizar v\u00e1rias tarefas em um curto per\u00edodo, o que gera atrasos constantes.<\/p>\n\n\n\n<p>Outro fator comum \u00e9 a <strong>subestima\u00e7\u00e3o de compromissos<\/strong>. A pessoa pode n\u00e3o considerar determinada atividade t\u00e3o importante, resultando em menos esfor\u00e7o para chegar no hor\u00e1rio.<\/p>\n\n\n\n<figure class=\"wp-block-image size-large\"><img loading=\"lazy\" decoding=\"async\" width=\"1024\" height=\"576\" src=\"https:\/\/www.em.com.br\/emfoco\/wp-content\/uploads\/2025\/08\/Pessoa-atrasada_1756241565723-1024x576.jpg\" alt=\"O que significa quando algu\u00e9m est\u00e1 sempre atrasado segundo a psicologia\" class=\"wp-image-96928\" srcset=\"https:\/\/www.em.com.br\/emfoco\/wp-content\/uploads\/2025\/08\/Pessoa-atrasada_1756241565723-1024x576.jpg 1024w, https:\/\/www.em.com.br\/emfoco\/wp-content\/uploads\/2025\/08\/Pessoa-atrasada_1756241565723-300x169.jpg 300w, https:\/\/www.em.com.br\/emfoco\/wp-content\/uploads\/2025\/08\/Pessoa-atrasada_1756241565723-768x432.jpg 768w, https:\/\/www.em.com.br\/emfoco\/wp-content\/uploads\/2025\/08\/Pessoa-atrasada_1756241565723-750x422.jpg 750w, https:\/\/www.em.com.br\/emfoco\/wp-content\/uploads\/2025\/08\/Pessoa-atrasada_1756241565723-1140x641.jpg 1140w, https:\/\/www.em.com.br\/emfoco\/wp-content\/uploads\/2025\/08\/Pessoa-atrasada_1756241565723.jpg 1280w\" sizes=\"auto, (max-width: 1024px) 100vw, 1024px\" \/><figcaption class=\"wp-element-caption\">Pessoa atrasada no aeroporto &#8211; Cr\u00e9ditos: depositphotos.com \/ david-pull.hotmail.com<\/figcaption><\/figure>\n\n\n\n<h2 class=\"wp-block-heading\">Quais fatores psicol\u00f3gicos explicam esse comportamento?<\/h2>\n\n\n\n<p>A <strong>psicologia<\/strong> associa o h\u00e1bito de se atrasar a tra\u00e7os de personalidade espec\u00edficos, como <strong><a href=\"https:\/\/www.em.com.br\/emfoco\/2025\/06\/03\/comer-rapido-pode-ter-ligacao-com-ansiedade-e-impulsividade\/\" target=\"_blank\" rel=\"noreferrer noopener\">impulsividade <\/a><\/strong>e dificuldade de manter rotinas. Esse padr\u00e3o pode estar ligado \u00e0 forma como o c\u00e9rebro processa prioridades.<\/p>\n\n\n\n<p>Al\u00e9m disso, h\u00e1 pessoas que inconscientemente usam o atraso como uma forma de <strong>manter controle<\/strong> da situa\u00e7\u00e3o, for\u00e7ando os outros a esperarem.<\/p>\n\n\n\n<ul class=\"wp-block-list\">\n<li>Procrastina\u00e7\u00e3o cr\u00f4nica que afeta a rotina.<\/li>\n\n\n\n<li>Ansiedade e pensamentos excessivos.<\/li>\n\n\n\n<li>Necessidade de se sentir no comando.<\/li>\n\n\n\n<li>Busca inconsciente por aten\u00e7\u00e3o.<\/li>\n<\/ul>\n\n\n\n<h2 class=\"wp-block-heading\">O atraso pode revelar algo positivo sobre a personalidade?<\/h2>\n\n\n\n<p>Curiosamente, estar <strong>sempre atrasado<\/strong> nem sempre est\u00e1 ligado a algo negativo. Algumas pesquisas apontam que pessoas assim podem ser mais criativas e otimistas.<\/p>\n\n\n\n<p>O excesso de confian\u00e7a no tempo tamb\u00e9m pode indicar uma <strong>vis\u00e3o de vida mais relaxada<\/strong>, caracter\u00edstica comum em pessoas que n\u00e3o vivem sob press\u00e3o constante.<\/p>\n\n\n\n<ul class=\"wp-block-list\">\n<li>Otimismo diante dos desafios do dia a dia.<\/li>\n\n\n\n<li>Capacidade de lidar com imprevistos sem estresse.<\/li>\n\n\n\n<li>Personalidade mais aberta e criativa.<\/li>\n<\/ul>\n\n\n\n<figure class=\"wp-block-image size-large\"><img loading=\"lazy\" decoding=\"async\" width=\"1024\" height=\"576\" src=\"https:\/\/www.em.com.br\/emfoco\/wp-content\/uploads\/2025\/06\/relogio_1750255074214-1024x576.jpg\" alt=\"A ilha onde os rel\u00f3gios foram abolidos e ningu\u00e9m vive com pressa\" class=\"wp-image-62975\" srcset=\"https:\/\/www.em.com.br\/emfoco\/wp-content\/uploads\/2025\/06\/relogio_1750255074214-1024x576.jpg 1024w, https:\/\/www.em.com.br\/emfoco\/wp-content\/uploads\/2025\/06\/relogio_1750255074214-300x169.jpg 300w, https:\/\/www.em.com.br\/emfoco\/wp-content\/uploads\/2025\/06\/relogio_1750255074214-768x432.jpg 768w, https:\/\/www.em.com.br\/emfoco\/wp-content\/uploads\/2025\/06\/relogio_1750255074214-750x422.jpg 750w, https:\/\/www.em.com.br\/emfoco\/wp-content\/uploads\/2025\/06\/relogio_1750255074214-1140x641.jpg 1140w, https:\/\/www.em.com.br\/emfoco\/wp-content\/uploads\/2025\/06\/relogio_1750255074214.jpg 1280w\" sizes=\"auto, (max-width: 1024px) 100vw, 1024px\" \/><figcaption class=\"wp-element-caption\">Rel\u00f3gio &#8211; Cr\u00e9ditos: depositphotos.com \/ HayDmitriy<\/figcaption><\/figure>\n\n\n\n<h2 class=\"wp-block-heading\">Como lidar com o h\u00e1bito de sempre se atrasar?<\/h2>\n\n\n\n<p>Para reduzir os atrasos, \u00e9 importante desenvolver <strong>estrat\u00e9gias pr\u00e1ticas<\/strong>. Uma delas \u00e9 calcular sempre um tempo extra para cada compromisso, criando uma margem de seguran\u00e7a.<\/p>\n\n\n\n<p>Outra t\u00e9cnica eficaz \u00e9 revisar os pr\u00f3prios <strong><a href=\"https:\/\/boomi.com.br\/36-habitos-diarios-simples-para-melhorar-sua-vida\/?srsltid=AfmBOooXGkHVwIgxplU_OAhks9Y3I8waPfMoSm6psVUeCv9uHiz0PEMI\" target=\"_blank\" rel=\"noreferrer noopener\">h\u00e1bitos di\u00e1rios<\/a><\/strong>, identificando quais atividades est\u00e3o consumindo mais tempo do que deveriam.<\/p>\n\n\n\n<ul class=\"wp-block-list\">\n<li>Usar alarmes e lembretes no celular.<\/li>\n\n\n\n<li>Organizar compromissos com anteced\u00eancia.<\/li>\n\n\n\n<li>Evitar acumular tarefas de \u00faltima hora.<\/li>\n<\/ul>\n\n\n\n<h2 class=\"wp-block-heading\">Atrasos revelam padr\u00f5es que podem ser transformados<\/h2>\n\n\n\n<ul class=\"wp-block-list\">\n<li>Estar sempre atrasado pode sinalizar quest\u00f5es psicol\u00f3gicas ou de personalidade.<\/li>\n\n\n\n<li>Esse comportamento pode ter tanto aspectos negativos quanto positivos.<\/li>\n\n\n\n<li>Com t\u00e9cnicas simples, \u00e9 poss\u00edvel melhorar a pontualidade e a organiza\u00e7\u00e3o.<\/li>\n<\/ul>\n","protected":false},"excerpt":{"rendered":"<p>O h\u00e1bito de se atrasar pode parecer apenas descuido, mas para a psicologia, esse comportamento pode revelar muito sobre a personalidade e a forma como algu\u00e9m lida com a vida. Entender esses padr\u00f5es ajuda a enxergar al\u00e9m do simples h\u00e1bito de perder a hora. Entre as interpreta\u00e7\u00f5es mais comuns, destacam-se: Por que algumas pessoas nunca [&hellip;]<\/p>\n","protected":false},"author":13,"featured_media":96927,"comment_status":"open","ping_status":"open","sticky":false,"template":"","format":"standard","meta":{"jnews-multi-image_gallery":[],"jnews_single_post":{"format":"standard"},"jnews_primary_category":[],"jnews_social_meta":[],"jnews_override_counter":[],"footnotes":""},"categories":[8819],"tags":[14949,14708,14948,5155],"class_list":["post-96919","post","type-post","status-publish","format-standard","has-post-thumbnail","hentry","category-curiosidades","tag-compromissos","tag-o-que-significa","tag-pessoa-atrasada","tag-psicologia"],"yoast_head":"<!-- This site is optimized with the Yoast SEO plugin v23.8 - https:\/\/yoast.com\/wordpress\/plugins\/seo\/ -->\n<title>O que significa quando algu\u00e9m est\u00e1 sempre atrasado, segundo a psicologia - Estado de Minas - Em foco<\/title>\n<meta name=\"description\" content=\"Estar sempre atrasado pode ser mais do que distra\u00e7\u00e3o. Entenda o que a psicologia revela sobre esse comportamento t\u00e3o comum.\" \/>\n<meta name=\"robots\" content=\"index, follow, max-snippet:-1, max-image-preview:large, max-video-preview:-1\" \/>\n<link rel=\"canonical\" href=\"https:\/\/www.em.com.br\/emfoco\/2025\/08\/29\/o-que-significa-quando-alguem-esta-sempre-atrasado-segundo-a-psicologia\/\" \/>\n<meta property=\"og:locale\" content=\"pt_BR\" \/>\n<meta property=\"og:type\" content=\"article\" \/>\n<meta property=\"og:title\" content=\"O que significa quando algu\u00e9m est\u00e1 sempre atrasado, segundo a psicologia - Estado de Minas - Em foco\" \/>\n<meta property=\"og:description\" content=\"Estar sempre atrasado pode ser mais do que distra\u00e7\u00e3o. Entenda o que a psicologia revela sobre esse comportamento t\u00e3o comum.\" \/>\n<meta property=\"og:url\" content=\"https:\/\/www.em.com.br\/emfoco\/2025\/08\/29\/o-que-significa-quando-alguem-esta-sempre-atrasado-segundo-a-psicologia\/\" \/>\n<meta property=\"og:site_name\" content=\"Estado de Minas - Em foco\" \/>\n<meta property=\"article:published_time\" content=\"2025-08-29T17:28:00+00:00\" \/>\n<meta property=\"article:modified_time\" content=\"2025-08-26T20:57:05+00:00\" \/>\n<meta property=\"og:image\" content=\"https:\/\/www.em.com.br\/emfoco\/wp-content\/uploads\/2025\/08\/Pessoa-atrasada_1756241537094.jpg\" \/>\n\t<meta property=\"og:image:width\" content=\"1280\" \/>\n\t<meta property=\"og:image:height\" content=\"720\" \/>\n\t<meta property=\"og:image:type\" content=\"image\/jpeg\" \/>\n<meta name=\"author\" content=\"Gabriel Martins\" \/>\n<meta name=\"twitter:card\" content=\"summary_large_image\" \/>\n<meta name=\"twitter:label1\" content=\"Escrito por\" \/>\n\t<meta name=\"twitter:data1\" content=\"Gabriel Martins\" \/>\n\t<meta name=\"twitter:label2\" content=\"Est. tempo de leitura\" \/>\n\t<meta name=\"twitter:data2\" content=\"3 minutos\" \/>\n<!-- \/ Yoast SEO plugin. -->","yoast_head_json":{"title":"O que significa quando algu\u00e9m est\u00e1 sempre atrasado, segundo a psicologia - Estado de Minas - Em foco","description":"Estar sempre atrasado pode ser mais do que distra\u00e7\u00e3o. Entenda o que a psicologia revela sobre esse comportamento t\u00e3o comum.","robots":{"index":"index","follow":"follow","max-snippet":"max-snippet:-1","max-image-preview":"max-image-preview:large","max-video-preview":"max-video-preview:-1"},"canonical":"https:\/\/www.em.com.br\/emfoco\/2025\/08\/29\/o-que-significa-quando-alguem-esta-sempre-atrasado-segundo-a-psicologia\/","og_locale":"pt_BR","og_type":"article","og_title":"O que significa quando algu\u00e9m est\u00e1 sempre atrasado, segundo a psicologia - Estado de Minas - Em foco","og_description":"Estar sempre atrasado pode ser mais do que distra\u00e7\u00e3o. Entenda o que a psicologia revela sobre esse comportamento t\u00e3o comum.","og_url":"https:\/\/www.em.com.br\/emfoco\/2025\/08\/29\/o-que-significa-quando-alguem-esta-sempre-atrasado-segundo-a-psicologia\/","og_site_name":"Estado de Minas - Em foco","article_published_time":"2025-08-29T17:28:00+00:00","article_modified_time":"2025-08-26T20:57:05+00:00","og_image":[{"width":1280,"height":720,"url":"https:\/\/www.em.com.br\/emfoco\/wp-content\/uploads\/2025\/08\/Pessoa-atrasada_1756241537094.jpg","type":"image\/jpeg"}],"author":"Gabriel Martins","twitter_card":"summary_large_image","twitter_misc":{"Escrito por":"Gabriel Martins","Est. tempo de leitura":"3 minutos"},"schema":{"@context":"https:\/\/schema.org","@graph":[{"@type":"WebPage","@id":"https:\/\/www.em.com.br\/emfoco\/2025\/08\/29\/o-que-significa-quando-alguem-esta-sempre-atrasado-segundo-a-psicologia\/","url":"https:\/\/www.em.com.br\/emfoco\/2025\/08\/29\/o-que-significa-quando-alguem-esta-sempre-atrasado-segundo-a-psicologia\/","name":"O que significa quando algu\u00e9m est\u00e1 sempre atrasado, segundo a psicologia - Estado de Minas - Em foco","isPartOf":{"@id":"https:\/\/www.em.com.br\/emfoco\/#website"},"primaryImageOfPage":{"@id":"https:\/\/www.em.com.br\/emfoco\/2025\/08\/29\/o-que-significa-quando-alguem-esta-sempre-atrasado-segundo-a-psicologia\/#primaryimage"},"image":{"@id":"https:\/\/www.em.com.br\/emfoco\/2025\/08\/29\/o-que-significa-quando-alguem-esta-sempre-atrasado-segundo-a-psicologia\/#primaryimage"},"thumbnailUrl":"https:\/\/www.em.com.br\/emfoco\/wp-content\/uploads\/2025\/08\/Pessoa-atrasada_1756241537094.jpg","datePublished":"2025-08-29T17:28:00+00:00","dateModified":"2025-08-26T20:57:05+00:00","author":{"@id":"https:\/\/www.em.com.br\/emfoco\/#\/schema\/person\/1c9ddeab18b98abeffef834667bcf08a"},"description":"Estar sempre atrasado pode ser mais do que distra\u00e7\u00e3o. Entenda o que a psicologia revela sobre esse comportamento t\u00e3o comum.","breadcrumb":{"@id":"https:\/\/www.em.com.br\/emfoco\/2025\/08\/29\/o-que-significa-quando-alguem-esta-sempre-atrasado-segundo-a-psicologia\/#breadcrumb"},"inLanguage":"pt-BR","potentialAction":[{"@type":"ReadAction","target":["https:\/\/www.em.com.br\/emfoco\/2025\/08\/29\/o-que-significa-quando-alguem-esta-sempre-atrasado-segundo-a-psicologia\/"]}]},{"@type":"ImageObject","inLanguage":"pt-BR","@id":"https:\/\/www.em.com.br\/emfoco\/2025\/08\/29\/o-que-significa-quando-alguem-esta-sempre-atrasado-segundo-a-psicologia\/#primaryimage","url":"https:\/\/www.em.com.br\/emfoco\/wp-content\/uploads\/2025\/08\/Pessoa-atrasada_1756241537094.jpg","contentUrl":"https:\/\/www.em.com.br\/emfoco\/wp-content\/uploads\/2025\/08\/Pessoa-atrasada_1756241537094.jpg","width":1280,"height":720,"caption":"Homem atrasado - Cr\u00e9ditos: depositphotos.com \/ Ischukigor"},{"@type":"BreadcrumbList","@id":"https:\/\/www.em.com.br\/emfoco\/2025\/08\/29\/o-que-significa-quando-alguem-esta-sempre-atrasado-segundo-a-psicologia\/#breadcrumb","itemListElement":[{"@type":"ListItem","position":1,"name":"In\u00edcio","item":"https:\/\/www.em.com.br\/emfoco\/"},{"@type":"ListItem","position":2,"name":"O que significa quando algu\u00e9m est\u00e1 sempre atrasado, segundo a psicologia"}]},{"@type":"WebSite","@id":"https:\/\/www.em.com.br\/emfoco\/#website","url":"https:\/\/www.em.com.br\/emfoco\/","name":"Estado de Minas - Em foco","description":"Acompanhe as \u00faltimas not\u00edcias e fique bem informado sobre tudo o que acontece em Minas Gerais, Brasil e no mundo.","potentialAction":[{"@type":"SearchAction","target":{"@type":"EntryPoint","urlTemplate":"https:\/\/www.em.com.br\/emfoco\/?s={search_term_string}"},"query-input":{"@type":"PropertyValueSpecification","valueRequired":true,"valueName":"search_term_string"}}],"inLanguage":"pt-BR"},{"@type":"Person","@id":"https:\/\/www.em.com.br\/emfoco\/#\/schema\/person\/1c9ddeab18b98abeffef834667bcf08a","name":"Gabriel Martins","image":{"@type":"ImageObject","inLanguage":"pt-BR","@id":"https:\/\/www.em.com.br\/emfoco\/#\/schema\/person\/image\/","url":"https:\/\/secure.gravatar.com\/avatar\/f0f1e2efdfd88f1ad2cb08c5c2731e50?s=96&d=mm&r=g","contentUrl":"https:\/\/secure.gravatar.com\/avatar\/f0f1e2efdfd88f1ad2cb08c5c2731e50?s=96&d=mm&r=g","caption":"Gabriel Martins"},"sameAs":["https:\/\/www.em.com.br\/emfoco\/"],"url":"https:\/\/www.em.com.br\/emfoco\/author\/gabrielmartinsmyth\/"}]}},"_links":{"self":[{"href":"https:\/\/www.em.com.br\/emfoco\/wp-json\/wp\/v2\/posts\/96919","targetHints":{"allow":["GET"]}}],"collection":[{"href":"https:\/\/www.em.com.br\/emfoco\/wp-json\/wp\/v2\/posts"}],"about":[{"href":"https:\/\/www.em.com.br\/emfoco\/wp-json\/wp\/v2\/types\/post"}],"author":[{"embeddable":true,"href":"https:\/\/www.em.com.br\/emfoco\/wp-json\/wp\/v2\/users\/13"}],"replies":[{"embeddable":true,"href":"https:\/\/www.em.com.br\/emfoco\/wp-json\/wp\/v2\/comments?post=96919"}],"version-history":[{"count":1,"href":"https:\/\/www.em.com.br\/emfoco\/wp-json\/wp\/v2\/posts\/96919\/revisions"}],"predecessor-version":[{"id":96929,"href":"https:\/\/www.em.com.br\/emfoco\/wp-json\/wp\/v2\/posts\/96919\/revisions\/96929"}],"wp:featuredmedia":[{"embeddable":true,"href":"https:\/\/www.em.com.br\/emfoco\/wp-json\/wp\/v2\/media\/96927"}],"wp:attachment":[{"href":"https:\/\/www.em.com.br\/emfoco\/wp-json\/wp\/v2\/media?parent=96919"}],"wp:term":[{"taxonomy":"category","embeddable":true,"href":"https:\/\/www.em.com.br\/emfoco\/wp-json\/wp\/v2\/categories?post=96919"},{"taxonomy":"post_tag","embeddable":true,"href":"https:\/\/www.em.com.br\/emfoco\/wp-json\/wp\/v2\/tags?post=96919"}],"curies":[{"name":"wp","href":"https:\/\/api.w.org\/{rel}","templated":true}]}}