{"id":96884,"date":"2025-08-26T15:58:00","date_gmt":"2025-08-26T18:58:00","guid":{"rendered":"https:\/\/www.em.com.br\/emfoco\/?p=96884"},"modified":"2025-08-26T14:34:41","modified_gmt":"2025-08-26T17:34:41","slug":"matheus-davila-nutricionista-e-isso-que-acontece-com-voce-ao-consumir-cafe-todos-os-dias","status":"publish","type":"post","link":"https:\/\/www.em.com.br\/emfoco\/2025\/08\/26\/matheus-davila-nutricionista-e-isso-que-acontece-com-voce-ao-consumir-cafe-todos-os-dias\/","title":{"rendered":"Matheus D\u2019Avila, Nutricionista: \u201c\u00e9 isso que acontece com voc\u00ea ao consumir caf\u00e9 todos os dias\u201d"},"content":{"rendered":"\n<p>Beber <strong>caf\u00e9 todos os dias<\/strong> pode parecer um h\u00e1bito inofensivo, mas seus efeitos no corpo v\u00e3o muito al\u00e9m da simples energia matinal. \u00c9 isso que explica o nutricionista Matheus D\u2019Avila (CRN-4 21102824), que compartilhou em suas redes os impactos fisiol\u00f3gicos e metab\u00f3licos da cafe\u00edna ao longo do tempo. Com mais de 900 mil seguidores e linguagem acess\u00edvel, Matheus alerta, os resultados s\u00e3o reais, mas \u00e9 preciso saber como consumir.<\/p>\n\n\n\n<p>Em seu v\u00eddeo, o especialista divide os efeitos do caf\u00e9 em tr\u00eas fases, ap\u00f3s uma semana, um m\u00eas e um ano de consumo di\u00e1rio. A explica\u00e7\u00e3o ganha for\u00e7a por estar alinhada com evid\u00eancias cient\u00edficas s\u00f3lidas sobre os mecanismos da cafe\u00edna no organismo. Entender essas fases pode ajudar a usar o caf\u00e9 a favor da sa\u00fade, sem cair nos efeitos colaterais do exagero.<\/p>\n\n\n\n<h2 class=\"wp-block-heading\">O que acontece com seu corpo na primeira semana tomando caf\u00e9 diariamente?<\/h2>\n\n\n\n<p>Logo nos primeiros dias de consumo cont\u00ednuo de caf\u00e9, \u00e9 comum sentir um aumento not\u00e1vel de disposi\u00e7\u00e3o, foco e at\u00e9 melhora do humor. Isso acontece porque a <strong>cafe\u00edna age diretamente no sistema nervoso central<\/strong>, bloqueando a adenosina, subst\u00e2ncia respons\u00e1vel por induzir o sono, e estimulando neurotransmissores como dopamina e noradrenalina. O resultado \u00e9 uma sensa\u00e7\u00e3o de energia extra e maior motiva\u00e7\u00e3o para o dia.<\/p>\n\n\n\n<p>Outro efeito imediato \u00e9 o leve aumento no metabolismo. A cafe\u00edna acelera o gasto cal\u00f3rico de repouso, promovendo a <strong>oxida\u00e7\u00e3o de gorduras<\/strong> e preparando o corpo para usar melhor a energia. Essa a\u00e7\u00e3o pode representar um empurr\u00e3o interessante para quem est\u00e1 em fase de emagrecimento, especialmente quando combinada a uma rotina alimentar balanceada e pr\u00e1tica de exerc\u00edcios.<\/p>\n\n\n\n<h2 class=\"wp-block-heading\">O caf\u00e9 realmente melhora o desempenho ap\u00f3s um m\u00eas de uso?<\/h2>\n\n\n\n<p>Segundo o nutricionista, ap\u00f3s cerca de um m\u00eas tomando caf\u00e9 regularmente, os efeitos come\u00e7am a se consolidar. O rendimento nos treinos pode melhorar significativamente, j\u00e1 que a cafe\u00edna atua como <strong>subst\u00e2ncia ergog\u00eanica<\/strong>, aumentando a resist\u00eancia e reduzindo a percep\u00e7\u00e3o de esfor\u00e7o. Isso facilita treinos mais intensos e duradouros, potencializando a queima de gordura.<\/p>\n\n\n\n<p>Al\u00e9m disso, h\u00e1 benef\u00edcios cognitivos comprovados. A mem\u00f3ria de curto prazo, o tempo de rea\u00e7\u00e3o e a concentra\u00e7\u00e3o tendem a melhorar com o uso cont\u00ednuo da cafe\u00edna, como apontam diversos estudos. Mas \u00e9 importante lembrar que a resposta \u00e0 cafe\u00edna pode variar bastante entre os indiv\u00edduos, e o ideal \u00e9 sempre ajustar a quantidade ao seu pr\u00f3prio organismo.<\/p>\n\n\n\n<h2 class=\"wp-block-heading\">O consumo di\u00e1rio de caf\u00e9 pode causar depend\u00eancia ou efeitos colaterais?<\/h2>\n\n\n\n<p>Ap\u00f3s um ano ou mais de consumo di\u00e1rio, \u00e9 comum que uma \u00fanica x\u00edcara j\u00e1 n\u00e3o fa\u00e7a o mesmo efeito. Esse fen\u00f4meno est\u00e1 ligado \u00e0 <strong>toler\u00e2ncia \u00e0 cafe\u00edna<\/strong>, quanto mais se consome, menos sens\u00edvel o corpo fica aos seus efeitos. Com isso, muitas pessoas acabam aumentando a dose para manter os mesmos benef\u00edcios, o que pode levar a efeitos indesejados.<\/p>\n\n\n\n<p>Entre os principais problemas do consumo excessivo est\u00e3o a <strong>dificuldade para dormir<\/strong>, mesmo dormindo as oito horas recomendadas, al\u00e9m de refluxo e azia mais frequentes. A depend\u00eancia tamb\u00e9m pode se manifestar na forma de dores de cabe\u00e7a, irritabilidade e fadiga quando o caf\u00e9 \u00e9 retirado abruptamente da rotina. Por isso, o consumo deve ser moderado e consciente.<\/p>\n\n\n\n<h2 class=\"wp-block-heading\">A cafe\u00edna ajuda mesmo a queimar gordura durante o treino?<\/h2>\n\n\n\n<p>Sim, de forma comprovada. A cafe\u00edna estimula a libera\u00e7\u00e3o de catecolaminas, como a adrenalina, que aumentam a mobiliza\u00e7\u00e3o de \u00e1cidos graxos no sangue. Isso significa que, durante o exerc\u00edcio f\u00edsico, o corpo usa mais gordura como fonte de energia, tornando a queima mais eficiente. Esse efeito \u00e9 potencializado quando a cafe\u00edna \u00e9 consumida entre 30 e 60 minutos antes da atividade f\u00edsica.<\/p>\n\n\n\n<p>No entanto, a efic\u00e1cia depende de fatores como sensibilidade individual, alimenta\u00e7\u00e3o e intensidade do treino. O ideal \u00e9 que o consumo de caf\u00e9 seja parte de uma <strong>estrat\u00e9gia nutricional personalizada<\/strong>, com orienta\u00e7\u00e3o profissional. Assim, \u00e9 poss\u00edvel aproveitar seus benef\u00edcios sem ultrapassar os limites de seguran\u00e7a, que ficam em torno de 400 mg por dia, segundo especialistas.<\/p>\n\n\n\n<h2 class=\"wp-block-heading\">Quais s\u00e3o os riscos reais de exagerar no caf\u00e9?<\/h2>\n\n\n\n<p>Embora a cafe\u00edna seja segura quando usada com modera\u00e7\u00e3o, o exagero pode trazer consequ\u00eancias. Ingerir mais de 400 mg por dia, o equivalente a 4 x\u00edcaras grandes de caf\u00e9, pode causar ins\u00f4nia, ansiedade, arritmia, aumento da press\u00e3o arterial e dist\u00farbios digestivos como azia e refluxo. Pessoas com gastrite ou sensibilidade gastrointestinal devem redobrar o cuidado.<\/p>\n\n\n<div class=\"wp-block-image\">\n<figure class=\"aligncenter size-large\"><img loading=\"lazy\" decoding=\"async\" width=\"1024\" height=\"576\" src=\"https:\/\/www.em.com.br\/emfoco\/wp-content\/uploads\/2025\/07\/cafeina-_1751428575221-1024x576.jpg\" alt=\"\" class=\"wp-image-69972\" srcset=\"https:\/\/www.em.com.br\/emfoco\/wp-content\/uploads\/2025\/07\/cafeina-_1751428575221-1024x576.jpg 1024w, https:\/\/www.em.com.br\/emfoco\/wp-content\/uploads\/2025\/07\/cafeina-_1751428575221-300x169.jpg 300w, https:\/\/www.em.com.br\/emfoco\/wp-content\/uploads\/2025\/07\/cafeina-_1751428575221-768x432.jpg 768w, https:\/\/www.em.com.br\/emfoco\/wp-content\/uploads\/2025\/07\/cafeina-_1751428575221-750x422.jpg 750w, https:\/\/www.em.com.br\/emfoco\/wp-content\/uploads\/2025\/07\/cafeina-_1751428575221-1140x641.jpg 1140w, https:\/\/www.em.com.br\/emfoco\/wp-content\/uploads\/2025\/07\/cafeina-_1751428575221.jpg 1280w\" sizes=\"auto, (max-width: 1024px) 100vw, 1024px\" \/><figcaption class=\"wp-element-caption\">Homem segurando x\u00edcara gigante com caf\u00e9 &#8211; Cr\u00e9ditos: depositphotos.com \/ focuspocusltd<\/figcaption><\/figure><\/div>\n\n\n<p>A longo prazo, o excesso pode prejudicar o ciclo circadiano e dificultar a produ\u00e7\u00e3o natural de energia sem est\u00edmulos externos. Ou seja, o corpo &#8220;esquece&#8221; como manter o ritmo sozinho. Isso refor\u00e7a a import\u00e2ncia de usar o caf\u00e9 como aliado, e n\u00e3o como muleta. Uma boa pr\u00e1tica \u00e9 variar os hor\u00e1rios e evitar o consumo \u00e0 noite, para preservar a qualidade do sono.<\/p>\n\n\n\n<h2 class=\"wp-block-heading\">Como usar o caf\u00e9 a seu favor sem comprometer a sa\u00fade?<\/h2>\n\n\n\n<p>Segundo Matheus D\u2019Avila, a chave est\u00e1 no equil\u00edbrio. A cafe\u00edna \u00e9 uma das subst\u00e2ncias mais estudadas da nutri\u00e7\u00e3o, com ampla seguran\u00e7a reconhecida por \u00f3rg\u00e3os internacionais como a Autoridade Europeia para a Seguran\u00e7a dos Alimentos (EFSA) e a Organiza\u00e7\u00e3o Mundial da Sa\u00fade (OMS). Mas isso s\u00f3 vale quando usada dentro dos limites.<\/p>\n\n\n\n<p>Para isso, evite ultrapassar 3 a 4 x\u00edcaras por dia, prefira o caf\u00e9 puro (sem a\u00e7\u00facar ou creme) e distribua as doses ao longo do dia. Evitar o consumo \u00e0 noite tamb\u00e9m \u00e9 essencial para n\u00e3o comprometer o sono. Se sentir que o caf\u00e9 j\u00e1 n\u00e3o causa efeito, o ideal \u00e9 fazer uma pausa estrat\u00e9gica de alguns dias para reduzir a toler\u00e2ncia natural.<\/p>\n\n\n\n<h2 class=\"wp-block-heading\">Fontes oficiais utilizadas neste artigo<\/h2>\n\n\n\n<ul class=\"wp-block-list\">\n<li>Organiza\u00e7\u00e3o Mundial da Sa\u00fade (OMS): <a href=\"https:\/\/www.who.int\/\" target=\"_blank\" rel=\"noreferrer noopener\">https:\/\/www.who.int\/<\/a><\/li>\n\n\n\n<li>Hospital Israelita Albert Einstein: <a href=\"https:\/\/vidasaudavel.einstein.br\/efeitos-colaterais-da-cafeina\/\" target=\"_blank\" rel=\"noreferrer noopener\">https:\/\/vidasaudavel.einstein.br\/efeitos-colaterais-da-cafeina\/<\/a><\/li>\n\n\n\n<li>EFSA (Autoridade Europeia para Seguran\u00e7a Alimentar): <a href=\"https:\/\/www.efsa.europa.eu\/\" target=\"_blank\" rel=\"noreferrer noopener\">https:\/\/www.efsa.europa.eu<\/a><\/li>\n<\/ul>\n\n\n\n<p><\/p>\n","protected":false},"excerpt":{"rendered":"<p>Beber caf\u00e9 todos os dias pode parecer um h\u00e1bito inofensivo, mas seus efeitos no corpo v\u00e3o muito al\u00e9m da simples energia matinal. \u00c9 isso que explica o nutricionista Matheus D\u2019Avila (CRN-4 21102824), que compartilhou em suas redes os impactos fisiol\u00f3gicos e metab\u00f3licos da cafe\u00edna ao longo do tempo. Com mais de 900 mil seguidores e [&hellip;]<\/p>\n","protected":false},"author":17,"featured_media":92711,"comment_status":"open","ping_status":"open","sticky":false,"template":"","format":"standard","meta":{"jnews-multi-image_gallery":[],"jnews_single_post":{"format":"standard"},"jnews_primary_category":[],"jnews_social_meta":[],"jnews_override_counter":[],"footnotes":""},"categories":[9053],"tags":[3081,1579,2577,3509],"class_list":["post-96884","post","type-post","status-publish","format-standard","has-post-thumbnail","hentry","category-saude","tag-alimentos","tag-cafe","tag-dieta","tag-nutricao"],"yoast_head":"<!-- This site is optimized with the Yoast SEO plugin v23.8 - https:\/\/yoast.com\/wordpress\/plugins\/seo\/ -->\n<title>Matheus D\u2019Avila, Nutricionista: \u201c\u00e9 isso que acontece com voc\u00ea ao consumir caf\u00e9 todos os dias\u201d - Estado de Minas - Em foco<\/title>\n<meta name=\"description\" content=\"Beber caf\u00e9 todos os dias muda seu corpo. Saiba como a cafe\u00edna afeta humor, metabolismo, sono e rendimento f\u00edsico.\" \/>\n<meta name=\"robots\" content=\"index, follow, max-snippet:-1, max-image-preview:large, max-video-preview:-1\" \/>\n<link rel=\"canonical\" href=\"https:\/\/www.em.com.br\/emfoco\/2025\/08\/26\/matheus-davila-nutricionista-e-isso-que-acontece-com-voce-ao-consumir-cafe-todos-os-dias\/\" \/>\n<meta property=\"og:locale\" content=\"pt_BR\" \/>\n<meta property=\"og:type\" content=\"article\" \/>\n<meta property=\"og:title\" content=\"Matheus D\u2019Avila, Nutricionista: \u201c\u00e9 isso que acontece com voc\u00ea ao consumir caf\u00e9 todos os dias\u201d - Estado de Minas - Em foco\" \/>\n<meta property=\"og:description\" content=\"Beber caf\u00e9 todos os dias muda seu corpo. Saiba como a cafe\u00edna afeta humor, metabolismo, sono e rendimento f\u00edsico.\" \/>\n<meta property=\"og:url\" content=\"https:\/\/www.em.com.br\/emfoco\/2025\/08\/26\/matheus-davila-nutricionista-e-isso-que-acontece-com-voce-ao-consumir-cafe-todos-os-dias\/\" \/>\n<meta property=\"og:site_name\" content=\"Estado de Minas - Em foco\" \/>\n<meta property=\"article:published_time\" content=\"2025-08-26T18:58:00+00:00\" \/>\n<meta property=\"article:modified_time\" content=\"2025-08-26T17:34:41+00:00\" \/>\n<meta property=\"og:image\" content=\"https:\/\/www.em.com.br\/emfoco\/wp-content\/uploads\/2025\/08\/mosaico_1755398658742.jpg\" \/>\n\t<meta property=\"og:image:width\" content=\"1280\" \/>\n\t<meta property=\"og:image:height\" content=\"720\" \/>\n\t<meta property=\"og:image:type\" content=\"image\/jpeg\" \/>\n<meta name=\"author\" content=\"Lucas Sampaio\" \/>\n<meta name=\"twitter:card\" content=\"summary_large_image\" \/>\n<meta name=\"twitter:label1\" content=\"Escrito por\" \/>\n\t<meta name=\"twitter:data1\" content=\"Lucas Sampaio\" \/>\n\t<meta name=\"twitter:label2\" content=\"Est. tempo de leitura\" \/>\n\t<meta name=\"twitter:data2\" content=\"6 minutos\" \/>\n<!-- \/ Yoast SEO plugin. -->","yoast_head_json":{"title":"Matheus D\u2019Avila, Nutricionista: \u201c\u00e9 isso que acontece com voc\u00ea ao consumir caf\u00e9 todos os dias\u201d - Estado de Minas - Em foco","description":"Beber caf\u00e9 todos os dias muda seu corpo. Saiba como a cafe\u00edna afeta humor, metabolismo, sono e rendimento f\u00edsico.","robots":{"index":"index","follow":"follow","max-snippet":"max-snippet:-1","max-image-preview":"max-image-preview:large","max-video-preview":"max-video-preview:-1"},"canonical":"https:\/\/www.em.com.br\/emfoco\/2025\/08\/26\/matheus-davila-nutricionista-e-isso-que-acontece-com-voce-ao-consumir-cafe-todos-os-dias\/","og_locale":"pt_BR","og_type":"article","og_title":"Matheus D\u2019Avila, Nutricionista: \u201c\u00e9 isso que acontece com voc\u00ea ao consumir caf\u00e9 todos os dias\u201d - Estado de Minas - Em foco","og_description":"Beber caf\u00e9 todos os dias muda seu corpo. Saiba como a cafe\u00edna afeta humor, metabolismo, sono e rendimento f\u00edsico.","og_url":"https:\/\/www.em.com.br\/emfoco\/2025\/08\/26\/matheus-davila-nutricionista-e-isso-que-acontece-com-voce-ao-consumir-cafe-todos-os-dias\/","og_site_name":"Estado de Minas - Em foco","article_published_time":"2025-08-26T18:58:00+00:00","article_modified_time":"2025-08-26T17:34:41+00:00","og_image":[{"width":1280,"height":720,"url":"https:\/\/www.em.com.br\/emfoco\/wp-content\/uploads\/2025\/08\/mosaico_1755398658742.jpg","type":"image\/jpeg"}],"author":"Lucas Sampaio","twitter_card":"summary_large_image","twitter_misc":{"Escrito por":"Lucas Sampaio","Est. tempo de leitura":"6 minutos"},"schema":{"@context":"https:\/\/schema.org","@graph":[{"@type":"WebPage","@id":"https:\/\/www.em.com.br\/emfoco\/2025\/08\/26\/matheus-davila-nutricionista-e-isso-que-acontece-com-voce-ao-consumir-cafe-todos-os-dias\/","url":"https:\/\/www.em.com.br\/emfoco\/2025\/08\/26\/matheus-davila-nutricionista-e-isso-que-acontece-com-voce-ao-consumir-cafe-todos-os-dias\/","name":"Matheus D\u2019Avila, Nutricionista: \u201c\u00e9 isso que acontece com voc\u00ea ao consumir caf\u00e9 todos os dias\u201d - Estado de Minas - Em foco","isPartOf":{"@id":"https:\/\/www.em.com.br\/emfoco\/#website"},"primaryImageOfPage":{"@id":"https:\/\/www.em.com.br\/emfoco\/2025\/08\/26\/matheus-davila-nutricionista-e-isso-que-acontece-com-voce-ao-consumir-cafe-todos-os-dias\/#primaryimage"},"image":{"@id":"https:\/\/www.em.com.br\/emfoco\/2025\/08\/26\/matheus-davila-nutricionista-e-isso-que-acontece-com-voce-ao-consumir-cafe-todos-os-dias\/#primaryimage"},"thumbnailUrl":"https:\/\/www.em.com.br\/emfoco\/wp-content\/uploads\/2025\/08\/mosaico_1755398658742.jpg","datePublished":"2025-08-26T18:58:00+00:00","dateModified":"2025-08-26T17:34:41+00:00","author":{"@id":"https:\/\/www.em.com.br\/emfoco\/#\/schema\/person\/9ad4c536bd87f5bb8006420332b99aef"},"description":"Beber caf\u00e9 todos os dias muda seu corpo. Saiba como a cafe\u00edna afeta humor, metabolismo, sono e rendimento f\u00edsico.","breadcrumb":{"@id":"https:\/\/www.em.com.br\/emfoco\/2025\/08\/26\/matheus-davila-nutricionista-e-isso-que-acontece-com-voce-ao-consumir-cafe-todos-os-dias\/#breadcrumb"},"inLanguage":"pt-BR","potentialAction":[{"@type":"ReadAction","target":["https:\/\/www.em.com.br\/emfoco\/2025\/08\/26\/matheus-davila-nutricionista-e-isso-que-acontece-com-voce-ao-consumir-cafe-todos-os-dias\/"]}]},{"@type":"ImageObject","inLanguage":"pt-BR","@id":"https:\/\/www.em.com.br\/emfoco\/2025\/08\/26\/matheus-davila-nutricionista-e-isso-que-acontece-com-voce-ao-consumir-cafe-todos-os-dias\/#primaryimage","url":"https:\/\/www.em.com.br\/emfoco\/wp-content\/uploads\/2025\/08\/mosaico_1755398658742.jpg","contentUrl":"https:\/\/www.em.com.br\/emfoco\/wp-content\/uploads\/2025\/08\/mosaico_1755398658742.jpg","width":1280,"height":720,"caption":"Reprodu\u00e7\u00e3o (TikTok: @matheusdavilanutri)"},{"@type":"BreadcrumbList","@id":"https:\/\/www.em.com.br\/emfoco\/2025\/08\/26\/matheus-davila-nutricionista-e-isso-que-acontece-com-voce-ao-consumir-cafe-todos-os-dias\/#breadcrumb","itemListElement":[{"@type":"ListItem","position":1,"name":"In\u00edcio","item":"https:\/\/www.em.com.br\/emfoco\/"},{"@type":"ListItem","position":2,"name":"Matheus D\u2019Avila, Nutricionista: \u201c\u00e9 isso que acontece com voc\u00ea ao consumir caf\u00e9 todos os dias\u201d"}]},{"@type":"WebSite","@id":"https:\/\/www.em.com.br\/emfoco\/#website","url":"https:\/\/www.em.com.br\/emfoco\/","name":"Estado de Minas - Em foco","description":"Acompanhe as \u00faltimas not\u00edcias e fique bem informado sobre tudo o que acontece em Minas Gerais, Brasil e no mundo.","potentialAction":[{"@type":"SearchAction","target":{"@type":"EntryPoint","urlTemplate":"https:\/\/www.em.com.br\/emfoco\/?s={search_term_string}"},"query-input":{"@type":"PropertyValueSpecification","valueRequired":true,"valueName":"search_term_string"}}],"inLanguage":"pt-BR"},{"@type":"Person","@id":"https:\/\/www.em.com.br\/emfoco\/#\/schema\/person\/9ad4c536bd87f5bb8006420332b99aef","name":"Lucas Sampaio","image":{"@type":"ImageObject","inLanguage":"pt-BR","@id":"https:\/\/www.em.com.br\/emfoco\/#\/schema\/person\/image\/","url":"https:\/\/secure.gravatar.com\/avatar\/2696b9676ad143cd7135b717faf6f79f?s=96&d=mm&r=g","contentUrl":"https:\/\/secure.gravatar.com\/avatar\/2696b9676ad143cd7135b717faf6f79f?s=96&d=mm&r=g","caption":"Lucas Sampaio"},"sameAs":["https:\/\/www.em.com.br\/emfoco\/"],"url":"https:\/\/www.em.com.br\/emfoco\/author\/lucasmyth\/"}]}},"_links":{"self":[{"href":"https:\/\/www.em.com.br\/emfoco\/wp-json\/wp\/v2\/posts\/96884","targetHints":{"allow":["GET"]}}],"collection":[{"href":"https:\/\/www.em.com.br\/emfoco\/wp-json\/wp\/v2\/posts"}],"about":[{"href":"https:\/\/www.em.com.br\/emfoco\/wp-json\/wp\/v2\/types\/post"}],"author":[{"embeddable":true,"href":"https:\/\/www.em.com.br\/emfoco\/wp-json\/wp\/v2\/users\/17"}],"replies":[{"embeddable":true,"href":"https:\/\/www.em.com.br\/emfoco\/wp-json\/wp\/v2\/comments?post=96884"}],"version-history":[{"count":1,"href":"https:\/\/www.em.com.br\/emfoco\/wp-json\/wp\/v2\/posts\/96884\/revisions"}],"predecessor-version":[{"id":96888,"href":"https:\/\/www.em.com.br\/emfoco\/wp-json\/wp\/v2\/posts\/96884\/revisions\/96888"}],"wp:featuredmedia":[{"embeddable":true,"href":"https:\/\/www.em.com.br\/emfoco\/wp-json\/wp\/v2\/media\/92711"}],"wp:attachment":[{"href":"https:\/\/www.em.com.br\/emfoco\/wp-json\/wp\/v2\/media?parent=96884"}],"wp:term":[{"taxonomy":"category","embeddable":true,"href":"https:\/\/www.em.com.br\/emfoco\/wp-json\/wp\/v2\/categories?post=96884"},{"taxonomy":"post_tag","embeddable":true,"href":"https:\/\/www.em.com.br\/emfoco\/wp-json\/wp\/v2\/tags?post=96884"}],"curies":[{"name":"wp","href":"https:\/\/api.w.org\/{rel}","templated":true}]}}