{"id":9677,"date":"2025-01-10T20:00:00","date_gmt":"2025-01-10T23:00:00","guid":{"rendered":"https:\/\/www.em.com.br\/emfoco\/?p=9677"},"modified":"2025-01-10T09:35:48","modified_gmt":"2025-01-10T12:35:48","slug":"carros-com-placas-de-papel-no-brasil","status":"publish","type":"post","link":"https:\/\/www.em.com.br\/emfoco\/2025\/01\/10\/carros-com-placas-de-papel-no-brasil\/","title":{"rendered":"Carros com placas de papel no Brasil?"},"content":{"rendered":"\n<p>Recentemente, um cen\u00e1rio curioso est\u00e1 se desenrolando no sul do Brasil, mais precisamente em Foz do Igua\u00e7u, no estado do Paran\u00e1. Carros vindos da Argentina est\u00e3o entrando no pa\u00eds utilizando placas feitas de papel. Este fen\u00f4meno incomum tem uma explica\u00e7\u00e3o plaus\u00edvel, dada a escassez de material no pa\u00eds vizinho.<\/p>\n\n\n\n<p>A Dire\u00e7\u00e3o do Registo Nacional de Propriedade Autom\u00f3vel (<a href=\"https:\/\/www.dnrpa.gov.ar\/\" target=\"_blank\" rel=\"noreferrer noopener\">DRNPA<\/a>) e a Casa da Moeda da Argentina anunciaram que est\u00e3o enfrentando dificuldades com a produ\u00e7\u00e3o das placas de identifica\u00e7\u00e3o met\u00e1licas, que seguem o padr\u00e3o Mercosul. Esta car\u00eancia se deve a diversos fatores, incluindo decis\u00f5es governamentais e problemas de manuten\u00e7\u00e3o nos equipamentos de fabrica\u00e7\u00e3o. Al\u00e9m disso, houve um aumento na demanda por novas placas.<\/p>\n\n\n\n<h2 class=\"wp-block-heading\">Por Que as Placas de Papel Est\u00e3o Sendo Utilizadas?<\/h2>\n\n\n\n<p>Diante da falta de material para produzir as placas convencionais, o governo argentino encontrou uma solu\u00e7\u00e3o tempor\u00e1ria: emitir placas de papel enquanto as quest\u00f5es de produ\u00e7\u00e3o n\u00e3o s\u00e3o resolvidas. Esta medida, embora provis\u00f3ria, tem sido necess\u00e1ria para atender \u00e0 demanda interna, especialmente em per\u00edodos de f\u00e9rias e grandes festividades.<\/p>\n\n\n<div class=\"wp-block-image\">\n<figure class=\"aligncenter size-large\"><img loading=\"lazy\" decoding=\"async\" width=\"1024\" height=\"653\" src=\"https:\/\/www.em.com.br\/emfoco\/wp-content\/uploads\/2025\/01\/Screenshot_5-1024x653.jpg\" alt=\"\" class=\"wp-image-9681\" srcset=\"https:\/\/www.em.com.br\/emfoco\/wp-content\/uploads\/2025\/01\/Screenshot_5-1024x653.jpg 1024w, https:\/\/www.em.com.br\/emfoco\/wp-content\/uploads\/2025\/01\/Screenshot_5-300x191.jpg 300w, https:\/\/www.em.com.br\/emfoco\/wp-content\/uploads\/2025\/01\/Screenshot_5-768x490.jpg 768w, https:\/\/www.em.com.br\/emfoco\/wp-content\/uploads\/2025\/01\/Screenshot_5-750x479.jpg 750w, https:\/\/www.em.com.br\/emfoco\/wp-content\/uploads\/2025\/01\/Screenshot_5-1140x727.jpg 1140w, https:\/\/www.em.com.br\/emfoco\/wp-content\/uploads\/2025\/01\/Screenshot_5.jpg 1199w\" sizes=\"auto, (max-width: 1024px) 100vw, 1024px\" \/><figcaption class=\"wp-element-caption\">Placa de papel &#8211; Reprodu\u00e7\u00e3o\/Argentina<\/figcaption><\/figure><\/div>\n\n\n<p>A implementa\u00e7\u00e3o das placas de papel vinha acompanhada de um desafio adicional: permitir que ve\u00edculos com essas placas pudessem transitar em outros pa\u00edses do Mercosul, como o Brasil. Uma negocia\u00e7\u00e3o com as autoridades brasileiras se fez necess\u00e1ria para encontrar uma solu\u00e7\u00e3o vi\u00e1vel.<\/p>\n\n\n\n<h2 class=\"wp-block-heading\">Como o Brasil Est\u00e1 Lidando com os Carros Argentinos?<\/h2>\n\n\n\n<p>Desde o final de dezembro de 2024, a Secretaria Nacional de Tr\u00e2nsito (Senatran) do Brasil autorizou a entrada de ve\u00edculos argentinos com placas de papel em territ\u00f3rio brasileiro. Esta permiss\u00e3o auxilia no tr\u00e2nsito durante a alta temporada, mas est\u00e1 sujeita a algumas condi\u00e7\u00f5es espec\u00edficas.<\/p>\n\n\n\n<ul class=\"wp-block-list\">\n<li>As placas de papel devem estar em perfeitas condi\u00e7\u00f5es de conserva\u00e7\u00e3o, sem rasgos ou amassados.<\/li>\n\n\n\n<li>Os dados das placas devem ser claros, leg\u00edveis e completos.<\/li>\n\n\n\n<li>A identifica\u00e7\u00e3o precisa estar vis\u00edvel, com f\u00e1cil acesso para visualiza\u00e7\u00e3o pelos agentes de tr\u00e2nsito.<\/li>\n<\/ul>\n\n\n\n<h2 class=\"wp-block-heading\">Como a Fiscaliza\u00e7\u00e3o Est\u00e1 Sendo Realizada?<\/h2>\n\n\n\n<p>Tanto a Pol\u00edcia Rodovi\u00e1ria Federal (PRF) quanto outros \u00f3rg\u00e3os de tr\u00e2nsito brasileiros foram informados sobre esta situa\u00e7\u00e3o e est\u00e3o encarregados da fiscaliza\u00e7\u00e3o desses ve\u00edculos. O objetivo \u00e9 assegurar que todos os autom\u00f3veis em circula\u00e7\u00e3o estejam dentro das normas estabelecidas, garantindo a seguran\u00e7a nas estradas.<\/p>\n\n\n\n<p>Esta situa\u00e7\u00e3o, enquanto tempor\u00e1ria, demonstra a capacidade de adapta\u00e7\u00e3o das autoridades argentinas e brasileiras diante de uma crise de materiais, e ilustra a colabora\u00e7\u00e3o cont\u00ednua entre os dois pa\u00edses para resolver problemas transfronteiri\u00e7os de forma pr\u00e1tica e eficiente.<\/p>\n","protected":false},"excerpt":{"rendered":"<p>Recentemente, um cen\u00e1rio curioso est\u00e1 se desenrolando no sul do Brasil, mais precisamente em Foz do Igua\u00e7u, no estado do Paran\u00e1. Carros vindos da Argentina est\u00e3o entrando no pa\u00eds utilizando placas feitas de papel. Este fen\u00f4meno incomum tem uma explica\u00e7\u00e3o plaus\u00edvel, dada a escassez de material no pa\u00eds vizinho. A Dire\u00e7\u00e3o do Registo Nacional de [&hellip;]<\/p>\n","protected":false},"author":7,"featured_media":9680,"comment_status":"open","ping_status":"open","sticky":false,"template":"","format":"standard","meta":{"jnews-multi-image_gallery":[],"jnews_single_post":{"format":"standard"},"jnews_primary_category":[],"jnews_social_meta":[],"jnews_override_counter":[],"footnotes":""},"categories":[27],"tags":[3215,158,3159,3247,3246],"class_list":["post-9677","post","type-post","status-publish","format-standard","has-post-thumbnail","hentry","category-carros","tag-argentina","tag-brasil","tag-foz-do-iguacu","tag-mercosul","tag-placas-de-carro"],"yoast_head":"<!-- This site is optimized with the Yoast SEO plugin v23.8 - https:\/\/yoast.com\/wordpress\/plugins\/seo\/ -->\n<title>Carros com placas de papel no Brasil? - Estado de Minas - Em foco<\/title>\n<meta name=\"description\" content=\"Ve\u00edculos com essas placas podem circular no Brasil? Confira!\" \/>\n<meta name=\"robots\" content=\"index, follow, max-snippet:-1, max-image-preview:large, max-video-preview:-1\" \/>\n<link rel=\"canonical\" href=\"https:\/\/www.em.com.br\/emfoco\/2025\/01\/10\/carros-com-placas-de-papel-no-brasil\/\" \/>\n<meta property=\"og:locale\" content=\"pt_BR\" \/>\n<meta property=\"og:type\" content=\"article\" \/>\n<meta property=\"og:title\" content=\"Carros com placas de papel no Brasil? - Estado de Minas - Em foco\" \/>\n<meta property=\"og:description\" content=\"Ve\u00edculos com essas placas podem circular no Brasil? Confira!\" \/>\n<meta property=\"og:url\" content=\"https:\/\/www.em.com.br\/emfoco\/2025\/01\/10\/carros-com-placas-de-papel-no-brasil\/\" \/>\n<meta property=\"og:site_name\" content=\"Estado de Minas - Em foco\" \/>\n<meta property=\"article:published_time\" content=\"2025-01-10T23:00:00+00:00\" \/>\n<meta property=\"article:modified_time\" content=\"2025-01-10T12:35:48+00:00\" \/>\n<meta property=\"og:image\" content=\"https:\/\/www.em.com.br\/emfoco\/wp-content\/uploads\/2025\/01\/Placa-Carro_1736512291479.jpg\" \/>\n\t<meta property=\"og:image:width\" content=\"1280\" \/>\n\t<meta property=\"og:image:height\" content=\"720\" \/>\n\t<meta property=\"og:image:type\" content=\"image\/jpeg\" \/>\n<meta name=\"author\" content=\"Kelvin\" \/>\n<meta name=\"twitter:card\" content=\"summary_large_image\" \/>\n<meta name=\"twitter:label1\" content=\"Escrito por\" \/>\n\t<meta name=\"twitter:data1\" content=\"Kelvin\" \/>\n\t<meta name=\"twitter:label2\" content=\"Est. tempo de leitura\" \/>\n\t<meta name=\"twitter:data2\" content=\"3 minutos\" \/>\n<!-- \/ Yoast SEO plugin. -->","yoast_head_json":{"title":"Carros com placas de papel no Brasil? - Estado de Minas - Em foco","description":"Ve\u00edculos com essas placas podem circular no Brasil? Confira!","robots":{"index":"index","follow":"follow","max-snippet":"max-snippet:-1","max-image-preview":"max-image-preview:large","max-video-preview":"max-video-preview:-1"},"canonical":"https:\/\/www.em.com.br\/emfoco\/2025\/01\/10\/carros-com-placas-de-papel-no-brasil\/","og_locale":"pt_BR","og_type":"article","og_title":"Carros com placas de papel no Brasil? - Estado de Minas - Em foco","og_description":"Ve\u00edculos com essas placas podem circular no Brasil? Confira!","og_url":"https:\/\/www.em.com.br\/emfoco\/2025\/01\/10\/carros-com-placas-de-papel-no-brasil\/","og_site_name":"Estado de Minas - Em foco","article_published_time":"2025-01-10T23:00:00+00:00","article_modified_time":"2025-01-10T12:35:48+00:00","og_image":[{"width":1280,"height":720,"url":"https:\/\/www.em.com.br\/emfoco\/wp-content\/uploads\/2025\/01\/Placa-Carro_1736512291479.jpg","type":"image\/jpeg"}],"author":"Kelvin","twitter_card":"summary_large_image","twitter_misc":{"Escrito por":"Kelvin","Est. tempo de leitura":"3 minutos"},"schema":{"@context":"https:\/\/schema.org","@graph":[{"@type":"WebPage","@id":"https:\/\/www.em.com.br\/emfoco\/2025\/01\/10\/carros-com-placas-de-papel-no-brasil\/","url":"https:\/\/www.em.com.br\/emfoco\/2025\/01\/10\/carros-com-placas-de-papel-no-brasil\/","name":"Carros com placas de papel no Brasil? - Estado de Minas - Em foco","isPartOf":{"@id":"https:\/\/www.em.com.br\/emfoco\/#website"},"primaryImageOfPage":{"@id":"https:\/\/www.em.com.br\/emfoco\/2025\/01\/10\/carros-com-placas-de-papel-no-brasil\/#primaryimage"},"image":{"@id":"https:\/\/www.em.com.br\/emfoco\/2025\/01\/10\/carros-com-placas-de-papel-no-brasil\/#primaryimage"},"thumbnailUrl":"https:\/\/www.em.com.br\/emfoco\/wp-content\/uploads\/2025\/01\/Placa-Carro_1736512291479.jpg","datePublished":"2025-01-10T23:00:00+00:00","dateModified":"2025-01-10T12:35:48+00:00","author":{"@id":"https:\/\/www.em.com.br\/emfoco\/#\/schema\/person\/fb0a7f48c6fbb94b83f413a80f61917d"},"description":"Ve\u00edculos com essas placas podem circular no Brasil? Confira!","breadcrumb":{"@id":"https:\/\/www.em.com.br\/emfoco\/2025\/01\/10\/carros-com-placas-de-papel-no-brasil\/#breadcrumb"},"inLanguage":"pt-BR","potentialAction":[{"@type":"ReadAction","target":["https:\/\/www.em.com.br\/emfoco\/2025\/01\/10\/carros-com-placas-de-papel-no-brasil\/"]}]},{"@type":"ImageObject","inLanguage":"pt-BR","@id":"https:\/\/www.em.com.br\/emfoco\/2025\/01\/10\/carros-com-placas-de-papel-no-brasil\/#primaryimage","url":"https:\/\/www.em.com.br\/emfoco\/wp-content\/uploads\/2025\/01\/Placa-Carro_1736512291479.jpg","contentUrl":"https:\/\/www.em.com.br\/emfoco\/wp-content\/uploads\/2025\/01\/Placa-Carro_1736512291479.jpg","width":1280,"height":720,"caption":"Placas de Carro - Cr\u00e9ditos: depositphotos.com \/ jensrother"},{"@type":"BreadcrumbList","@id":"https:\/\/www.em.com.br\/emfoco\/2025\/01\/10\/carros-com-placas-de-papel-no-brasil\/#breadcrumb","itemListElement":[{"@type":"ListItem","position":1,"name":"In\u00edcio","item":"https:\/\/www.em.com.br\/emfoco\/"},{"@type":"ListItem","position":2,"name":"Carros com placas de papel no Brasil?"}]},{"@type":"WebSite","@id":"https:\/\/www.em.com.br\/emfoco\/#website","url":"https:\/\/www.em.com.br\/emfoco\/","name":"Estado de Minas - Em foco","description":"Acompanhe as \u00faltimas not\u00edcias e fique bem informado sobre tudo o que acontece em Minas Gerais, Brasil e no mundo.","potentialAction":[{"@type":"SearchAction","target":{"@type":"EntryPoint","urlTemplate":"https:\/\/www.em.com.br\/emfoco\/?s={search_term_string}"},"query-input":{"@type":"PropertyValueSpecification","valueRequired":true,"valueName":"search_term_string"}}],"inLanguage":"pt-BR"},{"@type":"Person","@id":"https:\/\/www.em.com.br\/emfoco\/#\/schema\/person\/fb0a7f48c6fbb94b83f413a80f61917d","name":"Kelvin","image":{"@type":"ImageObject","inLanguage":"pt-BR","@id":"https:\/\/www.em.com.br\/emfoco\/#\/schema\/person\/image\/","url":"https:\/\/secure.gravatar.com\/avatar\/e74f84337e6bf6c4c5e88fbdffa05270?s=96&d=mm&r=g","contentUrl":"https:\/\/secure.gravatar.com\/avatar\/e74f84337e6bf6c4c5e88fbdffa05270?s=96&d=mm&r=g","caption":"Kelvin"},"sameAs":["https:\/\/www.em.com.br\/emfoco"],"url":"https:\/\/www.em.com.br\/emfoco\/author\/kelvinmyth\/"}]}},"_links":{"self":[{"href":"https:\/\/www.em.com.br\/emfoco\/wp-json\/wp\/v2\/posts\/9677","targetHints":{"allow":["GET"]}}],"collection":[{"href":"https:\/\/www.em.com.br\/emfoco\/wp-json\/wp\/v2\/posts"}],"about":[{"href":"https:\/\/www.em.com.br\/emfoco\/wp-json\/wp\/v2\/types\/post"}],"author":[{"embeddable":true,"href":"https:\/\/www.em.com.br\/emfoco\/wp-json\/wp\/v2\/users\/7"}],"replies":[{"embeddable":true,"href":"https:\/\/www.em.com.br\/emfoco\/wp-json\/wp\/v2\/comments?post=9677"}],"version-history":[{"count":2,"href":"https:\/\/www.em.com.br\/emfoco\/wp-json\/wp\/v2\/posts\/9677\/revisions"}],"predecessor-version":[{"id":9682,"href":"https:\/\/www.em.com.br\/emfoco\/wp-json\/wp\/v2\/posts\/9677\/revisions\/9682"}],"wp:featuredmedia":[{"embeddable":true,"href":"https:\/\/www.em.com.br\/emfoco\/wp-json\/wp\/v2\/media\/9680"}],"wp:attachment":[{"href":"https:\/\/www.em.com.br\/emfoco\/wp-json\/wp\/v2\/media?parent=9677"}],"wp:term":[{"taxonomy":"category","embeddable":true,"href":"https:\/\/www.em.com.br\/emfoco\/wp-json\/wp\/v2\/categories?post=9677"},{"taxonomy":"post_tag","embeddable":true,"href":"https:\/\/www.em.com.br\/emfoco\/wp-json\/wp\/v2\/tags?post=9677"}],"curies":[{"name":"wp","href":"https:\/\/api.w.org\/{rel}","templated":true}]}}