{"id":96757,"date":"2025-08-26T20:18:00","date_gmt":"2025-08-26T23:18:00","guid":{"rendered":"https:\/\/www.em.com.br\/emfoco\/?p=96757"},"modified":"2025-08-26T13:37:57","modified_gmt":"2025-08-26T16:37:57","slug":"reabilitacao-pos-avc-muda-completamente-a-vida-do-paciente-quando-feita-da-forma-certa","status":"publish","type":"post","link":"https:\/\/www.em.com.br\/emfoco\/2025\/08\/26\/reabilitacao-pos-avc-muda-completamente-a-vida-do-paciente-quando-feita-da-forma-certa\/","title":{"rendered":"Reabilita\u00e7\u00e3o p\u00f3s-AVC muda completamente a vida do paciente quando feita da forma certa"},"content":{"rendered":"\n<p>O Acidente Vascular Cerebral (AVC), conhecido popularmente como derrame, \u00e9 uma condi\u00e7\u00e3o m\u00e9dica cr\u00edtica que requer aten\u00e7\u00e3o imediata e tratamento especializado para minimizar danos severos. A recupera\u00e7\u00e3o ap\u00f3s um AVC \u00e9 um desafio que envolve diversas etapas e m\u00faltiplos profissionais da sa\u00fade, com o objetivo de restaurar fun\u00e7\u00f5es corporais e cognitivas do paciente, como explica <a href=\"https:\/\/clinicaavanttos.com.br\/como-funciona-a-fisioterapia-para-quem-sofreu-um-avc\/\" target=\"_blank\" rel=\"noreferrer noopener\">a Cl\u00ednica Avanttos.<\/a><\/p>\n\n\n\n<p>No Brasil, a necessidade de cuidado p\u00f3s-AVC \u00e9 evidenciada por casos como o do ex-presidente Luiz In\u00e1cio Lula da Silva, que em 2023 iniciou fisioterapia ap\u00f3s sofrer um AVC. Este exemplo sublinha a import\u00e2ncia de estrat\u00e9gias de reabilita\u00e7\u00e3o eficazes que precisam ser iniciadas o mais r\u00e1pido poss\u00edvel. O potencial de recupera\u00e7\u00e3o aumenta significativamente quando o tratamento adequado \u00e9 iniciado logo ap\u00f3s o evento.<\/p>\n\n\n\n<h2 class=\"wp-block-heading\">Em que consiste a reabilita\u00e7\u00e3o p\u00f3s-AVC?<\/h2>\n\n\n\n<p>Reabilita\u00e7\u00e3o p\u00f3s-AVC envolve uma abordagem personalizada que considera as necessidades \u00fanicas de cada indiv\u00edduo. Inclui especialidades como fisioterapia, terapia ocupacional e fonoaudiologia. Um foco importante est\u00e1 na reeduca\u00e7\u00e3o motora, que busca recuperar o equil\u00edbrio, coordena\u00e7\u00e3o e for\u00e7a muscular. Este processo \u00e9 progressivo e muitas vezes come\u00e7a com assist\u00eancia para restaurar movimentos fundamentais dos <a href=\"https:\/\/www.em.com.br\/emfoco\/2025\/08\/25\/tecnicas-simples-que-transformam-a-vida-de-quem-sofre-para-respirar-todos-os-dias\/\" target=\"_blank\" rel=\"noreferrer noopener\">membros<\/a>.<\/p>\n\n\n\n<p>Al\u00e9m disso, muitos pacientes necessitam de suporte adicional para recuperar a comunica\u00e7\u00e3o, degluti\u00e7\u00e3o e fun\u00e7\u00f5es cognitivas. A reabilita\u00e7\u00e3o interdisciplinar, utilizando protocolos bem definidos, \u00e9 crucial para otimizar os resultados. Em certas ocasi\u00f5es, pode-se utilizar equipamentos adaptativos, como bengalas ou cadeiras de rodas, conforme a recupera\u00e7\u00e3o avan\u00e7a.<\/p>\n\n\n\n<h2 class=\"wp-block-heading\">Qual o papel dos exerc\u00edcios na fisioterapia p\u00f3s-AVC?<\/h2>\n\n\n\n<p>A fisioterapia para pacientes que sofreram AVC envolve exerc\u00edcios espec\u00edficos adaptados \u00e0s sequelas e limita\u00e7\u00f5es individuais. Alguns exemplos incluem:<\/p>\n\n\n\n<ul class=\"wp-block-list\">\n<li><strong>Exerc\u00edcios passivos:<\/strong> conduzidos pelo terapeuta para evitar rigidez em pacientes mais comprometidos.<\/li>\n\n\n\n<li><strong>Fortalecimento muscular:<\/strong> destinado a restaurar a for\u00e7a dos membros afetados.<\/li>\n\n\n\n<li><strong>Treinamento de marcha:<\/strong> t\u00e9cnicas que auxiliam na recupera\u00e7\u00e3o da capacidade de caminhar.<\/li>\n\n\n\n<li><strong>Exerc\u00edcios de equil\u00edbrio:<\/strong> essenciais para prevenir quedas.<\/li>\n\n\n\n<li><strong>Alongamentos:<\/strong> para manter a amplitude de movimento articular.<\/li>\n<\/ul>\n\n\n\n<p>A sele\u00e7\u00e3o dos exerc\u00edcios baseia-se em uma avalia\u00e7\u00e3o fisioterap\u00eautica detalhada, monitorando constantemente o progresso e ajustando as estrat\u00e9gias conforme necess\u00e1rio.<\/p>\n\n\n<div class=\"wp-block-image\">\n<figure class=\"aligncenter size-large\"><img loading=\"lazy\" decoding=\"async\" width=\"1024\" height=\"576\" src=\"https:\/\/www.em.com.br\/emfoco\/wp-content\/uploads\/2025\/08\/reabilitacao_1756226225655-1024x576.jpg\" alt=\"Reabilita\u00e7\u00e3o p\u00f3s-AVC muda completamente a vida do paciente quando feita da forma certa\" class=\"wp-image-96839\" srcset=\"https:\/\/www.em.com.br\/emfoco\/wp-content\/uploads\/2025\/08\/reabilitacao_1756226225655-1024x576.jpg 1024w, https:\/\/www.em.com.br\/emfoco\/wp-content\/uploads\/2025\/08\/reabilitacao_1756226225655-300x169.jpg 300w, https:\/\/www.em.com.br\/emfoco\/wp-content\/uploads\/2025\/08\/reabilitacao_1756226225655-768x432.jpg 768w, https:\/\/www.em.com.br\/emfoco\/wp-content\/uploads\/2025\/08\/reabilitacao_1756226225655-750x422.jpg 750w, https:\/\/www.em.com.br\/emfoco\/wp-content\/uploads\/2025\/08\/reabilitacao_1756226225655-1140x641.jpg 1140w, https:\/\/www.em.com.br\/emfoco\/wp-content\/uploads\/2025\/08\/reabilitacao_1756226225655.jpg 1280w\" sizes=\"auto, (max-width: 1024px) 100vw, 1024px\" \/><figcaption class=\"wp-element-caption\">Muitos pacientes necessitam de suporte adicional para recuperar a comunica\u00e7\u00e3o, degluti\u00e7\u00e3o e fun\u00e7\u00f5es cognitivas.(Cr\u00e9ditos: depositphotos.com \/ HayDmitriy)<\/figcaption><\/figure><\/div>\n\n\n<h2 class=\"wp-block-heading\">Por que a reabilita\u00e7\u00e3o \u00e9 vital para a qualidade de vida?<\/h2>\n\n\n\n<p>A reabilita\u00e7\u00e3o adequada n\u00e3o apenas promove melhorias motoras, mas tamb\u00e9m tem um impacto positivo no bem-estar psicol\u00f3gico e social do paciente. O isolamento social \u00e9 um risco para aqueles que lidam com sequelas, e o apoio de uma equipe multidisciplinar \u00e9 crucial para reintegra\u00e7\u00e3o social e familiar. Ademais, o tratamento cont\u00ednuo diminui a probabilidade de complica\u00e7\u00f5es, tais como \u00falceras por press\u00e3o, infec\u00e7\u00f5es respirat\u00f3rias e depress\u00e3o.<\/p>\n\n\n\n<p>A participa\u00e7\u00e3o ativa de familiares no processo de reabilita\u00e7\u00e3o \u00e9 fundamental. Os familiares ajudam criando um ambiente seguro, incentivando exerc\u00edcios prescritos, promovendo intera\u00e7\u00f5es sociais e mantendo contato constante com os profissionais de sa\u00fade para garantir o melhor suporte poss\u00edvel ao paciente.<\/p>\n","protected":false},"excerpt":{"rendered":"<p>O Acidente Vascular Cerebral (AVC), conhecido popularmente como derrame, \u00e9 uma condi\u00e7\u00e3o m\u00e9dica cr\u00edtica que requer aten\u00e7\u00e3o imediata e tratamento especializado para minimizar danos severos. A recupera\u00e7\u00e3o ap\u00f3s um AVC \u00e9 um desafio que envolve diversas etapas e m\u00faltiplos profissionais da sa\u00fade, com o objetivo de restaurar fun\u00e7\u00f5es corporais e cognitivas do paciente, como explica [&hellip;]<\/p>\n","protected":false},"author":10,"featured_media":96832,"comment_status":"open","ping_status":"open","sticky":false,"template":"","format":"standard","meta":{"jnews-multi-image_gallery":[],"jnews_single_post":{"format":"standard"},"jnews_primary_category":[],"jnews_social_meta":[],"jnews_override_counter":[],"footnotes":""},"categories":[9053],"tags":[1672,13130,1752],"class_list":["post-96757","post","type-post","status-publish","format-standard","has-post-thumbnail","hentry","category-saude","tag-avc","tag-fisioterapia","tag-recuperacao"],"yoast_head":"<!-- This site is optimized with the Yoast SEO plugin v23.8 - https:\/\/yoast.com\/wordpress\/plugins\/seo\/ -->\n<title>Reabilita\u00e7\u00e3o p\u00f3s-AVC muda completamente a vida do paciente quando feita da forma certa - Estado de Minas - Em foco<\/title>\n<meta name=\"description\" content=\"A reabilita\u00e7\u00e3o p\u00f3s-AVC envolve exerc\u00edcios personalizados e equipe multidisciplinar que restaura fun\u00e7\u00f5es e melhora a qualidade de vida\" \/>\n<meta name=\"robots\" content=\"index, follow, max-snippet:-1, max-image-preview:large, max-video-preview:-1\" \/>\n<link rel=\"canonical\" href=\"https:\/\/www.em.com.br\/emfoco\/2025\/08\/26\/reabilitacao-pos-avc-muda-completamente-a-vida-do-paciente-quando-feita-da-forma-certa\/\" \/>\n<meta property=\"og:locale\" content=\"pt_BR\" \/>\n<meta property=\"og:type\" content=\"article\" \/>\n<meta property=\"og:title\" content=\"Reabilita\u00e7\u00e3o p\u00f3s-AVC muda completamente a vida do paciente quando feita da forma certa - Estado de Minas - Em foco\" \/>\n<meta property=\"og:description\" content=\"A reabilita\u00e7\u00e3o p\u00f3s-AVC envolve exerc\u00edcios personalizados e equipe multidisciplinar que restaura fun\u00e7\u00f5es e melhora a qualidade de vida\" \/>\n<meta property=\"og:url\" content=\"https:\/\/www.em.com.br\/emfoco\/2025\/08\/26\/reabilitacao-pos-avc-muda-completamente-a-vida-do-paciente-quando-feita-da-forma-certa\/\" \/>\n<meta property=\"og:site_name\" content=\"Estado de Minas - Em foco\" \/>\n<meta property=\"article:published_time\" content=\"2025-08-26T23:18:00+00:00\" \/>\n<meta property=\"article:modified_time\" content=\"2025-08-26T16:37:57+00:00\" \/>\n<meta property=\"og:image\" content=\"https:\/\/www.em.com.br\/emfoco\/wp-content\/uploads\/2025\/08\/reabilitacao_1756226191251.jpg\" \/>\n\t<meta property=\"og:image:width\" content=\"1280\" \/>\n\t<meta property=\"og:image:height\" content=\"720\" \/>\n\t<meta property=\"og:image:type\" content=\"image\/jpeg\" \/>\n<meta name=\"author\" content=\"Patryck Reinehr\" \/>\n<meta name=\"twitter:card\" content=\"summary_large_image\" \/>\n<meta name=\"twitter:label1\" content=\"Escrito por\" \/>\n\t<meta name=\"twitter:data1\" content=\"Patryck Reinehr\" \/>\n\t<meta name=\"twitter:label2\" content=\"Est. tempo de leitura\" \/>\n\t<meta name=\"twitter:data2\" content=\"3 minutos\" \/>\n<!-- \/ Yoast SEO plugin. -->","yoast_head_json":{"title":"Reabilita\u00e7\u00e3o p\u00f3s-AVC muda completamente a vida do paciente quando feita da forma certa - Estado de Minas - Em foco","description":"A reabilita\u00e7\u00e3o p\u00f3s-AVC envolve exerc\u00edcios personalizados e equipe multidisciplinar que restaura fun\u00e7\u00f5es e melhora a qualidade de vida","robots":{"index":"index","follow":"follow","max-snippet":"max-snippet:-1","max-image-preview":"max-image-preview:large","max-video-preview":"max-video-preview:-1"},"canonical":"https:\/\/www.em.com.br\/emfoco\/2025\/08\/26\/reabilitacao-pos-avc-muda-completamente-a-vida-do-paciente-quando-feita-da-forma-certa\/","og_locale":"pt_BR","og_type":"article","og_title":"Reabilita\u00e7\u00e3o p\u00f3s-AVC muda completamente a vida do paciente quando feita da forma certa - Estado de Minas - Em foco","og_description":"A reabilita\u00e7\u00e3o p\u00f3s-AVC envolve exerc\u00edcios personalizados e equipe multidisciplinar que restaura fun\u00e7\u00f5es e melhora a qualidade de vida","og_url":"https:\/\/www.em.com.br\/emfoco\/2025\/08\/26\/reabilitacao-pos-avc-muda-completamente-a-vida-do-paciente-quando-feita-da-forma-certa\/","og_site_name":"Estado de Minas - Em foco","article_published_time":"2025-08-26T23:18:00+00:00","article_modified_time":"2025-08-26T16:37:57+00:00","og_image":[{"width":1280,"height":720,"url":"https:\/\/www.em.com.br\/emfoco\/wp-content\/uploads\/2025\/08\/reabilitacao_1756226191251.jpg","type":"image\/jpeg"}],"author":"Patryck Reinehr","twitter_card":"summary_large_image","twitter_misc":{"Escrito por":"Patryck Reinehr","Est. tempo de leitura":"3 minutos"},"schema":{"@context":"https:\/\/schema.org","@graph":[{"@type":"WebPage","@id":"https:\/\/www.em.com.br\/emfoco\/2025\/08\/26\/reabilitacao-pos-avc-muda-completamente-a-vida-do-paciente-quando-feita-da-forma-certa\/","url":"https:\/\/www.em.com.br\/emfoco\/2025\/08\/26\/reabilitacao-pos-avc-muda-completamente-a-vida-do-paciente-quando-feita-da-forma-certa\/","name":"Reabilita\u00e7\u00e3o p\u00f3s-AVC muda completamente a vida do paciente quando feita da forma certa - Estado de Minas - Em foco","isPartOf":{"@id":"https:\/\/www.em.com.br\/emfoco\/#website"},"primaryImageOfPage":{"@id":"https:\/\/www.em.com.br\/emfoco\/2025\/08\/26\/reabilitacao-pos-avc-muda-completamente-a-vida-do-paciente-quando-feita-da-forma-certa\/#primaryimage"},"image":{"@id":"https:\/\/www.em.com.br\/emfoco\/2025\/08\/26\/reabilitacao-pos-avc-muda-completamente-a-vida-do-paciente-quando-feita-da-forma-certa\/#primaryimage"},"thumbnailUrl":"https:\/\/www.em.com.br\/emfoco\/wp-content\/uploads\/2025\/08\/reabilitacao_1756226191251.jpg","datePublished":"2025-08-26T23:18:00+00:00","dateModified":"2025-08-26T16:37:57+00:00","author":{"@id":"https:\/\/www.em.com.br\/emfoco\/#\/schema\/person\/43407752bebcbbb4d0ec79deedc0d7ce"},"description":"A reabilita\u00e7\u00e3o p\u00f3s-AVC envolve exerc\u00edcios personalizados e equipe multidisciplinar que restaura fun\u00e7\u00f5es e melhora a qualidade de vida","breadcrumb":{"@id":"https:\/\/www.em.com.br\/emfoco\/2025\/08\/26\/reabilitacao-pos-avc-muda-completamente-a-vida-do-paciente-quando-feita-da-forma-certa\/#breadcrumb"},"inLanguage":"pt-BR","potentialAction":[{"@type":"ReadAction","target":["https:\/\/www.em.com.br\/emfoco\/2025\/08\/26\/reabilitacao-pos-avc-muda-completamente-a-vida-do-paciente-quando-feita-da-forma-certa\/"]}]},{"@type":"ImageObject","inLanguage":"pt-BR","@id":"https:\/\/www.em.com.br\/emfoco\/2025\/08\/26\/reabilitacao-pos-avc-muda-completamente-a-vida-do-paciente-quando-feita-da-forma-certa\/#primaryimage","url":"https:\/\/www.em.com.br\/emfoco\/wp-content\/uploads\/2025\/08\/reabilitacao_1756226191251.jpg","contentUrl":"https:\/\/www.em.com.br\/emfoco\/wp-content\/uploads\/2025\/08\/reabilitacao_1756226191251.jpg","width":1280,"height":720,"caption":"A recupera\u00e7\u00e3o ap\u00f3s um AVC \u00e9 um desafio que envolve diversas etapas (Cr\u00e9ditos: depositphotos.com \/ Kzenon)"},{"@type":"BreadcrumbList","@id":"https:\/\/www.em.com.br\/emfoco\/2025\/08\/26\/reabilitacao-pos-avc-muda-completamente-a-vida-do-paciente-quando-feita-da-forma-certa\/#breadcrumb","itemListElement":[{"@type":"ListItem","position":1,"name":"In\u00edcio","item":"https:\/\/www.em.com.br\/emfoco\/"},{"@type":"ListItem","position":2,"name":"Reabilita\u00e7\u00e3o p\u00f3s-AVC muda completamente a vida do paciente quando feita da forma certa"}]},{"@type":"WebSite","@id":"https:\/\/www.em.com.br\/emfoco\/#website","url":"https:\/\/www.em.com.br\/emfoco\/","name":"Estado de Minas - Em foco","description":"Acompanhe as \u00faltimas not\u00edcias e fique bem informado sobre tudo o que acontece em Minas Gerais, Brasil e no mundo.","potentialAction":[{"@type":"SearchAction","target":{"@type":"EntryPoint","urlTemplate":"https:\/\/www.em.com.br\/emfoco\/?s={search_term_string}"},"query-input":{"@type":"PropertyValueSpecification","valueRequired":true,"valueName":"search_term_string"}}],"inLanguage":"pt-BR"},{"@type":"Person","@id":"https:\/\/www.em.com.br\/emfoco\/#\/schema\/person\/43407752bebcbbb4d0ec79deedc0d7ce","name":"Patryck Reinehr","image":{"@type":"ImageObject","inLanguage":"pt-BR","@id":"https:\/\/www.em.com.br\/emfoco\/#\/schema\/person\/image\/","url":"https:\/\/secure.gravatar.com\/avatar\/570c7fb2898c0e2df0823196891bea88?s=96&d=mm&r=g","contentUrl":"https:\/\/secure.gravatar.com\/avatar\/570c7fb2898c0e2df0823196891bea88?s=96&d=mm&r=g","caption":"Patryck Reinehr"},"url":"https:\/\/www.em.com.br\/emfoco\/author\/patryckmyth\/"}]}},"_links":{"self":[{"href":"https:\/\/www.em.com.br\/emfoco\/wp-json\/wp\/v2\/posts\/96757","targetHints":{"allow":["GET"]}}],"collection":[{"href":"https:\/\/www.em.com.br\/emfoco\/wp-json\/wp\/v2\/posts"}],"about":[{"href":"https:\/\/www.em.com.br\/emfoco\/wp-json\/wp\/v2\/types\/post"}],"author":[{"embeddable":true,"href":"https:\/\/www.em.com.br\/emfoco\/wp-json\/wp\/v2\/users\/10"}],"replies":[{"embeddable":true,"href":"https:\/\/www.em.com.br\/emfoco\/wp-json\/wp\/v2\/comments?post=96757"}],"version-history":[{"count":1,"href":"https:\/\/www.em.com.br\/emfoco\/wp-json\/wp\/v2\/posts\/96757\/revisions"}],"predecessor-version":[{"id":96840,"href":"https:\/\/www.em.com.br\/emfoco\/wp-json\/wp\/v2\/posts\/96757\/revisions\/96840"}],"wp:featuredmedia":[{"embeddable":true,"href":"https:\/\/www.em.com.br\/emfoco\/wp-json\/wp\/v2\/media\/96832"}],"wp:attachment":[{"href":"https:\/\/www.em.com.br\/emfoco\/wp-json\/wp\/v2\/media?parent=96757"}],"wp:term":[{"taxonomy":"category","embeddable":true,"href":"https:\/\/www.em.com.br\/emfoco\/wp-json\/wp\/v2\/categories?post=96757"},{"taxonomy":"post_tag","embeddable":true,"href":"https:\/\/www.em.com.br\/emfoco\/wp-json\/wp\/v2\/tags?post=96757"}],"curies":[{"name":"wp","href":"https:\/\/api.w.org\/{rel}","templated":true}]}}