{"id":96683,"date":"2025-08-28T05:38:00","date_gmt":"2025-08-28T08:38:00","guid":{"rendered":"https:\/\/www.em.com.br\/emfoco\/?p=96683"},"modified":"2025-08-26T16:16:24","modified_gmt":"2025-08-26T19:16:24","slug":"esses-5-signos-serao-impactados-diretamente-pelo-calendario-lunar-de-setembro","status":"publish","type":"post","link":"https:\/\/www.em.com.br\/emfoco\/2025\/08\/28\/esses-5-signos-serao-impactados-diretamente-pelo-calendario-lunar-de-setembro\/","title":{"rendered":"Esses 5 signos ser\u00e3o impactados diretamente pelo calend\u00e1rio lunar de setembro"},"content":{"rendered":"\n<p>O\u00a0<a href=\"https:\/\/portal.inmet.gov.br\/paginas\/luas\" target=\"_blank\" rel=\"noreferrer noopener\"><strong>calend\u00e1rio lunar<\/strong>\u00a0<\/a>de setembro permite saber quando o\u00a0<strong>sat\u00e9lite natural<\/strong>\u00a0passar\u00e1 por suas diferentes fases durante o nono m\u00eas do ano. Entre elas, destaca-se a Lua cheia, momento em que pode ser vista em sua totalidade no c\u00e9u.<\/p>\n\n\n\n<ul class=\"wp-block-list\">\n<li><strong>Fases Lunares<\/strong>: Conhe\u00e7a as datas exatas de cada fase lunar em setembro de 2025.<\/li>\n\n\n\n<li><strong>Eclipse Total da Lua<\/strong>: N\u00e3o perca esse fen\u00f4meno espetacular que deixar\u00e1 o sat\u00e9lite com uma colora\u00e7\u00e3o avermelhada.<\/li>\n\n\n\n<li><strong>Conex\u00e3o esot\u00e9rica<\/strong>: Descubra como as fases lunares podem influenciar a vida cotidiana e certas atividades.<\/li>\n<\/ul>\n\n\n\n<h2 class=\"wp-block-heading\">Quais s\u00e3o as fases da lua em setembro de 2025?<\/h2>\n\n\n\n<p>As fases da Lua s\u00e3o determinadas pelo&nbsp;<strong>ciclo de 28 dias<\/strong>&nbsp;do sat\u00e9lite natural, que afeta sua visibilidade no c\u00e9u. Em setembro de&nbsp;<strong>2025<\/strong>, as datas espec\u00edficas de cada fase s\u00e3o:<\/p>\n\n\n\n<p>Segundo o site&nbsp;<strong>Time and Date<\/strong>, estas s\u00e3o:<\/p>\n\n\n\n<ul class=\"wp-block-list\">\n<li><strong>Lua nova<\/strong>: Final do m\u00eas, coincidindo com o\u00a0<strong>eclipse solar parcial<\/strong>.<\/li>\n\n\n\n<li><strong>Crescente<\/strong>: No meio do m\u00eas, o sat\u00e9lite come\u00e7a a se iluminar.<\/li>\n\n\n\n<li><strong>Lua cheia<\/strong>: No in\u00edcio da primeira semana, o sat\u00e9lite estar\u00e1 totalmente vis\u00edvel.<\/li>\n\n\n\n<li><strong>Minguante<\/strong>: Antes do final do m\u00eas, a ilumina\u00e7\u00e3o do sat\u00e9lite diminuir\u00e1.<\/li>\n<\/ul>\n\n\n\n<figure class=\"wp-block-image size-large\"><img loading=\"lazy\" decoding=\"async\" width=\"1024\" height=\"576\" src=\"https:\/\/www.em.com.br\/emfoco\/wp-content\/uploads\/2025\/08\/calendario-lunar_1756229627941-1024x576.jpg\" alt=\"\" class=\"wp-image-96824\" srcset=\"https:\/\/www.em.com.br\/emfoco\/wp-content\/uploads\/2025\/08\/calendario-lunar_1756229627941-1024x576.jpg 1024w, https:\/\/www.em.com.br\/emfoco\/wp-content\/uploads\/2025\/08\/calendario-lunar_1756229627941-300x169.jpg 300w, https:\/\/www.em.com.br\/emfoco\/wp-content\/uploads\/2025\/08\/calendario-lunar_1756229627941-768x432.jpg 768w, https:\/\/www.em.com.br\/emfoco\/wp-content\/uploads\/2025\/08\/calendario-lunar_1756229627941-750x422.jpg 750w, https:\/\/www.em.com.br\/emfoco\/wp-content\/uploads\/2025\/08\/calendario-lunar_1756229627941-1140x641.jpg 1140w, https:\/\/www.em.com.br\/emfoco\/wp-content\/uploads\/2025\/08\/calendario-lunar_1756229627941.jpg 1280w\" sizes=\"auto, (max-width: 1024px) 100vw, 1024px\" \/><figcaption class=\"wp-element-caption\">Fases da Lua &#8211; Cr\u00e9ditos: depositphotos.com \/ mejn<\/figcaption><\/figure>\n\n\n\n<h2 class=\"wp-block-heading\">Como as fases lunares afetam nossas vidas?<\/h2>\n\n\n\n<p>Muitas pessoas acreditam que as&nbsp;<strong>fases da Lua<\/strong>&nbsp;podem impactar o cotidiano e at\u00e9 mesmo o humor. Por exemplo, h\u00e1 quem diga que o&nbsp;<strong>corte de cabelo<\/strong>&nbsp;pode ser influenciado pelas fases lunares. Esse \u00e9 apenas um dos muitos mitos que cercam esse fen\u00f4meno.<\/p>\n\n\n\n<p>Para os entusiastas de astronomia e do esot\u00e9rico, momentos como o&nbsp;<strong>eclipse total da lua<\/strong>&nbsp;s\u00e3o imperd\u00edveis. Este m\u00eas, esse eclipse ocorrer\u00e1 junto do&nbsp;<strong>plenil\u00fanio<\/strong>&nbsp;e ser\u00e1 vis\u00edvel em grande parte do mundo.<\/p>\n\n\n\n<h2 class=\"wp-block-heading\">Como o calend\u00e1rio lunar influencia os signos em setembro de 2025?<\/h2>\n\n\n\n<p>A influ\u00eancia das fases da lua sobre os <a href=\"https:\/\/www.em.com.br\/emfoco\/2025\/08\/26\/os-signos-que-carregam-mais-inveja-e-que-e-melhor-manter-afastados\/\" target=\"_blank\" rel=\"noreferrer noopener\">signos <\/a>do zod\u00edaco \u00e9 reconhecida por astr\u00f3logos como um fator de transforma\u00e7\u00e3o emocional e energ\u00e9tica. Neste m\u00eas de setembro, com eclipses e mudan\u00e7as significativas no ciclo lunar, certos signos ser\u00e3o especialmente impactados, tanto no amor quanto no trabalho.<\/p>\n\n\n\n<ul class=\"wp-block-list\">\n<li><strong>C\u00e2ncer<\/strong>: Com a lua como regente, os cancerianos sentir\u00e3o grande sensibilidade no campo emocional. No amor, rela\u00e7\u00f5es passar\u00e3o por momentos de intensidade e renova\u00e7\u00e3o. No trabalho, ser\u00e1 um per\u00edodo de inspira\u00e7\u00e3o criativa, mas tamb\u00e9m de necessidade de cuidados com o humor.<\/li>\n\n\n\n<li><strong>Peixes<\/strong>: A Lua Cheia potencializa a intui\u00e7\u00e3o pisciana. No amor, revela\u00e7\u00f5es importantes podem acontecer, positivas ou negativas. No trabalho, \u00e9 tempo de confiar nos instintos para tomar decis\u00f5es.<\/li>\n\n\n\n<li><strong>Virgem<\/strong>: O eclipse solar parcial e a Lua Nova, pr\u00f3ximos ao signo, trazem oportunidades de recome\u00e7o especialmente no trabalho. No campo amoroso, reflex\u00f5es profundas sobre o relacionamento ser\u00e3o comuns.<\/li>\n\n\n\n<li><strong>\u00c1ries<\/strong>: Com as fortes energias dos eclipses, arianos sentir\u00e3o o impulso de agir. No amor, haver\u00e1 desejo de mudan\u00e7as e defini\u00e7\u00f5es. No trabalho, cautela para n\u00e3o tomar decis\u00f5es precipitadas.<\/li>\n\n\n\n<li><strong>Capric\u00f3rnio<\/strong>: A fase minguante e os eclipses podem trazer revis\u00f5es sobre metas profissionais. No amor, o per\u00edodo convida ao di\u00e1logo e \u00e0 constru\u00e7\u00e3o conjunta.<\/li>\n<\/ul>\n\n\n\n<figure class=\"wp-block-image\"><img decoding=\"async\" src=\"https:\/\/www.em.com.br\/emfoco\/wp-content\/uploads\/2025\/02\/horoscopo_1740792668649-1-1024x576.jpg\" alt=\"\"\/><figcaption class=\"wp-element-caption\">Imagem mandala de signos &#8211; Cr\u00e9ditos: depositphotos.com \/ gmac84<\/figcaption><\/figure>\n\n\n\n<p>Outros signos tamb\u00e9m sentir\u00e3o oscila\u00e7\u00f5es, mas C\u00e2ncer, Peixes, Virgem, \u00c1ries e Capric\u00f3rnio ser\u00e3o os mais afetados neste m\u00eas pelas potentes energias lunares, tanto nos relacionamentos quanto nas conquistas profissionais.<\/p>\n\n\n\n<h2 class=\"wp-block-heading\">Qual o significado da &#8220;Lua da Colheita&#8221;?<\/h2>\n\n\n\n<p>A&nbsp;<strong>Lua cheia de setembro<\/strong>&nbsp;\u00e9 conhecida como &#8220;Lua da Colheita&#8221;. Esse termo vem dos povos origin\u00e1rios da&nbsp;<strong>Am\u00e9rica do Norte<\/strong>, para quem as fases lunares marcavam a passagem do tempo. Esse&nbsp;<strong>plenil\u00fanio<\/strong>&nbsp;coincide com o&nbsp;<strong>equin\u00f3cio<\/strong>, marcando o in\u00edcio do outono ou da primavera, dependendo do hemisf\u00e9rio.<\/p>\n\n\n\n<p>Esse per\u00edodo \u00e9 significativo por indicar a \u00e9poca das colheitas, quando o sat\u00e9lite est\u00e1 mais pr\u00f3ximo do equin\u00f3cio.<\/p>\n\n\n\n<h2 class=\"wp-block-heading\">Quais eventos astron\u00f4micos s\u00e3o destaque em setembro?<\/h2>\n\n\n\n<p>Neste m\u00eas, n\u00e3o teremos apenas a j\u00e1 mencionada lua cheia, mas tamb\u00e9m o&nbsp;<strong>eclipse total da lua<\/strong>&nbsp;e o&nbsp;<strong>eclipse solar parcial<\/strong>. Esses eventos astron\u00f4micos representam uma oportunidade \u00fanica para observar fen\u00f4menos celestes que n\u00e3o s\u00e3o frequentes em um curto intervalo de tempo.<\/p>\n\n\n\n<p>Experi\u00eancias como essas conectam o ser humano com o cosmos e aumentam o interesse pela&nbsp;<strong>astronomia<\/strong>&nbsp;e sua rela\u00e7\u00e3o com a vida cotidiana.<\/p>\n\n\n\n<h2 class=\"wp-block-heading\">O que podemos aprender sobre fases e fen\u00f4menos lunares?<\/h2>\n\n\n\n<ul class=\"wp-block-list\">\n<li><strong>Conhecimento sobre as fases lunares<\/strong>: Cada fase da lua tem seu significado pr\u00f3prio, num ciclo mensal de aproximadamente 28 dias.<\/li>\n\n\n\n<li><strong>Eclipses e equin\u00f3cios<\/strong>: Fen\u00f4menos que n\u00e3o s\u00f3 fascinam amantes da astronomia, mas tamb\u00e9m influenciam culturas e atividades ao redor do mundo.<\/li>\n\n\n\n<li><strong>Influ\u00eancia cultural e pr\u00e1tica<\/strong>: As fases lunares guiaram calend\u00e1rios, cerim\u00f4nias e pr\u00e1ticas agr\u00edcolas desde tempos antigos.<\/li>\n<\/ul>\n","protected":false},"excerpt":{"rendered":"<p>O\u00a0calend\u00e1rio lunar\u00a0de setembro permite saber quando o\u00a0sat\u00e9lite natural\u00a0passar\u00e1 por suas diferentes fases durante o nono m\u00eas do ano. Entre elas, destaca-se a Lua cheia, momento em que pode ser vista em sua totalidade no c\u00e9u. Quais s\u00e3o as fases da lua em setembro de 2025? As fases da Lua s\u00e3o determinadas pelo&nbsp;ciclo de 28 dias&nbsp;do [&hellip;]<\/p>\n","protected":false},"author":11,"featured_media":96821,"comment_status":"open","ping_status":"open","sticky":false,"template":"","format":"standard","meta":{"jnews-multi-image_gallery":[],"jnews_single_post":{"format":"standard"},"jnews_primary_category":[],"jnews_social_meta":[],"jnews_override_counter":[],"footnotes":""},"categories":[1,25],"tags":[3938,168,3378,2035],"class_list":["post-96683","post","type-post","status-publish","format-standard","has-post-thumbnail","hentry","category-noticias","category-signos","tag-lua","tag-signos","tag-signos-2025","tag-signos-do-zodiaco"],"yoast_head":"<!-- This site is optimized with the Yoast SEO plugin v23.8 - https:\/\/yoast.com\/wordpress\/plugins\/seo\/ -->\n<title>Esses 5 signos ser\u00e3o impactados diretamente pelo calend\u00e1rio lunar de setembro - Estado de Minas - Em foco<\/title>\n<meta name=\"description\" content=\"O calend\u00e1rio lunar de setembro traz eclipses e fases cheias de significado. Veja o que esperar desse m\u00eas m\u00e1gico.\" \/>\n<meta name=\"robots\" content=\"index, follow, max-snippet:-1, max-image-preview:large, max-video-preview:-1\" \/>\n<link rel=\"canonical\" href=\"https:\/\/www.em.com.br\/emfoco\/2025\/08\/28\/esses-5-signos-serao-impactados-diretamente-pelo-calendario-lunar-de-setembro\/\" \/>\n<meta property=\"og:locale\" content=\"pt_BR\" \/>\n<meta property=\"og:type\" content=\"article\" \/>\n<meta property=\"og:title\" content=\"Esses 5 signos ser\u00e3o impactados diretamente pelo calend\u00e1rio lunar de setembro - Estado de Minas - Em foco\" \/>\n<meta property=\"og:description\" content=\"O calend\u00e1rio lunar de setembro traz eclipses e fases cheias de significado. Veja o que esperar desse m\u00eas m\u00e1gico.\" \/>\n<meta property=\"og:url\" content=\"https:\/\/www.em.com.br\/emfoco\/2025\/08\/28\/esses-5-signos-serao-impactados-diretamente-pelo-calendario-lunar-de-setembro\/\" \/>\n<meta property=\"og:site_name\" content=\"Estado de Minas - Em foco\" \/>\n<meta property=\"article:published_time\" content=\"2025-08-28T08:38:00+00:00\" \/>\n<meta property=\"article:modified_time\" content=\"2025-08-26T19:16:24+00:00\" \/>\n<meta property=\"og:image\" content=\"https:\/\/www.em.com.br\/emfoco\/wp-content\/uploads\/2025\/08\/signo-e-a-lua_1756229571848.jpg\" \/>\n\t<meta property=\"og:image:width\" content=\"1280\" \/>\n\t<meta property=\"og:image:height\" content=\"720\" \/>\n\t<meta property=\"og:image:type\" content=\"image\/jpeg\" \/>\n<meta name=\"author\" content=\"Andre\u0301 Rangel\u00a0\" \/>\n<meta name=\"twitter:card\" content=\"summary_large_image\" \/>\n<meta name=\"twitter:label1\" content=\"Escrito por\" \/>\n\t<meta name=\"twitter:data1\" content=\"Andre\u0301 Rangel\u00a0\" \/>\n\t<meta name=\"twitter:label2\" content=\"Est. tempo de leitura\" \/>\n\t<meta name=\"twitter:data2\" content=\"5 minutos\" \/>\n<!-- \/ Yoast SEO plugin. -->","yoast_head_json":{"title":"Esses 5 signos ser\u00e3o impactados diretamente pelo calend\u00e1rio lunar de setembro - Estado de Minas - Em foco","description":"O calend\u00e1rio lunar de setembro traz eclipses e fases cheias de significado. Veja o que esperar desse m\u00eas m\u00e1gico.","robots":{"index":"index","follow":"follow","max-snippet":"max-snippet:-1","max-image-preview":"max-image-preview:large","max-video-preview":"max-video-preview:-1"},"canonical":"https:\/\/www.em.com.br\/emfoco\/2025\/08\/28\/esses-5-signos-serao-impactados-diretamente-pelo-calendario-lunar-de-setembro\/","og_locale":"pt_BR","og_type":"article","og_title":"Esses 5 signos ser\u00e3o impactados diretamente pelo calend\u00e1rio lunar de setembro - Estado de Minas - Em foco","og_description":"O calend\u00e1rio lunar de setembro traz eclipses e fases cheias de significado. Veja o que esperar desse m\u00eas m\u00e1gico.","og_url":"https:\/\/www.em.com.br\/emfoco\/2025\/08\/28\/esses-5-signos-serao-impactados-diretamente-pelo-calendario-lunar-de-setembro\/","og_site_name":"Estado de Minas - Em foco","article_published_time":"2025-08-28T08:38:00+00:00","article_modified_time":"2025-08-26T19:16:24+00:00","og_image":[{"width":1280,"height":720,"url":"https:\/\/www.em.com.br\/emfoco\/wp-content\/uploads\/2025\/08\/signo-e-a-lua_1756229571848.jpg","type":"image\/jpeg"}],"author":"Andre\u0301 Rangel\u00a0","twitter_card":"summary_large_image","twitter_misc":{"Escrito por":"Andre\u0301 Rangel\u00a0","Est. tempo de leitura":"5 minutos"},"schema":{"@context":"https:\/\/schema.org","@graph":[{"@type":"WebPage","@id":"https:\/\/www.em.com.br\/emfoco\/2025\/08\/28\/esses-5-signos-serao-impactados-diretamente-pelo-calendario-lunar-de-setembro\/","url":"https:\/\/www.em.com.br\/emfoco\/2025\/08\/28\/esses-5-signos-serao-impactados-diretamente-pelo-calendario-lunar-de-setembro\/","name":"Esses 5 signos ser\u00e3o impactados diretamente pelo calend\u00e1rio lunar de setembro - Estado de Minas - Em foco","isPartOf":{"@id":"https:\/\/www.em.com.br\/emfoco\/#website"},"primaryImageOfPage":{"@id":"https:\/\/www.em.com.br\/emfoco\/2025\/08\/28\/esses-5-signos-serao-impactados-diretamente-pelo-calendario-lunar-de-setembro\/#primaryimage"},"image":{"@id":"https:\/\/www.em.com.br\/emfoco\/2025\/08\/28\/esses-5-signos-serao-impactados-diretamente-pelo-calendario-lunar-de-setembro\/#primaryimage"},"thumbnailUrl":"https:\/\/www.em.com.br\/emfoco\/wp-content\/uploads\/2025\/08\/signo-e-a-lua_1756229571848.jpg","datePublished":"2025-08-28T08:38:00+00:00","dateModified":"2025-08-26T19:16:24+00:00","author":{"@id":"https:\/\/www.em.com.br\/emfoco\/#\/schema\/person\/60eda09c1fedf0d6891f4cef4b60b8b8"},"description":"O calend\u00e1rio lunar de setembro traz eclipses e fases cheias de significado. Veja o que esperar desse m\u00eas m\u00e1gico.","breadcrumb":{"@id":"https:\/\/www.em.com.br\/emfoco\/2025\/08\/28\/esses-5-signos-serao-impactados-diretamente-pelo-calendario-lunar-de-setembro\/#breadcrumb"},"inLanguage":"pt-BR","potentialAction":[{"@type":"ReadAction","target":["https:\/\/www.em.com.br\/emfoco\/2025\/08\/28\/esses-5-signos-serao-impactados-diretamente-pelo-calendario-lunar-de-setembro\/"]}]},{"@type":"ImageObject","inLanguage":"pt-BR","@id":"https:\/\/www.em.com.br\/emfoco\/2025\/08\/28\/esses-5-signos-serao-impactados-diretamente-pelo-calendario-lunar-de-setembro\/#primaryimage","url":"https:\/\/www.em.com.br\/emfoco\/wp-content\/uploads\/2025\/08\/signo-e-a-lua_1756229571848.jpg","contentUrl":"https:\/\/www.em.com.br\/emfoco\/wp-content\/uploads\/2025\/08\/signo-e-a-lua_1756229571848.jpg","width":1280,"height":720,"caption":"Signos com mais sorte - Cr\u00e9ditos: depositphotos.com \/ rfphoto"},{"@type":"BreadcrumbList","@id":"https:\/\/www.em.com.br\/emfoco\/2025\/08\/28\/esses-5-signos-serao-impactados-diretamente-pelo-calendario-lunar-de-setembro\/#breadcrumb","itemListElement":[{"@type":"ListItem","position":1,"name":"In\u00edcio","item":"https:\/\/www.em.com.br\/emfoco\/"},{"@type":"ListItem","position":2,"name":"Esses 5 signos ser\u00e3o impactados diretamente pelo calend\u00e1rio lunar de setembro"}]},{"@type":"WebSite","@id":"https:\/\/www.em.com.br\/emfoco\/#website","url":"https:\/\/www.em.com.br\/emfoco\/","name":"Estado de Minas - Em foco","description":"Acompanhe as \u00faltimas not\u00edcias e fique bem informado sobre tudo o que acontece em Minas Gerais, Brasil e no mundo.","potentialAction":[{"@type":"SearchAction","target":{"@type":"EntryPoint","urlTemplate":"https:\/\/www.em.com.br\/emfoco\/?s={search_term_string}"},"query-input":{"@type":"PropertyValueSpecification","valueRequired":true,"valueName":"search_term_string"}}],"inLanguage":"pt-BR"},{"@type":"Person","@id":"https:\/\/www.em.com.br\/emfoco\/#\/schema\/person\/60eda09c1fedf0d6891f4cef4b60b8b8","name":"Andre\u0301 Rangel\u00a0","image":{"@type":"ImageObject","inLanguage":"pt-BR","@id":"https:\/\/www.em.com.br\/emfoco\/#\/schema\/person\/image\/","url":"https:\/\/secure.gravatar.com\/avatar\/6234dc814c77c8ef6d8bba622c787efc?s=96&d=mm&r=g","contentUrl":"https:\/\/secure.gravatar.com\/avatar\/6234dc814c77c8ef6d8bba622c787efc?s=96&d=mm&r=g","caption":"Andre\u0301 Rangel\u00a0"},"url":"https:\/\/www.em.com.br\/emfoco\/author\/luizmyth\/"}]}},"_links":{"self":[{"href":"https:\/\/www.em.com.br\/emfoco\/wp-json\/wp\/v2\/posts\/96683","targetHints":{"allow":["GET"]}}],"collection":[{"href":"https:\/\/www.em.com.br\/emfoco\/wp-json\/wp\/v2\/posts"}],"about":[{"href":"https:\/\/www.em.com.br\/emfoco\/wp-json\/wp\/v2\/types\/post"}],"author":[{"embeddable":true,"href":"https:\/\/www.em.com.br\/emfoco\/wp-json\/wp\/v2\/users\/11"}],"replies":[{"embeddable":true,"href":"https:\/\/www.em.com.br\/emfoco\/wp-json\/wp\/v2\/comments?post=96683"}],"version-history":[{"count":5,"href":"https:\/\/www.em.com.br\/emfoco\/wp-json\/wp\/v2\/posts\/96683\/revisions"}],"predecessor-version":[{"id":96826,"href":"https:\/\/www.em.com.br\/emfoco\/wp-json\/wp\/v2\/posts\/96683\/revisions\/96826"}],"wp:featuredmedia":[{"embeddable":true,"href":"https:\/\/www.em.com.br\/emfoco\/wp-json\/wp\/v2\/media\/96821"}],"wp:attachment":[{"href":"https:\/\/www.em.com.br\/emfoco\/wp-json\/wp\/v2\/media?parent=96683"}],"wp:term":[{"taxonomy":"category","embeddable":true,"href":"https:\/\/www.em.com.br\/emfoco\/wp-json\/wp\/v2\/categories?post=96683"},{"taxonomy":"post_tag","embeddable":true,"href":"https:\/\/www.em.com.br\/emfoco\/wp-json\/wp\/v2\/tags?post=96683"}],"curies":[{"name":"wp","href":"https:\/\/api.w.org\/{rel}","templated":true}]}}