{"id":96448,"date":"2025-08-25T20:58:51","date_gmt":"2025-08-25T23:58:51","guid":{"rendered":"https:\/\/www.em.com.br\/emfoco\/?p=96448"},"modified":"2025-08-25T20:58:53","modified_gmt":"2025-08-25T23:58:53","slug":"o-primo-rico-entrevista-o-especialista-tcar-que-aponta-5-pontos-essenciais-para-analisar-antes-de-comprar-um-carro-usado","status":"publish","type":"post","link":"https:\/\/www.em.com.br\/emfoco\/2025\/08\/25\/o-primo-rico-entrevista-o-especialista-tcar-que-aponta-5-pontos-essenciais-para-analisar-antes-de-comprar-um-carro-usado\/","title":{"rendered":"O Primo Rico entrevista o especialista TCar, que aponta: 5 pontos essenciais para analisar antes de comprar um carro usado"},"content":{"rendered":"\n<p>Comprar um carro usado pode ser uma \u00f3tima forma de economizar, mas exige aten\u00e7\u00e3o a detalhes que fazem toda a diferen\u00e7a no valor do ve\u00edculo e nos custos futuros de manuten\u00e7\u00e3o. O especialista em mercado automotivo explica quais s\u00e3o os cinco fatores principais que voc\u00ea deve avaliar antes de fechar neg\u00f3cio.<\/p>\n\n\n\n<p>Segundo ele, uma an\u00e1lise cuidadosa evita preju\u00edzos e ajuda a escolher um carro que mantenha seu valor no mercado, al\u00e9m de garantir seguran\u00e7a e conforto no uso di\u00e1rio.<\/p>\n\n\n\n<h2 class=\"wp-block-heading\">1. Loja ou vendedor fazem diferen\u00e7a?<\/h2>\n\n\n\n<p>O primeiro ponto \u00e9 avaliar a reputa\u00e7\u00e3o da loja ou do vendedor. Escolher um local confi\u00e1vel aumenta a seguran\u00e7a da compra e reduz riscos de adquirir ve\u00edculos adulterados, com problemas legais ou hist\u00f3ricos duvidosos.<\/p>\n\n\n\n<p>Pesquise a credibilidade da empresa, verifique avalia\u00e7\u00f5es de outros clientes e desconfie de pre\u00e7os muito abaixo do mercado.<\/p>\n\n\n\n<h2 class=\"wp-block-heading\">2. Qual a quilometragem ideal em um carro usado?<\/h2>\n\n\n\n<p>A quilometragem \u00e9 um dos fatores mais importantes. Quanto menor, melhor. Ve\u00edculos com at\u00e9 10 mil quil\u00f4metros geralmente ainda est\u00e3o em \u00f3timo estado, mas modelos com at\u00e9 50 mil km podem ser boas op\u00e7\u00f5es.<\/p>\n\n\n\n<p>Acima desse n\u00famero, \u00e9 preciso analisar o ano do carro e seu hist\u00f3rico de manuten\u00e7\u00e3o. Um ve\u00edculo muito novo com quilometragem alta pode indicar uso intenso e desgaste acelerado.<\/p>\n\n\n\n<h2 class=\"wp-block-heading\">3. Por que a estrutura do carro \u00e9 t\u00e3o importante?<\/h2>\n\n\n\n<p>Trocar pneus, bancos e pe\u00e7as internas \u00e9 relativamente simples. O que realmente n\u00e3o tem conserto \u00e9 a <strong>estrutura do carro<\/strong>. Por isso, \u00e9 essencial fazer um laudo cautelar antes da compra, verificando se o ve\u00edculo sofreu colis\u00f5es graves ou reparos estruturais.<\/p>\n\n\n\n<p>Um carro batido pode esconder problemas de seguran\u00e7a, afetando a dirigibilidade e desvalorizando o bem.<\/p>\n\n\n\n<h2 class=\"wp-block-heading\">4. Como o acabamento interno indica o cuidado do antigo dono?<\/h2>\n\n\n\n<p>O interior do carro revela muito sobre como ele foi tratado. Volante gasto, estofados danificados e acabamento interno mal conservado indicam descuido do propriet\u00e1rio anterior.<\/p>\n\n\n\n<p>Lembre-se: o carro ser\u00e1 como uma \u201cextens\u00e3o da sua casa\u201d. Conforto, higiene e conserva\u00e7\u00e3o interna devem pesar na decis\u00e3o de compra.<\/p>\n\n\n\n<h2 class=\"wp-block-heading\">5. O modelo influencia na revenda?<\/h2>\n\n\n\n<p>Sim. Optar por modelos com boa liquidez no mercado evita perdas na hora de revender. Carros de marcas conhecidas e com pe\u00e7as de reposi\u00e7\u00e3o acess\u00edveis mant\u00eam melhor valor de mercado.<\/p>\n\n\n<div class=\"wp-block-image\">\n<figure class=\"aligncenter size-large\"><img loading=\"lazy\" decoding=\"async\" width=\"1024\" height=\"576\" src=\"https:\/\/www.em.com.br\/emfoco\/wp-content\/uploads\/2025\/08\/Carros-_1756166176417-1024x576.jpg\" alt=\"\" class=\"wp-image-96454\" srcset=\"https:\/\/www.em.com.br\/emfoco\/wp-content\/uploads\/2025\/08\/Carros-_1756166176417-1024x576.jpg 1024w, https:\/\/www.em.com.br\/emfoco\/wp-content\/uploads\/2025\/08\/Carros-_1756166176417-300x169.jpg 300w, https:\/\/www.em.com.br\/emfoco\/wp-content\/uploads\/2025\/08\/Carros-_1756166176417-768x432.jpg 768w, https:\/\/www.em.com.br\/emfoco\/wp-content\/uploads\/2025\/08\/Carros-_1756166176417-750x422.jpg 750w, https:\/\/www.em.com.br\/emfoco\/wp-content\/uploads\/2025\/08\/Carros-_1756166176417-1140x641.jpg 1140w, https:\/\/www.em.com.br\/emfoco\/wp-content\/uploads\/2025\/08\/Carros-_1756166176417.jpg 1280w\" sizes=\"auto, (max-width: 1024px) 100vw, 1024px\" \/><figcaption class=\"wp-element-caption\">Mec\u00e2nica mulher olhando motor de carro usado &#8211; Cr\u00e9ditos: depositphotos.com \/ HayDmitriy<\/figcaption><\/figure><\/div>\n\n\n<p>J\u00e1 ve\u00edculos muito espec\u00edficos ou de nicho podem dificultar a revenda e gerar desvaloriza\u00e7\u00e3o r\u00e1pida.<\/p>\n\n\n\n<h3 class=\"wp-block-heading\">Links oficiais<\/h3>\n\n\n\n<ul class=\"wp-block-list\">\n<li>DENATRAN \u2013 Registro Nacional de Ve\u00edculos: <a href=\"https:\/\/www.gov.br\/denatran\" target=\"_blank\" rel=\"noreferrer noopener\">https:\/\/www.gov.br\/denatra<\/a><a>n<\/a><\/li>\n\n\n\n<li>Fipe \u2013 Tabela de pre\u00e7os de ve\u00edculos: <a href=\"https:\/\/veiculos.fipe.org.br\" target=\"_blank\" rel=\"noreferrer noopener\">https:\/\/veiculos.fipe.org.br<\/a><\/li>\n\n\n\n<li>Procon \u2013 Direitos do consumidor: <a href=\"https:\/\/www.gov.br\/procon\" target=\"_blank\" rel=\"noreferrer noopener\">https:\/\/www.gov.br\/procon<\/a><\/li>\n<\/ul>\n\n\n\n<h2 class=\"wp-block-heading\">Vale a pena investir em carro usado?<\/h2>\n\n\n\n<p>Sim, desde que a escolha seja feita com crit\u00e9rio. Seguindo esses cinco pontos \u2014 loja confi\u00e1vel, quilometragem adequada, estrutura preservada, acabamento interno bem cuidado e modelo de mercado \u2014 \u00e9 poss\u00edvel comprar um carro usado em \u00f3timo estado e com bom potencial de revenda.<\/p>\n\n\n\n<p>A decis\u00e3o exige aten\u00e7\u00e3o, mas garante economia e seguran\u00e7a a longo prazo.<\/p>\n","protected":false},"excerpt":{"rendered":"<p>Comprar um carro usado pode ser uma \u00f3tima forma de economizar, mas exige aten\u00e7\u00e3o a detalhes que fazem toda a diferen\u00e7a no valor do ve\u00edculo e nos custos futuros de manuten\u00e7\u00e3o. O especialista em mercado automotivo explica quais s\u00e3o os cinco fatores principais que voc\u00ea deve avaliar antes de fechar neg\u00f3cio. Segundo ele, uma an\u00e1lise [&hellip;]<\/p>\n","protected":false},"author":17,"featured_media":96455,"comment_status":"open","ping_status":"open","sticky":false,"template":"","format":"standard","meta":{"jnews-multi-image_gallery":[],"jnews_single_post":{"format":"standard"},"jnews_primary_category":[],"jnews_social_meta":[],"jnews_override_counter":[],"footnotes":""},"categories":[28],"tags":[1116,1292,160],"class_list":["post-96448","post","type-post","status-publish","format-standard","has-post-thumbnail","hentry","category-economia","tag-carros","tag-compra","tag-economia"],"yoast_head":"<!-- This site is optimized with the Yoast SEO plugin v23.8 - https:\/\/yoast.com\/wordpress\/plugins\/seo\/ -->\n<title>O Primo Rico entrevista o especialista TCar, que aponta: 5 pontos essenciais para analisar antes de comprar um carro usado - Estado de Minas - Em foco<\/title>\n<meta name=\"description\" content=\"Descubra os 5 pontos essenciais para avaliar antes de comprar um carro usado e evite preju\u00edzos na escolha do seu ve\u00edculo.\" \/>\n<meta name=\"robots\" content=\"index, follow, max-snippet:-1, max-image-preview:large, max-video-preview:-1\" \/>\n<link rel=\"canonical\" href=\"https:\/\/www.em.com.br\/emfoco\/2025\/08\/25\/o-primo-rico-entrevista-o-especialista-tcar-que-aponta-5-pontos-essenciais-para-analisar-antes-de-comprar-um-carro-usado\/\" \/>\n<meta property=\"og:locale\" content=\"pt_BR\" \/>\n<meta property=\"og:type\" content=\"article\" \/>\n<meta property=\"og:title\" content=\"O Primo Rico entrevista o especialista TCar, que aponta: 5 pontos essenciais para analisar antes de comprar um carro usado - Estado de Minas - Em foco\" \/>\n<meta property=\"og:description\" content=\"Descubra os 5 pontos essenciais para avaliar antes de comprar um carro usado e evite preju\u00edzos na escolha do seu ve\u00edculo.\" \/>\n<meta property=\"og:url\" content=\"https:\/\/www.em.com.br\/emfoco\/2025\/08\/25\/o-primo-rico-entrevista-o-especialista-tcar-que-aponta-5-pontos-essenciais-para-analisar-antes-de-comprar-um-carro-usado\/\" \/>\n<meta property=\"og:site_name\" content=\"Estado de Minas - Em foco\" \/>\n<meta property=\"article:published_time\" content=\"2025-08-25T23:58:51+00:00\" \/>\n<meta property=\"article:modified_time\" content=\"2025-08-25T23:58:53+00:00\" \/>\n<meta property=\"og:image\" content=\"https:\/\/www.em.com.br\/emfoco\/wp-content\/uploads\/2025\/08\/mosaico_1756166276541.jpg\" \/>\n\t<meta property=\"og:image:width\" content=\"1280\" \/>\n\t<meta property=\"og:image:height\" content=\"720\" \/>\n\t<meta property=\"og:image:type\" content=\"image\/jpeg\" \/>\n<meta name=\"author\" content=\"Lucas Sampaio\" \/>\n<meta name=\"twitter:card\" content=\"summary_large_image\" \/>\n<meta name=\"twitter:label1\" content=\"Escrito por\" \/>\n\t<meta name=\"twitter:data1\" content=\"Lucas Sampaio\" \/>\n\t<meta name=\"twitter:label2\" content=\"Est. tempo de leitura\" \/>\n\t<meta name=\"twitter:data2\" content=\"4 minutos\" \/>\n<!-- \/ Yoast SEO plugin. -->","yoast_head_json":{"title":"O Primo Rico entrevista o especialista TCar, que aponta: 5 pontos essenciais para analisar antes de comprar um carro usado - Estado de Minas - Em foco","description":"Descubra os 5 pontos essenciais para avaliar antes de comprar um carro usado e evite preju\u00edzos na escolha do seu ve\u00edculo.","robots":{"index":"index","follow":"follow","max-snippet":"max-snippet:-1","max-image-preview":"max-image-preview:large","max-video-preview":"max-video-preview:-1"},"canonical":"https:\/\/www.em.com.br\/emfoco\/2025\/08\/25\/o-primo-rico-entrevista-o-especialista-tcar-que-aponta-5-pontos-essenciais-para-analisar-antes-de-comprar-um-carro-usado\/","og_locale":"pt_BR","og_type":"article","og_title":"O Primo Rico entrevista o especialista TCar, que aponta: 5 pontos essenciais para analisar antes de comprar um carro usado - Estado de Minas - Em foco","og_description":"Descubra os 5 pontos essenciais para avaliar antes de comprar um carro usado e evite preju\u00edzos na escolha do seu ve\u00edculo.","og_url":"https:\/\/www.em.com.br\/emfoco\/2025\/08\/25\/o-primo-rico-entrevista-o-especialista-tcar-que-aponta-5-pontos-essenciais-para-analisar-antes-de-comprar-um-carro-usado\/","og_site_name":"Estado de Minas - Em foco","article_published_time":"2025-08-25T23:58:51+00:00","article_modified_time":"2025-08-25T23:58:53+00:00","og_image":[{"width":1280,"height":720,"url":"https:\/\/www.em.com.br\/emfoco\/wp-content\/uploads\/2025\/08\/mosaico_1756166276541.jpg","type":"image\/jpeg"}],"author":"Lucas Sampaio","twitter_card":"summary_large_image","twitter_misc":{"Escrito por":"Lucas Sampaio","Est. tempo de leitura":"4 minutos"},"schema":{"@context":"https:\/\/schema.org","@graph":[{"@type":"WebPage","@id":"https:\/\/www.em.com.br\/emfoco\/2025\/08\/25\/o-primo-rico-entrevista-o-especialista-tcar-que-aponta-5-pontos-essenciais-para-analisar-antes-de-comprar-um-carro-usado\/","url":"https:\/\/www.em.com.br\/emfoco\/2025\/08\/25\/o-primo-rico-entrevista-o-especialista-tcar-que-aponta-5-pontos-essenciais-para-analisar-antes-de-comprar-um-carro-usado\/","name":"O Primo Rico entrevista o especialista TCar, que aponta: 5 pontos essenciais para analisar antes de comprar um carro usado - Estado de Minas - Em foco","isPartOf":{"@id":"https:\/\/www.em.com.br\/emfoco\/#website"},"primaryImageOfPage":{"@id":"https:\/\/www.em.com.br\/emfoco\/2025\/08\/25\/o-primo-rico-entrevista-o-especialista-tcar-que-aponta-5-pontos-essenciais-para-analisar-antes-de-comprar-um-carro-usado\/#primaryimage"},"image":{"@id":"https:\/\/www.em.com.br\/emfoco\/2025\/08\/25\/o-primo-rico-entrevista-o-especialista-tcar-que-aponta-5-pontos-essenciais-para-analisar-antes-de-comprar-um-carro-usado\/#primaryimage"},"thumbnailUrl":"https:\/\/www.em.com.br\/emfoco\/wp-content\/uploads\/2025\/08\/mosaico_1756166276541.jpg","datePublished":"2025-08-25T23:58:51+00:00","dateModified":"2025-08-25T23:58:53+00:00","author":{"@id":"https:\/\/www.em.com.br\/emfoco\/#\/schema\/person\/9ad4c536bd87f5bb8006420332b99aef"},"description":"Descubra os 5 pontos essenciais para avaliar antes de comprar um carro usado e evite preju\u00edzos na escolha do seu ve\u00edculo.","breadcrumb":{"@id":"https:\/\/www.em.com.br\/emfoco\/2025\/08\/25\/o-primo-rico-entrevista-o-especialista-tcar-que-aponta-5-pontos-essenciais-para-analisar-antes-de-comprar-um-carro-usado\/#breadcrumb"},"inLanguage":"pt-BR","potentialAction":[{"@type":"ReadAction","target":["https:\/\/www.em.com.br\/emfoco\/2025\/08\/25\/o-primo-rico-entrevista-o-especialista-tcar-que-aponta-5-pontos-essenciais-para-analisar-antes-de-comprar-um-carro-usado\/"]}]},{"@type":"ImageObject","inLanguage":"pt-BR","@id":"https:\/\/www.em.com.br\/emfoco\/2025\/08\/25\/o-primo-rico-entrevista-o-especialista-tcar-que-aponta-5-pontos-essenciais-para-analisar-antes-de-comprar-um-carro-usado\/#primaryimage","url":"https:\/\/www.em.com.br\/emfoco\/wp-content\/uploads\/2025\/08\/mosaico_1756166276541.jpg","contentUrl":"https:\/\/www.em.com.br\/emfoco\/wp-content\/uploads\/2025\/08\/mosaico_1756166276541.jpg","width":1280,"height":720,"caption":"Reprodu\u00e7\u00e3o (TikTok: @oprimorico)"},{"@type":"BreadcrumbList","@id":"https:\/\/www.em.com.br\/emfoco\/2025\/08\/25\/o-primo-rico-entrevista-o-especialista-tcar-que-aponta-5-pontos-essenciais-para-analisar-antes-de-comprar-um-carro-usado\/#breadcrumb","itemListElement":[{"@type":"ListItem","position":1,"name":"In\u00edcio","item":"https:\/\/www.em.com.br\/emfoco\/"},{"@type":"ListItem","position":2,"name":"O Primo Rico entrevista o especialista TCar, que aponta: 5 pontos essenciais para analisar antes de comprar um carro usado"}]},{"@type":"WebSite","@id":"https:\/\/www.em.com.br\/emfoco\/#website","url":"https:\/\/www.em.com.br\/emfoco\/","name":"Estado de Minas - Em foco","description":"Acompanhe as \u00faltimas not\u00edcias e fique bem informado sobre tudo o que acontece em Minas Gerais, Brasil e no mundo.","potentialAction":[{"@type":"SearchAction","target":{"@type":"EntryPoint","urlTemplate":"https:\/\/www.em.com.br\/emfoco\/?s={search_term_string}"},"query-input":{"@type":"PropertyValueSpecification","valueRequired":true,"valueName":"search_term_string"}}],"inLanguage":"pt-BR"},{"@type":"Person","@id":"https:\/\/www.em.com.br\/emfoco\/#\/schema\/person\/9ad4c536bd87f5bb8006420332b99aef","name":"Lucas Sampaio","image":{"@type":"ImageObject","inLanguage":"pt-BR","@id":"https:\/\/www.em.com.br\/emfoco\/#\/schema\/person\/image\/","url":"https:\/\/secure.gravatar.com\/avatar\/2696b9676ad143cd7135b717faf6f79f?s=96&d=mm&r=g","contentUrl":"https:\/\/secure.gravatar.com\/avatar\/2696b9676ad143cd7135b717faf6f79f?s=96&d=mm&r=g","caption":"Lucas Sampaio"},"sameAs":["https:\/\/www.em.com.br\/emfoco\/"],"url":"https:\/\/www.em.com.br\/emfoco\/author\/lucasmyth\/"}]}},"_links":{"self":[{"href":"https:\/\/www.em.com.br\/emfoco\/wp-json\/wp\/v2\/posts\/96448","targetHints":{"allow":["GET"]}}],"collection":[{"href":"https:\/\/www.em.com.br\/emfoco\/wp-json\/wp\/v2\/posts"}],"about":[{"href":"https:\/\/www.em.com.br\/emfoco\/wp-json\/wp\/v2\/types\/post"}],"author":[{"embeddable":true,"href":"https:\/\/www.em.com.br\/emfoco\/wp-json\/wp\/v2\/users\/17"}],"replies":[{"embeddable":true,"href":"https:\/\/www.em.com.br\/emfoco\/wp-json\/wp\/v2\/comments?post=96448"}],"version-history":[{"count":1,"href":"https:\/\/www.em.com.br\/emfoco\/wp-json\/wp\/v2\/posts\/96448\/revisions"}],"predecessor-version":[{"id":96456,"href":"https:\/\/www.em.com.br\/emfoco\/wp-json\/wp\/v2\/posts\/96448\/revisions\/96456"}],"wp:featuredmedia":[{"embeddable":true,"href":"https:\/\/www.em.com.br\/emfoco\/wp-json\/wp\/v2\/media\/96455"}],"wp:attachment":[{"href":"https:\/\/www.em.com.br\/emfoco\/wp-json\/wp\/v2\/media?parent=96448"}],"wp:term":[{"taxonomy":"category","embeddable":true,"href":"https:\/\/www.em.com.br\/emfoco\/wp-json\/wp\/v2\/categories?post=96448"},{"taxonomy":"post_tag","embeddable":true,"href":"https:\/\/www.em.com.br\/emfoco\/wp-json\/wp\/v2\/tags?post=96448"}],"curies":[{"name":"wp","href":"https:\/\/api.w.org\/{rel}","templated":true}]}}