{"id":96438,"date":"2025-08-26T14:38:00","date_gmt":"2025-08-26T17:38:00","guid":{"rendered":"https:\/\/www.em.com.br\/emfoco\/?p=96438"},"modified":"2025-08-25T19:43:48","modified_gmt":"2025-08-25T22:43:48","slug":"voce-tem-direito-conheca-os-valores-adicionais-do-bolsa-familia","status":"publish","type":"post","link":"https:\/\/www.em.com.br\/emfoco\/2025\/08\/26\/voce-tem-direito-conheca-os-valores-adicionais-do-bolsa-familia\/","title":{"rendered":"Voc\u00ea tem direito? Conhe\u00e7a os valores adicionais do Bolsa Fam\u00edlia"},"content":{"rendered":"\n<p>O programa <strong><a href=\"https:\/\/www.em.com.br\/emfoco\/2025\/08\/24\/bolsa-familia-de-agosto-traz-novos-valores-e-beneficios\/\" target=\"_blank\" rel=\"noreferrer noopener\">Bolsa Fam\u00edlia<\/a><\/strong> \u00e9 essencial para garantir o sustento de milh\u00f5es de lares em situa\u00e7\u00e3o de vulnerabilidade no <strong>Brasil<\/strong>. Al\u00e9m do benef\u00edcio b\u00e1sico, o programa oferece valores adicionais que podem fazer a diferen\u00e7a na qualidade de vida das fam\u00edlias.<\/p>\n\n\n\n<ul class=\"wp-block-list\">\n<li>Complementos financeiros para diversas fases da vida familiar.<\/li>\n\n\n\n<li>Suporte espec\u00edfico para m\u00e3es e crian\u00e7as pequenas.<\/li>\n\n\n\n<li>Crit\u00e9rios individuais para acesso aos benef\u00edcios adicionais.<\/li>\n<\/ul>\n\n\n\n<h2 class=\"wp-block-heading\">Quais s\u00e3o os benef\u00edcios adicionais dispon\u00edveis?<\/h2>\n\n\n<div class=\"wp-block-image\">\n<figure class=\"aligncenter size-large\"><img loading=\"lazy\" decoding=\"async\" width=\"1024\" height=\"576\" src=\"https:\/\/www.em.com.br\/emfoco\/wp-content\/uploads\/2025\/06\/bolsa-familia_1748976725057-1024x576.jpg\" alt=\"Bolsa Fam\u00edlia evolui e segue como pilar contra a desigualdade\" class=\"wp-image-54998\" srcset=\"https:\/\/www.em.com.br\/emfoco\/wp-content\/uploads\/2025\/06\/bolsa-familia_1748976725057-1024x576.jpg 1024w, https:\/\/www.em.com.br\/emfoco\/wp-content\/uploads\/2025\/06\/bolsa-familia_1748976725057-300x169.jpg 300w, https:\/\/www.em.com.br\/emfoco\/wp-content\/uploads\/2025\/06\/bolsa-familia_1748976725057-768x432.jpg 768w, https:\/\/www.em.com.br\/emfoco\/wp-content\/uploads\/2025\/06\/bolsa-familia_1748976725057-750x422.jpg 750w, https:\/\/www.em.com.br\/emfoco\/wp-content\/uploads\/2025\/06\/bolsa-familia_1748976725057-1140x641.jpg 1140w, https:\/\/www.em.com.br\/emfoco\/wp-content\/uploads\/2025\/06\/bolsa-familia_1748976725057.jpg 1280w\" sizes=\"auto, (max-width: 1024px) 100vw, 1024px\" \/><figcaption class=\"wp-element-caption\">M\u00e3os segurando moedas &#8211; Cr\u00e9ditos: depositphotos.com \/ serezniy<\/figcaption><\/figure><\/div>\n\n\n<p>Al\u00e9m dos repasses mensais b\u00e1sicos, o programa oferece <strong>benef\u00edcios adicionais<\/strong> para grupos espec\u00edficos, definidos a partir de necessidades individuais. Veja quem tem direito:<\/p>\n\n\n\n<ul class=\"wp-block-list\">\n<li><strong>Benef\u00edcio Primeira Inf\u00e2ncia (BPI)<\/strong>: Destinado ao suporte alimentar e ao desenvolvimento de crian\u00e7as de 0 a 6 anos, proporcionando um extra de R$ 150 mensais.<\/li>\n\n\n\n<li><strong>Benef\u00edcio Vari\u00e1vel Familiar (BVF)<\/strong>: Um acr\u00e9scimo de R$ 50 para educar e cuidar de crian\u00e7as e adolescentes de 7 a 18 anos.<\/li>\n\n\n\n<li><strong>Benef\u00edcio Vari\u00e1vel Familiar Nutriz (BVN)<\/strong>: Oferece R$ 50 adicionais para beb\u00eas de at\u00e9 6 meses, visando melhorar a amamenta\u00e7\u00e3o e cuidados iniciais.<\/li>\n\n\n\n<li><strong>Benef\u00edcio Vari\u00e1vel Gestante (BVG)<\/strong>: Garante R$ 50 extras mensais durante toda a gesta\u00e7\u00e3o, refor\u00e7ando o cuidado materno.<\/li>\n<\/ul>\n\n\n\n<h2 class=\"wp-block-heading\">Como acessar os benef\u00edcios extras?<\/h2>\n\n\n\n<p>Para receber os <strong>benef\u00edcios extras<\/strong>, \u00e9 essencial que os dados da fam\u00edlia estejam atualizados no <strong><a href=\"https:\/\/www.gov.br\/pt-br\/servicos\/consultar-dados-do-cadastro-unico-cadunico\" target=\"_blank\" rel=\"noreferrer noopener\">Cadastro \u00danico<\/a><\/strong> atrav\u00e9s do <strong>CRAS <\/strong>mais pr\u00f3ximo. Essa atualiza\u00e7\u00e3o garante que os crit\u00e9rios do programa sejam seguidos, permitindo que os valores adicionais sejam automaticamente disponibilizados.<\/p>\n\n\n\n<p>Manter as informa\u00e7\u00f5es corretas e atualizadas \u00e9 fundamental para que o <strong>Bolsa Fam\u00edlia<\/strong> siga beneficiando todas as fam\u00edlias que realmente precisam.<\/p>\n\n\n\n<h2 class=\"wp-block-heading\">Refor\u00e7ando a seguran\u00e7a e o bem-estar familiar<\/h2>\n\n\n\n<ul class=\"wp-block-list\">\n<li>Os extras promovem melhorias diretas na alimenta\u00e7\u00e3o e desenvolvimento infantil.<\/li>\n\n\n\n<li>Atualiza\u00e7\u00f5es no <strong>CRAS <\/strong>s\u00e3o cruciais para a libera\u00e7\u00e3o dos valores adicionais.<\/li>\n\n\n\n<li>Gestantes e fam\u00edlias com crian\u00e7as s\u00e3o as mais beneficiadas.<\/li>\n<\/ul>\n\n\n\n<p>Este programa \u00e9 um pilar na prote\u00e7\u00e3o social do <strong>Brasil<\/strong>, oferecendo uma rede de apoio necess\u00e1ria para muitas fam\u00edlias no pa\u00eds.<\/p>\n","protected":false},"excerpt":{"rendered":"<p>O programa Bolsa Fam\u00edlia \u00e9 essencial para garantir o sustento de milh\u00f5es de lares em situa\u00e7\u00e3o de vulnerabilidade no Brasil. Al\u00e9m do benef\u00edcio b\u00e1sico, o programa oferece valores adicionais que podem fazer a diferen\u00e7a na qualidade de vida das fam\u00edlias. Quais s\u00e3o os benef\u00edcios adicionais dispon\u00edveis? Al\u00e9m dos repasses mensais b\u00e1sicos, o programa oferece benef\u00edcios [&hellip;]<\/p>\n","protected":false},"author":20,"featured_media":67039,"comment_status":"open","ping_status":"open","sticky":false,"template":"","format":"standard","meta":{"jnews-multi-image_gallery":[],"jnews_single_post":{"format":"standard"},"jnews_primary_category":[],"jnews_social_meta":[],"jnews_override_counter":[],"footnotes":""},"categories":[28,1],"tags":[256,209],"class_list":["post-96438","post","type-post","status-publish","format-standard","has-post-thumbnail","hentry","category-economia","category-noticias","tag-beneficios","tag-bolsa-familia"],"yoast_head":"<!-- This site is optimized with the Yoast SEO plugin v23.8 - https:\/\/yoast.com\/wordpress\/plugins\/seo\/ -->\n<title>Voc\u00ea tem direito? Conhe\u00e7a os valores adicionais do Bolsa Fam\u00edlia - Estado de Minas - Em foco<\/title>\n<meta name=\"description\" content=\"Bolsa Fam\u00edlia oferece de R$ 50 a R$ 150 a mais por m\u00eas para fam\u00edlias em condi\u00e7\u00f5es espec\u00edficas. Entenda os crit\u00e9rios e como receber.\" \/>\n<meta name=\"robots\" content=\"index, follow, max-snippet:-1, max-image-preview:large, max-video-preview:-1\" \/>\n<link rel=\"canonical\" href=\"https:\/\/www.em.com.br\/emfoco\/2025\/08\/26\/voce-tem-direito-conheca-os-valores-adicionais-do-bolsa-familia\/\" \/>\n<meta property=\"og:locale\" content=\"pt_BR\" \/>\n<meta property=\"og:type\" content=\"article\" \/>\n<meta property=\"og:title\" content=\"Voc\u00ea tem direito? Conhe\u00e7a os valores adicionais do Bolsa Fam\u00edlia - Estado de Minas - Em foco\" \/>\n<meta property=\"og:description\" content=\"Bolsa Fam\u00edlia oferece de R$ 50 a R$ 150 a mais por m\u00eas para fam\u00edlias em condi\u00e7\u00f5es espec\u00edficas. Entenda os crit\u00e9rios e como receber.\" \/>\n<meta property=\"og:url\" content=\"https:\/\/www.em.com.br\/emfoco\/2025\/08\/26\/voce-tem-direito-conheca-os-valores-adicionais-do-bolsa-familia\/\" \/>\n<meta property=\"og:site_name\" content=\"Estado de Minas - Em foco\" \/>\n<meta property=\"article:published_time\" content=\"2025-08-26T17:38:00+00:00\" \/>\n<meta property=\"article:modified_time\" content=\"2025-08-25T22:43:48+00:00\" \/>\n<meta property=\"og:image\" content=\"https:\/\/www.em.com.br\/emfoco\/wp-content\/uploads\/2025\/06\/beneficio-brasil_1750889236618.jpg\" \/>\n\t<meta property=\"og:image:width\" content=\"1280\" \/>\n\t<meta property=\"og:image:height\" content=\"720\" \/>\n\t<meta property=\"og:image:type\" content=\"image\/jpeg\" \/>\n<meta name=\"author\" content=\"Ingrid Diniz\" \/>\n<meta name=\"twitter:card\" content=\"summary_large_image\" \/>\n<meta name=\"twitter:label1\" content=\"Escrito por\" \/>\n\t<meta name=\"twitter:data1\" content=\"Ingrid Diniz\" \/>\n\t<meta name=\"twitter:label2\" content=\"Est. tempo de leitura\" \/>\n\t<meta name=\"twitter:data2\" content=\"3 minutos\" \/>\n<!-- \/ Yoast SEO plugin. -->","yoast_head_json":{"title":"Voc\u00ea tem direito? Conhe\u00e7a os valores adicionais do Bolsa Fam\u00edlia - Estado de Minas - Em foco","description":"Bolsa Fam\u00edlia oferece de R$ 50 a R$ 150 a mais por m\u00eas para fam\u00edlias em condi\u00e7\u00f5es espec\u00edficas. Entenda os crit\u00e9rios e como receber.","robots":{"index":"index","follow":"follow","max-snippet":"max-snippet:-1","max-image-preview":"max-image-preview:large","max-video-preview":"max-video-preview:-1"},"canonical":"https:\/\/www.em.com.br\/emfoco\/2025\/08\/26\/voce-tem-direito-conheca-os-valores-adicionais-do-bolsa-familia\/","og_locale":"pt_BR","og_type":"article","og_title":"Voc\u00ea tem direito? Conhe\u00e7a os valores adicionais do Bolsa Fam\u00edlia - Estado de Minas - Em foco","og_description":"Bolsa Fam\u00edlia oferece de R$ 50 a R$ 150 a mais por m\u00eas para fam\u00edlias em condi\u00e7\u00f5es espec\u00edficas. Entenda os crit\u00e9rios e como receber.","og_url":"https:\/\/www.em.com.br\/emfoco\/2025\/08\/26\/voce-tem-direito-conheca-os-valores-adicionais-do-bolsa-familia\/","og_site_name":"Estado de Minas - Em foco","article_published_time":"2025-08-26T17:38:00+00:00","article_modified_time":"2025-08-25T22:43:48+00:00","og_image":[{"width":1280,"height":720,"url":"https:\/\/www.em.com.br\/emfoco\/wp-content\/uploads\/2025\/06\/beneficio-brasil_1750889236618.jpg","type":"image\/jpeg"}],"author":"Ingrid Diniz","twitter_card":"summary_large_image","twitter_misc":{"Escrito por":"Ingrid Diniz","Est. tempo de leitura":"3 minutos"},"schema":{"@context":"https:\/\/schema.org","@graph":[{"@type":"WebPage","@id":"https:\/\/www.em.com.br\/emfoco\/2025\/08\/26\/voce-tem-direito-conheca-os-valores-adicionais-do-bolsa-familia\/","url":"https:\/\/www.em.com.br\/emfoco\/2025\/08\/26\/voce-tem-direito-conheca-os-valores-adicionais-do-bolsa-familia\/","name":"Voc\u00ea tem direito? Conhe\u00e7a os valores adicionais do Bolsa Fam\u00edlia - Estado de Minas - Em foco","isPartOf":{"@id":"https:\/\/www.em.com.br\/emfoco\/#website"},"primaryImageOfPage":{"@id":"https:\/\/www.em.com.br\/emfoco\/2025\/08\/26\/voce-tem-direito-conheca-os-valores-adicionais-do-bolsa-familia\/#primaryimage"},"image":{"@id":"https:\/\/www.em.com.br\/emfoco\/2025\/08\/26\/voce-tem-direito-conheca-os-valores-adicionais-do-bolsa-familia\/#primaryimage"},"thumbnailUrl":"https:\/\/www.em.com.br\/emfoco\/wp-content\/uploads\/2025\/06\/beneficio-brasil_1750889236618.jpg","datePublished":"2025-08-26T17:38:00+00:00","dateModified":"2025-08-25T22:43:48+00:00","author":{"@id":"https:\/\/www.em.com.br\/emfoco\/#\/schema\/person\/649e610b4eb8fff87ff394e54fe17b2b"},"description":"Bolsa Fam\u00edlia oferece de R$ 50 a R$ 150 a mais por m\u00eas para fam\u00edlias em condi\u00e7\u00f5es espec\u00edficas. Entenda os crit\u00e9rios e como receber.","breadcrumb":{"@id":"https:\/\/www.em.com.br\/emfoco\/2025\/08\/26\/voce-tem-direito-conheca-os-valores-adicionais-do-bolsa-familia\/#breadcrumb"},"inLanguage":"pt-BR","potentialAction":[{"@type":"ReadAction","target":["https:\/\/www.em.com.br\/emfoco\/2025\/08\/26\/voce-tem-direito-conheca-os-valores-adicionais-do-bolsa-familia\/"]}]},{"@type":"ImageObject","inLanguage":"pt-BR","@id":"https:\/\/www.em.com.br\/emfoco\/2025\/08\/26\/voce-tem-direito-conheca-os-valores-adicionais-do-bolsa-familia\/#primaryimage","url":"https:\/\/www.em.com.br\/emfoco\/wp-content\/uploads\/2025\/06\/beneficio-brasil_1750889236618.jpg","contentUrl":"https:\/\/www.em.com.br\/emfoco\/wp-content\/uploads\/2025\/06\/beneficio-brasil_1750889236618.jpg","width":1280,"height":720,"caption":"Bolsa Fam\u00edlia de dezembro pode passar de R$ 900 - Cr\u00e9ditos: depositphotos.com \/ rafapress"},{"@type":"BreadcrumbList","@id":"https:\/\/www.em.com.br\/emfoco\/2025\/08\/26\/voce-tem-direito-conheca-os-valores-adicionais-do-bolsa-familia\/#breadcrumb","itemListElement":[{"@type":"ListItem","position":1,"name":"In\u00edcio","item":"https:\/\/www.em.com.br\/emfoco\/"},{"@type":"ListItem","position":2,"name":"Voc\u00ea tem direito? Conhe\u00e7a os valores adicionais do Bolsa Fam\u00edlia"}]},{"@type":"WebSite","@id":"https:\/\/www.em.com.br\/emfoco\/#website","url":"https:\/\/www.em.com.br\/emfoco\/","name":"Estado de Minas - Em foco","description":"Acompanhe as \u00faltimas not\u00edcias e fique bem informado sobre tudo o que acontece em Minas Gerais, Brasil e no mundo.","potentialAction":[{"@type":"SearchAction","target":{"@type":"EntryPoint","urlTemplate":"https:\/\/www.em.com.br\/emfoco\/?s={search_term_string}"},"query-input":{"@type":"PropertyValueSpecification","valueRequired":true,"valueName":"search_term_string"}}],"inLanguage":"pt-BR"},{"@type":"Person","@id":"https:\/\/www.em.com.br\/emfoco\/#\/schema\/person\/649e610b4eb8fff87ff394e54fe17b2b","name":"Ingrid Diniz","image":{"@type":"ImageObject","inLanguage":"pt-BR","@id":"https:\/\/www.em.com.br\/emfoco\/#\/schema\/person\/image\/","url":"https:\/\/secure.gravatar.com\/avatar\/a3baa1449ec5c39b4c42babc9d4f3951?s=96&d=mm&r=g","contentUrl":"https:\/\/secure.gravatar.com\/avatar\/a3baa1449ec5c39b4c42babc9d4f3951?s=96&d=mm&r=g","caption":"Ingrid Diniz"},"sameAs":["https:\/\/www.em.com.br\/"],"url":"https:\/\/www.em.com.br\/emfoco\/author\/ingridmyth\/"}]}},"_links":{"self":[{"href":"https:\/\/www.em.com.br\/emfoco\/wp-json\/wp\/v2\/posts\/96438","targetHints":{"allow":["GET"]}}],"collection":[{"href":"https:\/\/www.em.com.br\/emfoco\/wp-json\/wp\/v2\/posts"}],"about":[{"href":"https:\/\/www.em.com.br\/emfoco\/wp-json\/wp\/v2\/types\/post"}],"author":[{"embeddable":true,"href":"https:\/\/www.em.com.br\/emfoco\/wp-json\/wp\/v2\/users\/20"}],"replies":[{"embeddable":true,"href":"https:\/\/www.em.com.br\/emfoco\/wp-json\/wp\/v2\/comments?post=96438"}],"version-history":[{"count":1,"href":"https:\/\/www.em.com.br\/emfoco\/wp-json\/wp\/v2\/posts\/96438\/revisions"}],"predecessor-version":[{"id":96450,"href":"https:\/\/www.em.com.br\/emfoco\/wp-json\/wp\/v2\/posts\/96438\/revisions\/96450"}],"wp:featuredmedia":[{"embeddable":true,"href":"https:\/\/www.em.com.br\/emfoco\/wp-json\/wp\/v2\/media\/67039"}],"wp:attachment":[{"href":"https:\/\/www.em.com.br\/emfoco\/wp-json\/wp\/v2\/media?parent=96438"}],"wp:term":[{"taxonomy":"category","embeddable":true,"href":"https:\/\/www.em.com.br\/emfoco\/wp-json\/wp\/v2\/categories?post=96438"},{"taxonomy":"post_tag","embeddable":true,"href":"https:\/\/www.em.com.br\/emfoco\/wp-json\/wp\/v2\/tags?post=96438"}],"curies":[{"name":"wp","href":"https:\/\/api.w.org\/{rel}","templated":true}]}}