{"id":9618,"date":"2025-01-10T11:20:00","date_gmt":"2025-01-10T14:20:00","guid":{"rendered":"https:\/\/www.em.com.br\/emfoco\/?p=9618"},"modified":"2025-01-09T23:41:27","modified_gmt":"2025-01-10T02:41:27","slug":"panorama-do-aumento-dos-precos-imobiliarios-no-brasil-em-2024","status":"publish","type":"post","link":"https:\/\/www.em.com.br\/emfoco\/2025\/01\/10\/panorama-do-aumento-dos-precos-imobiliarios-no-brasil-em-2024\/","title":{"rendered":"Panorama do Aumento dos Pre\u00e7os Imobili\u00e1rios no Brasil em 2024"},"content":{"rendered":"\n<p>Nos \u00faltimos meses, o mercado <a href=\"https:\/\/www.em.com.br\/emfoco\/2025\/01\/06\/a-localizacao-estrategica-que-esta-movimentando-o-mercado-imobiliario\/\" target=\"_blank\" rel=\"noreferrer noopener\">imobili\u00e1rio <\/a>brasileiro experimentou uma eleva\u00e7\u00e3o significativa nos pre\u00e7os dos im\u00f3veis residenciais. Um levantamento recente, realizado em 56 cidades do pa\u00eds, destaca um aumento m\u00e9dio de 7,73% nos valores das propriedades, registrando a maior alta em 11 anos. Este crescimento surpreendeu muitos potenciais compradores que sonhavam com a casa pr\u00f3pria em 2024.<\/p>\n\n\n\n<p>Apesar da infla\u00e7\u00e3o, que gira em torno de 4,64% conforme dados econ\u00f4micos esperados, o aumento real nos pre\u00e7os dos im\u00f3veis foi de 3,09%. Este cen\u00e1rio est\u00e1 alinhado com o fortalecimento da economia brasileira, que tem superado as expectativas, principalmente devido ao mercado de trabalho robusto.<\/p>\n\n\n\n<h2 class=\"wp-block-heading\">Quais Capitais Registraram Maiores Eleva\u00e7\u00f5es de Pre\u00e7os?<\/h2>\n\n\n\n<p>A pesquisa indicou que, entre as 56 cidades analisadas, 20 capitais tiveram um aumento nos pre\u00e7os dos im\u00f3veis. As capitais mais afetadas por essa alta incluem:<\/p>\n\n\n\n<ul class=\"wp-block-list\">\n<li><strong>Vit\u00f3ria:<\/strong> com um aumento de 2,67%.<\/li>\n\n\n\n<li><strong>Macei\u00f3:<\/strong> registrando um acr\u00e9scimo de 1,59%.<\/li>\n\n\n\n<li><strong>Fortaleza:<\/strong> tendo uma eleva\u00e7\u00e3o de 1,49%.<\/li>\n\n\n\n<li><strong>Belo Horizonte:<\/strong> com um crescimento de 1,24%.<\/li>\n\n\n\n<li><strong>Salvador:<\/strong> com pre\u00e7os subindo 1,35%.<\/li>\n<\/ul>\n\n\n\n<p>Curiosamente, duas capitais apresentaram uma diminui\u00e7\u00e3o nos valores: Natal, com uma queda de 0,13%, e S\u00e3o Lu\u00eds, onde a redu\u00e7\u00e3o foi de 0,08%.<\/p>\n\n\n<div class=\"wp-block-image\">\n<figure class=\"aligncenter size-large\"><img loading=\"lazy\" decoding=\"async\" width=\"1024\" height=\"576\" src=\"https:\/\/www.em.com.br\/emfoco\/wp-content\/uploads\/2025\/01\/Imoveis_1736476156425-1024x576.jpg\" alt=\"\" class=\"wp-image-9622\" srcset=\"https:\/\/www.em.com.br\/emfoco\/wp-content\/uploads\/2025\/01\/Imoveis_1736476156425-1024x576.jpg 1024w, https:\/\/www.em.com.br\/emfoco\/wp-content\/uploads\/2025\/01\/Imoveis_1736476156425-300x169.jpg 300w, https:\/\/www.em.com.br\/emfoco\/wp-content\/uploads\/2025\/01\/Imoveis_1736476156425-768x432.jpg 768w, https:\/\/www.em.com.br\/emfoco\/wp-content\/uploads\/2025\/01\/Imoveis_1736476156425-750x422.jpg 750w, https:\/\/www.em.com.br\/emfoco\/wp-content\/uploads\/2025\/01\/Imoveis_1736476156425-1140x641.jpg 1140w, https:\/\/www.em.com.br\/emfoco\/wp-content\/uploads\/2025\/01\/Imoveis_1736476156425.jpg 1280w\" sizes=\"auto, (max-width: 1024px) 100vw, 1024px\" \/><figcaption class=\"wp-element-caption\">Imoveis &#8211; Cr\u00e9ditos: depositphotos.com \/ nikkytok<\/figcaption><\/figure><\/div>\n\n\n<h2 class=\"wp-block-heading\">Como se Comparam os Pre\u00e7os M\u00e9dios dos Im\u00f3veis?<\/h2>\n\n\n\n<p>Os valores m\u00e9dios dos im\u00f3veis tamb\u00e9m foram revelados na pesquisa, indicando quais cidades s\u00e3o as mais caras para aquisi\u00e7\u00e3o de propriedades. Entre as cidades mais not\u00e1veis est\u00e3o:<\/p>\n\n\n\n<ol class=\"wp-block-list\">\n<li><strong>Balne\u00e1rio Cambori\u00fa, SC:<\/strong> com um pre\u00e7o m\u00e9dio de R$ 13.911.<\/li>\n\n\n\n<li><strong>Itapema, SC:<\/strong> onde os im\u00f3veis custam, em m\u00e9dia, R$ 13.721.<\/li>\n\n\n\n<li><strong>Vit\u00f3ria, ES:<\/strong> com im\u00f3vel m\u00e9dio avaliado em R$ 12.287.<\/li>\n\n\n\n<li><strong>Itaja\u00ed, SC:<\/strong> com pre\u00e7os em torno de R$ 11.857.<\/li>\n\n\n\n<li><strong>Florian\u00f3polis, SC:<\/strong> registrando R$ 11.766 como valor m\u00e9dio.<\/li>\n<\/ol>\n\n\n\n<h2 class=\"wp-block-heading\">Por que os Pre\u00e7os dos Im\u00f3veis Est\u00e3o Subindo?<\/h2>\n\n\n\n<p>Diversos fatores contribuem para a valoriza\u00e7\u00e3o dos pre\u00e7os imobili\u00e1rios no Brasil. Em primeiro lugar, o crescimento econ\u00f4mico impulsiona o mercado de trabalho, aumentando a capacidade de compra dos consumidores. Al\u00e9m disso, pol\u00edticas de incentivo ao cr\u00e9dito habitacional, como o programa Minha Casa, Minha Vida, t\u00eam ampliado o acesso ao financiamento, aquecendo ainda mais o mercado.<\/p>\n\n\n\n<p>Outra influ\u00eancia significativa \u00e9 a urbaniza\u00e7\u00e3o e a demanda crescente por resid\u00eancia em centros urbanos, que empurram os pre\u00e7os pra cima. As cidades com infraestrutura melhor desenvolvida tendem a ter um aumento mais acentuado nos valores dos im\u00f3veis.<\/p>\n\n\n\n<h2 class=\"wp-block-heading\">O Futuro do Mercado Imobili\u00e1rio no Brasil<\/h2>\n\n\n\n<p>Com base nas tend\u00eancias atuais, o mercado imobili\u00e1rio brasileiro deve continuar evoluindo em um ritmo acelerado. No entanto, as oscila\u00e7\u00f5es econ\u00f4micas e pol\u00edticas podem influenciar esse crescimento. Investidores e compradores dever\u00e3o se manter atentos \u00e0s varia\u00e7\u00f5es no setor e \u00e0s novas pol\u00edticas governamentais que podem criar novos desafios ou oportunidades no mercado imobili\u00e1rio.<\/p>\n\n\n\n<p>Para aqueles que aspiram adquirir um im\u00f3vel, \u00e9 crucial estar bem informado sobre as tend\u00eancias e condi\u00e7\u00f5es do mercado, bem como as op\u00e7\u00f5es de financiamento dispon\u00edveis, para tomar decis\u00f5es acertadas no momento de investir.<\/p>\n","protected":false},"excerpt":{"rendered":"<p>Nos \u00faltimos meses, o mercado imobili\u00e1rio brasileiro experimentou uma eleva\u00e7\u00e3o significativa nos pre\u00e7os dos im\u00f3veis residenciais. Um levantamento recente, realizado em 56 cidades do pa\u00eds, destaca um aumento m\u00e9dio de 7,73% nos valores das propriedades, registrando a maior alta em 11 anos. Este crescimento surpreendeu muitos potenciais compradores que sonhavam com a casa pr\u00f3pria em [&hellip;]<\/p>\n","protected":false},"author":7,"featured_media":9621,"comment_status":"open","ping_status":"open","sticky":false,"template":"","format":"standard","meta":{"jnews-multi-image_gallery":[],"jnews_single_post":{"format":"standard"},"jnews_primary_category":[],"jnews_social_meta":[],"jnews_override_counter":[],"footnotes":""},"categories":[28],"tags":[158,160,816,1553],"class_list":["post-9618","post","type-post","status-publish","format-standard","has-post-thumbnail","hentry","category-economia","tag-brasil","tag-economia","tag-imoveis","tag-precos"],"yoast_head":"<!-- This site is optimized with the Yoast SEO plugin v23.8 - https:\/\/yoast.com\/wordpress\/plugins\/seo\/ -->\n<title>Panorama do Aumento dos Pre\u00e7os Imobili\u00e1rios no Brasil em 2024 - Estado de Minas - Em foco<\/title>\n<meta name=\"description\" content=\"Explora\u00e7\u00e3o do mercado imobili\u00e1rio no Brasil em 2024, com foco no aumento dos pre\u00e7os dos im\u00f3veis e fatores econ\u00f4micos e de urbaniza\u00e7\u00e3o que o influenciam.\" \/>\n<meta name=\"robots\" content=\"index, follow, max-snippet:-1, max-image-preview:large, max-video-preview:-1\" \/>\n<link rel=\"canonical\" href=\"https:\/\/www.em.com.br\/emfoco\/2025\/01\/10\/panorama-do-aumento-dos-precos-imobiliarios-no-brasil-em-2024\/\" \/>\n<meta property=\"og:locale\" content=\"pt_BR\" \/>\n<meta property=\"og:type\" content=\"article\" \/>\n<meta property=\"og:title\" content=\"Panorama do Aumento dos Pre\u00e7os Imobili\u00e1rios no Brasil em 2024 - Estado de Minas - Em foco\" \/>\n<meta property=\"og:description\" content=\"Explora\u00e7\u00e3o do mercado imobili\u00e1rio no Brasil em 2024, com foco no aumento dos pre\u00e7os dos im\u00f3veis e fatores econ\u00f4micos e de urbaniza\u00e7\u00e3o que o influenciam.\" \/>\n<meta property=\"og:url\" content=\"https:\/\/www.em.com.br\/emfoco\/2025\/01\/10\/panorama-do-aumento-dos-precos-imobiliarios-no-brasil-em-2024\/\" \/>\n<meta property=\"og:site_name\" content=\"Estado de Minas - Em foco\" \/>\n<meta property=\"article:published_time\" content=\"2025-01-10T14:20:00+00:00\" \/>\n<meta property=\"article:modified_time\" content=\"2025-01-10T02:41:27+00:00\" \/>\n<meta property=\"og:image\" content=\"https:\/\/www.em.com.br\/emfoco\/wp-content\/uploads\/2025\/01\/Imoveis_1736476076310.jpg\" \/>\n\t<meta property=\"og:image:width\" content=\"1280\" \/>\n\t<meta property=\"og:image:height\" content=\"720\" \/>\n\t<meta property=\"og:image:type\" content=\"image\/jpeg\" \/>\n<meta name=\"author\" content=\"Kelvin\" \/>\n<meta name=\"twitter:card\" content=\"summary_large_image\" \/>\n<meta name=\"twitter:label1\" content=\"Escrito por\" \/>\n\t<meta name=\"twitter:data1\" content=\"Kelvin\" \/>\n\t<meta name=\"twitter:label2\" content=\"Est. tempo de leitura\" \/>\n\t<meta name=\"twitter:data2\" content=\"3 minutos\" \/>\n<!-- \/ Yoast SEO plugin. -->","yoast_head_json":{"title":"Panorama do Aumento dos Pre\u00e7os Imobili\u00e1rios no Brasil em 2024 - Estado de Minas - Em foco","description":"Explora\u00e7\u00e3o do mercado imobili\u00e1rio no Brasil em 2024, com foco no aumento dos pre\u00e7os dos im\u00f3veis e fatores econ\u00f4micos e de urbaniza\u00e7\u00e3o que o influenciam.","robots":{"index":"index","follow":"follow","max-snippet":"max-snippet:-1","max-image-preview":"max-image-preview:large","max-video-preview":"max-video-preview:-1"},"canonical":"https:\/\/www.em.com.br\/emfoco\/2025\/01\/10\/panorama-do-aumento-dos-precos-imobiliarios-no-brasil-em-2024\/","og_locale":"pt_BR","og_type":"article","og_title":"Panorama do Aumento dos Pre\u00e7os Imobili\u00e1rios no Brasil em 2024 - Estado de Minas - Em foco","og_description":"Explora\u00e7\u00e3o do mercado imobili\u00e1rio no Brasil em 2024, com foco no aumento dos pre\u00e7os dos im\u00f3veis e fatores econ\u00f4micos e de urbaniza\u00e7\u00e3o que o influenciam.","og_url":"https:\/\/www.em.com.br\/emfoco\/2025\/01\/10\/panorama-do-aumento-dos-precos-imobiliarios-no-brasil-em-2024\/","og_site_name":"Estado de Minas - Em foco","article_published_time":"2025-01-10T14:20:00+00:00","article_modified_time":"2025-01-10T02:41:27+00:00","og_image":[{"width":1280,"height":720,"url":"https:\/\/www.em.com.br\/emfoco\/wp-content\/uploads\/2025\/01\/Imoveis_1736476076310.jpg","type":"image\/jpeg"}],"author":"Kelvin","twitter_card":"summary_large_image","twitter_misc":{"Escrito por":"Kelvin","Est. tempo de leitura":"3 minutos"},"schema":{"@context":"https:\/\/schema.org","@graph":[{"@type":"WebPage","@id":"https:\/\/www.em.com.br\/emfoco\/2025\/01\/10\/panorama-do-aumento-dos-precos-imobiliarios-no-brasil-em-2024\/","url":"https:\/\/www.em.com.br\/emfoco\/2025\/01\/10\/panorama-do-aumento-dos-precos-imobiliarios-no-brasil-em-2024\/","name":"Panorama do Aumento dos Pre\u00e7os Imobili\u00e1rios no Brasil em 2024 - Estado de Minas - Em foco","isPartOf":{"@id":"https:\/\/www.em.com.br\/emfoco\/#website"},"primaryImageOfPage":{"@id":"https:\/\/www.em.com.br\/emfoco\/2025\/01\/10\/panorama-do-aumento-dos-precos-imobiliarios-no-brasil-em-2024\/#primaryimage"},"image":{"@id":"https:\/\/www.em.com.br\/emfoco\/2025\/01\/10\/panorama-do-aumento-dos-precos-imobiliarios-no-brasil-em-2024\/#primaryimage"},"thumbnailUrl":"https:\/\/www.em.com.br\/emfoco\/wp-content\/uploads\/2025\/01\/Imoveis_1736476076310.jpg","datePublished":"2025-01-10T14:20:00+00:00","dateModified":"2025-01-10T02:41:27+00:00","author":{"@id":"https:\/\/www.em.com.br\/emfoco\/#\/schema\/person\/fb0a7f48c6fbb94b83f413a80f61917d"},"description":"Explora\u00e7\u00e3o do mercado imobili\u00e1rio no Brasil em 2024, com foco no aumento dos pre\u00e7os dos im\u00f3veis e fatores econ\u00f4micos e de urbaniza\u00e7\u00e3o que o influenciam.","breadcrumb":{"@id":"https:\/\/www.em.com.br\/emfoco\/2025\/01\/10\/panorama-do-aumento-dos-precos-imobiliarios-no-brasil-em-2024\/#breadcrumb"},"inLanguage":"pt-BR","potentialAction":[{"@type":"ReadAction","target":["https:\/\/www.em.com.br\/emfoco\/2025\/01\/10\/panorama-do-aumento-dos-precos-imobiliarios-no-brasil-em-2024\/"]}]},{"@type":"ImageObject","inLanguage":"pt-BR","@id":"https:\/\/www.em.com.br\/emfoco\/2025\/01\/10\/panorama-do-aumento-dos-precos-imobiliarios-no-brasil-em-2024\/#primaryimage","url":"https:\/\/www.em.com.br\/emfoco\/wp-content\/uploads\/2025\/01\/Imoveis_1736476076310.jpg","contentUrl":"https:\/\/www.em.com.br\/emfoco\/wp-content\/uploads\/2025\/01\/Imoveis_1736476076310.jpg","width":1280,"height":720,"caption":"Imoveis - Cr\u00e9ditos: depositphotos.com \/ bluebay2014"},{"@type":"BreadcrumbList","@id":"https:\/\/www.em.com.br\/emfoco\/2025\/01\/10\/panorama-do-aumento-dos-precos-imobiliarios-no-brasil-em-2024\/#breadcrumb","itemListElement":[{"@type":"ListItem","position":1,"name":"In\u00edcio","item":"https:\/\/www.em.com.br\/emfoco\/"},{"@type":"ListItem","position":2,"name":"Panorama do Aumento dos Pre\u00e7os Imobili\u00e1rios no Brasil em 2024"}]},{"@type":"WebSite","@id":"https:\/\/www.em.com.br\/emfoco\/#website","url":"https:\/\/www.em.com.br\/emfoco\/","name":"Estado de Minas - Em foco","description":"Acompanhe as \u00faltimas not\u00edcias e fique bem informado sobre tudo o que acontece em Minas Gerais, Brasil e no mundo.","potentialAction":[{"@type":"SearchAction","target":{"@type":"EntryPoint","urlTemplate":"https:\/\/www.em.com.br\/emfoco\/?s={search_term_string}"},"query-input":{"@type":"PropertyValueSpecification","valueRequired":true,"valueName":"search_term_string"}}],"inLanguage":"pt-BR"},{"@type":"Person","@id":"https:\/\/www.em.com.br\/emfoco\/#\/schema\/person\/fb0a7f48c6fbb94b83f413a80f61917d","name":"Kelvin","image":{"@type":"ImageObject","inLanguage":"pt-BR","@id":"https:\/\/www.em.com.br\/emfoco\/#\/schema\/person\/image\/","url":"https:\/\/secure.gravatar.com\/avatar\/e74f84337e6bf6c4c5e88fbdffa05270?s=96&d=mm&r=g","contentUrl":"https:\/\/secure.gravatar.com\/avatar\/e74f84337e6bf6c4c5e88fbdffa05270?s=96&d=mm&r=g","caption":"Kelvin"},"sameAs":["https:\/\/www.em.com.br\/emfoco"],"url":"https:\/\/www.em.com.br\/emfoco\/author\/kelvinmyth\/"}]}},"_links":{"self":[{"href":"https:\/\/www.em.com.br\/emfoco\/wp-json\/wp\/v2\/posts\/9618","targetHints":{"allow":["GET"]}}],"collection":[{"href":"https:\/\/www.em.com.br\/emfoco\/wp-json\/wp\/v2\/posts"}],"about":[{"href":"https:\/\/www.em.com.br\/emfoco\/wp-json\/wp\/v2\/types\/post"}],"author":[{"embeddable":true,"href":"https:\/\/www.em.com.br\/emfoco\/wp-json\/wp\/v2\/users\/7"}],"replies":[{"embeddable":true,"href":"https:\/\/www.em.com.br\/emfoco\/wp-json\/wp\/v2\/comments?post=9618"}],"version-history":[{"count":2,"href":"https:\/\/www.em.com.br\/emfoco\/wp-json\/wp\/v2\/posts\/9618\/revisions"}],"predecessor-version":[{"id":9623,"href":"https:\/\/www.em.com.br\/emfoco\/wp-json\/wp\/v2\/posts\/9618\/revisions\/9623"}],"wp:featuredmedia":[{"embeddable":true,"href":"https:\/\/www.em.com.br\/emfoco\/wp-json\/wp\/v2\/media\/9621"}],"wp:attachment":[{"href":"https:\/\/www.em.com.br\/emfoco\/wp-json\/wp\/v2\/media?parent=9618"}],"wp:term":[{"taxonomy":"category","embeddable":true,"href":"https:\/\/www.em.com.br\/emfoco\/wp-json\/wp\/v2\/categories?post=9618"},{"taxonomy":"post_tag","embeddable":true,"href":"https:\/\/www.em.com.br\/emfoco\/wp-json\/wp\/v2\/tags?post=9618"}],"curies":[{"name":"wp","href":"https:\/\/api.w.org\/{rel}","templated":true}]}}