{"id":9605,"date":"2025-01-10T09:20:00","date_gmt":"2025-01-10T12:20:00","guid":{"rendered":"https:\/\/www.em.com.br\/emfoco\/?p=9605"},"modified":"2025-01-09T23:00:13","modified_gmt":"2025-01-10T02:00:13","slug":"tem-direito-ao-seguro-desemprego-2","status":"publish","type":"post","link":"https:\/\/www.em.com.br\/emfoco\/2025\/01\/10\/tem-direito-ao-seguro-desemprego-2\/","title":{"rendered":"Tem direito ao seguro-desemprego?"},"content":{"rendered":"\n<p>Em 2025, trabalhadores no <a href=\"https:\/\/www.em.com.br\/emfoco\/2025\/01\/09\/carros-eletricos-a-nova-realidade-brasileira\/\" target=\"_blank\" rel=\"noreferrer noopener\">Brasil <\/a>que foram dispensados sem justa causa poder\u00e3o contar com o aux\u00edlio do seguro-desemprego, que pode atingir at\u00e9 R$ 2.313,74. Este benef\u00edcio tempor\u00e1rio oferece suporte financeiro para aqueles que recentemente perderam sua fonte de renda, proporcionando um al\u00edvio crucial durante a busca por novas oportunidades de trabalho.<\/p>\n\n\n\n<p>O valor do seguro-desemprego continuar\u00e1 o mesmo do ano anterior, oferecendo at\u00e9 cinco parcelas, dependendo do tempo que o indiv\u00edduo permaneceu empregado. Este aux\u00edlio \u00e9 essencial para garantir uma transi\u00e7\u00e3o mais tranquila para os trabalhadores na busca por recoloca\u00e7\u00e3o no mercado de trabalho.<\/p>\n\n\n\n<h2 class=\"wp-block-heading\">Qual \u00e9 o c\u00e1lculo do seguro-desemprego?<\/h2>\n\n\n\n<p>Calcular o valor do seguro-desemprego exige a avalia\u00e7\u00e3o da m\u00e9dia salarial dos \u00faltimos tr\u00eas meses trabalhados antes da demiss\u00e3o. O valor varia de R$ 1.412, que corresponde ao sal\u00e1rio m\u00ednimo, at\u00e9 o teto de R$ 2.313,74. Caso a m\u00e9dia salarial ultrapasse R$ 3.402,65, o trabalhador receber\u00e1 o valor m\u00e1ximo disponibilizado pelo Minist\u00e9rio do Trabalho e Previd\u00eancia.<\/p>\n\n\n\n<p>Para m\u00e9dias salariais inferiores a esse montante, o valor do aux\u00edlio \u00e9 proporcional, oferecendo assim uma solu\u00e7\u00e3o personalizada para a manuten\u00e7\u00e3o financeira dos trabalhadores.<\/p>\n\n\n<div class=\"wp-block-image\">\n<figure class=\"aligncenter size-large\"><img loading=\"lazy\" decoding=\"async\" width=\"1024\" height=\"576\" src=\"https:\/\/www.em.com.br\/emfoco\/wp-content\/uploads\/2024\/12\/CLT_1735245281759-1024x576.jpg\" alt=\"\" class=\"wp-image-6804\" srcset=\"https:\/\/www.em.com.br\/emfoco\/wp-content\/uploads\/2024\/12\/CLT_1735245281759-1024x576.jpg 1024w, https:\/\/www.em.com.br\/emfoco\/wp-content\/uploads\/2024\/12\/CLT_1735245281759-300x169.jpg 300w, https:\/\/www.em.com.br\/emfoco\/wp-content\/uploads\/2024\/12\/CLT_1735245281759-768x432.jpg 768w, https:\/\/www.em.com.br\/emfoco\/wp-content\/uploads\/2024\/12\/CLT_1735245281759-750x422.jpg 750w, https:\/\/www.em.com.br\/emfoco\/wp-content\/uploads\/2024\/12\/CLT_1735245281759-1140x641.jpg 1140w, https:\/\/www.em.com.br\/emfoco\/wp-content\/uploads\/2024\/12\/CLT_1735245281759.jpg 1280w\" sizes=\"auto, (max-width: 1024px) 100vw, 1024px\" \/><figcaption class=\"wp-element-caption\">CLT &#8211; Cr\u00e9ditos: depositphotos.com \/ Etalbr<\/figcaption><\/figure><\/div>\n\n\n<h2 class=\"wp-block-heading\">Como solicitar o seguro-desemprego?<\/h2>\n\n\n\n<p>Solicitar o seguro-desemprego pode ser feito de forma presencial ou digital. Presencialmente, o trabalhador deve se dirigir a uma superintend\u00eancia ou a postos autorizados, como o Sistema Nacional de Emprego (<a href=\"https:\/\/www.gov.br\/trabalho-e-emprego\/pt-br\/assuntos\/sistema-nacional-de-emprego-sine\" target=\"_blank\" rel=\"noreferrer noopener\">SINE<\/a>), levando os documentos pessoais e a carteira de trabalho. Alternativamente, a solicita\u00e7\u00e3o pode ser realizada online atrav\u00e9s do portal Gov.br ou do aplicativo da Carteira de Trabalho, dispon\u00edvel para dispositivos Android e iOS.<\/p>\n\n\n\n<ul class=\"wp-block-list\">\n<li>Comparecer pessoalmente a uma superintend\u00eancia do Minist\u00e9rio do Trabalho ou posto autorizado.<\/li>\n\n\n\n<li>Utilizar a plataforma Gov.br para solicita\u00e7\u00e3o digital.<\/li>\n\n\n\n<li>Usar o aplicativo da Carteira de Trabalho.<\/li>\n<\/ul>\n\n\n\n<h2 class=\"wp-block-heading\">Quem pode requisitar o seguro-desemprego?<\/h2>\n\n\n\n<p>O seguro-desemprego \u00e9 destinado a trabalhadores demitidos sem justa causa que atendem a certos crit\u00e9rios definidos pelo Minist\u00e9rio do Trabalho e Emprego. Al\u00e9m de n\u00e3o terem renda pr\u00f3pria suficiente para sustento pessoal e familiar, os benefici\u00e1rios devem seguir algumas condi\u00e7\u00f5es relativas ao tempo de servi\u00e7o:<\/p>\n\n\n\n<ol class=\"wp-block-list\">\n<li>No m\u00ednimo 12 meses de trabalho nos \u00faltimos 18 meses anteriores \u00e0 primeira solicita\u00e7\u00e3o.<\/li>\n\n\n\n<li>9 meses nos 12 meses anteriores \u00e0 segunda solicita\u00e7\u00e3o.<\/li>\n\n\n\n<li>Ao menos 6 meses trabalhados nos casos subsequentes.<\/li>\n<\/ol>\n\n\n\n<p>Al\u00e9m disso, n\u00e3o podem estar recebendo outros benef\u00edcios previdenci\u00e1rios de presta\u00e7\u00e3o continuada, com exce\u00e7\u00f5es como aux\u00edlio-acidente e abono de perman\u00eancia em servi\u00e7o.<\/p>\n\n\n\n<h2 class=\"wp-block-heading\">Qual a import\u00e2ncia do seguro-desemprego?<\/h2>\n\n\n\n<p>O seguro-desemprego desempenha um papel vital ao proporcionar seguran\u00e7a financeira tempor\u00e1ria para os desempregados. Ele ajuda a evitar situa\u00e7\u00f5es de vulnerabilidade econ\u00f4mica e permite que os trabalhadores busquem novas posi\u00e7\u00f5es no mercado com mais tranquilidade. Este benef\u00edcio reflete a import\u00e2ncia de pol\u00edticas p\u00fablicas voltadas para o amparo dos trabalhadores em transi\u00e7\u00f5es de carreira.<\/p>\n","protected":false},"excerpt":{"rendered":"<p>Em 2025, trabalhadores no Brasil que foram dispensados sem justa causa poder\u00e3o contar com o aux\u00edlio do seguro-desemprego, que pode atingir at\u00e9 R$ 2.313,74. Este benef\u00edcio tempor\u00e1rio oferece suporte financeiro para aqueles que recentemente perderam sua fonte de renda, proporcionando um al\u00edvio crucial durante a busca por novas oportunidades de trabalho. O valor do seguro-desemprego [&hellip;]<\/p>\n","protected":false},"author":7,"featured_media":6111,"comment_status":"open","ping_status":"open","sticky":false,"template":"","format":"standard","meta":{"jnews-multi-image_gallery":[],"jnews_single_post":{"format":"standard"},"jnews_primary_category":[],"jnews_social_meta":[],"jnews_override_counter":[],"footnotes":""},"categories":[28],"tags":[446,1833,985,1832],"class_list":["post-9605","post","type-post","status-publish","format-standard","has-post-thumbnail","hentry","category-economia","tag-auxilio-financeiro","tag-desemprego","tag-politicas-publicas","tag-seguro-desemprego"],"yoast_head":"<!-- This site is optimized with the Yoast SEO plugin v23.8 - https:\/\/yoast.com\/wordpress\/plugins\/seo\/ -->\n<title>Tem direito ao seguro-desemprego? - Estado de Minas - Em foco<\/title>\n<meta name=\"description\" content=\"Entenda como funciona o seguro-desemprego no Brasil em 2025, seu valor, quem pode solicitar e a import\u00e2ncia desse benef\u00edcio para os trabalhadores demitidos sem justa causa.\" \/>\n<meta name=\"robots\" content=\"index, follow, max-snippet:-1, max-image-preview:large, max-video-preview:-1\" \/>\n<link rel=\"canonical\" href=\"https:\/\/www.em.com.br\/emfoco\/2025\/01\/10\/tem-direito-ao-seguro-desemprego-2\/\" \/>\n<meta property=\"og:locale\" content=\"pt_BR\" \/>\n<meta property=\"og:type\" content=\"article\" \/>\n<meta property=\"og:title\" content=\"Tem direito ao seguro-desemprego? - Estado de Minas - Em foco\" \/>\n<meta property=\"og:description\" content=\"Entenda como funciona o seguro-desemprego no Brasil em 2025, seu valor, quem pode solicitar e a import\u00e2ncia desse benef\u00edcio para os trabalhadores demitidos sem justa causa.\" \/>\n<meta property=\"og:url\" content=\"https:\/\/www.em.com.br\/emfoco\/2025\/01\/10\/tem-direito-ao-seguro-desemprego-2\/\" \/>\n<meta property=\"og:site_name\" content=\"Estado de Minas - Em foco\" \/>\n<meta property=\"article:published_time\" content=\"2025-01-10T12:20:00+00:00\" \/>\n<meta property=\"article:modified_time\" content=\"2025-01-10T02:00:13+00:00\" \/>\n<meta property=\"og:image\" content=\"https:\/\/www.em.com.br\/emfoco\/wp-content\/uploads\/2024\/12\/CLT_1734802341009.jpg\" \/>\n\t<meta property=\"og:image:width\" content=\"1280\" \/>\n\t<meta property=\"og:image:height\" content=\"720\" \/>\n\t<meta property=\"og:image:type\" content=\"image\/jpeg\" \/>\n<meta name=\"author\" content=\"Kelvin\" \/>\n<meta name=\"twitter:card\" content=\"summary_large_image\" \/>\n<meta name=\"twitter:label1\" content=\"Escrito por\" \/>\n\t<meta name=\"twitter:data1\" content=\"Kelvin\" \/>\n\t<meta name=\"twitter:label2\" content=\"Est. tempo de leitura\" \/>\n\t<meta name=\"twitter:data2\" content=\"3 minutos\" \/>\n<!-- \/ Yoast SEO plugin. -->","yoast_head_json":{"title":"Tem direito ao seguro-desemprego? - Estado de Minas - Em foco","description":"Entenda como funciona o seguro-desemprego no Brasil em 2025, seu valor, quem pode solicitar e a import\u00e2ncia desse benef\u00edcio para os trabalhadores demitidos sem justa causa.","robots":{"index":"index","follow":"follow","max-snippet":"max-snippet:-1","max-image-preview":"max-image-preview:large","max-video-preview":"max-video-preview:-1"},"canonical":"https:\/\/www.em.com.br\/emfoco\/2025\/01\/10\/tem-direito-ao-seguro-desemprego-2\/","og_locale":"pt_BR","og_type":"article","og_title":"Tem direito ao seguro-desemprego? - Estado de Minas - Em foco","og_description":"Entenda como funciona o seguro-desemprego no Brasil em 2025, seu valor, quem pode solicitar e a import\u00e2ncia desse benef\u00edcio para os trabalhadores demitidos sem justa causa.","og_url":"https:\/\/www.em.com.br\/emfoco\/2025\/01\/10\/tem-direito-ao-seguro-desemprego-2\/","og_site_name":"Estado de Minas - Em foco","article_published_time":"2025-01-10T12:20:00+00:00","article_modified_time":"2025-01-10T02:00:13+00:00","og_image":[{"width":1280,"height":720,"url":"https:\/\/www.em.com.br\/emfoco\/wp-content\/uploads\/2024\/12\/CLT_1734802341009.jpg","type":"image\/jpeg"}],"author":"Kelvin","twitter_card":"summary_large_image","twitter_misc":{"Escrito por":"Kelvin","Est. tempo de leitura":"3 minutos"},"schema":{"@context":"https:\/\/schema.org","@graph":[{"@type":"WebPage","@id":"https:\/\/www.em.com.br\/emfoco\/2025\/01\/10\/tem-direito-ao-seguro-desemprego-2\/","url":"https:\/\/www.em.com.br\/emfoco\/2025\/01\/10\/tem-direito-ao-seguro-desemprego-2\/","name":"Tem direito ao seguro-desemprego? - Estado de Minas - Em foco","isPartOf":{"@id":"https:\/\/www.em.com.br\/emfoco\/#website"},"primaryImageOfPage":{"@id":"https:\/\/www.em.com.br\/emfoco\/2025\/01\/10\/tem-direito-ao-seguro-desemprego-2\/#primaryimage"},"image":{"@id":"https:\/\/www.em.com.br\/emfoco\/2025\/01\/10\/tem-direito-ao-seguro-desemprego-2\/#primaryimage"},"thumbnailUrl":"https:\/\/www.em.com.br\/emfoco\/wp-content\/uploads\/2024\/12\/CLT_1734802341009.jpg","datePublished":"2025-01-10T12:20:00+00:00","dateModified":"2025-01-10T02:00:13+00:00","author":{"@id":"https:\/\/www.em.com.br\/emfoco\/#\/schema\/person\/fb0a7f48c6fbb94b83f413a80f61917d"},"description":"Entenda como funciona o seguro-desemprego no Brasil em 2025, seu valor, quem pode solicitar e a import\u00e2ncia desse benef\u00edcio para os trabalhadores demitidos sem justa causa.","breadcrumb":{"@id":"https:\/\/www.em.com.br\/emfoco\/2025\/01\/10\/tem-direito-ao-seguro-desemprego-2\/#breadcrumb"},"inLanguage":"pt-BR","potentialAction":[{"@type":"ReadAction","target":["https:\/\/www.em.com.br\/emfoco\/2025\/01\/10\/tem-direito-ao-seguro-desemprego-2\/"]}]},{"@type":"ImageObject","inLanguage":"pt-BR","@id":"https:\/\/www.em.com.br\/emfoco\/2025\/01\/10\/tem-direito-ao-seguro-desemprego-2\/#primaryimage","url":"https:\/\/www.em.com.br\/emfoco\/wp-content\/uploads\/2024\/12\/CLT_1734802341009.jpg","contentUrl":"https:\/\/www.em.com.br\/emfoco\/wp-content\/uploads\/2024\/12\/CLT_1734802341009.jpg","width":1280,"height":720,"caption":"CLT - Cr\u00e9ditos: depositphotos.com \/ rafapress"},{"@type":"BreadcrumbList","@id":"https:\/\/www.em.com.br\/emfoco\/2025\/01\/10\/tem-direito-ao-seguro-desemprego-2\/#breadcrumb","itemListElement":[{"@type":"ListItem","position":1,"name":"In\u00edcio","item":"https:\/\/www.em.com.br\/emfoco\/"},{"@type":"ListItem","position":2,"name":"Tem direito ao seguro-desemprego?"}]},{"@type":"WebSite","@id":"https:\/\/www.em.com.br\/emfoco\/#website","url":"https:\/\/www.em.com.br\/emfoco\/","name":"Estado de Minas - Em foco","description":"Acompanhe as \u00faltimas not\u00edcias e fique bem informado sobre tudo o que acontece em Minas Gerais, Brasil e no mundo.","potentialAction":[{"@type":"SearchAction","target":{"@type":"EntryPoint","urlTemplate":"https:\/\/www.em.com.br\/emfoco\/?s={search_term_string}"},"query-input":{"@type":"PropertyValueSpecification","valueRequired":true,"valueName":"search_term_string"}}],"inLanguage":"pt-BR"},{"@type":"Person","@id":"https:\/\/www.em.com.br\/emfoco\/#\/schema\/person\/fb0a7f48c6fbb94b83f413a80f61917d","name":"Kelvin","image":{"@type":"ImageObject","inLanguage":"pt-BR","@id":"https:\/\/www.em.com.br\/emfoco\/#\/schema\/person\/image\/","url":"https:\/\/secure.gravatar.com\/avatar\/e74f84337e6bf6c4c5e88fbdffa05270?s=96&d=mm&r=g","contentUrl":"https:\/\/secure.gravatar.com\/avatar\/e74f84337e6bf6c4c5e88fbdffa05270?s=96&d=mm&r=g","caption":"Kelvin"},"sameAs":["https:\/\/www.em.com.br\/emfoco"],"url":"https:\/\/www.em.com.br\/emfoco\/author\/kelvinmyth\/"}]}},"_links":{"self":[{"href":"https:\/\/www.em.com.br\/emfoco\/wp-json\/wp\/v2\/posts\/9605","targetHints":{"allow":["GET"]}}],"collection":[{"href":"https:\/\/www.em.com.br\/emfoco\/wp-json\/wp\/v2\/posts"}],"about":[{"href":"https:\/\/www.em.com.br\/emfoco\/wp-json\/wp\/v2\/types\/post"}],"author":[{"embeddable":true,"href":"https:\/\/www.em.com.br\/emfoco\/wp-json\/wp\/v2\/users\/7"}],"replies":[{"embeddable":true,"href":"https:\/\/www.em.com.br\/emfoco\/wp-json\/wp\/v2\/comments?post=9605"}],"version-history":[{"count":2,"href":"https:\/\/www.em.com.br\/emfoco\/wp-json\/wp\/v2\/posts\/9605\/revisions"}],"predecessor-version":[{"id":9608,"href":"https:\/\/www.em.com.br\/emfoco\/wp-json\/wp\/v2\/posts\/9605\/revisions\/9608"}],"wp:featuredmedia":[{"embeddable":true,"href":"https:\/\/www.em.com.br\/emfoco\/wp-json\/wp\/v2\/media\/6111"}],"wp:attachment":[{"href":"https:\/\/www.em.com.br\/emfoco\/wp-json\/wp\/v2\/media?parent=9605"}],"wp:term":[{"taxonomy":"category","embeddable":true,"href":"https:\/\/www.em.com.br\/emfoco\/wp-json\/wp\/v2\/categories?post=9605"},{"taxonomy":"post_tag","embeddable":true,"href":"https:\/\/www.em.com.br\/emfoco\/wp-json\/wp\/v2\/tags?post=9605"}],"curies":[{"name":"wp","href":"https:\/\/api.w.org\/{rel}","templated":true}]}}