{"id":95819,"date":"2025-08-24T21:58:00","date_gmt":"2025-08-25T00:58:00","guid":{"rendered":"https:\/\/www.em.com.br\/emfoco\/?p=95819"},"modified":"2025-08-23T01:07:39","modified_gmt":"2025-08-23T04:07:39","slug":"seguro-desemprego-agora-acompanha-o-salario-minimo","status":"publish","type":"post","link":"https:\/\/www.em.com.br\/emfoco\/2025\/08\/24\/seguro-desemprego-agora-acompanha-o-salario-minimo\/","title":{"rendered":"Seguro-Desemprego agora acompanha o sal\u00e1rio m\u00ednimo"},"content":{"rendered":"\n<p>O <strong><a href=\"https:\/\/www.em.com.br\/emfoco\/2025\/08\/17\/entenda-como-funciona-o-seguro-desemprego-e-garanta-seus-direitos\/\" target=\"_blank\" rel=\"noreferrer noopener\">seguro-desemprego<\/a><\/strong> \u00e9 um elemento central da rede de prote\u00e7\u00e3o social no <strong>Brasil<\/strong>, fornecendo suporte financeiro essencial para trabalhadores que perdem seus empregos sem justa causa. Em 2025, o governo implementou ajustes importantes para que o benef\u00edcio acompanhe as mudan\u00e7as econ\u00f4micas, especialmente no que diz respeito \u00e0 infla\u00e7\u00e3o e ao custo de vida. Essas altera\u00e7\u00f5es t\u00eam como objetivo assegurar que os benefici\u00e1rios possam atravessar o per\u00edodo de desemprego com maior tranquilidade.<\/p>\n\n\n\n<p>Atualmente, o seguro-desemprego desempenha um papel-chave ao minimizar o impacto social do desemprego e ao promover a reintegra\u00e7\u00e3o dos trabalhadores ao mercado. Com os ajustes realizados nos \u00faltimos anos, o benef\u00edcio passou a ter maior relev\u00e2ncia na vida dos desempregados, reduzindo a vulnerabilidade social. Al\u00e9m disso, o seguro atuou como importante instrumento econ\u00f4mico durante situa\u00e7\u00f5es de crise, ajudando a estabilizar a demanda interna.<\/p>\n\n\n\n<h2 class=\"wp-block-heading\">Ajuste do valor m\u00ednimo em 2025<\/h2>\n\n\n<div class=\"wp-block-image\">\n<figure class=\"aligncenter size-large\"><img loading=\"lazy\" decoding=\"async\" width=\"1024\" height=\"576\" src=\"https:\/\/www.em.com.br\/emfoco\/wp-content\/uploads\/2025\/07\/mosaico_1752549176489-1024x576.png\" alt=\"Trabalhadores est\u00e3o recebendo dep\u00f3sitos extras do FGTS veja por qu\u00ea\" class=\"wp-image-76026\" srcset=\"https:\/\/www.em.com.br\/emfoco\/wp-content\/uploads\/2025\/07\/mosaico_1752549176489-1024x576.png 1024w, https:\/\/www.em.com.br\/emfoco\/wp-content\/uploads\/2025\/07\/mosaico_1752549176489-300x169.png 300w, https:\/\/www.em.com.br\/emfoco\/wp-content\/uploads\/2025\/07\/mosaico_1752549176489-768x432.png 768w, https:\/\/www.em.com.br\/emfoco\/wp-content\/uploads\/2025\/07\/mosaico_1752549176489-750x422.png 750w, https:\/\/www.em.com.br\/emfoco\/wp-content\/uploads\/2025\/07\/mosaico_1752549176489-1140x641.png 1140w, https:\/\/www.em.com.br\/emfoco\/wp-content\/uploads\/2025\/07\/mosaico_1752549176489.png 1280w\" sizes=\"auto, (max-width: 1024px) 100vw, 1024px\" \/><figcaption class=\"wp-element-caption\">PIX e dinheiro &#8211; PIX &#8211; Cr\u00e9ditos: depositphotos.com \/ rafapress e depositphotos.com \/ rodrigobellizzi<\/figcaption><\/figure><\/div>\n\n\n<p>Uma das mudan\u00e7as mais significativas foi o ajuste do valor m\u00ednimo do <strong>seguro-desemprego<\/strong>, agora alinhado ao novo sal\u00e1rio m\u00ednimo de R$ 1.518,00. Isso representa um esfor\u00e7o para garantir que o benef\u00edcio reflete as necessidades b\u00e1sicas dos desempregados, mantendo o poder de compra mesmo em tempos dif\u00edceis.<\/p>\n\n\n\n<p>Al\u00e9m do aumento do valor m\u00ednimo, o governo tamb\u00e9m considerou a atualiza\u00e7\u00e3o peri\u00f3dica baseada em \u00edndices inflacion\u00e1rios para proteger o valor real do benef\u00edcio. Dessa forma, os trabalhadores em transi\u00e7\u00e3o continuam a receber um suporte financeiro que segue a evolu\u00e7\u00e3o do custo de vida, evitando perdas significativas em momentos de infla\u00e7\u00e3o elevada.<\/p>\n\n\n\n<h2 class=\"wp-block-heading\">Como o benef\u00edcio \u00e9 calculado?<\/h2>\n\n\n\n<p>O m\u00e9todo de c\u00e1lculo do seguro-desemprego foi revisto para torn\u00e1-lo mais equitativo. Para aqueles com um sal\u00e1rio m\u00e9dio de at\u00e9 R$ 2.138,76, o valor do benef\u00edcio \u00e9<strong> 80% <\/strong>desse sal\u00e1rio m\u00e9dio. Para sal\u00e1rios entre R$ 2.138,77 e R$ 3.564,96, o c\u00e1lculo envolve um componente fixo acrescido de <strong>50%<\/strong> do valor que excede o limite inferior da faixa. Para aqueles com sal\u00e1rio m\u00e9dio acima de R$ 3.564,96, o valor do benef\u00edcio \u00e9 fixo.<\/p>\n\n\n\n<p>A tabela de c\u00e1lculo \u00e9 atualizada anualmente, levando em conta o sal\u00e1rio m\u00ednimo vigente e os \u00edndices de infla\u00e7\u00e3o. Isso assegura que o valor pago acompanhe as mudan\u00e7as salariais do mercado e proporcione aos benefici\u00e1rios maior previsibilidade financeira durante o per\u00edodo de desemprego.<\/p>\n\n\n\n<h2 class=\"wp-block-heading\">Quem tem direito a receber este benef\u00edcio?<\/h2>\n\n\n\n<p>O seguro-desemprego \u00e9 reservado para trabalhadores dispensados sem justa causa e que preencham crit\u00e9rios de tempo de servi\u00e7o. Para a primeira solicita\u00e7\u00e3o, \u00e9 necess\u00e1rio ter trabalhado por pelo menos 12 meses nos 18 meses precedentes. Na segunda solicita\u00e7\u00e3o, o requisito \u00e9 de 9 meses em 12 meses, e nas subsequentes, um m\u00ednimo de 6 meses de trabalho consecutivo \u00e9 exigido. Al\u00e9m disso, o benefici\u00e1rio n\u00e3o deve estar recebendo outro tipo de renda ou benef\u00edcios semelhantes, exceto em algumas situa\u00e7\u00f5es espec\u00edficas.<\/p>\n\n\n\n<p>Trabalhadores dom\u00e9sticos, pescadores artesanais em per\u00edodo de defeso e pessoas resgatadas de condi\u00e7\u00f5es an\u00e1logas \u00e0 escravid\u00e3o tamb\u00e9m t\u00eam direito ao seguro-desemprego, desde que cumpram requisitos espec\u00edficos para cada categoria. Estes ajustes visam ampliar a cobertura do benef\u00edcio e garantir assist\u00eancia a um p\u00fablico mais diverso.<\/p>\n\n\n\n<h2 class=\"wp-block-heading\">Como proceder com a solicita\u00e7\u00e3o do benef\u00edcio?<\/h2>\n\n\n\n<p>Para facilitar o acesso ao seguro-desemprego, o governo disponibilizou m\u00faltiplos canais para a realiza\u00e7\u00e3o da solicita\u00e7\u00e3o. As op\u00e7\u00f5es presenciais incluem unidades do <strong>SINE<\/strong>, enquanto que servi\u00e7os online est\u00e3o dispon\u00edveis atrav\u00e9s do <strong>Portal GOV.BR<\/strong> e do aplicativo <strong>Carteira de Trabalho Digital<\/strong>. Essas plataformas t\u00eam como objetivo tornar o processo mais eficiente e menos burocr\u00e1tico, permitindo que os trabalhadores acessem o suporte com celeridade.<\/p>\n\n\n\n<p>A documenta\u00e7\u00e3o necess\u00e1ria inclui carteira de trabalho, documento de identifica\u00e7\u00e3o com foto, comprovante de resid\u00eancia e, em alguns casos, o termo de rescis\u00e3o do contrato de trabalho. O acompanhamento das etapas do processo pode ser feito digitalmente, proporcionando maior comodidade ao trabalhador brasileiro.<\/p>\n\n\n\n<h2 class=\"wp-block-heading\">Por que ajustes no seguro-desemprego s\u00e3o necess\u00e1rios?<\/h2>\n\n\n\n<p>Atualizar o seguro-desemprego \u00e9 vital para sua efic\u00e1cia como ferramenta de prote\u00e7\u00e3o social. As adequa\u00e7\u00f5es feitas para atender \u00e0 realidade econ\u00f4mica, incluindo o ajuste de valores com base em indicadores como o <strong>\u00cdndice Nacional de Pre\u00e7os ao Consumidor<\/strong> (<a href=\"https:\/\/www.ibge.gov.br\/estatisticas\/economicas\/precos-e-custos\/9258-indice-nacional-de-precos-ao-consumidor.html\" target=\"_blank\" rel=\"noreferrer noopener\">INPC<\/a>), asseguram que o benef\u00edcio continue a ser relevante para os trabalhadores. Isso \u00e9 essencial para ajudar os desempregados a manterem suas necessidades b\u00e1sicas enquanto procuram por novas oportunidades de emprego, contribuindo para a estabilidade econ\u00f4mica e social do pa\u00eds.<\/p>\n\n\n\n<p>A manuten\u00e7\u00e3o e o aprimoramento do seguro-desemprego tamb\u00e9m afetam positivamente o consumo interno, pois garantem um m\u00ednimo de renda circulando pela economia. Trata-se de uma pol\u00edtica importante n\u00e3o apenas em tempos de estabilidade, mas principalmente em per\u00edodos de crise, quando os \u00edndices de desemprego podem aumentar de maneira significativa.<\/p>\n\n\n\n<h2 class=\"wp-block-heading\">Orienta\u00e7\u00e3o e reinser\u00e7\u00e3o no mercado de trabalho<\/h2>\n\n\n\n<p>Al\u00e9m do apoio financeiro, o seguro-desemprego ganhou, nos \u00faltimos anos, uma dimens\u00e3o voltada \u00e0 orienta\u00e7\u00e3o profissional. Muitos postos de atendimento do <strong>SINE <\/strong>e outras plataformas digitais oferecem programas de capacita\u00e7\u00e3o, acesso a vagas e cursos gratuitos para melhorar as chances de reinser\u00e7\u00e3o dos benefici\u00e1rios no mercado de trabalho.<\/p>\n\n\n\n<p>Esses servi\u00e7os adicionais buscam garantir n\u00e3o somente a prote\u00e7\u00e3o em momentos de vulnerabilidade, mas tamb\u00e9m capacitar os trabalhadores para novas oportunidades. Assim, o seguro-desemprego evolve continuamente para ser um instrumento de promo\u00e7\u00e3o da empregabilidade, contribuindo para o desenvolvimento econ\u00f4mico e social do pa\u00eds.<\/p>\n","protected":false},"excerpt":{"rendered":"<p>O seguro-desemprego \u00e9 um elemento central da rede de prote\u00e7\u00e3o social no Brasil, fornecendo suporte financeiro essencial para trabalhadores que perdem seus empregos sem justa causa. Em 2025, o governo implementou ajustes importantes para que o benef\u00edcio acompanhe as mudan\u00e7as econ\u00f4micas, especialmente no que diz respeito \u00e0 infla\u00e7\u00e3o e ao custo de vida. Essas altera\u00e7\u00f5es [&hellip;]<\/p>\n","protected":false},"author":20,"featured_media":55004,"comment_status":"open","ping_status":"open","sticky":false,"template":"","format":"standard","meta":{"jnews-multi-image_gallery":[],"jnews_single_post":{"format":"standard"},"jnews_primary_category":[],"jnews_social_meta":[],"jnews_override_counter":[],"footnotes":""},"categories":[28,1],"tags":[259,158,1832],"class_list":["post-95819","post","type-post","status-publish","format-standard","has-post-thumbnail","hentry","category-economia","category-noticias","tag-beneficio","tag-brasil","tag-seguro-desemprego"],"yoast_head":"<!-- This site is optimized with the Yoast SEO plugin v23.8 - https:\/\/yoast.com\/wordpress\/plugins\/seo\/ -->\n<title>Seguro-Desemprego agora acompanha o sal\u00e1rio m\u00ednimo - Estado de Minas - Em foco<\/title>\n<meta name=\"description\" content=\"Veja como o seguro-desemprego protege trabalhadores no Brasil, com valores ajustados e orienta\u00e7\u00f5es para solicitar sem complica\u00e7\u00f5es.\" \/>\n<meta name=\"robots\" content=\"index, follow, max-snippet:-1, max-image-preview:large, max-video-preview:-1\" \/>\n<link rel=\"canonical\" href=\"https:\/\/www.em.com.br\/emfoco\/2025\/08\/24\/seguro-desemprego-agora-acompanha-o-salario-minimo\/\" \/>\n<meta property=\"og:locale\" content=\"pt_BR\" \/>\n<meta property=\"og:type\" content=\"article\" \/>\n<meta property=\"og:title\" content=\"Seguro-Desemprego agora acompanha o sal\u00e1rio m\u00ednimo - Estado de Minas - Em foco\" \/>\n<meta property=\"og:description\" content=\"Veja como o seguro-desemprego protege trabalhadores no Brasil, com valores ajustados e orienta\u00e7\u00f5es para solicitar sem complica\u00e7\u00f5es.\" \/>\n<meta property=\"og:url\" content=\"https:\/\/www.em.com.br\/emfoco\/2025\/08\/24\/seguro-desemprego-agora-acompanha-o-salario-minimo\/\" \/>\n<meta property=\"og:site_name\" content=\"Estado de Minas - Em foco\" \/>\n<meta property=\"article:published_time\" content=\"2025-08-25T00:58:00+00:00\" \/>\n<meta property=\"article:modified_time\" content=\"2025-08-23T04:07:39+00:00\" \/>\n<meta property=\"og:image\" content=\"https:\/\/www.em.com.br\/emfoco\/wp-content\/uploads\/2025\/06\/dinheiro-reais_1748976565269.jpg\" \/>\n\t<meta property=\"og:image:width\" content=\"1280\" \/>\n\t<meta property=\"og:image:height\" content=\"720\" \/>\n\t<meta property=\"og:image:type\" content=\"image\/jpeg\" \/>\n<meta name=\"author\" content=\"Ingrid Diniz\" \/>\n<meta name=\"twitter:card\" content=\"summary_large_image\" \/>\n<meta name=\"twitter:label1\" content=\"Escrito por\" \/>\n\t<meta name=\"twitter:data1\" content=\"Ingrid Diniz\" \/>\n\t<meta name=\"twitter:label2\" content=\"Est. tempo de leitura\" \/>\n\t<meta name=\"twitter:data2\" content=\"6 minutos\" \/>\n<!-- \/ Yoast SEO plugin. -->","yoast_head_json":{"title":"Seguro-Desemprego agora acompanha o sal\u00e1rio m\u00ednimo - Estado de Minas - Em foco","description":"Veja como o seguro-desemprego protege trabalhadores no Brasil, com valores ajustados e orienta\u00e7\u00f5es para solicitar sem complica\u00e7\u00f5es.","robots":{"index":"index","follow":"follow","max-snippet":"max-snippet:-1","max-image-preview":"max-image-preview:large","max-video-preview":"max-video-preview:-1"},"canonical":"https:\/\/www.em.com.br\/emfoco\/2025\/08\/24\/seguro-desemprego-agora-acompanha-o-salario-minimo\/","og_locale":"pt_BR","og_type":"article","og_title":"Seguro-Desemprego agora acompanha o sal\u00e1rio m\u00ednimo - Estado de Minas - Em foco","og_description":"Veja como o seguro-desemprego protege trabalhadores no Brasil, com valores ajustados e orienta\u00e7\u00f5es para solicitar sem complica\u00e7\u00f5es.","og_url":"https:\/\/www.em.com.br\/emfoco\/2025\/08\/24\/seguro-desemprego-agora-acompanha-o-salario-minimo\/","og_site_name":"Estado de Minas - Em foco","article_published_time":"2025-08-25T00:58:00+00:00","article_modified_time":"2025-08-23T04:07:39+00:00","og_image":[{"width":1280,"height":720,"url":"https:\/\/www.em.com.br\/emfoco\/wp-content\/uploads\/2025\/06\/dinheiro-reais_1748976565269.jpg","type":"image\/jpeg"}],"author":"Ingrid Diniz","twitter_card":"summary_large_image","twitter_misc":{"Escrito por":"Ingrid Diniz","Est. tempo de leitura":"6 minutos"},"schema":{"@context":"https:\/\/schema.org","@graph":[{"@type":"WebPage","@id":"https:\/\/www.em.com.br\/emfoco\/2025\/08\/24\/seguro-desemprego-agora-acompanha-o-salario-minimo\/","url":"https:\/\/www.em.com.br\/emfoco\/2025\/08\/24\/seguro-desemprego-agora-acompanha-o-salario-minimo\/","name":"Seguro-Desemprego agora acompanha o sal\u00e1rio m\u00ednimo - Estado de Minas - Em foco","isPartOf":{"@id":"https:\/\/www.em.com.br\/emfoco\/#website"},"primaryImageOfPage":{"@id":"https:\/\/www.em.com.br\/emfoco\/2025\/08\/24\/seguro-desemprego-agora-acompanha-o-salario-minimo\/#primaryimage"},"image":{"@id":"https:\/\/www.em.com.br\/emfoco\/2025\/08\/24\/seguro-desemprego-agora-acompanha-o-salario-minimo\/#primaryimage"},"thumbnailUrl":"https:\/\/www.em.com.br\/emfoco\/wp-content\/uploads\/2025\/06\/dinheiro-reais_1748976565269.jpg","datePublished":"2025-08-25T00:58:00+00:00","dateModified":"2025-08-23T04:07:39+00:00","author":{"@id":"https:\/\/www.em.com.br\/emfoco\/#\/schema\/person\/649e610b4eb8fff87ff394e54fe17b2b"},"description":"Veja como o seguro-desemprego protege trabalhadores no Brasil, com valores ajustados e orienta\u00e7\u00f5es para solicitar sem complica\u00e7\u00f5es.","breadcrumb":{"@id":"https:\/\/www.em.com.br\/emfoco\/2025\/08\/24\/seguro-desemprego-agora-acompanha-o-salario-minimo\/#breadcrumb"},"inLanguage":"pt-BR","potentialAction":[{"@type":"ReadAction","target":["https:\/\/www.em.com.br\/emfoco\/2025\/08\/24\/seguro-desemprego-agora-acompanha-o-salario-minimo\/"]}]},{"@type":"ImageObject","inLanguage":"pt-BR","@id":"https:\/\/www.em.com.br\/emfoco\/2025\/08\/24\/seguro-desemprego-agora-acompanha-o-salario-minimo\/#primaryimage","url":"https:\/\/www.em.com.br\/emfoco\/wp-content\/uploads\/2025\/06\/dinheiro-reais_1748976565269.jpg","contentUrl":"https:\/\/www.em.com.br\/emfoco\/wp-content\/uploads\/2025\/06\/dinheiro-reais_1748976565269.jpg","width":1280,"height":720,"caption":"Aumento do INSS para idosos - Cr\u00e9ditos: depositphotos.com \/ verganifotografia"},{"@type":"BreadcrumbList","@id":"https:\/\/www.em.com.br\/emfoco\/2025\/08\/24\/seguro-desemprego-agora-acompanha-o-salario-minimo\/#breadcrumb","itemListElement":[{"@type":"ListItem","position":1,"name":"In\u00edcio","item":"https:\/\/www.em.com.br\/emfoco\/"},{"@type":"ListItem","position":2,"name":"Seguro-Desemprego agora acompanha o sal\u00e1rio m\u00ednimo"}]},{"@type":"WebSite","@id":"https:\/\/www.em.com.br\/emfoco\/#website","url":"https:\/\/www.em.com.br\/emfoco\/","name":"Estado de Minas - Em foco","description":"Acompanhe as \u00faltimas not\u00edcias e fique bem informado sobre tudo o que acontece em Minas Gerais, Brasil e no mundo.","potentialAction":[{"@type":"SearchAction","target":{"@type":"EntryPoint","urlTemplate":"https:\/\/www.em.com.br\/emfoco\/?s={search_term_string}"},"query-input":{"@type":"PropertyValueSpecification","valueRequired":true,"valueName":"search_term_string"}}],"inLanguage":"pt-BR"},{"@type":"Person","@id":"https:\/\/www.em.com.br\/emfoco\/#\/schema\/person\/649e610b4eb8fff87ff394e54fe17b2b","name":"Ingrid Diniz","image":{"@type":"ImageObject","inLanguage":"pt-BR","@id":"https:\/\/www.em.com.br\/emfoco\/#\/schema\/person\/image\/","url":"https:\/\/secure.gravatar.com\/avatar\/a3baa1449ec5c39b4c42babc9d4f3951?s=96&d=mm&r=g","contentUrl":"https:\/\/secure.gravatar.com\/avatar\/a3baa1449ec5c39b4c42babc9d4f3951?s=96&d=mm&r=g","caption":"Ingrid Diniz"},"sameAs":["https:\/\/www.em.com.br\/"],"url":"https:\/\/www.em.com.br\/emfoco\/author\/ingridmyth\/"}]}},"_links":{"self":[{"href":"https:\/\/www.em.com.br\/emfoco\/wp-json\/wp\/v2\/posts\/95819","targetHints":{"allow":["GET"]}}],"collection":[{"href":"https:\/\/www.em.com.br\/emfoco\/wp-json\/wp\/v2\/posts"}],"about":[{"href":"https:\/\/www.em.com.br\/emfoco\/wp-json\/wp\/v2\/types\/post"}],"author":[{"embeddable":true,"href":"https:\/\/www.em.com.br\/emfoco\/wp-json\/wp\/v2\/users\/20"}],"replies":[{"embeddable":true,"href":"https:\/\/www.em.com.br\/emfoco\/wp-json\/wp\/v2\/comments?post=95819"}],"version-history":[{"count":1,"href":"https:\/\/www.em.com.br\/emfoco\/wp-json\/wp\/v2\/posts\/95819\/revisions"}],"predecessor-version":[{"id":95848,"href":"https:\/\/www.em.com.br\/emfoco\/wp-json\/wp\/v2\/posts\/95819\/revisions\/95848"}],"wp:featuredmedia":[{"embeddable":true,"href":"https:\/\/www.em.com.br\/emfoco\/wp-json\/wp\/v2\/media\/55004"}],"wp:attachment":[{"href":"https:\/\/www.em.com.br\/emfoco\/wp-json\/wp\/v2\/media?parent=95819"}],"wp:term":[{"taxonomy":"category","embeddable":true,"href":"https:\/\/www.em.com.br\/emfoco\/wp-json\/wp\/v2\/categories?post=95819"},{"taxonomy":"post_tag","embeddable":true,"href":"https:\/\/www.em.com.br\/emfoco\/wp-json\/wp\/v2\/tags?post=95819"}],"curies":[{"name":"wp","href":"https:\/\/api.w.org\/{rel}","templated":true}]}}