{"id":95816,"date":"2025-08-24T18:58:00","date_gmt":"2025-08-24T21:58:00","guid":{"rendered":"https:\/\/www.em.com.br\/emfoco\/?p=95816"},"modified":"2025-08-23T00:46:31","modified_gmt":"2025-08-23T03:46:31","slug":"bolsa-familia-de-agosto-traz-novos-valores-e-beneficios","status":"publish","type":"post","link":"https:\/\/www.em.com.br\/emfoco\/2025\/08\/24\/bolsa-familia-de-agosto-traz-novos-valores-e-beneficios\/","title":{"rendered":"Bolsa Fam\u00edlia de agosto traz novos valores e benef\u00edcios!"},"content":{"rendered":"\n<p>O <strong>Bolsa Fam\u00edlia<\/strong> \u00e9 um dos principais programas sociais do <strong>Brasil<\/strong>, criado com o intuito de transferir renda diretamente \u00e0s fam\u00edlias em situa\u00e7\u00e3o de vulnerabilidade econ\u00f4mica. Neste m\u00eas de agosto de 2025, a <strong><a href=\"https:\/\/www.caixa.gov.br\/\" target=\"_blank\" rel=\"noreferrer noopener\">Caixa Econ\u00f4mica Federal<\/a><\/strong> deu in\u00edcio ao pagamento das parcelas do programa. Este benef\u00edcio \u00e9 fundamental para garantir que cerca de 19,19 milh\u00f5es de fam\u00edlias brasileiras tenham condi\u00e7\u00f5es m\u00ednimas de sustento.<\/p>\n\n\n\n<p>Com um valor m\u00ednimo de R$ 600, o <strong>Bolsa Fam\u00edlia<\/strong> em agosto tem um acr\u00e9scimo que eleva a m\u00e9dia do benef\u00edcio para R$ 671,54. O aumento no valor deve-se a tr\u00eas adicionais espec\u00edficos: o <strong>Benef\u00edcio Vari\u00e1vel Familiar Nutriz<\/strong>, um adicional para gestantes e nutrizes, e valores escalonados por faixa et\u00e1ria dos filhos. Este modelo atualizado visa apoiar de maneira mais abrangente as necessidades das fam\u00edlias.<\/p>\n\n\n\n<h2 class=\"wp-block-heading\">Quais s\u00e3o os crit\u00e9rios para o pagamento do Bolsa Fam\u00edlia?<\/h2>\n\n\n<div class=\"wp-block-image\">\n<figure class=\"aligncenter size-large\"><img loading=\"lazy\" decoding=\"async\" width=\"1024\" height=\"576\" src=\"https:\/\/www.em.com.br\/emfoco\/wp-content\/uploads\/2025\/08\/pai-e-filho_1754716963766-1024x576.jpg\" alt=\"7 cidades com feriado e descanso garantido em agosto\" class=\"wp-image-89051\" srcset=\"https:\/\/www.em.com.br\/emfoco\/wp-content\/uploads\/2025\/08\/pai-e-filho_1754716963766-1024x576.jpg 1024w, https:\/\/www.em.com.br\/emfoco\/wp-content\/uploads\/2025\/08\/pai-e-filho_1754716963766-300x169.jpg 300w, https:\/\/www.em.com.br\/emfoco\/wp-content\/uploads\/2025\/08\/pai-e-filho_1754716963766-768x432.jpg 768w, https:\/\/www.em.com.br\/emfoco\/wp-content\/uploads\/2025\/08\/pai-e-filho_1754716963766-750x422.jpg 750w, https:\/\/www.em.com.br\/emfoco\/wp-content\/uploads\/2025\/08\/pai-e-filho_1754716963766-1140x641.jpg 1140w, https:\/\/www.em.com.br\/emfoco\/wp-content\/uploads\/2025\/08\/pai-e-filho_1754716963766.jpg 1280w\" sizes=\"auto, (max-width: 1024px) 100vw, 1024px\" \/><figcaption class=\"wp-element-caption\">Pai e filho se divertindo ao ar livre &#8211; Cr\u00e9ditos: depositphotos.com \/ HayDmitriy<\/figcaption><\/figure><\/div>\n\n\n<p>O pagamento do <strong><a href=\"https:\/\/www.em.com.br\/emfoco\/2025\/08\/22\/familias-podem-receber-mais-de-r-600-com-novos-adicionais-do-bolsa-familia\/\" target=\"_blank\" rel=\"noreferrer noopener\">Bolsa Fam\u00edlia<\/a><\/strong> ocorre nos \u00faltimos dez dias \u00fateis de cada m\u00eas, com as datas espec\u00edficas baseadas no \u00faltimo d\u00edgito do <strong>N\u00famero de Inscri\u00e7\u00e3o Social<\/strong> (NIS). Neste m\u00eas, fam\u00edlias de 521 cidades, incluindo os 497 munic\u00edpios do <strong>Rio Grande do Sul<\/strong> e cidades em outros estados, receberam o pagamento de forma antecipada. Tais antecipa\u00e7\u00f5es ocorreram em resposta a fen\u00f4menos clim\u00e1ticos como chuvas intensas e estiagens, ou nas regi\u00f5es com povos ind\u00edgenas em situa\u00e7\u00e3o cr\u00edtica.<\/p>\n\n\n\n<p>Al\u00e9m disso, as fam\u00edlias precisam manter seus dados atualizados no <strong>Cadastro \u00danico<\/strong> (Cad\u00danico) e cumprir as condicionalidades do programa, como frequ\u00eancia escolar dos filhos e acompanhamento de sa\u00fade. Isso garante que os recursos cheguem a quem realmente necessita e contribui para a efetividade do programa.<\/p>\n\n\n\n<h2 class=\"wp-block-heading\">Revis\u00e3o e fortalecimento do Bolsa Fam\u00edlia<\/h2>\n\n\n\n<p>Ap\u00f3s a promulga\u00e7\u00e3o da <strong><a href=\"https:\/\/www.planalto.gov.br\/ccivil_03\/_ato2023-2026\/2023\/lei\/l14601.htm\" target=\"_blank\" rel=\"noreferrer noopener\">Lei 14.601\/2023<\/a><\/strong>, o <strong>Programa Bolsa Fam\u00edlia<\/strong> passou por uma s\u00e9rie de atualiza\u00e7\u00f5es que fortaleceram sua estrutura, como a reintegra\u00e7\u00e3o de benef\u00edcios antigos. Entre eles est\u00e1 o <strong>Seguro Defeso<\/strong>, essencial para sustentar pescadores durante per\u00edodos em que a pesca \u00e9 proibida para garantir o equil\u00edbrio ambiental.<\/p>\n\n\n\n<p>O governo federal tamb\u00e9m realizou auditorias nos cadastros para evitar fraudes e garantir que apenas fam\u00edlias eleg\u00edveis recebam o benef\u00edcio. Com maior controle e fiscaliza\u00e7\u00e3o, h\u00e1 uma redu\u00e7\u00e3o dos desvios e aperfei\u00e7oamento do uso dos recursos p\u00fablicos.<\/p>\n\n\n\n<h2 class=\"wp-block-heading\">O que \u00e9 a regra de prote\u00e7\u00e3o?<\/h2>\n\n\n\n<p>Dentro do programa, existe a chamada regra de prote\u00e7\u00e3o, que atende fam\u00edlias cujos membros conseguem emprego, mas que ainda precisam de suporte financeiro. Esta regra permite que essas fam\u00edlias, mesmo com aumento de renda, continuem recebendo<strong> 50%<\/strong> do valor do <strong>Bolsa Fam\u00edlia<\/strong> por at\u00e9 um ano.<\/p>\n\n\n\n<p>Essa medida proporciona uma transi\u00e7\u00e3o mais segura para as fam\u00edlias que retomam o mercado de trabalho, prevenindo que a perda imediata do benef\u00edcio acarrete em uma nova situa\u00e7\u00e3o de vulnerabilidade. A regra contribui para incentivar a busca de empregos formais.<\/p>\n\n\n\n<h2 class=\"wp-block-heading\">Como funciona o Aux\u00edlio G\u00e1s?<\/h2>\n\n\n\n<p>Paralelamente ao <strong>Bolsa Fam\u00edlia<\/strong>, o<strong> Aux\u00edlio G\u00e1s<\/strong> \u00e9 um benef\u00edcio que apoia fam\u00edlias no pagamento do botij\u00e3o de g\u00e1s, item essencial para o dia a dia. O valor de R$ 108 est\u00e1 garantido at\u00e9 2026 e pode ser fundamental para o or\u00e7amento dom\u00e9stico de muitos lares brasileiros.<\/p>\n\n\n\n<p>Para ter acesso ao <strong>Aux\u00edlio G\u00e1s<\/strong>, os benefici\u00e1rios precisam estar inscritos no <strong>Cad\u00danico<\/strong>, favorecendo mulheres como respons\u00e1veis familiares em situa\u00e7\u00e3o de vulnerabilidade. O programa busca garantir que o recurso chegue \u00e0queles com maior demanda e necessidade.<\/p>\n\n\n\n<h2 class=\"wp-block-heading\">Impactos econ\u00f4micos e sociais do Bolsa Fam\u00edlia<\/h2>\n\n\n\n<p>O <strong>Bolsa Fam\u00edlia <\/strong>e o<strong> Aux\u00edlio G\u00e1s<\/strong> t\u00eam contribu\u00eddo para a redu\u00e7\u00e3o da pobreza e da desigualdade social em diversas regi\u00f5es do <strong>Brasil<\/strong>. Os programas geram ciclos positivos de consumo local, incrementando a economia das comunidades mais vulner\u00e1veis.<\/p>\n\n\n\n<p>Al\u00e9m do impacto financeiro, essas iniciativas promovem acesso \u00e0 educa\u00e7\u00e3o e sa\u00fade, influenciando positivamente a qualidade de vida das fam\u00edlias beneficiadas. A cobertura desses programas \u00e9 estrat\u00e9gica para fortalecer a rede de prote\u00e7\u00e3o social do pa\u00eds.<\/p>\n\n\n\n<h2 class=\"wp-block-heading\">Perspectivas futuras e desafios do programa<\/h2>\n\n\n\n<p>Apesar das melhorias, o <strong>Bolsa Fam\u00edlia<\/strong> enfrenta desafios relacionados \u00e0 atualiza\u00e7\u00e3o constante do cadastro, avan\u00e7o tecnol\u00f3gico para evitar fraudes e atendimento das diversas demandas regionais. A integra\u00e7\u00e3o com outros benef\u00edcios pode tornar a prote\u00e7\u00e3o social ainda mais eficiente.<\/p>\n\n\n\n<p>O compromisso do governo em fortalecer e adaptar o programa \u00e0s novas realidades sociais mant\u00e9m-se evidente. A expectativa \u00e9 de avan\u00e7os que aprimorem cada vez mais o suporte \u00e0s fam\u00edlias em vulnerabilidade e ampliem os resultados positivos j\u00e1 registrados pelo programa.<\/p>\n","protected":false},"excerpt":{"rendered":"<p>O Bolsa Fam\u00edlia \u00e9 um dos principais programas sociais do Brasil, criado com o intuito de transferir renda diretamente \u00e0s fam\u00edlias em situa\u00e7\u00e3o de vulnerabilidade econ\u00f4mica. Neste m\u00eas de agosto de 2025, a Caixa Econ\u00f4mica Federal deu in\u00edcio ao pagamento das parcelas do programa. Este benef\u00edcio \u00e9 fundamental para garantir que cerca de 19,19 milh\u00f5es [&hellip;]<\/p>\n","protected":false},"author":20,"featured_media":90628,"comment_status":"open","ping_status":"open","sticky":false,"template":"","format":"standard","meta":{"jnews-multi-image_gallery":[],"jnews_single_post":{"format":"standard"},"jnews_primary_category":[],"jnews_social_meta":[],"jnews_override_counter":[],"footnotes":""},"categories":[28,1],"tags":[209,345,300],"class_list":["post-95816","post","type-post","status-publish","format-standard","has-post-thumbnail","hentry","category-economia","category-noticias","tag-bolsa-familia","tag-nis","tag-pagamento"],"yoast_head":"<!-- This site is optimized with the Yoast SEO plugin v23.8 - https:\/\/yoast.com\/wordpress\/plugins\/seo\/ -->\n<title>Bolsa Fam\u00edlia de agosto traz novos valores e benef\u00edcios! - Estado de Minas - Em foco<\/title>\n<meta name=\"description\" content=\"Pagamentos do Bolsa Fam\u00edlia seguem calend\u00e1rio por NIS e t\u00eam antecipa\u00e7\u00f5es em regi\u00f5es afetadas por chuvas e estiagem.\" \/>\n<meta name=\"robots\" content=\"index, follow, max-snippet:-1, max-image-preview:large, max-video-preview:-1\" \/>\n<link rel=\"canonical\" href=\"https:\/\/www.em.com.br\/emfoco\/2025\/08\/24\/bolsa-familia-de-agosto-traz-novos-valores-e-beneficios\/\" \/>\n<meta property=\"og:locale\" content=\"pt_BR\" \/>\n<meta property=\"og:type\" content=\"article\" \/>\n<meta property=\"og:title\" content=\"Bolsa Fam\u00edlia de agosto traz novos valores e benef\u00edcios! - Estado de Minas - Em foco\" \/>\n<meta property=\"og:description\" content=\"Pagamentos do Bolsa Fam\u00edlia seguem calend\u00e1rio por NIS e t\u00eam antecipa\u00e7\u00f5es em regi\u00f5es afetadas por chuvas e estiagem.\" \/>\n<meta property=\"og:url\" content=\"https:\/\/www.em.com.br\/emfoco\/2025\/08\/24\/bolsa-familia-de-agosto-traz-novos-valores-e-beneficios\/\" \/>\n<meta property=\"og:site_name\" content=\"Estado de Minas - Em foco\" \/>\n<meta property=\"article:published_time\" content=\"2025-08-24T21:58:00+00:00\" \/>\n<meta property=\"article:modified_time\" content=\"2025-08-23T03:46:31+00:00\" \/>\n<meta property=\"og:image\" content=\"https:\/\/www.em.com.br\/emfoco\/wp-content\/uploads\/2025\/08\/Reais-dinheiro_1754978580233.jpg\" \/>\n\t<meta property=\"og:image:width\" content=\"1280\" \/>\n\t<meta property=\"og:image:height\" content=\"720\" \/>\n\t<meta property=\"og:image:type\" content=\"image\/jpeg\" \/>\n<meta name=\"author\" content=\"Ingrid Diniz\" \/>\n<meta name=\"twitter:card\" content=\"summary_large_image\" \/>\n<meta name=\"twitter:label1\" content=\"Escrito por\" \/>\n\t<meta name=\"twitter:data1\" content=\"Ingrid Diniz\" \/>\n\t<meta name=\"twitter:label2\" content=\"Est. tempo de leitura\" \/>\n\t<meta name=\"twitter:data2\" content=\"5 minutos\" \/>\n<!-- \/ Yoast SEO plugin. -->","yoast_head_json":{"title":"Bolsa Fam\u00edlia de agosto traz novos valores e benef\u00edcios! - Estado de Minas - Em foco","description":"Pagamentos do Bolsa Fam\u00edlia seguem calend\u00e1rio por NIS e t\u00eam antecipa\u00e7\u00f5es em regi\u00f5es afetadas por chuvas e estiagem.","robots":{"index":"index","follow":"follow","max-snippet":"max-snippet:-1","max-image-preview":"max-image-preview:large","max-video-preview":"max-video-preview:-1"},"canonical":"https:\/\/www.em.com.br\/emfoco\/2025\/08\/24\/bolsa-familia-de-agosto-traz-novos-valores-e-beneficios\/","og_locale":"pt_BR","og_type":"article","og_title":"Bolsa Fam\u00edlia de agosto traz novos valores e benef\u00edcios! - Estado de Minas - Em foco","og_description":"Pagamentos do Bolsa Fam\u00edlia seguem calend\u00e1rio por NIS e t\u00eam antecipa\u00e7\u00f5es em regi\u00f5es afetadas por chuvas e estiagem.","og_url":"https:\/\/www.em.com.br\/emfoco\/2025\/08\/24\/bolsa-familia-de-agosto-traz-novos-valores-e-beneficios\/","og_site_name":"Estado de Minas - Em foco","article_published_time":"2025-08-24T21:58:00+00:00","article_modified_time":"2025-08-23T03:46:31+00:00","og_image":[{"width":1280,"height":720,"url":"https:\/\/www.em.com.br\/emfoco\/wp-content\/uploads\/2025\/08\/Reais-dinheiro_1754978580233.jpg","type":"image\/jpeg"}],"author":"Ingrid Diniz","twitter_card":"summary_large_image","twitter_misc":{"Escrito por":"Ingrid Diniz","Est. tempo de leitura":"5 minutos"},"schema":{"@context":"https:\/\/schema.org","@graph":[{"@type":"WebPage","@id":"https:\/\/www.em.com.br\/emfoco\/2025\/08\/24\/bolsa-familia-de-agosto-traz-novos-valores-e-beneficios\/","url":"https:\/\/www.em.com.br\/emfoco\/2025\/08\/24\/bolsa-familia-de-agosto-traz-novos-valores-e-beneficios\/","name":"Bolsa Fam\u00edlia de agosto traz novos valores e benef\u00edcios! - Estado de Minas - Em foco","isPartOf":{"@id":"https:\/\/www.em.com.br\/emfoco\/#website"},"primaryImageOfPage":{"@id":"https:\/\/www.em.com.br\/emfoco\/2025\/08\/24\/bolsa-familia-de-agosto-traz-novos-valores-e-beneficios\/#primaryimage"},"image":{"@id":"https:\/\/www.em.com.br\/emfoco\/2025\/08\/24\/bolsa-familia-de-agosto-traz-novos-valores-e-beneficios\/#primaryimage"},"thumbnailUrl":"https:\/\/www.em.com.br\/emfoco\/wp-content\/uploads\/2025\/08\/Reais-dinheiro_1754978580233.jpg","datePublished":"2025-08-24T21:58:00+00:00","dateModified":"2025-08-23T03:46:31+00:00","author":{"@id":"https:\/\/www.em.com.br\/emfoco\/#\/schema\/person\/649e610b4eb8fff87ff394e54fe17b2b"},"description":"Pagamentos do Bolsa Fam\u00edlia seguem calend\u00e1rio por NIS e t\u00eam antecipa\u00e7\u00f5es em regi\u00f5es afetadas por chuvas e estiagem.","breadcrumb":{"@id":"https:\/\/www.em.com.br\/emfoco\/2025\/08\/24\/bolsa-familia-de-agosto-traz-novos-valores-e-beneficios\/#breadcrumb"},"inLanguage":"pt-BR","potentialAction":[{"@type":"ReadAction","target":["https:\/\/www.em.com.br\/emfoco\/2025\/08\/24\/bolsa-familia-de-agosto-traz-novos-valores-e-beneficios\/"]}]},{"@type":"ImageObject","inLanguage":"pt-BR","@id":"https:\/\/www.em.com.br\/emfoco\/2025\/08\/24\/bolsa-familia-de-agosto-traz-novos-valores-e-beneficios\/#primaryimage","url":"https:\/\/www.em.com.br\/emfoco\/wp-content\/uploads\/2025\/08\/Reais-dinheiro_1754978580233.jpg","contentUrl":"https:\/\/www.em.com.br\/emfoco\/wp-content\/uploads\/2025\/08\/Reais-dinheiro_1754978580233.jpg","width":1280,"height":720,"caption":"O que muda no BPC e por que erros bloqueiam o acesso - Cr\u00e9ditos: depositphotos.com \/ Krakenimages.com"},{"@type":"BreadcrumbList","@id":"https:\/\/www.em.com.br\/emfoco\/2025\/08\/24\/bolsa-familia-de-agosto-traz-novos-valores-e-beneficios\/#breadcrumb","itemListElement":[{"@type":"ListItem","position":1,"name":"In\u00edcio","item":"https:\/\/www.em.com.br\/emfoco\/"},{"@type":"ListItem","position":2,"name":"Bolsa Fam\u00edlia de agosto traz novos valores e benef\u00edcios!"}]},{"@type":"WebSite","@id":"https:\/\/www.em.com.br\/emfoco\/#website","url":"https:\/\/www.em.com.br\/emfoco\/","name":"Estado de Minas - Em foco","description":"Acompanhe as \u00faltimas not\u00edcias e fique bem informado sobre tudo o que acontece em Minas Gerais, Brasil e no mundo.","potentialAction":[{"@type":"SearchAction","target":{"@type":"EntryPoint","urlTemplate":"https:\/\/www.em.com.br\/emfoco\/?s={search_term_string}"},"query-input":{"@type":"PropertyValueSpecification","valueRequired":true,"valueName":"search_term_string"}}],"inLanguage":"pt-BR"},{"@type":"Person","@id":"https:\/\/www.em.com.br\/emfoco\/#\/schema\/person\/649e610b4eb8fff87ff394e54fe17b2b","name":"Ingrid Diniz","image":{"@type":"ImageObject","inLanguage":"pt-BR","@id":"https:\/\/www.em.com.br\/emfoco\/#\/schema\/person\/image\/","url":"https:\/\/secure.gravatar.com\/avatar\/a3baa1449ec5c39b4c42babc9d4f3951?s=96&d=mm&r=g","contentUrl":"https:\/\/secure.gravatar.com\/avatar\/a3baa1449ec5c39b4c42babc9d4f3951?s=96&d=mm&r=g","caption":"Ingrid Diniz"},"sameAs":["https:\/\/www.em.com.br\/"],"url":"https:\/\/www.em.com.br\/emfoco\/author\/ingridmyth\/"}]}},"_links":{"self":[{"href":"https:\/\/www.em.com.br\/emfoco\/wp-json\/wp\/v2\/posts\/95816","targetHints":{"allow":["GET"]}}],"collection":[{"href":"https:\/\/www.em.com.br\/emfoco\/wp-json\/wp\/v2\/posts"}],"about":[{"href":"https:\/\/www.em.com.br\/emfoco\/wp-json\/wp\/v2\/types\/post"}],"author":[{"embeddable":true,"href":"https:\/\/www.em.com.br\/emfoco\/wp-json\/wp\/v2\/users\/20"}],"replies":[{"embeddable":true,"href":"https:\/\/www.em.com.br\/emfoco\/wp-json\/wp\/v2\/comments?post=95816"}],"version-history":[{"count":1,"href":"https:\/\/www.em.com.br\/emfoco\/wp-json\/wp\/v2\/posts\/95816\/revisions"}],"predecessor-version":[{"id":95835,"href":"https:\/\/www.em.com.br\/emfoco\/wp-json\/wp\/v2\/posts\/95816\/revisions\/95835"}],"wp:featuredmedia":[{"embeddable":true,"href":"https:\/\/www.em.com.br\/emfoco\/wp-json\/wp\/v2\/media\/90628"}],"wp:attachment":[{"href":"https:\/\/www.em.com.br\/emfoco\/wp-json\/wp\/v2\/media?parent=95816"}],"wp:term":[{"taxonomy":"category","embeddable":true,"href":"https:\/\/www.em.com.br\/emfoco\/wp-json\/wp\/v2\/categories?post=95816"},{"taxonomy":"post_tag","embeddable":true,"href":"https:\/\/www.em.com.br\/emfoco\/wp-json\/wp\/v2\/tags?post=95816"}],"curies":[{"name":"wp","href":"https:\/\/api.w.org\/{rel}","templated":true}]}}