{"id":95781,"date":"2025-08-23T22:58:00","date_gmt":"2025-08-24T01:58:00","guid":{"rendered":"https:\/\/www.em.com.br\/emfoco\/?p=95781"},"modified":"2025-08-23T20:16:48","modified_gmt":"2025-08-23T23:16:48","slug":"nutricionista-matheus-davila-estes-alimentos-nem-deveriam-entrar-na-sua-casa","status":"publish","type":"post","link":"https:\/\/www.em.com.br\/emfoco\/2025\/08\/23\/nutricionista-matheus-davila-estes-alimentos-nem-deveriam-entrar-na-sua-casa\/","title":{"rendered":"Nutricionista Matheus D&#8217;Avila: \u201cestes alimentos nem deveriam entrar na sua casa\u201d"},"content":{"rendered":"\n<p>Manter uma alimenta\u00e7\u00e3o equilibrada vai muito al\u00e9m de contar calorias ou seguir dietas tempor\u00e1rias. Muitas das decis\u00f5es mais importantes para a sa\u00fade come\u00e7am na hora de escolher o que entra pela porta da sua casa. Alimentos ultraprocessados, com alto teor de a\u00e7\u00facar, sal e aditivos, podem comprometer a sa\u00fade mesmo quando consumidos em pequenas quantidades.<\/p>\n\n\n\n<p>O nutricionista Matheus D&#8217;Avila alerta sobre produtos comuns que, embora populares, est\u00e3o associados a doen\u00e7as cr\u00f4nicas graves. Saber evit\u00e1-los \u00e9 um passo fundamental para prevenir problemas como obesidade, diabetes tipo 2 e doen\u00e7as cardiovasculares.<\/p>\n\n\n\n<h2 class=\"wp-block-heading\">Carnes processadas: um perigo \u00e0 mesa<\/h2>\n\n\n\n<p>Presunto, salsicha, lingui\u00e7a e salame s\u00e3o exemplos de carnes processadas que, segundo a Organiza\u00e7\u00e3o Mundial da Sa\u00fade, est\u00e3o associadas ao aumento do risco de c\u00e2ncer colorretal. Elas cont\u00eam nitratos e nitritos que, ao serem metabolizados, formam compostos potencialmente cancer\u00edgenos.<\/p>\n\n\n\n<h2 class=\"wp-block-heading\">Bebidas ado\u00e7adas: um risco l\u00edquido<\/h2>\n\n\n\n<p>Sucos de caixinha, refrigerantes e ch\u00e1s ado\u00e7ados escondem quantidades elevadas de a\u00e7\u00facar refinado. Estudos mostram que o consumo regular dessas bebidas est\u00e1 relacionado ao aumento da incid\u00eancia de diabetes tipo 2 e ganho de peso.<\/p>\n\n\n\n<blockquote class=\"wp-block-quote is-layout-flow wp-block-quote-is-layout-flow\">\n<p>\u201cUma lata de refrigerante por dia pode aumentar em at\u00e9 26% o risco de desenvolver diabetes tipo 2\u201d, aponta pesquisa publicada na Harvard School of Public Health.<\/p>\n<\/blockquote>\n\n\n\n<h2 class=\"wp-block-heading\">Biscoitos salgados: calorias vazias<\/h2>\n\n\n\n<p>Snacks como biscoitos industrializados, mesmo os salgados, oferecem pouco valor nutricional e cont\u00eam gorduras trans e sal em excesso. S\u00e3o formulados para viciar o paladar, dificultando o controle da saciedade e contribuindo para o ganho de peso.<\/p>\n\n\n<div class=\"wp-block-image\">\n<figure class=\"aligncenter size-large\"><img loading=\"lazy\" decoding=\"async\" width=\"1024\" height=\"576\" src=\"https:\/\/www.em.com.br\/emfoco\/wp-content\/uploads\/2025\/08\/Snacks-_1755990863337-1024x576.jpg\" alt=\"\" class=\"wp-image-96036\" srcset=\"https:\/\/www.em.com.br\/emfoco\/wp-content\/uploads\/2025\/08\/Snacks-_1755990863337-1024x576.jpg 1024w, https:\/\/www.em.com.br\/emfoco\/wp-content\/uploads\/2025\/08\/Snacks-_1755990863337-300x169.jpg 300w, https:\/\/www.em.com.br\/emfoco\/wp-content\/uploads\/2025\/08\/Snacks-_1755990863337-768x432.jpg 768w, https:\/\/www.em.com.br\/emfoco\/wp-content\/uploads\/2025\/08\/Snacks-_1755990863337-750x422.jpg 750w, https:\/\/www.em.com.br\/emfoco\/wp-content\/uploads\/2025\/08\/Snacks-_1755990863337-1140x641.jpg 1140w, https:\/\/www.em.com.br\/emfoco\/wp-content\/uploads\/2025\/08\/Snacks-_1755990863337.jpg 1280w\" sizes=\"auto, (max-width: 1024px) 100vw, 1024px\" \/><figcaption class=\"wp-element-caption\">Snacks de fast food &#8211; Cr\u00e9ditos: depositphotos.com \/ radub85<\/figcaption><\/figure><\/div>\n\n\n<h2 class=\"wp-block-heading\">Balas e doces industrializados: perigo para crian\u00e7as<\/h2>\n\n\n\n<p>A exposi\u00e7\u00e3o precoce ao a\u00e7\u00facar afeta negativamente o comportamento alimentar infantil e aumenta a probabilidade de obesidade na adolesc\u00eancia. Balas, chicletes e doces de pacote devem ser evitados ao m\u00e1ximo, principalmente em ambientes familiares.<\/p>\n\n\n\n<h2 class=\"wp-block-heading\">Como fazer melhores escolhas?<\/h2>\n\n\n\n<p>Manter alimentos minimamente processados em casa \u00e9 uma forma eficaz de promover uma rela\u00e7\u00e3o mais saud\u00e1vel com a comida. Opte por frutas frescas, castanhas, vegetais e alimentos preparados em casa sempre que poss\u00edvel.<\/p>\n\n\n\n<h3 class=\"wp-block-heading\">Fontes oficiais<\/h3>\n\n\n\n<ul class=\"wp-block-list\">\n<li><a href=\"http:\/\/www.who.int\/news-room\/fact-sheets\/detail\/cancer\" target=\"_blank\" rel=\"noreferrer noopener\">www.who.int\/news-room\/fact-sheets\/detail\/cancer<\/a><\/li>\n\n\n\n<li><a href=\"http:\/\/www.hsph.harvard.edu\/news\/press-releases\/sugary-drinks-diabetes\/\" target=\"_blank\" rel=\"noreferrer noopener\">www.hsph.harvard.edu\/news\/press-releases\/sugary-drinks-diabetes\/<\/a><\/li>\n<\/ul>\n\n\n\n<p><\/p>\n","protected":false},"excerpt":{"rendered":"<p>Manter uma alimenta\u00e7\u00e3o equilibrada vai muito al\u00e9m de contar calorias ou seguir dietas tempor\u00e1rias. Muitas das decis\u00f5es mais importantes para a sa\u00fade come\u00e7am na hora de escolher o que entra pela porta da sua casa. Alimentos ultraprocessados, com alto teor de a\u00e7\u00facar, sal e aditivos, podem comprometer a sa\u00fade mesmo quando consumidos em pequenas quantidades. [&hellip;]<\/p>\n","protected":false},"author":17,"featured_media":96037,"comment_status":"open","ping_status":"open","sticky":false,"template":"","format":"standard","meta":{"jnews-multi-image_gallery":[],"jnews_single_post":{"format":"standard"},"jnews_primary_category":[],"jnews_social_meta":[],"jnews_override_counter":[],"footnotes":""},"categories":[9053],"tags":[3081,3509,327,415],"class_list":["post-95781","post","type-post","status-publish","format-standard","has-post-thumbnail","hentry","category-saude","tag-alimentos","tag-nutricao","tag-qualidade-de-vida","tag-saude"],"yoast_head":"<!-- This site is optimized with the Yoast SEO plugin v23.8 - https:\/\/yoast.com\/wordpress\/plugins\/seo\/ -->\n<title>Nutricionista Matheus D&#039;Avila: \u201cestes alimentos nem deveriam entrar na sua casa\u201d - Estado de Minas - Em foco<\/title>\n<meta name=\"description\" content=\"Evite estes alimentos nocivos para voc\u00ea no dia a dia e proteja sua sa\u00fade com escolhas conscientes dentro de casa.\" \/>\n<meta name=\"robots\" content=\"index, follow, max-snippet:-1, max-image-preview:large, max-video-preview:-1\" \/>\n<link rel=\"canonical\" href=\"https:\/\/www.em.com.br\/emfoco\/2025\/08\/23\/nutricionista-matheus-davila-estes-alimentos-nem-deveriam-entrar-na-sua-casa\/\" \/>\n<meta property=\"og:locale\" content=\"pt_BR\" \/>\n<meta property=\"og:type\" content=\"article\" \/>\n<meta property=\"og:title\" content=\"Nutricionista Matheus D&#039;Avila: \u201cestes alimentos nem deveriam entrar na sua casa\u201d - Estado de Minas - Em foco\" \/>\n<meta property=\"og:description\" content=\"Evite estes alimentos nocivos para voc\u00ea no dia a dia e proteja sua sa\u00fade com escolhas conscientes dentro de casa.\" \/>\n<meta property=\"og:url\" content=\"https:\/\/www.em.com.br\/emfoco\/2025\/08\/23\/nutricionista-matheus-davila-estes-alimentos-nem-deveriam-entrar-na-sua-casa\/\" \/>\n<meta property=\"og:site_name\" content=\"Estado de Minas - Em foco\" \/>\n<meta property=\"article:published_time\" content=\"2025-08-24T01:58:00+00:00\" \/>\n<meta property=\"article:modified_time\" content=\"2025-08-23T23:16:48+00:00\" \/>\n<meta property=\"og:image\" content=\"https:\/\/www.em.com.br\/emfoco\/wp-content\/uploads\/2025\/08\/mosaico_1755990967467.jpg\" \/>\n\t<meta property=\"og:image:width\" content=\"1280\" \/>\n\t<meta property=\"og:image:height\" content=\"720\" \/>\n\t<meta property=\"og:image:type\" content=\"image\/jpeg\" \/>\n<meta name=\"author\" content=\"Lucas Sampaio\" \/>\n<meta name=\"twitter:card\" content=\"summary_large_image\" \/>\n<meta name=\"twitter:label1\" content=\"Escrito por\" \/>\n\t<meta name=\"twitter:data1\" content=\"Lucas Sampaio\" \/>\n\t<meta name=\"twitter:label2\" content=\"Est. tempo de leitura\" \/>\n\t<meta name=\"twitter:data2\" content=\"3 minutos\" \/>\n<!-- \/ Yoast SEO plugin. -->","yoast_head_json":{"title":"Nutricionista Matheus D'Avila: \u201cestes alimentos nem deveriam entrar na sua casa\u201d - Estado de Minas - Em foco","description":"Evite estes alimentos nocivos para voc\u00ea no dia a dia e proteja sua sa\u00fade com escolhas conscientes dentro de casa.","robots":{"index":"index","follow":"follow","max-snippet":"max-snippet:-1","max-image-preview":"max-image-preview:large","max-video-preview":"max-video-preview:-1"},"canonical":"https:\/\/www.em.com.br\/emfoco\/2025\/08\/23\/nutricionista-matheus-davila-estes-alimentos-nem-deveriam-entrar-na-sua-casa\/","og_locale":"pt_BR","og_type":"article","og_title":"Nutricionista Matheus D'Avila: \u201cestes alimentos nem deveriam entrar na sua casa\u201d - Estado de Minas - Em foco","og_description":"Evite estes alimentos nocivos para voc\u00ea no dia a dia e proteja sua sa\u00fade com escolhas conscientes dentro de casa.","og_url":"https:\/\/www.em.com.br\/emfoco\/2025\/08\/23\/nutricionista-matheus-davila-estes-alimentos-nem-deveriam-entrar-na-sua-casa\/","og_site_name":"Estado de Minas - Em foco","article_published_time":"2025-08-24T01:58:00+00:00","article_modified_time":"2025-08-23T23:16:48+00:00","og_image":[{"width":1280,"height":720,"url":"https:\/\/www.em.com.br\/emfoco\/wp-content\/uploads\/2025\/08\/mosaico_1755990967467.jpg","type":"image\/jpeg"}],"author":"Lucas Sampaio","twitter_card":"summary_large_image","twitter_misc":{"Escrito por":"Lucas Sampaio","Est. tempo de leitura":"3 minutos"},"schema":{"@context":"https:\/\/schema.org","@graph":[{"@type":"WebPage","@id":"https:\/\/www.em.com.br\/emfoco\/2025\/08\/23\/nutricionista-matheus-davila-estes-alimentos-nem-deveriam-entrar-na-sua-casa\/","url":"https:\/\/www.em.com.br\/emfoco\/2025\/08\/23\/nutricionista-matheus-davila-estes-alimentos-nem-deveriam-entrar-na-sua-casa\/","name":"Nutricionista Matheus D'Avila: \u201cestes alimentos nem deveriam entrar na sua casa\u201d - Estado de Minas - Em foco","isPartOf":{"@id":"https:\/\/www.em.com.br\/emfoco\/#website"},"primaryImageOfPage":{"@id":"https:\/\/www.em.com.br\/emfoco\/2025\/08\/23\/nutricionista-matheus-davila-estes-alimentos-nem-deveriam-entrar-na-sua-casa\/#primaryimage"},"image":{"@id":"https:\/\/www.em.com.br\/emfoco\/2025\/08\/23\/nutricionista-matheus-davila-estes-alimentos-nem-deveriam-entrar-na-sua-casa\/#primaryimage"},"thumbnailUrl":"https:\/\/www.em.com.br\/emfoco\/wp-content\/uploads\/2025\/08\/mosaico_1755990967467.jpg","datePublished":"2025-08-24T01:58:00+00:00","dateModified":"2025-08-23T23:16:48+00:00","author":{"@id":"https:\/\/www.em.com.br\/emfoco\/#\/schema\/person\/9ad4c536bd87f5bb8006420332b99aef"},"description":"Evite estes alimentos nocivos para voc\u00ea no dia a dia e proteja sua sa\u00fade com escolhas conscientes dentro de casa.","breadcrumb":{"@id":"https:\/\/www.em.com.br\/emfoco\/2025\/08\/23\/nutricionista-matheus-davila-estes-alimentos-nem-deveriam-entrar-na-sua-casa\/#breadcrumb"},"inLanguage":"pt-BR","potentialAction":[{"@type":"ReadAction","target":["https:\/\/www.em.com.br\/emfoco\/2025\/08\/23\/nutricionista-matheus-davila-estes-alimentos-nem-deveriam-entrar-na-sua-casa\/"]}]},{"@type":"ImageObject","inLanguage":"pt-BR","@id":"https:\/\/www.em.com.br\/emfoco\/2025\/08\/23\/nutricionista-matheus-davila-estes-alimentos-nem-deveriam-entrar-na-sua-casa\/#primaryimage","url":"https:\/\/www.em.com.br\/emfoco\/wp-content\/uploads\/2025\/08\/mosaico_1755990967467.jpg","contentUrl":"https:\/\/www.em.com.br\/emfoco\/wp-content\/uploads\/2025\/08\/mosaico_1755990967467.jpg","width":1280,"height":720,"caption":"Reprodu\u00e7\u00e3o (TikTok: @matheusdavilanutri)"},{"@type":"BreadcrumbList","@id":"https:\/\/www.em.com.br\/emfoco\/2025\/08\/23\/nutricionista-matheus-davila-estes-alimentos-nem-deveriam-entrar-na-sua-casa\/#breadcrumb","itemListElement":[{"@type":"ListItem","position":1,"name":"In\u00edcio","item":"https:\/\/www.em.com.br\/emfoco\/"},{"@type":"ListItem","position":2,"name":"Nutricionista Matheus D&#8217;Avila: \u201cestes alimentos nem deveriam entrar na sua casa\u201d"}]},{"@type":"WebSite","@id":"https:\/\/www.em.com.br\/emfoco\/#website","url":"https:\/\/www.em.com.br\/emfoco\/","name":"Estado de Minas - Em foco","description":"Acompanhe as \u00faltimas not\u00edcias e fique bem informado sobre tudo o que acontece em Minas Gerais, Brasil e no mundo.","potentialAction":[{"@type":"SearchAction","target":{"@type":"EntryPoint","urlTemplate":"https:\/\/www.em.com.br\/emfoco\/?s={search_term_string}"},"query-input":{"@type":"PropertyValueSpecification","valueRequired":true,"valueName":"search_term_string"}}],"inLanguage":"pt-BR"},{"@type":"Person","@id":"https:\/\/www.em.com.br\/emfoco\/#\/schema\/person\/9ad4c536bd87f5bb8006420332b99aef","name":"Lucas Sampaio","image":{"@type":"ImageObject","inLanguage":"pt-BR","@id":"https:\/\/www.em.com.br\/emfoco\/#\/schema\/person\/image\/","url":"https:\/\/secure.gravatar.com\/avatar\/2696b9676ad143cd7135b717faf6f79f?s=96&d=mm&r=g","contentUrl":"https:\/\/secure.gravatar.com\/avatar\/2696b9676ad143cd7135b717faf6f79f?s=96&d=mm&r=g","caption":"Lucas Sampaio"},"sameAs":["https:\/\/www.em.com.br\/emfoco\/"],"url":"https:\/\/www.em.com.br\/emfoco\/author\/lucasmyth\/"}]}},"_links":{"self":[{"href":"https:\/\/www.em.com.br\/emfoco\/wp-json\/wp\/v2\/posts\/95781","targetHints":{"allow":["GET"]}}],"collection":[{"href":"https:\/\/www.em.com.br\/emfoco\/wp-json\/wp\/v2\/posts"}],"about":[{"href":"https:\/\/www.em.com.br\/emfoco\/wp-json\/wp\/v2\/types\/post"}],"author":[{"embeddable":true,"href":"https:\/\/www.em.com.br\/emfoco\/wp-json\/wp\/v2\/users\/17"}],"replies":[{"embeddable":true,"href":"https:\/\/www.em.com.br\/emfoco\/wp-json\/wp\/v2\/comments?post=95781"}],"version-history":[{"count":1,"href":"https:\/\/www.em.com.br\/emfoco\/wp-json\/wp\/v2\/posts\/95781\/revisions"}],"predecessor-version":[{"id":96038,"href":"https:\/\/www.em.com.br\/emfoco\/wp-json\/wp\/v2\/posts\/95781\/revisions\/96038"}],"wp:featuredmedia":[{"embeddable":true,"href":"https:\/\/www.em.com.br\/emfoco\/wp-json\/wp\/v2\/media\/96037"}],"wp:attachment":[{"href":"https:\/\/www.em.com.br\/emfoco\/wp-json\/wp\/v2\/media?parent=95781"}],"wp:term":[{"taxonomy":"category","embeddable":true,"href":"https:\/\/www.em.com.br\/emfoco\/wp-json\/wp\/v2\/categories?post=95781"},{"taxonomy":"post_tag","embeddable":true,"href":"https:\/\/www.em.com.br\/emfoco\/wp-json\/wp\/v2\/tags?post=95781"}],"curies":[{"name":"wp","href":"https:\/\/api.w.org\/{rel}","templated":true}]}}