{"id":95744,"date":"2025-08-23T05:58:00","date_gmt":"2025-08-23T08:58:00","guid":{"rendered":"https:\/\/www.em.com.br\/emfoco\/?p=95744"},"modified":"2025-08-23T00:28:23","modified_gmt":"2025-08-23T03:28:23","slug":"matheus-davila-nutricionista-congelar-e-torrar-o-pao-transforma-o-amido-e-ajuda-a-controlar-o-pico-de-glicose","status":"publish","type":"post","link":"https:\/\/www.em.com.br\/emfoco\/2025\/08\/23\/matheus-davila-nutricionista-congelar-e-torrar-o-pao-transforma-o-amido-e-ajuda-a-controlar-o-pico-de-glicose\/","title":{"rendered":"Matheus D\u2019\u00c1vila, nutricionista: &#8220;Congelar e torrar o p\u00e3o transforma o amido e ajuda a controlar o pico de glicose&#8221;"},"content":{"rendered":"\n<p>Segundo o nutricionista Matheus D\u2019\u00c1vila, uma simples mudan\u00e7a na forma de preparo do p\u00e3o pode impactar diretamente sua resposta glic\u00eamica. Ao congelar e depois torrar o p\u00e3o, parte do amido se transforma em amido resistente, um tipo de fibra que \u00e9 digerida de forma mais lenta e, por isso, evita picos de glicose no sangue.<\/p>\n\n\n\n<p>Essa estrat\u00e9gia \u00e9 especialmente \u00favil para quem busca controlar o apetite, melhorar a sa\u00fade metab\u00f3lica ou prevenir a resist\u00eancia \u00e0 insulina. A pr\u00e1tica \u00e9 simples, acess\u00edvel e cientificamente embasada.<\/p>\n\n\n\n<h2 class=\"wp-block-heading\"><strong>Por que o modo de preparo influencia na resposta glic\u00eamica?<\/strong><\/h2>\n\n\n\n<p>O amido dos alimentos passa por altera\u00e7\u00f5es f\u00edsicas quando exposto a temperaturas extremas. No caso do p\u00e3o, ao ser congelado e depois aquecido, parte do amido comum se reorganiza quimicamente e se torna amido resistente, que o corpo n\u00e3o digere totalmente.<\/p>\n\n\n\n<p>Esse tipo de amido funciona como uma fibra sol\u00favel: \u00e9 fermentado no intestino grosso, contribui para a sa\u00fade intestinal e tem absor\u00e7\u00e3o mais lenta, o que evita a eleva\u00e7\u00e3o r\u00e1pida da glicose no sangue ap\u00f3s a refei\u00e7\u00e3o.<\/p>\n\n\n\n<h2 class=\"wp-block-heading\"><strong>Congelar e torrar o p\u00e3o muda mesmo o efeito no corpo?<\/strong><\/h2>\n\n\n\n<p>Sim. Um estudo publicado no British Journal of Nutrition demonstrou que o p\u00e3o branco congelado e depois torrado apresentou a menor resposta glic\u00eamica entre todas as formas testadas, incluindo o p\u00e3o fresco e apenas torrado. O efeito foi cientificamente comprovado.<\/p>\n\n\n\n<p>Al\u00e9m disso, esse processo n\u00e3o altera significativamente o sabor ou a textura do p\u00e3o, o que permite a aplica\u00e7\u00e3o pr\u00e1tica no dia a dia, especialmente por pessoas que n\u00e3o abrem m\u00e3o do p\u00e3ozinho matinal, mas querem torn\u00e1-lo mais funcional.<\/p>\n\n\n\n<h2 class=\"wp-block-heading\"><strong>O que \u00e9 amido resistente e quais seus benef\u00edcios?<\/strong><\/h2>\n\n\n\n<p>O amido resistente \u00e9 uma forma de carboidrato que resiste \u00e0 digest\u00e3o no intestino delgado. Ele passa intacto at\u00e9 o c\u00f3lon, onde \u00e9 fermentado por bact\u00e9rias intestinais, beneficiando a microbiota.<\/p>\n\n\n\n<figure class=\"wp-block-image size-large\"><img loading=\"lazy\" decoding=\"async\" width=\"1024\" height=\"576\" src=\"https:\/\/www.em.com.br\/emfoco\/wp-content\/uploads\/2025\/08\/pao-congelado_1755917873785-1024x576.jpg\" alt=\"\" class=\"wp-image-95787\" srcset=\"https:\/\/www.em.com.br\/emfoco\/wp-content\/uploads\/2025\/08\/pao-congelado_1755917873785-1024x576.jpg 1024w, https:\/\/www.em.com.br\/emfoco\/wp-content\/uploads\/2025\/08\/pao-congelado_1755917873785-300x169.jpg 300w, https:\/\/www.em.com.br\/emfoco\/wp-content\/uploads\/2025\/08\/pao-congelado_1755917873785-768x432.jpg 768w, https:\/\/www.em.com.br\/emfoco\/wp-content\/uploads\/2025\/08\/pao-congelado_1755917873785-750x422.jpg 750w, https:\/\/www.em.com.br\/emfoco\/wp-content\/uploads\/2025\/08\/pao-congelado_1755917873785-1140x641.jpg 1140w, https:\/\/www.em.com.br\/emfoco\/wp-content\/uploads\/2025\/08\/pao-congelado_1755917873785.jpg 1280w\" sizes=\"auto, (max-width: 1024px) 100vw, 1024px\" \/><figcaption class=\"wp-element-caption\">P\u00e3es dentro de refrigerador &#8211; Cr\u00e9ditos: depositphotos.com \/ qwartm<\/figcaption><\/figure>\n\n\n\n<p>Esse processo produz \u00e1cidos graxos de cadeia curta, como o butirato, que t\u00eam efeitos anti-inflamat\u00f3rios e auxiliam na sensibilidade \u00e0 insulina. Tamb\u00e9m contribui para maior saciedade e menor libera\u00e7\u00e3o de insulina ap\u00f3s as refei\u00e7\u00f5es.<\/p>\n\n\n\n<h2 class=\"wp-block-heading\"><strong>Quem pode se beneficiar dessa t\u00e9cnica?<\/strong><\/h2>\n\n\n\n<p>Pessoas com pr\u00e9-diabetes, diabetes tipo 2, sobrepeso ou mesmo quem busca melhorar a sa\u00fade intestinal e o metabolismo podem adotar essa estrat\u00e9gia simples no dia a dia. A mudan\u00e7a no preparo n\u00e3o exige ingredientes diferentes, apenas um ajuste na rotina alimentar.<\/p>\n\n\n\n<p>Matheus D\u2019\u00c1vila refor\u00e7a que pequenas escolhas t\u00ean grande impacto na sa\u00fade e que n\u00e3o \u00e9 preciso abrir m\u00e3o do prazer de comer p\u00e3o para fazer escolhas mais inteligentes.<\/p>\n\n\n\n<h3 class=\"wp-block-heading\">Fontes oficiais e refer\u00eancias<\/h3>\n\n\n\n<ul class=\"wp-block-list\">\n<li>Harvard T.H. Chan School of Public Health sobre carboidratos e fibras \u2013 <a href=\"https:\/\/www.hsph.harvard.edu\/nutritionsource\/carbohydrates\/fiber\/\" target=\"_blank\" rel=\"noreferrer noopener\">https:\/\/www.hsph.harvard.edu\/nutritionsource\/carbohydrates\/fiber\/<\/a><\/li>\n\n\n\n<li>PubMed \u2013 estudo sobre amido resistente e sa\u00fade metab\u00f3lica: <a href=\"https:\/\/pubmed.ncbi.nlm.nih.gov\/23885994\/\" target=\"_blank\" rel=\"noreferrer noopener\">https:\/\/pubmed.ncbi.nlm.nih.gov\/23885994\/<\/a><\/li>\n<\/ul>\n","protected":false},"excerpt":{"rendered":"<p>Segundo o nutricionista Matheus D\u2019\u00c1vila, uma simples mudan\u00e7a na forma de preparo do p\u00e3o pode impactar diretamente sua resposta glic\u00eamica. Ao congelar e depois torrar o p\u00e3o, parte do amido se transforma em amido resistente, um tipo de fibra que \u00e9 digerida de forma mais lenta e, por isso, evita picos de glicose no sangue. [&hellip;]<\/p>\n","protected":false},"author":17,"featured_media":95789,"comment_status":"open","ping_status":"open","sticky":false,"template":"","format":"standard","meta":{"jnews-multi-image_gallery":[],"jnews_single_post":{"format":"standard"},"jnews_primary_category":[],"jnews_social_meta":[],"jnews_override_counter":[],"footnotes":""},"categories":[9053],"tags":[4701,3509,5310,327,415],"class_list":["post-95744","post","type-post","status-publish","format-standard","has-post-thumbnail","hentry","category-saude","tag-alimento","tag-nutricao","tag-pao","tag-qualidade-de-vida","tag-saude"],"yoast_head":"<!-- This site is optimized with the Yoast SEO plugin v23.8 - https:\/\/yoast.com\/wordpress\/plugins\/seo\/ -->\n<title>Matheus D\u2019\u00c1vila, nutricionista: &quot;Congelar e torrar o p\u00e3o transforma o amido e ajuda a controlar o pico de glicose&quot; - Estado de Minas - Em foco<\/title>\n<meta name=\"description\" content=\"Congelar e torrar o p\u00e3o antes de comer reduz o \u00edndice glic\u00eamico e aumenta a quantidade de amido resistente.\" \/>\n<meta name=\"robots\" content=\"index, follow, max-snippet:-1, max-image-preview:large, max-video-preview:-1\" \/>\n<link rel=\"canonical\" href=\"https:\/\/www.em.com.br\/emfoco\/2025\/08\/23\/matheus-davila-nutricionista-congelar-e-torrar-o-pao-transforma-o-amido-e-ajuda-a-controlar-o-pico-de-glicose\/\" \/>\n<meta property=\"og:locale\" content=\"pt_BR\" \/>\n<meta property=\"og:type\" content=\"article\" \/>\n<meta property=\"og:title\" content=\"Matheus D\u2019\u00c1vila, nutricionista: &quot;Congelar e torrar o p\u00e3o transforma o amido e ajuda a controlar o pico de glicose&quot; - Estado de Minas - Em foco\" \/>\n<meta property=\"og:description\" content=\"Congelar e torrar o p\u00e3o antes de comer reduz o \u00edndice glic\u00eamico e aumenta a quantidade de amido resistente.\" \/>\n<meta property=\"og:url\" content=\"https:\/\/www.em.com.br\/emfoco\/2025\/08\/23\/matheus-davila-nutricionista-congelar-e-torrar-o-pao-transforma-o-amido-e-ajuda-a-controlar-o-pico-de-glicose\/\" \/>\n<meta property=\"og:site_name\" content=\"Estado de Minas - Em foco\" \/>\n<meta property=\"article:published_time\" content=\"2025-08-23T08:58:00+00:00\" \/>\n<meta property=\"article:modified_time\" content=\"2025-08-23T03:28:23+00:00\" \/>\n<meta property=\"og:image\" content=\"https:\/\/www.em.com.br\/emfoco\/wp-content\/uploads\/2025\/08\/mosaico_1755917931787.jpg\" \/>\n\t<meta property=\"og:image:width\" content=\"1280\" \/>\n\t<meta property=\"og:image:height\" content=\"720\" \/>\n\t<meta property=\"og:image:type\" content=\"image\/jpeg\" \/>\n<meta name=\"author\" content=\"Lucas Sampaio\" \/>\n<meta name=\"twitter:card\" content=\"summary_large_image\" \/>\n<meta name=\"twitter:label1\" content=\"Escrito por\" \/>\n\t<meta name=\"twitter:data1\" content=\"Lucas Sampaio\" \/>\n\t<meta name=\"twitter:label2\" content=\"Est. tempo de leitura\" \/>\n\t<meta name=\"twitter:data2\" content=\"3 minutos\" \/>\n<!-- \/ Yoast SEO plugin. -->","yoast_head_json":{"title":"Matheus D\u2019\u00c1vila, nutricionista: \"Congelar e torrar o p\u00e3o transforma o amido e ajuda a controlar o pico de glicose\" - Estado de Minas - Em foco","description":"Congelar e torrar o p\u00e3o antes de comer reduz o \u00edndice glic\u00eamico e aumenta a quantidade de amido resistente.","robots":{"index":"index","follow":"follow","max-snippet":"max-snippet:-1","max-image-preview":"max-image-preview:large","max-video-preview":"max-video-preview:-1"},"canonical":"https:\/\/www.em.com.br\/emfoco\/2025\/08\/23\/matheus-davila-nutricionista-congelar-e-torrar-o-pao-transforma-o-amido-e-ajuda-a-controlar-o-pico-de-glicose\/","og_locale":"pt_BR","og_type":"article","og_title":"Matheus D\u2019\u00c1vila, nutricionista: \"Congelar e torrar o p\u00e3o transforma o amido e ajuda a controlar o pico de glicose\" - Estado de Minas - Em foco","og_description":"Congelar e torrar o p\u00e3o antes de comer reduz o \u00edndice glic\u00eamico e aumenta a quantidade de amido resistente.","og_url":"https:\/\/www.em.com.br\/emfoco\/2025\/08\/23\/matheus-davila-nutricionista-congelar-e-torrar-o-pao-transforma-o-amido-e-ajuda-a-controlar-o-pico-de-glicose\/","og_site_name":"Estado de Minas - Em foco","article_published_time":"2025-08-23T08:58:00+00:00","article_modified_time":"2025-08-23T03:28:23+00:00","og_image":[{"width":1280,"height":720,"url":"https:\/\/www.em.com.br\/emfoco\/wp-content\/uploads\/2025\/08\/mosaico_1755917931787.jpg","type":"image\/jpeg"}],"author":"Lucas Sampaio","twitter_card":"summary_large_image","twitter_misc":{"Escrito por":"Lucas Sampaio","Est. tempo de leitura":"3 minutos"},"schema":{"@context":"https:\/\/schema.org","@graph":[{"@type":"WebPage","@id":"https:\/\/www.em.com.br\/emfoco\/2025\/08\/23\/matheus-davila-nutricionista-congelar-e-torrar-o-pao-transforma-o-amido-e-ajuda-a-controlar-o-pico-de-glicose\/","url":"https:\/\/www.em.com.br\/emfoco\/2025\/08\/23\/matheus-davila-nutricionista-congelar-e-torrar-o-pao-transforma-o-amido-e-ajuda-a-controlar-o-pico-de-glicose\/","name":"Matheus D\u2019\u00c1vila, nutricionista: \"Congelar e torrar o p\u00e3o transforma o amido e ajuda a controlar o pico de glicose\" - Estado de Minas - Em foco","isPartOf":{"@id":"https:\/\/www.em.com.br\/emfoco\/#website"},"primaryImageOfPage":{"@id":"https:\/\/www.em.com.br\/emfoco\/2025\/08\/23\/matheus-davila-nutricionista-congelar-e-torrar-o-pao-transforma-o-amido-e-ajuda-a-controlar-o-pico-de-glicose\/#primaryimage"},"image":{"@id":"https:\/\/www.em.com.br\/emfoco\/2025\/08\/23\/matheus-davila-nutricionista-congelar-e-torrar-o-pao-transforma-o-amido-e-ajuda-a-controlar-o-pico-de-glicose\/#primaryimage"},"thumbnailUrl":"https:\/\/www.em.com.br\/emfoco\/wp-content\/uploads\/2025\/08\/mosaico_1755917931787.jpg","datePublished":"2025-08-23T08:58:00+00:00","dateModified":"2025-08-23T03:28:23+00:00","author":{"@id":"https:\/\/www.em.com.br\/emfoco\/#\/schema\/person\/9ad4c536bd87f5bb8006420332b99aef"},"description":"Congelar e torrar o p\u00e3o antes de comer reduz o \u00edndice glic\u00eamico e aumenta a quantidade de amido resistente.","breadcrumb":{"@id":"https:\/\/www.em.com.br\/emfoco\/2025\/08\/23\/matheus-davila-nutricionista-congelar-e-torrar-o-pao-transforma-o-amido-e-ajuda-a-controlar-o-pico-de-glicose\/#breadcrumb"},"inLanguage":"pt-BR","potentialAction":[{"@type":"ReadAction","target":["https:\/\/www.em.com.br\/emfoco\/2025\/08\/23\/matheus-davila-nutricionista-congelar-e-torrar-o-pao-transforma-o-amido-e-ajuda-a-controlar-o-pico-de-glicose\/"]}]},{"@type":"ImageObject","inLanguage":"pt-BR","@id":"https:\/\/www.em.com.br\/emfoco\/2025\/08\/23\/matheus-davila-nutricionista-congelar-e-torrar-o-pao-transforma-o-amido-e-ajuda-a-controlar-o-pico-de-glicose\/#primaryimage","url":"https:\/\/www.em.com.br\/emfoco\/wp-content\/uploads\/2025\/08\/mosaico_1755917931787.jpg","contentUrl":"https:\/\/www.em.com.br\/emfoco\/wp-content\/uploads\/2025\/08\/mosaico_1755917931787.jpg","width":1280,"height":720,"caption":"Reprodu\u00e7\u00e3o (TikTok: @matheusdavilanutri)"},{"@type":"BreadcrumbList","@id":"https:\/\/www.em.com.br\/emfoco\/2025\/08\/23\/matheus-davila-nutricionista-congelar-e-torrar-o-pao-transforma-o-amido-e-ajuda-a-controlar-o-pico-de-glicose\/#breadcrumb","itemListElement":[{"@type":"ListItem","position":1,"name":"In\u00edcio","item":"https:\/\/www.em.com.br\/emfoco\/"},{"@type":"ListItem","position":2,"name":"Matheus D\u2019\u00c1vila, nutricionista: &#8220;Congelar e torrar o p\u00e3o transforma o amido e ajuda a controlar o pico de glicose&#8221;"}]},{"@type":"WebSite","@id":"https:\/\/www.em.com.br\/emfoco\/#website","url":"https:\/\/www.em.com.br\/emfoco\/","name":"Estado de Minas - Em foco","description":"Acompanhe as \u00faltimas not\u00edcias e fique bem informado sobre tudo o que acontece em Minas Gerais, Brasil e no mundo.","potentialAction":[{"@type":"SearchAction","target":{"@type":"EntryPoint","urlTemplate":"https:\/\/www.em.com.br\/emfoco\/?s={search_term_string}"},"query-input":{"@type":"PropertyValueSpecification","valueRequired":true,"valueName":"search_term_string"}}],"inLanguage":"pt-BR"},{"@type":"Person","@id":"https:\/\/www.em.com.br\/emfoco\/#\/schema\/person\/9ad4c536bd87f5bb8006420332b99aef","name":"Lucas Sampaio","image":{"@type":"ImageObject","inLanguage":"pt-BR","@id":"https:\/\/www.em.com.br\/emfoco\/#\/schema\/person\/image\/","url":"https:\/\/secure.gravatar.com\/avatar\/2696b9676ad143cd7135b717faf6f79f?s=96&d=mm&r=g","contentUrl":"https:\/\/secure.gravatar.com\/avatar\/2696b9676ad143cd7135b717faf6f79f?s=96&d=mm&r=g","caption":"Lucas Sampaio"},"sameAs":["https:\/\/www.em.com.br\/emfoco\/"],"url":"https:\/\/www.em.com.br\/emfoco\/author\/lucasmyth\/"}]}},"_links":{"self":[{"href":"https:\/\/www.em.com.br\/emfoco\/wp-json\/wp\/v2\/posts\/95744","targetHints":{"allow":["GET"]}}],"collection":[{"href":"https:\/\/www.em.com.br\/emfoco\/wp-json\/wp\/v2\/posts"}],"about":[{"href":"https:\/\/www.em.com.br\/emfoco\/wp-json\/wp\/v2\/types\/post"}],"author":[{"embeddable":true,"href":"https:\/\/www.em.com.br\/emfoco\/wp-json\/wp\/v2\/users\/17"}],"replies":[{"embeddable":true,"href":"https:\/\/www.em.com.br\/emfoco\/wp-json\/wp\/v2\/comments?post=95744"}],"version-history":[{"count":2,"href":"https:\/\/www.em.com.br\/emfoco\/wp-json\/wp\/v2\/posts\/95744\/revisions"}],"predecessor-version":[{"id":95790,"href":"https:\/\/www.em.com.br\/emfoco\/wp-json\/wp\/v2\/posts\/95744\/revisions\/95790"}],"wp:featuredmedia":[{"embeddable":true,"href":"https:\/\/www.em.com.br\/emfoco\/wp-json\/wp\/v2\/media\/95789"}],"wp:attachment":[{"href":"https:\/\/www.em.com.br\/emfoco\/wp-json\/wp\/v2\/media?parent=95744"}],"wp:term":[{"taxonomy":"category","embeddable":true,"href":"https:\/\/www.em.com.br\/emfoco\/wp-json\/wp\/v2\/categories?post=95744"},{"taxonomy":"post_tag","embeddable":true,"href":"https:\/\/www.em.com.br\/emfoco\/wp-json\/wp\/v2\/tags?post=95744"}],"curies":[{"name":"wp","href":"https:\/\/api.w.org\/{rel}","templated":true}]}}