{"id":95706,"date":"2025-08-23T12:45:00","date_gmt":"2025-08-23T15:45:00","guid":{"rendered":"https:\/\/www.em.com.br\/emfoco\/?p=95706"},"modified":"2025-08-23T11:21:14","modified_gmt":"2025-08-23T14:21:14","slug":"famosa-loja-de-roupas-esta-reduzindo-os-precos-e-vai-fechar-para-sempre","status":"publish","type":"post","link":"https:\/\/www.em.com.br\/emfoco\/2025\/08\/23\/famosa-loja-de-roupas-esta-reduzindo-os-precos-e-vai-fechar-para-sempre\/","title":{"rendered":"Famosa loja de roupas est\u00e1 reduzindo os pre\u00e7os e vai fechar para sempre"},"content":{"rendered":"\n<p>A conhecida&nbsp;<strong>Intersport<\/strong>, rede de lojas de material esportivo, anunciou o fechamento de todas as suas filiais na&nbsp;<strong>Espanha<\/strong>, decis\u00e3o resultante de um processo judicial. Estando presente em mais de 44 pa\u00edses, a empresa agora enfrenta dificuldades financeiras significativas no mercado espanhol.<\/p>\n\n\n\n<ul class=\"wp-block-list\">\n<li>Motivos do fechamento: endividamento insustent\u00e1vel.<\/li>\n\n\n\n<li>Consequ\u00eancias para o mercado e consumidores.<\/li>\n\n\n\n<li>Pr\u00f3ximos passos para a marca internacionalmente.<\/li>\n<\/ul>\n\n\n\n<h2 class=\"wp-block-heading\">Por que a Intersport est\u00e1 fechando suas portas?<\/h2>\n\n\n\n<p>A&nbsp;<strong>Intersport<\/strong>&nbsp;n\u00e3o conseguiu o apoio de seus principais credores, que rejeitaram uma proposta que implicava descontos significativos na d\u00edvida. Essa negativa se deve ao&nbsp;<strong>endividamento financeiro acumulado<\/strong>&nbsp;que a empresa n\u00e3o conseguiu gerir.<\/p>\n\n\n\n<p>Segundo o meio&nbsp;<strong>El Economista<\/strong>, o tribunal de&nbsp;<strong>Barcelona<\/strong>&nbsp;ordenou a liquida\u00e7\u00e3o das tr\u00eas principais sociedades do grupo. Isso ilustra a seriedade da crise financeira enfrentada pela Intersport na Espanha.<\/p>\n\n\n\n<h2 class=\"wp-block-heading\">Quais s\u00e3o as d\u00edvidas da Intersport?<\/h2>\n\n\n\n<p>A empresa acumula v\u00e1rias d\u00edvidas, distribu\u00eddas entre suas principais sociedades. Veja abaixo a distribui\u00e7\u00e3o:<\/p>\n\n\n\n<ul class=\"wp-block-list\">\n<li><strong>Intersport CSS SA<\/strong>: Passivo de 34 milh\u00f5es de euros.<\/li>\n\n\n\n<li><strong>Intersport Retail One<\/strong>: D\u00edvida de 14 milh\u00f5es de euros.<\/li>\n\n\n\n<li><strong>Intersport SL<\/strong>: D\u00e9bito de 20 milh\u00f5es de euros.<\/li>\n<\/ul>\n\n\n\n<figure class=\"wp-block-image\"><img decoding=\"async\" src=\"https:\/\/www.em.com.br\/emfoco\/wp-content\/uploads\/2025\/06\/loja-fechada_1748876687859-1024x576.jpg\" alt=\"\"\/><figcaption class=\"wp-element-caption\">Loja fechada &#8211; Cr\u00e9ditos: depositphotos.com \/ Spitzi<\/figcaption><\/figure>\n\n\n\n<h2 class=\"wp-block-heading\">O que esperar do futuro das lojas Intersport na Espanha?<\/h2>\n\n\n\n<p>Apesar de a loja de e-commerce estar desativada devido \u00e0 falta de estoque, as lojas f\u00edsicas continuar\u00e3o funcionando at\u00e9 o final do ver\u00e3o. A partir de setembro, ser\u00e3o divulgadas as regras de liquida\u00e7\u00e3o.<\/p>\n\n\n\n<p>A p\u00e1gina web da Intersport menciona a oferta de descontos nas lojas f\u00edsicas, uma tentativa de liquidar o estoque remanescente. A marca busca tamb\u00e9m vender suas opera\u00e7\u00f5es, visando preservar a estrutura produtiva durante esse processo. Outras redes internacionais do segmento, como&nbsp;<strong>Decathlon<\/strong>&nbsp;e&nbsp;<strong>Sprinter<\/strong>, j\u00e1 avaliam poss\u00edveis oportunidades de expans\u00e3o para preencher a lacuna deixada pela Intersport.<\/p>\n\n\n\n<h2 class=\"wp-block-heading\">Quais as principais conclus\u00f5es do fechamento da Intersport?<\/h2>\n\n\n\n<ul class=\"wp-block-list\">\n<li><strong>Dificuldades financeiras<\/strong>\u00a0levaram ao fechamento completo das opera\u00e7\u00f5es na Espanha.<\/li>\n\n\n\n<li>Consumidores ainda podem aproveitar\u00a0<strong>descontos nas lojas f\u00edsicas<\/strong>\u00a0at\u00e9 o final do ver\u00e3o.<\/li>\n\n\n\n<li>A Intersport est\u00e1 buscando formas de\u00a0<strong>manter a estrutura produtiva<\/strong>, mesmo com a liquida\u00e7\u00e3o.<\/li>\n<\/ul>\n\n\n\n<p>Leia tamb\u00e9m: Como outras marcas esportivas est\u00e3o se adaptando ao mercado atual. Essa situa\u00e7\u00e3o destaca a import\u00e2ncia de uma gest\u00e3o financeira eficaz para grandes redes, salientando a necessidade de adapta\u00e7\u00e3o cont\u00ednua \u00e0s condi\u00e7\u00f5es do mercado. A situa\u00e7\u00e3o recente da Intersport na Espanha acende um alerta, inclusive para outras marcas presentes em v\u00e1rios mercados, como&nbsp;<strong>Adidas<\/strong>&nbsp;e&nbsp;<strong>Nike<\/strong>, que precisam constantemente rever suas estrat\u00e9gias diante dos desafios econ\u00f4micos e das mudan\u00e7as no comportamento do consumidor.<\/p>\n\n\n\n<p><\/p>\n","protected":false},"excerpt":{"rendered":"<p>A conhecida&nbsp;Intersport, rede de lojas de material esportivo, anunciou o fechamento de todas as suas filiais na&nbsp;Espanha, decis\u00e3o resultante de um processo judicial. Estando presente em mais de 44 pa\u00edses, a empresa agora enfrenta dificuldades financeiras significativas no mercado espanhol. Por que a Intersport est\u00e1 fechando suas portas? A&nbsp;Intersport&nbsp;n\u00e3o conseguiu o apoio de seus principais [&hellip;]<\/p>\n","protected":false},"author":11,"featured_media":95720,"comment_status":"open","ping_status":"open","sticky":false,"template":"","format":"standard","meta":{"jnews-multi-image_gallery":[],"jnews_single_post":{"format":"standard"},"jnews_primary_category":[],"jnews_social_meta":[],"jnews_override_counter":[],"footnotes":""},"categories":[29,1],"tags":[925,2239,10179,9676,1553,4952],"class_list":["post-95706","post","type-post","status-publish","format-standard","has-post-thumbnail","hentry","category-entretenimento","category-noticias","tag-dividas","tag-espanha","tag-fechamento","tag-loja","tag-precos","tag-roupas"],"yoast_head":"<!-- This site is optimized with the Yoast SEO plugin v23.8 - https:\/\/yoast.com\/wordpress\/plugins\/seo\/ -->\n<title>Famosa loja de roupas est\u00e1 reduzindo os pre\u00e7os e vai fechar para sempre - Estado de Minas - Em foco<\/title>\n<meta name=\"description\" content=\"A rede esportiva n\u00e3o resistiu \u00e0 crise e fecha suas filiais. Descubra as consequ\u00eancias para o mercado e para os consumidores.\" \/>\n<meta name=\"robots\" content=\"index, follow, max-snippet:-1, max-image-preview:large, max-video-preview:-1\" \/>\n<link rel=\"canonical\" href=\"https:\/\/www.em.com.br\/emfoco\/2025\/08\/23\/famosa-loja-de-roupas-esta-reduzindo-os-precos-e-vai-fechar-para-sempre\/\" \/>\n<meta property=\"og:locale\" content=\"pt_BR\" \/>\n<meta property=\"og:type\" content=\"article\" \/>\n<meta property=\"og:title\" content=\"Famosa loja de roupas est\u00e1 reduzindo os pre\u00e7os e vai fechar para sempre - Estado de Minas - Em foco\" \/>\n<meta property=\"og:description\" content=\"A rede esportiva n\u00e3o resistiu \u00e0 crise e fecha suas filiais. Descubra as consequ\u00eancias para o mercado e para os consumidores.\" \/>\n<meta property=\"og:url\" content=\"https:\/\/www.em.com.br\/emfoco\/2025\/08\/23\/famosa-loja-de-roupas-esta-reduzindo-os-precos-e-vai-fechar-para-sempre\/\" \/>\n<meta property=\"og:site_name\" content=\"Estado de Minas - Em foco\" \/>\n<meta property=\"article:published_time\" content=\"2025-08-23T15:45:00+00:00\" \/>\n<meta property=\"article:modified_time\" content=\"2025-08-23T14:21:14+00:00\" \/>\n<meta property=\"og:image\" content=\"https:\/\/www.em.com.br\/emfoco\/wp-content\/uploads\/2025\/08\/loja-de-roupas-_1755901055731.jpg\" \/>\n\t<meta property=\"og:image:width\" content=\"1280\" \/>\n\t<meta property=\"og:image:height\" content=\"720\" \/>\n\t<meta property=\"og:image:type\" content=\"image\/jpeg\" \/>\n<meta name=\"author\" content=\"Andre\u0301 Rangel\u00a0\" \/>\n<meta name=\"twitter:card\" content=\"summary_large_image\" \/>\n<meta name=\"twitter:label1\" content=\"Escrito por\" \/>\n\t<meta name=\"twitter:data1\" content=\"Andre\u0301 Rangel\u00a0\" \/>\n\t<meta name=\"twitter:label2\" content=\"Est. tempo de leitura\" \/>\n\t<meta name=\"twitter:data2\" content=\"3 minutos\" \/>\n<!-- \/ Yoast SEO plugin. -->","yoast_head_json":{"title":"Famosa loja de roupas est\u00e1 reduzindo os pre\u00e7os e vai fechar para sempre - Estado de Minas - Em foco","description":"A rede esportiva n\u00e3o resistiu \u00e0 crise e fecha suas filiais. Descubra as consequ\u00eancias para o mercado e para os consumidores.","robots":{"index":"index","follow":"follow","max-snippet":"max-snippet:-1","max-image-preview":"max-image-preview:large","max-video-preview":"max-video-preview:-1"},"canonical":"https:\/\/www.em.com.br\/emfoco\/2025\/08\/23\/famosa-loja-de-roupas-esta-reduzindo-os-precos-e-vai-fechar-para-sempre\/","og_locale":"pt_BR","og_type":"article","og_title":"Famosa loja de roupas est\u00e1 reduzindo os pre\u00e7os e vai fechar para sempre - Estado de Minas - Em foco","og_description":"A rede esportiva n\u00e3o resistiu \u00e0 crise e fecha suas filiais. Descubra as consequ\u00eancias para o mercado e para os consumidores.","og_url":"https:\/\/www.em.com.br\/emfoco\/2025\/08\/23\/famosa-loja-de-roupas-esta-reduzindo-os-precos-e-vai-fechar-para-sempre\/","og_site_name":"Estado de Minas - Em foco","article_published_time":"2025-08-23T15:45:00+00:00","article_modified_time":"2025-08-23T14:21:14+00:00","og_image":[{"width":1280,"height":720,"url":"https:\/\/www.em.com.br\/emfoco\/wp-content\/uploads\/2025\/08\/loja-de-roupas-_1755901055731.jpg","type":"image\/jpeg"}],"author":"Andre\u0301 Rangel\u00a0","twitter_card":"summary_large_image","twitter_misc":{"Escrito por":"Andre\u0301 Rangel\u00a0","Est. tempo de leitura":"3 minutos"},"schema":{"@context":"https:\/\/schema.org","@graph":[{"@type":"WebPage","@id":"https:\/\/www.em.com.br\/emfoco\/2025\/08\/23\/famosa-loja-de-roupas-esta-reduzindo-os-precos-e-vai-fechar-para-sempre\/","url":"https:\/\/www.em.com.br\/emfoco\/2025\/08\/23\/famosa-loja-de-roupas-esta-reduzindo-os-precos-e-vai-fechar-para-sempre\/","name":"Famosa loja de roupas est\u00e1 reduzindo os pre\u00e7os e vai fechar para sempre - Estado de Minas - Em foco","isPartOf":{"@id":"https:\/\/www.em.com.br\/emfoco\/#website"},"primaryImageOfPage":{"@id":"https:\/\/www.em.com.br\/emfoco\/2025\/08\/23\/famosa-loja-de-roupas-esta-reduzindo-os-precos-e-vai-fechar-para-sempre\/#primaryimage"},"image":{"@id":"https:\/\/www.em.com.br\/emfoco\/2025\/08\/23\/famosa-loja-de-roupas-esta-reduzindo-os-precos-e-vai-fechar-para-sempre\/#primaryimage"},"thumbnailUrl":"https:\/\/www.em.com.br\/emfoco\/wp-content\/uploads\/2025\/08\/loja-de-roupas-_1755901055731.jpg","datePublished":"2025-08-23T15:45:00+00:00","dateModified":"2025-08-23T14:21:14+00:00","author":{"@id":"https:\/\/www.em.com.br\/emfoco\/#\/schema\/person\/60eda09c1fedf0d6891f4cef4b60b8b8"},"description":"A rede esportiva n\u00e3o resistiu \u00e0 crise e fecha suas filiais. Descubra as consequ\u00eancias para o mercado e para os consumidores.","breadcrumb":{"@id":"https:\/\/www.em.com.br\/emfoco\/2025\/08\/23\/famosa-loja-de-roupas-esta-reduzindo-os-precos-e-vai-fechar-para-sempre\/#breadcrumb"},"inLanguage":"pt-BR","potentialAction":[{"@type":"ReadAction","target":["https:\/\/www.em.com.br\/emfoco\/2025\/08\/23\/famosa-loja-de-roupas-esta-reduzindo-os-precos-e-vai-fechar-para-sempre\/"]}]},{"@type":"ImageObject","inLanguage":"pt-BR","@id":"https:\/\/www.em.com.br\/emfoco\/2025\/08\/23\/famosa-loja-de-roupas-esta-reduzindo-os-precos-e-vai-fechar-para-sempre\/#primaryimage","url":"https:\/\/www.em.com.br\/emfoco\/wp-content\/uploads\/2025\/08\/loja-de-roupas-_1755901055731.jpg","contentUrl":"https:\/\/www.em.com.br\/emfoco\/wp-content\/uploads\/2025\/08\/loja-de-roupas-_1755901055731.jpg","width":1280,"height":720,"caption":"A cor que voc\u00ea usa pode mudar como as pessoas te enxergam - Cr\u00e9ditos: depositphotos.com \/ vlad_star"},{"@type":"BreadcrumbList","@id":"https:\/\/www.em.com.br\/emfoco\/2025\/08\/23\/famosa-loja-de-roupas-esta-reduzindo-os-precos-e-vai-fechar-para-sempre\/#breadcrumb","itemListElement":[{"@type":"ListItem","position":1,"name":"In\u00edcio","item":"https:\/\/www.em.com.br\/emfoco\/"},{"@type":"ListItem","position":2,"name":"Famosa loja de roupas est\u00e1 reduzindo os pre\u00e7os e vai fechar para sempre"}]},{"@type":"WebSite","@id":"https:\/\/www.em.com.br\/emfoco\/#website","url":"https:\/\/www.em.com.br\/emfoco\/","name":"Estado de Minas - Em foco","description":"Acompanhe as \u00faltimas not\u00edcias e fique bem informado sobre tudo o que acontece em Minas Gerais, Brasil e no mundo.","potentialAction":[{"@type":"SearchAction","target":{"@type":"EntryPoint","urlTemplate":"https:\/\/www.em.com.br\/emfoco\/?s={search_term_string}"},"query-input":{"@type":"PropertyValueSpecification","valueRequired":true,"valueName":"search_term_string"}}],"inLanguage":"pt-BR"},{"@type":"Person","@id":"https:\/\/www.em.com.br\/emfoco\/#\/schema\/person\/60eda09c1fedf0d6891f4cef4b60b8b8","name":"Andre\u0301 Rangel\u00a0","image":{"@type":"ImageObject","inLanguage":"pt-BR","@id":"https:\/\/www.em.com.br\/emfoco\/#\/schema\/person\/image\/","url":"https:\/\/secure.gravatar.com\/avatar\/6234dc814c77c8ef6d8bba622c787efc?s=96&d=mm&r=g","contentUrl":"https:\/\/secure.gravatar.com\/avatar\/6234dc814c77c8ef6d8bba622c787efc?s=96&d=mm&r=g","caption":"Andre\u0301 Rangel\u00a0"},"url":"https:\/\/www.em.com.br\/emfoco\/author\/luizmyth\/"}]}},"_links":{"self":[{"href":"https:\/\/www.em.com.br\/emfoco\/wp-json\/wp\/v2\/posts\/95706","targetHints":{"allow":["GET"]}}],"collection":[{"href":"https:\/\/www.em.com.br\/emfoco\/wp-json\/wp\/v2\/posts"}],"about":[{"href":"https:\/\/www.em.com.br\/emfoco\/wp-json\/wp\/v2\/types\/post"}],"author":[{"embeddable":true,"href":"https:\/\/www.em.com.br\/emfoco\/wp-json\/wp\/v2\/users\/11"}],"replies":[{"embeddable":true,"href":"https:\/\/www.em.com.br\/emfoco\/wp-json\/wp\/v2\/comments?post=95706"}],"version-history":[{"count":3,"href":"https:\/\/www.em.com.br\/emfoco\/wp-json\/wp\/v2\/posts\/95706\/revisions"}],"predecessor-version":[{"id":95726,"href":"https:\/\/www.em.com.br\/emfoco\/wp-json\/wp\/v2\/posts\/95706\/revisions\/95726"}],"wp:featuredmedia":[{"embeddable":true,"href":"https:\/\/www.em.com.br\/emfoco\/wp-json\/wp\/v2\/media\/95720"}],"wp:attachment":[{"href":"https:\/\/www.em.com.br\/emfoco\/wp-json\/wp\/v2\/media?parent=95706"}],"wp:term":[{"taxonomy":"category","embeddable":true,"href":"https:\/\/www.em.com.br\/emfoco\/wp-json\/wp\/v2\/categories?post=95706"},{"taxonomy":"post_tag","embeddable":true,"href":"https:\/\/www.em.com.br\/emfoco\/wp-json\/wp\/v2\/tags?post=95706"}],"curies":[{"name":"wp","href":"https:\/\/api.w.org\/{rel}","templated":true}]}}