{"id":95569,"date":"2025-08-23T15:58:00","date_gmt":"2025-08-23T18:58:00","guid":{"rendered":"https:\/\/www.em.com.br\/emfoco\/?p=95569"},"modified":"2025-08-23T15:54:52","modified_gmt":"2025-08-23T18:54:52","slug":"sou-neuro-infantil-e-garanto-se-seu-bebe-ainda-nao-fala-essas-5-dicas-vao-te-ajudar-dra-tamiris","status":"publish","type":"post","link":"https:\/\/www.em.com.br\/emfoco\/2025\/08\/23\/sou-neuro-infantil-e-garanto-se-seu-bebe-ainda-nao-fala-essas-5-dicas-vao-te-ajudar-dra-tamiris\/","title":{"rendered":"Sou neuro infantil e garanto: \u201cse seu beb\u00ea ainda n\u00e3o fala, essas 5 dicas v\u00e3o te ajudar\u201d, Dra. Tamiris"},"content":{"rendered":"\n<p>Estimular a fala infantil \u00e9 uma das principais preocupa\u00e7\u00f5es de pais e cuidadores. A neurologista infantil Dra. Tamiris Mariano (CRM 21354-CE | RQE 12337), conhecida por seu trabalho com desenvolvimento neurol\u00f3gico na inf\u00e2ncia, afirma que pequenas atitudes no dia a dia fazem uma grande diferen\u00e7a para o avan\u00e7o da linguagem. Com mais de 190 mil seguidores no TikTok, ela compartilha estrat\u00e9gias eficazes de forma clara e acolhedora.<\/p>\n\n\n\n<p>A fala \u00e9 uma conquista neurol\u00f3gica complexa, que depende n\u00e3o apenas da biologia, mas da qualidade das intera\u00e7\u00f5es que a crian\u00e7a vivencia. Segundo especialistas, cerca de 10% das crian\u00e7as podem apresentar algum tipo de atraso na linguagem, sendo que, em muitos casos, interven\u00e7\u00f5es precoces com est\u00edmulos corretos ajudam a reverter esse quadro. Neste artigo, reunimos as cinco pr\u00e1ticas mais importantes para apoiar seu filho nessa etapa.<\/p>\n\n\n\n<h2 class=\"wp-block-heading\">Como transformar o dia a dia em est\u00edmulo para a fala?<\/h2>\n\n\n\n<p>A primeira dica da Dra. Tamiris \u00e9 narrar as a\u00e7\u00f5es do cotidiano. Ao descrever o que voc\u00ea est\u00e1 fazendo com a crian\u00e7a \u2014 como \u201cagora vamos escovar os dentes\u201d, ou \u201cque nuvem branca linda\u201d \u2014 voc\u00ea amplia o repert\u00f3rio de palavras e cria conex\u00f5es emocionais positivas com o momento. Essa linguagem descritiva refor\u00e7a associa\u00e7\u00f5es entre palavras e a\u00e7\u00f5es.<\/p>\n\n\n\n<p>Outra recomenda\u00e7\u00e3o essencial \u00e9 a leitura com livros ilustrados. Mostrar imagens e fazer perguntas simples como \u201cquem faz au-au?\u201d permite que a crian\u00e7a tente responder, mesmo que seja com gestos. Esse tipo de intera\u00e7\u00e3o estimula a compreens\u00e3o auditiva e desenvolve habilidades cognitivas fundamentais para a fala.<\/p>\n\n\n\n<h2 class=\"wp-block-heading\">Qual a import\u00e2ncia das m\u00fasicas e sons para o desenvolvimento da linguagem?<\/h2>\n\n\n\n<p>Brincar com sons, rimas e m\u00fasicas simples ajuda a desenvolver o ritmo e a entona\u00e7\u00e3o, elementos importantes da fala. Atividades com palmas e can\u00e7\u00f5es repetitivas treinam o c\u00e9rebro para identificar padr\u00f5es sonoros, algo essencial para formar palavras e frases com clareza.<\/p>\n\n\n\n<p>Al\u00e9m disso, cantar junto estimula a mem\u00f3ria auditiva e fortalece a coordena\u00e7\u00e3o entre respira\u00e7\u00e3o, escuta e emiss\u00e3o de sons. Essas atividades podem ser inclu\u00eddas em momentos de brincadeira, banho ou at\u00e9 mesmo nas rotinas de dormir, criando associa\u00e7\u00f5es positivas com a comunica\u00e7\u00e3o.<\/p>\n\n\n\n<h2 class=\"wp-block-heading\">Corrigir ou modelar? Qual a melhor forma de ensinar?<\/h2>\n\n\n\n<p>Um dos erros mais comuns \u00e9 corrigir diretamente o que a crian\u00e7a fala. A Dra. Tamiris orienta que, em vez de corrigir, \u00e9 melhor modelar. Por exemplo, se a crian\u00e7a diz \u201cqu\u00e9 \u00e1gua\u201d, o adulto deve responder com gentileza: \u201cEst\u00e1 aqui sua \u00e1gua\u201d. Essa estrat\u00e9gia mant\u00e9m a autoestima da crian\u00e7a, refor\u00e7ando o aprendizado sem gerar frustra\u00e7\u00e3o.<\/p>\n\n\n\n<p>A modelagem oferece um exemplo correto sem interromper ou constranger a crian\u00e7a. Isso contribui para a autoconfian\u00e7a ao falar, al\u00e9m de tornar a intera\u00e7\u00e3o mais natural e eficaz.<\/p>\n\n\n\n<h2 class=\"wp-block-heading\">O excesso de telas pode atrasar a fala?<\/h2>\n\n\n\n<p>Sim. Diversos estudos, incluindo uma revis\u00e3o da Organiza\u00e7\u00e3o Mundial da Sa\u00fade, j\u00e1 mostraram que o uso excessivo de telas em crian\u00e7as pequenas est\u00e1 associado a atrasos na linguagem. A recomenda\u00e7\u00e3o oficial \u00e9 evitar exposi\u00e7\u00e3o a telas antes dos dois anos de idade.<\/p>\n\n\n<div class=\"wp-block-image\">\n<figure class=\"aligncenter size-large\"><img loading=\"lazy\" decoding=\"async\" width=\"1024\" height=\"576\" src=\"https:\/\/www.em.com.br\/emfoco\/wp-content\/uploads\/2025\/08\/primeiras-palavras_1755975061634-1024x576.jpg\" alt=\"\" class=\"wp-image-95964\" srcset=\"https:\/\/www.em.com.br\/emfoco\/wp-content\/uploads\/2025\/08\/primeiras-palavras_1755975061634-1024x576.jpg 1024w, https:\/\/www.em.com.br\/emfoco\/wp-content\/uploads\/2025\/08\/primeiras-palavras_1755975061634-300x169.jpg 300w, https:\/\/www.em.com.br\/emfoco\/wp-content\/uploads\/2025\/08\/primeiras-palavras_1755975061634-768x432.jpg 768w, https:\/\/www.em.com.br\/emfoco\/wp-content\/uploads\/2025\/08\/primeiras-palavras_1755975061634-750x422.jpg 750w, https:\/\/www.em.com.br\/emfoco\/wp-content\/uploads\/2025\/08\/primeiras-palavras_1755975061634-1140x641.jpg 1140w, https:\/\/www.em.com.br\/emfoco\/wp-content\/uploads\/2025\/08\/primeiras-palavras_1755975061634.jpg 1280w\" sizes=\"auto, (max-width: 1024px) 100vw, 1024px\" \/><figcaption class=\"wp-element-caption\">Beb\u00ea com a boca aberta &#8211; Cr\u00e9ditos: depositphotos.com \/ AEyZRiO<\/figcaption><\/figure><\/div>\n\n\n<p>A neurologista enfatiza que o contato olho no olho, as brincadeiras manuais e as intera\u00e7\u00f5es reais s\u00e3o insubstitu\u00edveis para o desenvolvimento da linguagem. Mesmo com tecnologias educativas, o excesso pode reduzir o tempo de di\u00e1logo e o est\u00edmulo auditivo, que s\u00e3o essenciais nesse processo.<\/p>\n\n\n\n<h2 class=\"wp-block-heading\">Qual o papel da autonomia no desenvolvimento da linguagem?<\/h2>\n\n\n\n<p>Estimular a autonomia da crian\u00e7a tamb\u00e9m contribui para o avan\u00e7o da fala. A Dra. Tamiris sugere incentivar o pequeno a escolher a pr\u00f3pria roupa, guardar os brinquedos e comer sozinho. Essas pequenas escolhas ajudam a crian\u00e7a a expressar vontades e sentimentos de forma mais ativa.<\/p>\n\n\n\n<p>Como destaca a Sociedade Brasileira de Pediatria, \u201ca linguagem \u00e9 constru\u00edda nas experi\u00eancias do cotidiano\u201d. Ou seja, permitir que a crian\u00e7a participe da rotina \u00e9 uma forma poderosa de ampliar seu vocabul\u00e1rio e promover a autoconfian\u00e7a.<\/p>\n\n\n\n<h2 class=\"wp-block-heading\">Quais fontes refor\u00e7am essas orienta\u00e7\u00f5es?<\/h2>\n\n\n\n<h3 class=\"wp-block-heading\">Fontes oficiais:<\/h3>\n\n\n\n<ul class=\"wp-block-list\">\n<li><strong>Organiza\u00e7\u00e3o Mundial da Sa\u00fade (OMS) \u2013 Estudo sobre exposi\u00e7\u00e3o a telas e atraso na linguagem:<\/strong><\/li>\n\n\n\n<li>\ud83d\udccc <a href=\"https:\/\/vlibrary.emro.who.int\/?goto=Q04jBjQNRBtVLyVeCF9OQwheMSUfTitIUQMYFyY9JGUOehoJLS0xCyBERRRMUXJ_BnpYSlRmD1A\" target=\"_blank\" rel=\"noreferrer noopener\">https:\/\/vlibrary.emro.who.int\/?goto=Q04jBjQNRBtVLyVeCF9OQwheMSUfTitIUQMYFyY9JGUOehoJLS0xCyBERRRMUXJ_BnpYSlRmD1A<\/a><\/li>\n\n\n\n<li><strong>Sociedade Brasileira de Pediatria \u2013 Linguagem e desenvolvimento infantil:<\/strong><\/li>\n\n\n\n<li>\ud83d\udccc <a href=\"https:\/\/www.sbp.com.br\/imprensa\/detalhe\/nid\/a-linguagem-e-o-marcador-mais-importante-no-desenvolvimento-infantil\/\" target=\"_blank\" rel=\"noreferrer noopener\">https:\/\/www.sbp.com.br\/imprensa\/detalhe\/nid\/a-linguagem-e-o-marcador-mais-importante-no-desenvolvimento-infantil\/<\/a><\/li>\n<\/ul>\n","protected":false},"excerpt":{"rendered":"<p>Estimular a fala infantil \u00e9 uma das principais preocupa\u00e7\u00f5es de pais e cuidadores. A neurologista infantil Dra. Tamiris Mariano (CRM 21354-CE | RQE 12337), conhecida por seu trabalho com desenvolvimento neurol\u00f3gico na inf\u00e2ncia, afirma que pequenas atitudes no dia a dia fazem uma grande diferen\u00e7a para o avan\u00e7o da linguagem. Com mais de 190 mil [&hellip;]<\/p>\n","protected":false},"author":17,"featured_media":95965,"comment_status":"open","ping_status":"open","sticky":false,"template":"","format":"standard","meta":{"jnews-multi-image_gallery":[],"jnews_single_post":{"format":"standard"},"jnews_primary_category":[],"jnews_social_meta":[],"jnews_override_counter":[],"footnotes":""},"categories":[9053],"tags":[1388,327,415],"class_list":["post-95569","post","type-post","status-publish","format-standard","has-post-thumbnail","hentry","category-saude","tag-crianca","tag-qualidade-de-vida","tag-saude"],"yoast_head":"<!-- This site is optimized with the Yoast SEO plugin v23.8 - https:\/\/yoast.com\/wordpress\/plugins\/seo\/ -->\n<title>Sou neuro infantil e garanto: \u201cse seu beb\u00ea ainda n\u00e3o fala, essas 5 dicas v\u00e3o te ajudar\u201d, Dra. Tamiris - Estado de Minas - Em foco<\/title>\n<meta name=\"description\" content=\"Cinco pr\u00e1ticas da Dra. Tamiris Mariano para estimular a fala infantil com conex\u00e3o, leitura, m\u00fasica, empatia e menos telas.\" \/>\n<meta name=\"robots\" content=\"index, follow, max-snippet:-1, max-image-preview:large, max-video-preview:-1\" \/>\n<link rel=\"canonical\" href=\"https:\/\/www.em.com.br\/emfoco\/2025\/08\/23\/sou-neuro-infantil-e-garanto-se-seu-bebe-ainda-nao-fala-essas-5-dicas-vao-te-ajudar-dra-tamiris\/\" \/>\n<meta property=\"og:locale\" content=\"pt_BR\" \/>\n<meta property=\"og:type\" content=\"article\" \/>\n<meta property=\"og:title\" content=\"Sou neuro infantil e garanto: \u201cse seu beb\u00ea ainda n\u00e3o fala, essas 5 dicas v\u00e3o te ajudar\u201d, Dra. Tamiris - Estado de Minas - Em foco\" \/>\n<meta property=\"og:description\" content=\"Cinco pr\u00e1ticas da Dra. Tamiris Mariano para estimular a fala infantil com conex\u00e3o, leitura, m\u00fasica, empatia e menos telas.\" \/>\n<meta property=\"og:url\" content=\"https:\/\/www.em.com.br\/emfoco\/2025\/08\/23\/sou-neuro-infantil-e-garanto-se-seu-bebe-ainda-nao-fala-essas-5-dicas-vao-te-ajudar-dra-tamiris\/\" \/>\n<meta property=\"og:site_name\" content=\"Estado de Minas - Em foco\" \/>\n<meta property=\"article:published_time\" content=\"2025-08-23T18:58:00+00:00\" \/>\n<meta property=\"article:modified_time\" content=\"2025-08-23T18:54:52+00:00\" \/>\n<meta property=\"og:image\" content=\"https:\/\/www.em.com.br\/emfoco\/wp-content\/uploads\/2025\/08\/mosaico_1755975113639.jpg\" \/>\n\t<meta property=\"og:image:width\" content=\"1280\" \/>\n\t<meta property=\"og:image:height\" content=\"720\" \/>\n\t<meta property=\"og:image:type\" content=\"image\/jpeg\" \/>\n<meta name=\"author\" content=\"Lucas Sampaio\" \/>\n<meta name=\"twitter:card\" content=\"summary_large_image\" \/>\n<meta name=\"twitter:label1\" content=\"Escrito por\" \/>\n\t<meta name=\"twitter:data1\" content=\"Lucas Sampaio\" \/>\n\t<meta name=\"twitter:label2\" content=\"Est. tempo de leitura\" \/>\n\t<meta name=\"twitter:data2\" content=\"5 minutos\" \/>\n<!-- \/ Yoast SEO plugin. -->","yoast_head_json":{"title":"Sou neuro infantil e garanto: \u201cse seu beb\u00ea ainda n\u00e3o fala, essas 5 dicas v\u00e3o te ajudar\u201d, Dra. Tamiris - Estado de Minas - Em foco","description":"Cinco pr\u00e1ticas da Dra. Tamiris Mariano para estimular a fala infantil com conex\u00e3o, leitura, m\u00fasica, empatia e menos telas.","robots":{"index":"index","follow":"follow","max-snippet":"max-snippet:-1","max-image-preview":"max-image-preview:large","max-video-preview":"max-video-preview:-1"},"canonical":"https:\/\/www.em.com.br\/emfoco\/2025\/08\/23\/sou-neuro-infantil-e-garanto-se-seu-bebe-ainda-nao-fala-essas-5-dicas-vao-te-ajudar-dra-tamiris\/","og_locale":"pt_BR","og_type":"article","og_title":"Sou neuro infantil e garanto: \u201cse seu beb\u00ea ainda n\u00e3o fala, essas 5 dicas v\u00e3o te ajudar\u201d, Dra. Tamiris - Estado de Minas - Em foco","og_description":"Cinco pr\u00e1ticas da Dra. Tamiris Mariano para estimular a fala infantil com conex\u00e3o, leitura, m\u00fasica, empatia e menos telas.","og_url":"https:\/\/www.em.com.br\/emfoco\/2025\/08\/23\/sou-neuro-infantil-e-garanto-se-seu-bebe-ainda-nao-fala-essas-5-dicas-vao-te-ajudar-dra-tamiris\/","og_site_name":"Estado de Minas - Em foco","article_published_time":"2025-08-23T18:58:00+00:00","article_modified_time":"2025-08-23T18:54:52+00:00","og_image":[{"width":1280,"height":720,"url":"https:\/\/www.em.com.br\/emfoco\/wp-content\/uploads\/2025\/08\/mosaico_1755975113639.jpg","type":"image\/jpeg"}],"author":"Lucas Sampaio","twitter_card":"summary_large_image","twitter_misc":{"Escrito por":"Lucas Sampaio","Est. tempo de leitura":"5 minutos"},"schema":{"@context":"https:\/\/schema.org","@graph":[{"@type":"WebPage","@id":"https:\/\/www.em.com.br\/emfoco\/2025\/08\/23\/sou-neuro-infantil-e-garanto-se-seu-bebe-ainda-nao-fala-essas-5-dicas-vao-te-ajudar-dra-tamiris\/","url":"https:\/\/www.em.com.br\/emfoco\/2025\/08\/23\/sou-neuro-infantil-e-garanto-se-seu-bebe-ainda-nao-fala-essas-5-dicas-vao-te-ajudar-dra-tamiris\/","name":"Sou neuro infantil e garanto: \u201cse seu beb\u00ea ainda n\u00e3o fala, essas 5 dicas v\u00e3o te ajudar\u201d, Dra. Tamiris - Estado de Minas - Em foco","isPartOf":{"@id":"https:\/\/www.em.com.br\/emfoco\/#website"},"primaryImageOfPage":{"@id":"https:\/\/www.em.com.br\/emfoco\/2025\/08\/23\/sou-neuro-infantil-e-garanto-se-seu-bebe-ainda-nao-fala-essas-5-dicas-vao-te-ajudar-dra-tamiris\/#primaryimage"},"image":{"@id":"https:\/\/www.em.com.br\/emfoco\/2025\/08\/23\/sou-neuro-infantil-e-garanto-se-seu-bebe-ainda-nao-fala-essas-5-dicas-vao-te-ajudar-dra-tamiris\/#primaryimage"},"thumbnailUrl":"https:\/\/www.em.com.br\/emfoco\/wp-content\/uploads\/2025\/08\/mosaico_1755975113639.jpg","datePublished":"2025-08-23T18:58:00+00:00","dateModified":"2025-08-23T18:54:52+00:00","author":{"@id":"https:\/\/www.em.com.br\/emfoco\/#\/schema\/person\/9ad4c536bd87f5bb8006420332b99aef"},"description":"Cinco pr\u00e1ticas da Dra. Tamiris Mariano para estimular a fala infantil com conex\u00e3o, leitura, m\u00fasica, empatia e menos telas.","breadcrumb":{"@id":"https:\/\/www.em.com.br\/emfoco\/2025\/08\/23\/sou-neuro-infantil-e-garanto-se-seu-bebe-ainda-nao-fala-essas-5-dicas-vao-te-ajudar-dra-tamiris\/#breadcrumb"},"inLanguage":"pt-BR","potentialAction":[{"@type":"ReadAction","target":["https:\/\/www.em.com.br\/emfoco\/2025\/08\/23\/sou-neuro-infantil-e-garanto-se-seu-bebe-ainda-nao-fala-essas-5-dicas-vao-te-ajudar-dra-tamiris\/"]}]},{"@type":"ImageObject","inLanguage":"pt-BR","@id":"https:\/\/www.em.com.br\/emfoco\/2025\/08\/23\/sou-neuro-infantil-e-garanto-se-seu-bebe-ainda-nao-fala-essas-5-dicas-vao-te-ajudar-dra-tamiris\/#primaryimage","url":"https:\/\/www.em.com.br\/emfoco\/wp-content\/uploads\/2025\/08\/mosaico_1755975113639.jpg","contentUrl":"https:\/\/www.em.com.br\/emfoco\/wp-content\/uploads\/2025\/08\/mosaico_1755975113639.jpg","width":1280,"height":720,"caption":"Reprodu\u00e7\u00e3o (TikTok: @dra.tamirismariano)"},{"@type":"BreadcrumbList","@id":"https:\/\/www.em.com.br\/emfoco\/2025\/08\/23\/sou-neuro-infantil-e-garanto-se-seu-bebe-ainda-nao-fala-essas-5-dicas-vao-te-ajudar-dra-tamiris\/#breadcrumb","itemListElement":[{"@type":"ListItem","position":1,"name":"In\u00edcio","item":"https:\/\/www.em.com.br\/emfoco\/"},{"@type":"ListItem","position":2,"name":"Sou neuro infantil e garanto: \u201cse seu beb\u00ea ainda n\u00e3o fala, essas 5 dicas v\u00e3o te ajudar\u201d, Dra. Tamiris"}]},{"@type":"WebSite","@id":"https:\/\/www.em.com.br\/emfoco\/#website","url":"https:\/\/www.em.com.br\/emfoco\/","name":"Estado de Minas - Em foco","description":"Acompanhe as \u00faltimas not\u00edcias e fique bem informado sobre tudo o que acontece em Minas Gerais, Brasil e no mundo.","potentialAction":[{"@type":"SearchAction","target":{"@type":"EntryPoint","urlTemplate":"https:\/\/www.em.com.br\/emfoco\/?s={search_term_string}"},"query-input":{"@type":"PropertyValueSpecification","valueRequired":true,"valueName":"search_term_string"}}],"inLanguage":"pt-BR"},{"@type":"Person","@id":"https:\/\/www.em.com.br\/emfoco\/#\/schema\/person\/9ad4c536bd87f5bb8006420332b99aef","name":"Lucas Sampaio","image":{"@type":"ImageObject","inLanguage":"pt-BR","@id":"https:\/\/www.em.com.br\/emfoco\/#\/schema\/person\/image\/","url":"https:\/\/secure.gravatar.com\/avatar\/2696b9676ad143cd7135b717faf6f79f?s=96&d=mm&r=g","contentUrl":"https:\/\/secure.gravatar.com\/avatar\/2696b9676ad143cd7135b717faf6f79f?s=96&d=mm&r=g","caption":"Lucas Sampaio"},"sameAs":["https:\/\/www.em.com.br\/emfoco\/"],"url":"https:\/\/www.em.com.br\/emfoco\/author\/lucasmyth\/"}]}},"_links":{"self":[{"href":"https:\/\/www.em.com.br\/emfoco\/wp-json\/wp\/v2\/posts\/95569","targetHints":{"allow":["GET"]}}],"collection":[{"href":"https:\/\/www.em.com.br\/emfoco\/wp-json\/wp\/v2\/posts"}],"about":[{"href":"https:\/\/www.em.com.br\/emfoco\/wp-json\/wp\/v2\/types\/post"}],"author":[{"embeddable":true,"href":"https:\/\/www.em.com.br\/emfoco\/wp-json\/wp\/v2\/users\/17"}],"replies":[{"embeddable":true,"href":"https:\/\/www.em.com.br\/emfoco\/wp-json\/wp\/v2\/comments?post=95569"}],"version-history":[{"count":2,"href":"https:\/\/www.em.com.br\/emfoco\/wp-json\/wp\/v2\/posts\/95569\/revisions"}],"predecessor-version":[{"id":95967,"href":"https:\/\/www.em.com.br\/emfoco\/wp-json\/wp\/v2\/posts\/95569\/revisions\/95967"}],"wp:featuredmedia":[{"embeddable":true,"href":"https:\/\/www.em.com.br\/emfoco\/wp-json\/wp\/v2\/media\/95965"}],"wp:attachment":[{"href":"https:\/\/www.em.com.br\/emfoco\/wp-json\/wp\/v2\/media?parent=95569"}],"wp:term":[{"taxonomy":"category","embeddable":true,"href":"https:\/\/www.em.com.br\/emfoco\/wp-json\/wp\/v2\/categories?post=95569"},{"taxonomy":"post_tag","embeddable":true,"href":"https:\/\/www.em.com.br\/emfoco\/wp-json\/wp\/v2\/tags?post=95569"}],"curies":[{"name":"wp","href":"https:\/\/api.w.org\/{rel}","templated":true}]}}