{"id":95333,"date":"2025-08-23T12:08:06","date_gmt":"2025-08-23T15:08:06","guid":{"rendered":"https:\/\/www.em.com.br\/emfoco\/?p=95333"},"modified":"2025-08-22T13:33:18","modified_gmt":"2025-08-22T16:33:18","slug":"as-tres-plantas-para-plantar-em-agosto-que-vao-encher-seu-jardim-de-cor","status":"publish","type":"post","link":"https:\/\/www.em.com.br\/emfoco\/2025\/08\/23\/as-tres-plantas-para-plantar-em-agosto-que-vao-encher-seu-jardim-de-cor\/","title":{"rendered":"As tr\u00eas plantas para plantar em agosto que v\u00e3o encher seu jardim de cor"},"content":{"rendered":"\n<p>Agosto \u00e9 um m\u00eas que apresenta desafios para os jardineiros devido \u00e0s baixas temperaturas, que podem afetar o crescimento de muitas plantas. No entanto, algumas esp\u00e9cies n\u00e3o apenas resistem bem ao frio, como tamb\u00e9m se beneficiam por serem plantadas nesta \u00e9poca para florescerem em todo o seu esplendor durante o ver\u00e3o. Tr\u00eas <a href=\"https:\/\/www.em.com.br\/emfoco\/2025\/08\/21\/plantas-que-ajudam-no-controle-natural-da-diabetes\/\" target=\"_blank\" rel=\"noopener\">plantas<\/a> se destacam especialmente por sua capacidade de encher de cor os jardins sazonais: <strong>Cam\u00e9lia<\/strong>, <strong>Durillo<\/strong> e <strong>Amor-Perfeito<\/strong>.<\/p>\n\n\n\n<p><strong>Cam\u00e9lia<\/strong> se apresenta como uma op\u00e7\u00e3o incompar\u00e1vel. Conhecida por suas belas flores, que variam do branco puro ao rosa intenso, essa planta \u00e9 capaz de suportar temperaturas de at\u00e9 -15 graus sem perder sua vitalidade. Colocar a camelia em uma \u00e1rea com muita luz, mas sem exposi\u00e7\u00e3o direta ao sol, \u00e9 fundamental para seu desenvolvimento. Durante o inverno, ela se prepara em sil\u00eancio e, com a chegada do ver\u00e3o, exibe uma flora\u00e7\u00e3o que transforma qualquer espa\u00e7o verde em um ambiente elegante e refinado. Em pa\u00edses como <strong>Jap\u00e3o<\/strong>, a camelia tamb\u00e9m possui grande valor simb\u00f3lico e \u00e9 admirada por sua resist\u00eancia e beleza durante os meses frios.<\/p>\n\n\n\n<h2 class=\"wp-block-heading\">Como cuidar do durillo para ter um jardim vibrante o ano todo?<\/h2>\n\n\n\n<p><strong>Durillo<\/strong> \u00e9 uma planta perene que se destaca por sua capacidade de prosperar durante todo o ano, oferecendo cachos de flores que permanecem por longos per\u00edodos. Esse arbusto n\u00e3o requer cuidados complexos al\u00e9m de garantir que o <a href=\"https:\/\/rehagro.com.br\/blog\/materia-organica-no-solo\/\" target=\"_blank\" rel=\"noreferrer noopener\">solo <\/a>tenha boa drenagem, j\u00e1 que o excesso de \u00e1gua pode prejudic\u00e1-lo. Um durillo bem cuidado torna-se um elemento fundamental para adicionar cor e volume aos canteiros, revitalizando aqueles cantos do jardim que muitas vezes passam despercebidos. Curiosamente, na <strong>Europa<\/strong> \u00e9 comum ver durillos decorando parques hist\u00f3ricos devido \u00e0 sua resist\u00eancia a climas vari\u00e1veis.<\/p>\n\n\n<div class=\"wp-block-image\">\n<figure class=\"aligncenter size-large\"><img loading=\"lazy\" decoding=\"async\" width=\"1024\" height=\"576\" src=\"https:\/\/www.em.com.br\/emfoco\/wp-content\/uploads\/2025\/08\/Viburnum-tinus_1755880198699-1024x576.jpg\" alt=\"\" class=\"wp-image-95364\" srcset=\"https:\/\/www.em.com.br\/emfoco\/wp-content\/uploads\/2025\/08\/Viburnum-tinus_1755880198699-1024x576.jpg 1024w, https:\/\/www.em.com.br\/emfoco\/wp-content\/uploads\/2025\/08\/Viburnum-tinus_1755880198699-300x169.jpg 300w, https:\/\/www.em.com.br\/emfoco\/wp-content\/uploads\/2025\/08\/Viburnum-tinus_1755880198699-768x432.jpg 768w, https:\/\/www.em.com.br\/emfoco\/wp-content\/uploads\/2025\/08\/Viburnum-tinus_1755880198699-750x422.jpg 750w, https:\/\/www.em.com.br\/emfoco\/wp-content\/uploads\/2025\/08\/Viburnum-tinus_1755880198699-1140x641.jpg 1140w, https:\/\/www.em.com.br\/emfoco\/wp-content\/uploads\/2025\/08\/Viburnum-tinus_1755880198699.jpg 1280w\" sizes=\"auto, (max-width: 1024px) 100vw, 1024px\" \/><figcaption class=\"wp-element-caption\">Durillo -Cr\u00e9ditos: depositphotos.com \/ alfotokunst<\/figcaption><\/figure><\/div>\n\n\n<h2 class=\"wp-block-heading\">Por que o amor-perfeito s\u00e3o uma solu\u00e7\u00e3o simples para um jardim colorido?<\/h2>\n\n\n\n<p><strong>Amor-perfeito<\/strong> \u00e9 outro acr\u00e9scimo perfeito para qualquer jardim de inverno. Com resist\u00eancia ao frio e cores vivas, essa planta requer apenas rega regular e cuidados b\u00e1sicos para evitar ac\u00famulo de \u00e1gua ao seu redor. Durante o ver\u00e3o, suas flores surgem em uma brilhante variedade de cores, preenchendo o jardim de vitalidade. Essa caracter\u00edstica, junto \u00e0 simplicidade em sua manuten\u00e7\u00e3o, faz com que o pensamento seja um dos favoritos para jardineiros de todos os n\u00edveis de experi\u00eancia.&nbsp;<\/p>\n\n\n\n<h2 class=\"wp-block-heading\">Por que escolher essas plantas espec\u00edficas para agosto?<\/h2>\n\n\n\n<p>Cam\u00e9lia, durillo e amor-perfeito n\u00e3o apenas s\u00e3o resistentes \u00e0s condi\u00e7\u00f5es de agosto, mas tamb\u00e9m oferecem um espet\u00e1culo visual impressionante no ver\u00e3o. A escolha dessas plantas garante um jardim que n\u00e3o apenas sobreviva ao inverno, mas tamb\u00e9m prospere e ganhe vida com a chegada do calor. Al\u00e9m disso, esses tipos de plantas requerem pouca manuten\u00e7\u00e3o, permitindo que voc\u00ea aproveite mais o processo de jardinagem, ao inv\u00e9s de se preocupar constantemente com os cuidados.<\/p>\n\n\n\n<p>Selecionando estrategicamente plantas como cam\u00e9lia, durillo e amor-perfeito, \u00e9 poss\u00edvel criar um jardim que n\u00e3o apenas \u00e9 visualmente atraente, mas tamb\u00e9m f\u00e1cil de cuidar. Com um pouco de prepara\u00e7\u00e3o e conhecimento, qualquer jardineiro pode transformar seu espa\u00e7o em um canto vibrante que floresce mesmo diante das baixas temperaturas, pronto para deslumbrar no ver\u00e3o.<\/p>\n","protected":false},"excerpt":{"rendered":"<p>Agosto \u00e9 um m\u00eas que apresenta desafios para os jardineiros devido \u00e0s baixas temperaturas, que podem afetar o crescimento de muitas plantas. No entanto, algumas esp\u00e9cies n\u00e3o apenas resistem bem ao frio, como tamb\u00e9m se beneficiam por serem plantadas nesta \u00e9poca para florescerem em todo o seu esplendor durante o ver\u00e3o. Tr\u00eas plantas se destacam [&hellip;]<\/p>\n","protected":false},"author":9,"featured_media":95362,"comment_status":"open","ping_status":"open","sticky":false,"template":"","format":"standard","meta":{"jnews-multi-image_gallery":[],"jnews_single_post":{"format":"standard"},"jnews_primary_category":[],"jnews_social_meta":[],"jnews_override_counter":[],"footnotes":""},"categories":[29,1],"tags":[14733,3357,3325,14732],"class_list":["post-95333","post","type-post","status-publish","format-standard","has-post-thumbnail","hentry","category-entretenimento","category-noticias","tag-camelias","tag-flores","tag-jardim","tag-plantas-de-inverno"],"yoast_head":"<!-- This site is optimized with the Yoast SEO plugin v23.8 - https:\/\/yoast.com\/wordpress\/plugins\/seo\/ -->\n<title>As tr\u00eas plantas para plantar em agosto que v\u00e3o encher seu jardim de cor<\/title>\n<meta name=\"description\" content=\"Cam\u00e9lia, durillo e amor-perfeito s\u00e3o plantas resistentes ao frio que garantem cor e vida ao jardim no inverno e flores exuberantes no ver\u00e3o.\" \/>\n<meta name=\"robots\" content=\"index, follow, max-snippet:-1, max-image-preview:large, max-video-preview:-1\" \/>\n<link rel=\"canonical\" href=\"https:\/\/www.em.com.br\/emfoco\/2025\/08\/23\/as-tres-plantas-para-plantar-em-agosto-que-vao-encher-seu-jardim-de-cor\/\" \/>\n<meta property=\"og:locale\" content=\"pt_BR\" \/>\n<meta property=\"og:type\" content=\"article\" \/>\n<meta property=\"og:title\" content=\"As tr\u00eas plantas para plantar em agosto que v\u00e3o encher seu jardim de cor\" \/>\n<meta property=\"og:description\" content=\"Cam\u00e9lia, durillo e amor-perfeito s\u00e3o plantas resistentes ao frio que garantem cor e vida ao jardim no inverno e flores exuberantes no ver\u00e3o.\" \/>\n<meta property=\"og:url\" content=\"https:\/\/www.em.com.br\/emfoco\/2025\/08\/23\/as-tres-plantas-para-plantar-em-agosto-que-vao-encher-seu-jardim-de-cor\/\" \/>\n<meta property=\"og:site_name\" content=\"Estado de Minas - Em foco\" \/>\n<meta property=\"article:published_time\" content=\"2025-08-23T15:08:06+00:00\" \/>\n<meta property=\"article:modified_time\" content=\"2025-08-22T16:33:18+00:00\" \/>\n<meta property=\"og:image\" content=\"https:\/\/www.em.com.br\/emfoco\/wp-content\/uploads\/2025\/08\/Amor-perfeito-flor_1755880100652.jpg\" \/>\n\t<meta property=\"og:image:width\" content=\"1280\" \/>\n\t<meta property=\"og:image:height\" content=\"720\" \/>\n\t<meta property=\"og:image:type\" content=\"image\/jpeg\" \/>\n<meta name=\"author\" content=\"Daniely Cardoso\" \/>\n<meta name=\"twitter:card\" content=\"summary_large_image\" \/>\n<meta name=\"twitter:label1\" content=\"Escrito por\" \/>\n\t<meta name=\"twitter:data1\" content=\"Daniely Cardoso\" \/>\n\t<meta name=\"twitter:label2\" content=\"Est. tempo de leitura\" \/>\n\t<meta name=\"twitter:data2\" content=\"4 minutos\" \/>\n<!-- \/ Yoast SEO plugin. -->","yoast_head_json":{"title":"As tr\u00eas plantas para plantar em agosto que v\u00e3o encher seu jardim de cor","description":"Cam\u00e9lia, durillo e amor-perfeito s\u00e3o plantas resistentes ao frio que garantem cor e vida ao jardim no inverno e flores exuberantes no ver\u00e3o.","robots":{"index":"index","follow":"follow","max-snippet":"max-snippet:-1","max-image-preview":"max-image-preview:large","max-video-preview":"max-video-preview:-1"},"canonical":"https:\/\/www.em.com.br\/emfoco\/2025\/08\/23\/as-tres-plantas-para-plantar-em-agosto-que-vao-encher-seu-jardim-de-cor\/","og_locale":"pt_BR","og_type":"article","og_title":"As tr\u00eas plantas para plantar em agosto que v\u00e3o encher seu jardim de cor","og_description":"Cam\u00e9lia, durillo e amor-perfeito s\u00e3o plantas resistentes ao frio que garantem cor e vida ao jardim no inverno e flores exuberantes no ver\u00e3o.","og_url":"https:\/\/www.em.com.br\/emfoco\/2025\/08\/23\/as-tres-plantas-para-plantar-em-agosto-que-vao-encher-seu-jardim-de-cor\/","og_site_name":"Estado de Minas - Em foco","article_published_time":"2025-08-23T15:08:06+00:00","article_modified_time":"2025-08-22T16:33:18+00:00","og_image":[{"width":1280,"height":720,"url":"https:\/\/www.em.com.br\/emfoco\/wp-content\/uploads\/2025\/08\/Amor-perfeito-flor_1755880100652.jpg","type":"image\/jpeg"}],"author":"Daniely Cardoso","twitter_card":"summary_large_image","twitter_misc":{"Escrito por":"Daniely Cardoso","Est. tempo de leitura":"4 minutos"},"schema":{"@context":"https:\/\/schema.org","@graph":[{"@type":"WebPage","@id":"https:\/\/www.em.com.br\/emfoco\/2025\/08\/23\/as-tres-plantas-para-plantar-em-agosto-que-vao-encher-seu-jardim-de-cor\/","url":"https:\/\/www.em.com.br\/emfoco\/2025\/08\/23\/as-tres-plantas-para-plantar-em-agosto-que-vao-encher-seu-jardim-de-cor\/","name":"As tr\u00eas plantas para plantar em agosto que v\u00e3o encher seu jardim de cor","isPartOf":{"@id":"https:\/\/www.em.com.br\/emfoco\/#website"},"primaryImageOfPage":{"@id":"https:\/\/www.em.com.br\/emfoco\/2025\/08\/23\/as-tres-plantas-para-plantar-em-agosto-que-vao-encher-seu-jardim-de-cor\/#primaryimage"},"image":{"@id":"https:\/\/www.em.com.br\/emfoco\/2025\/08\/23\/as-tres-plantas-para-plantar-em-agosto-que-vao-encher-seu-jardim-de-cor\/#primaryimage"},"thumbnailUrl":"https:\/\/www.em.com.br\/emfoco\/wp-content\/uploads\/2025\/08\/Amor-perfeito-flor_1755880100652.jpg","datePublished":"2025-08-23T15:08:06+00:00","dateModified":"2025-08-22T16:33:18+00:00","author":{"@id":"https:\/\/www.em.com.br\/emfoco\/#\/schema\/person\/0a8186d72f2c3a5c6276d90b41f271a0"},"description":"Cam\u00e9lia, durillo e amor-perfeito s\u00e3o plantas resistentes ao frio que garantem cor e vida ao jardim no inverno e flores exuberantes no ver\u00e3o.","breadcrumb":{"@id":"https:\/\/www.em.com.br\/emfoco\/2025\/08\/23\/as-tres-plantas-para-plantar-em-agosto-que-vao-encher-seu-jardim-de-cor\/#breadcrumb"},"inLanguage":"pt-BR","potentialAction":[{"@type":"ReadAction","target":["https:\/\/www.em.com.br\/emfoco\/2025\/08\/23\/as-tres-plantas-para-plantar-em-agosto-que-vao-encher-seu-jardim-de-cor\/"]}]},{"@type":"ImageObject","inLanguage":"pt-BR","@id":"https:\/\/www.em.com.br\/emfoco\/2025\/08\/23\/as-tres-plantas-para-plantar-em-agosto-que-vao-encher-seu-jardim-de-cor\/#primaryimage","url":"https:\/\/www.em.com.br\/emfoco\/wp-content\/uploads\/2025\/08\/Amor-perfeito-flor_1755880100652.jpg","contentUrl":"https:\/\/www.em.com.br\/emfoco\/wp-content\/uploads\/2025\/08\/Amor-perfeito-flor_1755880100652.jpg","width":1280,"height":720,"caption":"Amor-perfeito - Cr\u00e9ditos: depositphotos.com \/ st-design"},{"@type":"BreadcrumbList","@id":"https:\/\/www.em.com.br\/emfoco\/2025\/08\/23\/as-tres-plantas-para-plantar-em-agosto-que-vao-encher-seu-jardim-de-cor\/#breadcrumb","itemListElement":[{"@type":"ListItem","position":1,"name":"In\u00edcio","item":"https:\/\/www.em.com.br\/emfoco\/"},{"@type":"ListItem","position":2,"name":"As tr\u00eas plantas para plantar em agosto que v\u00e3o encher seu jardim de cor"}]},{"@type":"WebSite","@id":"https:\/\/www.em.com.br\/emfoco\/#website","url":"https:\/\/www.em.com.br\/emfoco\/","name":"Estado de Minas - Em foco","description":"Acompanhe as \u00faltimas not\u00edcias e fique bem informado sobre tudo o que acontece em Minas Gerais, Brasil e no mundo.","potentialAction":[{"@type":"SearchAction","target":{"@type":"EntryPoint","urlTemplate":"https:\/\/www.em.com.br\/emfoco\/?s={search_term_string}"},"query-input":{"@type":"PropertyValueSpecification","valueRequired":true,"valueName":"search_term_string"}}],"inLanguage":"pt-BR"},{"@type":"Person","@id":"https:\/\/www.em.com.br\/emfoco\/#\/schema\/person\/0a8186d72f2c3a5c6276d90b41f271a0","name":"Daniely Cardoso","image":{"@type":"ImageObject","inLanguage":"pt-BR","@id":"https:\/\/www.em.com.br\/emfoco\/#\/schema\/person\/image\/","url":"https:\/\/secure.gravatar.com\/avatar\/4b80ddbd124d1f071b626d52d62e5dff?s=96&d=mm&r=g","contentUrl":"https:\/\/secure.gravatar.com\/avatar\/4b80ddbd124d1f071b626d52d62e5dff?s=96&d=mm&r=g","caption":"Daniely Cardoso"},"url":"https:\/\/www.em.com.br\/emfoco\/author\/danielymyth\/"}]}},"_links":{"self":[{"href":"https:\/\/www.em.com.br\/emfoco\/wp-json\/wp\/v2\/posts\/95333","targetHints":{"allow":["GET"]}}],"collection":[{"href":"https:\/\/www.em.com.br\/emfoco\/wp-json\/wp\/v2\/posts"}],"about":[{"href":"https:\/\/www.em.com.br\/emfoco\/wp-json\/wp\/v2\/types\/post"}],"author":[{"embeddable":true,"href":"https:\/\/www.em.com.br\/emfoco\/wp-json\/wp\/v2\/users\/9"}],"replies":[{"embeddable":true,"href":"https:\/\/www.em.com.br\/emfoco\/wp-json\/wp\/v2\/comments?post=95333"}],"version-history":[{"count":3,"href":"https:\/\/www.em.com.br\/emfoco\/wp-json\/wp\/v2\/posts\/95333\/revisions"}],"predecessor-version":[{"id":95366,"href":"https:\/\/www.em.com.br\/emfoco\/wp-json\/wp\/v2\/posts\/95333\/revisions\/95366"}],"wp:featuredmedia":[{"embeddable":true,"href":"https:\/\/www.em.com.br\/emfoco\/wp-json\/wp\/v2\/media\/95362"}],"wp:attachment":[{"href":"https:\/\/www.em.com.br\/emfoco\/wp-json\/wp\/v2\/media?parent=95333"}],"wp:term":[{"taxonomy":"category","embeddable":true,"href":"https:\/\/www.em.com.br\/emfoco\/wp-json\/wp\/v2\/categories?post=95333"},{"taxonomy":"post_tag","embeddable":true,"href":"https:\/\/www.em.com.br\/emfoco\/wp-json\/wp\/v2\/tags?post=95333"}],"curies":[{"name":"wp","href":"https:\/\/api.w.org\/{rel}","templated":true}]}}