{"id":95107,"date":"2025-08-23T19:38:00","date_gmt":"2025-08-23T22:38:00","guid":{"rendered":"https:\/\/www.em.com.br\/emfoco\/?p=95107"},"modified":"2025-08-22T02:00:31","modified_gmt":"2025-08-22T05:00:31","slug":"bpc-de-2025-tem-reajuste-e-novas-regras-veja-quem-tem-direito","status":"publish","type":"post","link":"https:\/\/www.em.com.br\/emfoco\/2025\/08\/23\/bpc-de-2025-tem-reajuste-e-novas-regras-veja-quem-tem-direito\/","title":{"rendered":"BPC de 2025 tem reajuste e novas regras, veja quem tem direito!"},"content":{"rendered":"\n<p>O <strong>Benef\u00edcio de Presta\u00e7\u00e3o Continuada<\/strong> (BPC) \u00e9 uma assist\u00eancia fundamental no <strong>Brasil<\/strong>, destinada a garantir um apoio financeiro a idosos e pessoas com defici\u00eancia que enfrentam vulnerabilidades socioecon\u00f4micas. A partir de 24 de setembro de 2025, o <strong>BPC <\/strong>teve seu valor ajustado para R$ 1.518, alinhado com o novo sal\u00e1rio m\u00ednimo. Este ajuste reflete um compromisso renovado do governo em assegurar dignidade a milh\u00f5es de brasileiros que, embora n\u00e3o tenham contribu\u00eddo para a previd\u00eancia social, se encontram em situa\u00e7\u00e3o de necessidade.<\/p>\n\n\n\n<p>Administrado pelo <strong>Instituto Nacional do Seguro Social<\/strong> (<a href=\"https:\/\/www.em.com.br\/emfoco\/2025\/08\/21\/organize-seus-saques-do-inss-e-evite-aglomeracoes-nas-agencias\/\" target=\"_blank\" rel=\"noreferrer noopener\">INSS<\/a>), o <strong>BPC <\/strong>imp\u00f5e crit\u00e9rios claros de elegibilidade. \u00c9 imprescind\u00edvel que os benefici\u00e1rios estejam inscritos no <strong>Cadastro \u00danico<\/strong> (<a href=\"https:\/\/www.gov.br\/pt-br\/servicos\/consultar-dados-do-cadastro-unico-cadunico\" target=\"_blank\" rel=\"noreferrer noopener\">Cad\u00danico<\/a>) e realizem uma atualiza\u00e7\u00e3o cadastral a cada dois anos. Al\u00e9m disso, para se qualificarem, as fam\u00edlias devem demonstrar uma renda per capita que n\u00e3o ultrapasse R$ 379,50, o equivalente a um quarto do sal\u00e1rio m\u00ednimo. Este controle rigoroso ajuda a direcionar o benef\u00edcio para aqueles que realmente necessitam e evita a suspens\u00e3o do pagamento.<\/p>\n\n\n\n<h2 class=\"wp-block-heading\">Quem tem direito ao BPC?<\/h2>\n\n\n<div class=\"wp-block-image\">\n<figure class=\"aligncenter size-large\"><img loading=\"lazy\" decoding=\"async\" width=\"1024\" height=\"576\" src=\"https:\/\/www.em.com.br\/emfoco\/wp-content\/uploads\/2025\/06\/idoso-computador_1744372658031-1024x576.jpg\" alt=\"Como usar o dinheiro da restitui\u00e7\u00e3o do Imposto de Renda a seu favor\" class=\"wp-image-54992\" srcset=\"https:\/\/www.em.com.br\/emfoco\/wp-content\/uploads\/2025\/06\/idoso-computador_1744372658031-1024x576.jpg 1024w, https:\/\/www.em.com.br\/emfoco\/wp-content\/uploads\/2025\/06\/idoso-computador_1744372658031-300x169.jpg 300w, https:\/\/www.em.com.br\/emfoco\/wp-content\/uploads\/2025\/06\/idoso-computador_1744372658031-768x432.jpg 768w, https:\/\/www.em.com.br\/emfoco\/wp-content\/uploads\/2025\/06\/idoso-computador_1744372658031-750x422.jpg 750w, https:\/\/www.em.com.br\/emfoco\/wp-content\/uploads\/2025\/06\/idoso-computador_1744372658031-1140x641.jpg 1140w, https:\/\/www.em.com.br\/emfoco\/wp-content\/uploads\/2025\/06\/idoso-computador_1744372658031.jpg 1280w\" sizes=\"auto, (max-width: 1024px) 100vw, 1024px\" \/><figcaption class=\"wp-element-caption\">Senhor feliz olhando para o notebook &#8211; Cr\u00e9ditos: depositphotos.com \/ NatashaFedorova<\/figcaption><\/figure><\/div>\n\n\n<p>O <strong>BPC <\/strong>\u00e9 acess\u00edvel a dois grupos principais: idosos com 65 anos ou mais e pessoas de qualquer idade que possuam alguma defici\u00eancia de longo prazo. Para estes, a comprova\u00e7\u00e3o de impedimentos significativos \u00e9 essencial, sendo necess\u00e1ria uma per\u00edcia m\u00e9dica e social conduzida pelo <strong>INSS<\/strong>. A avalia\u00e7\u00e3o procura verificar se a defici\u00eancia impede a participa\u00e7\u00e3o plena e efetiva na sociedade em igualdade de condi\u00e7\u00f5es com as demais pessoas.<\/p>\n\n\n\n<p>Com as mudan\u00e7as recentes, o <strong>BPC <\/strong>contempla tamb\u00e9m situa\u00e7\u00f5es em que decis\u00f5es judiciais permitem a amplia\u00e7\u00e3o do crit\u00e9rio de renda per capita para at\u00e9 meio sal\u00e1rio m\u00ednimo, desde que se comprovem despesas m\u00e9dicas extraordin\u00e1rias. Isso traz maior flexibilidade e justi\u00e7a social no acesso ao benef\u00edcio, considerando realidades familiares diversas.<\/p>\n\n\n\n<h2 class=\"wp-block-heading\">Como consultar as datas de pagamento do BPC?<\/h2>\n\n\n\n<p>Os pagamentos do <strong>BPC <\/strong>seguem um cronograma expl\u00edcito baseado no pen\u00faltimo d\u00edgito do <strong>N\u00famero de Benef\u00edcio<\/strong> (NB), iniciando em 24 de setembro e prosseguindo at\u00e9 7 de outubro. Tal programa\u00e7\u00e3o ajuda a evitar aglomera\u00e7\u00f5es em ag\u00eancias e proporciona aos benefici\u00e1rios um planejamento financeiro mais eficiente. Os dep\u00f3sitos s\u00e3o realizados diretamente em conta-corrente, poupan\u00e7a social ou por meio de um cart\u00e3o do benef\u00edcio, conforme a escolha do benefici\u00e1rio.<\/p>\n\n\n\n<p>O <strong>INSS <\/strong>tamb\u00e9m facilita o acesso \u00e0s informa\u00e7\u00f5es do benef\u00edcio, publicando o calend\u00e1rio no aplicativo <strong>Meu INSS<\/strong> e disponibilizando consultas pelo telefone 135. O objetivo \u00e9 garantir que todos os benefici\u00e1rios possam acompanhar de forma simples a data exata do dep\u00f3sito e manter-se informados sobre eventuais atualiza\u00e7\u00f5es nos pagamentos.<\/p>\n\n\n\n<h2 class=\"wp-block-heading\">Regras atualizadas para o BPC em 2025<\/h2>\n\n\n\n<p>Em 2025, novas medidas foram implementadas para aprimorar a transpar\u00eancia e efici\u00eancia do <strong>BPC<\/strong>. A biometria passa a ser um requisito obrigat\u00f3rio em regi\u00f5es com a infraestrutura adequada, visando fortalecer o combate a fraudes. Este controle adicional, aliado \u00e0 atualiza\u00e7\u00e3o bienal obrigat\u00f3ria no <strong>Cad\u00danico<\/strong>, assegura que o benef\u00edcio n\u00e3o chegue a quem n\u00e3o tem direito, promovendo um uso mais respons\u00e1vel e direcionado dos recursos p\u00fablicos.<\/p>\n\n\n\n<p>Al\u00e9m disso, o <strong>INSS <\/strong>intensificou o cruzamento de informa\u00e7\u00f5es com outras bases de dados governamentais para detectar fraudes ou inconsist\u00eancias cadastrais. Esse aprimoramento permite maior alcance da fiscaliza\u00e7\u00e3o, sendo o benefici\u00e1rio notificado sobre qualquer necessidade de atualiza\u00e7\u00e3o ou revis\u00e3o cadastral para evitar bloqueios indevidos.<\/p>\n\n\n\n<h2 class=\"wp-block-heading\">Como solicitar e manter o BPC ativo?<\/h2>\n\n\n\n<p>A solicita\u00e7\u00e3o do <strong>BPC <\/strong>pode ser realizada de forma simplificada via portal ou aplicativo <strong>Meu INSS<\/strong>, pelo telefone 135, ou pessoalmente em uma ag\u00eancia do <strong>INSS<\/strong>. Documenta\u00e7\u00e3o b\u00e1sica, como CPF, comprovante de resid\u00eancia e uma prova da renda familiar, \u00e9 necess\u00e1ria para dar in\u00edcio ao processo. Para pessoas com defici\u00eancia, \u00e9 essencial agendar uma per\u00edcia m\u00e9dica para avalia\u00e7\u00e3o adicional.<\/p>\n\n\n\n<p>Mantendo a regularidade do cadastro, o benefici\u00e1rio garante a continuidade dos pagamentos. Caso haja suspens\u00e3o por atraso na atualiza\u00e7\u00e3o, \u00e9 poss\u00edvel regularizar a situa\u00e7\u00e3o e reativar o benef\u00edcio, inclusive recebendo retroativamente os valores devidos. Al\u00e9m disso, \u00e9 recomend\u00e1vel procurar sempre o <strong>CRAS <\/strong>para orienta\u00e7\u00f5es sobre qualquer mudan\u00e7a na situa\u00e7\u00e3o familiar.<\/p>\n\n\n\n<h2 class=\"wp-block-heading\">Desafios e avan\u00e7os na gest\u00e3o do BPC<\/h2>\n\n\n\n<p>A amplia\u00e7\u00e3o do uso da tecnologia e a integra\u00e7\u00e3o de dados entre \u00f3rg\u00e3os sociais representam grandes avan\u00e7os no gerenciamento do <strong>BPC<\/strong>. A implanta\u00e7\u00e3o de novas ferramentas digitais, como aplicativos e comunica\u00e7\u00e3o via <strong>SMS<\/strong>, facilita o acompanhamento do benef\u00edcio e reduz a burocracia para quem realmente precisa.<\/p>\n\n\n\n<p>Apesar dos avan\u00e7os, ainda existem desafios, como a necessidade de acesso \u00e0 internet em regi\u00f5es remotas e o esclarecimento sobre regras atualizadas. Por isso, campanhas educativas e programas de apoio em unidades do <strong>CRAS <\/strong>e do <strong>INSS <\/strong>se tornam cada vez mais fundamentais para garantir a efetiva\u00e7\u00e3o dos direitos.<\/p>\n\n\n\n<h2 class=\"wp-block-heading\">Import\u00e2ncia social do BPC para seus benefici\u00e1rios<\/h2>\n\n\n\n<p>O <strong>BPC <\/strong>assegura um m\u00ednimo de dignidade e promove inclus\u00e3o para pessoas idosas e com defici\u00eancia em situa\u00e7\u00e3o de vulnerabilidade. Ao garantir uma renda mensal, o programa permite que benefici\u00e1rios possam arcar com despesas b\u00e1sicas, medicamentos, alimenta\u00e7\u00e3o e cuidados essenciais, fortalecendo o tecido social e proporcionando maior autonomia.<\/p>\n\n\n\n<p>Com as atualiza\u00e7\u00f5es para 2025, o <strong>BPC <\/strong>reafirma seu papel de prote\u00e7\u00e3o, mantendo o compromisso com a justi\u00e7a social e ampliando o alcance para fam\u00edlias que, por suas especificidades, necessitam de respaldo mais sens\u00edvel e ajustado \u00e0s reais necessidades, consolidando-se como um pilar indispens\u00e1vel da assist\u00eancia social no <strong>Brasil<\/strong>.<\/p>\n","protected":false},"excerpt":{"rendered":"<p>O Benef\u00edcio de Presta\u00e7\u00e3o Continuada (BPC) \u00e9 uma assist\u00eancia fundamental no Brasil, destinada a garantir um apoio financeiro a idosos e pessoas com defici\u00eancia que enfrentam vulnerabilidades socioecon\u00f4micas. A partir de 24 de setembro de 2025, o BPC teve seu valor ajustado para R$ 1.518, alinhado com o novo sal\u00e1rio m\u00ednimo. Este ajuste reflete um [&hellip;]<\/p>\n","protected":false},"author":20,"featured_media":54993,"comment_status":"open","ping_status":"open","sticky":false,"template":"","format":"standard","meta":{"jnews-multi-image_gallery":[],"jnews_single_post":{"format":"standard"},"jnews_primary_category":[],"jnews_social_meta":[],"jnews_override_counter":[],"footnotes":""},"categories":[28,1],"tags":[257,614,174],"class_list":["post-95107","post","type-post","status-publish","format-standard","has-post-thumbnail","hentry","category-economia","category-noticias","tag-bpc","tag-cadunico","tag-inss"],"yoast_head":"<!-- This site is optimized with the Yoast SEO plugin v23.8 - https:\/\/yoast.com\/wordpress\/plugins\/seo\/ -->\n<title>BPC de 2025 tem reajuste e novas regras, veja quem tem direito! - Estado de Minas - Em foco<\/title>\n<meta name=\"description\" content=\"INSS refor\u00e7a controle do BPC em 2025 com biometria e cruzamento de dados. Confira como garantir a continuidade do benef\u00edcio.\" \/>\n<meta name=\"robots\" content=\"index, follow, max-snippet:-1, max-image-preview:large, max-video-preview:-1\" \/>\n<link rel=\"canonical\" href=\"https:\/\/www.em.com.br\/emfoco\/2025\/08\/23\/bpc-de-2025-tem-reajuste-e-novas-regras-veja-quem-tem-direito\/\" \/>\n<meta property=\"og:locale\" content=\"pt_BR\" \/>\n<meta property=\"og:type\" content=\"article\" \/>\n<meta property=\"og:title\" content=\"BPC de 2025 tem reajuste e novas regras, veja quem tem direito! - Estado de Minas - Em foco\" \/>\n<meta property=\"og:description\" content=\"INSS refor\u00e7a controle do BPC em 2025 com biometria e cruzamento de dados. Confira como garantir a continuidade do benef\u00edcio.\" \/>\n<meta property=\"og:url\" content=\"https:\/\/www.em.com.br\/emfoco\/2025\/08\/23\/bpc-de-2025-tem-reajuste-e-novas-regras-veja-quem-tem-direito\/\" \/>\n<meta property=\"og:site_name\" content=\"Estado de Minas - Em foco\" \/>\n<meta property=\"article:published_time\" content=\"2025-08-23T22:38:00+00:00\" \/>\n<meta property=\"article:modified_time\" content=\"2025-08-22T05:00:31+00:00\" \/>\n<meta property=\"og:image\" content=\"https:\/\/www.em.com.br\/emfoco\/wp-content\/uploads\/2025\/06\/idoso-computador_1744372840329.jpg\" \/>\n\t<meta property=\"og:image:width\" content=\"1280\" \/>\n\t<meta property=\"og:image:height\" content=\"720\" \/>\n\t<meta property=\"og:image:type\" content=\"image\/jpeg\" \/>\n<meta name=\"author\" content=\"Ingrid Diniz\" \/>\n<meta name=\"twitter:card\" content=\"summary_large_image\" \/>\n<meta name=\"twitter:label1\" content=\"Escrito por\" \/>\n\t<meta name=\"twitter:data1\" content=\"Ingrid Diniz\" \/>\n\t<meta name=\"twitter:label2\" content=\"Est. tempo de leitura\" \/>\n\t<meta name=\"twitter:data2\" content=\"6 minutos\" \/>\n<!-- \/ Yoast SEO plugin. -->","yoast_head_json":{"title":"BPC de 2025 tem reajuste e novas regras, veja quem tem direito! - Estado de Minas - Em foco","description":"INSS refor\u00e7a controle do BPC em 2025 com biometria e cruzamento de dados. Confira como garantir a continuidade do benef\u00edcio.","robots":{"index":"index","follow":"follow","max-snippet":"max-snippet:-1","max-image-preview":"max-image-preview:large","max-video-preview":"max-video-preview:-1"},"canonical":"https:\/\/www.em.com.br\/emfoco\/2025\/08\/23\/bpc-de-2025-tem-reajuste-e-novas-regras-veja-quem-tem-direito\/","og_locale":"pt_BR","og_type":"article","og_title":"BPC de 2025 tem reajuste e novas regras, veja quem tem direito! - Estado de Minas - Em foco","og_description":"INSS refor\u00e7a controle do BPC em 2025 com biometria e cruzamento de dados. Confira como garantir a continuidade do benef\u00edcio.","og_url":"https:\/\/www.em.com.br\/emfoco\/2025\/08\/23\/bpc-de-2025-tem-reajuste-e-novas-regras-veja-quem-tem-direito\/","og_site_name":"Estado de Minas - Em foco","article_published_time":"2025-08-23T22:38:00+00:00","article_modified_time":"2025-08-22T05:00:31+00:00","og_image":[{"width":1280,"height":720,"url":"https:\/\/www.em.com.br\/emfoco\/wp-content\/uploads\/2025\/06\/idoso-computador_1744372840329.jpg","type":"image\/jpeg"}],"author":"Ingrid Diniz","twitter_card":"summary_large_image","twitter_misc":{"Escrito por":"Ingrid Diniz","Est. tempo de leitura":"6 minutos"},"schema":{"@context":"https:\/\/schema.org","@graph":[{"@type":"WebPage","@id":"https:\/\/www.em.com.br\/emfoco\/2025\/08\/23\/bpc-de-2025-tem-reajuste-e-novas-regras-veja-quem-tem-direito\/","url":"https:\/\/www.em.com.br\/emfoco\/2025\/08\/23\/bpc-de-2025-tem-reajuste-e-novas-regras-veja-quem-tem-direito\/","name":"BPC de 2025 tem reajuste e novas regras, veja quem tem direito! - Estado de Minas - Em foco","isPartOf":{"@id":"https:\/\/www.em.com.br\/emfoco\/#website"},"primaryImageOfPage":{"@id":"https:\/\/www.em.com.br\/emfoco\/2025\/08\/23\/bpc-de-2025-tem-reajuste-e-novas-regras-veja-quem-tem-direito\/#primaryimage"},"image":{"@id":"https:\/\/www.em.com.br\/emfoco\/2025\/08\/23\/bpc-de-2025-tem-reajuste-e-novas-regras-veja-quem-tem-direito\/#primaryimage"},"thumbnailUrl":"https:\/\/www.em.com.br\/emfoco\/wp-content\/uploads\/2025\/06\/idoso-computador_1744372840329.jpg","datePublished":"2025-08-23T22:38:00+00:00","dateModified":"2025-08-22T05:00:31+00:00","author":{"@id":"https:\/\/www.em.com.br\/emfoco\/#\/schema\/person\/649e610b4eb8fff87ff394e54fe17b2b"},"description":"INSS refor\u00e7a controle do BPC em 2025 com biometria e cruzamento de dados. Confira como garantir a continuidade do benef\u00edcio.","breadcrumb":{"@id":"https:\/\/www.em.com.br\/emfoco\/2025\/08\/23\/bpc-de-2025-tem-reajuste-e-novas-regras-veja-quem-tem-direito\/#breadcrumb"},"inLanguage":"pt-BR","potentialAction":[{"@type":"ReadAction","target":["https:\/\/www.em.com.br\/emfoco\/2025\/08\/23\/bpc-de-2025-tem-reajuste-e-novas-regras-veja-quem-tem-direito\/"]}]},{"@type":"ImageObject","inLanguage":"pt-BR","@id":"https:\/\/www.em.com.br\/emfoco\/2025\/08\/23\/bpc-de-2025-tem-reajuste-e-novas-regras-veja-quem-tem-direito\/#primaryimage","url":"https:\/\/www.em.com.br\/emfoco\/wp-content\/uploads\/2025\/06\/idoso-computador_1744372840329.jpg","contentUrl":"https:\/\/www.em.com.br\/emfoco\/wp-content\/uploads\/2025\/06\/idoso-computador_1744372840329.jpg","width":1280,"height":720,"caption":"Benef\u00edcios do Estatuto 2025 para quem tem 60+ - Cr\u00e9ditos: depositphotos.com \/ HayDmitriy"},{"@type":"BreadcrumbList","@id":"https:\/\/www.em.com.br\/emfoco\/2025\/08\/23\/bpc-de-2025-tem-reajuste-e-novas-regras-veja-quem-tem-direito\/#breadcrumb","itemListElement":[{"@type":"ListItem","position":1,"name":"In\u00edcio","item":"https:\/\/www.em.com.br\/emfoco\/"},{"@type":"ListItem","position":2,"name":"BPC de 2025 tem reajuste e novas regras, veja quem tem direito!"}]},{"@type":"WebSite","@id":"https:\/\/www.em.com.br\/emfoco\/#website","url":"https:\/\/www.em.com.br\/emfoco\/","name":"Estado de Minas - Em foco","description":"Acompanhe as \u00faltimas not\u00edcias e fique bem informado sobre tudo o que acontece em Minas Gerais, Brasil e no mundo.","potentialAction":[{"@type":"SearchAction","target":{"@type":"EntryPoint","urlTemplate":"https:\/\/www.em.com.br\/emfoco\/?s={search_term_string}"},"query-input":{"@type":"PropertyValueSpecification","valueRequired":true,"valueName":"search_term_string"}}],"inLanguage":"pt-BR"},{"@type":"Person","@id":"https:\/\/www.em.com.br\/emfoco\/#\/schema\/person\/649e610b4eb8fff87ff394e54fe17b2b","name":"Ingrid Diniz","image":{"@type":"ImageObject","inLanguage":"pt-BR","@id":"https:\/\/www.em.com.br\/emfoco\/#\/schema\/person\/image\/","url":"https:\/\/secure.gravatar.com\/avatar\/a3baa1449ec5c39b4c42babc9d4f3951?s=96&d=mm&r=g","contentUrl":"https:\/\/secure.gravatar.com\/avatar\/a3baa1449ec5c39b4c42babc9d4f3951?s=96&d=mm&r=g","caption":"Ingrid Diniz"},"sameAs":["https:\/\/www.em.com.br\/"],"url":"https:\/\/www.em.com.br\/emfoco\/author\/ingridmyth\/"}]}},"_links":{"self":[{"href":"https:\/\/www.em.com.br\/emfoco\/wp-json\/wp\/v2\/posts\/95107","targetHints":{"allow":["GET"]}}],"collection":[{"href":"https:\/\/www.em.com.br\/emfoco\/wp-json\/wp\/v2\/posts"}],"about":[{"href":"https:\/\/www.em.com.br\/emfoco\/wp-json\/wp\/v2\/types\/post"}],"author":[{"embeddable":true,"href":"https:\/\/www.em.com.br\/emfoco\/wp-json\/wp\/v2\/users\/20"}],"replies":[{"embeddable":true,"href":"https:\/\/www.em.com.br\/emfoco\/wp-json\/wp\/v2\/comments?post=95107"}],"version-history":[{"count":1,"href":"https:\/\/www.em.com.br\/emfoco\/wp-json\/wp\/v2\/posts\/95107\/revisions"}],"predecessor-version":[{"id":95117,"href":"https:\/\/www.em.com.br\/emfoco\/wp-json\/wp\/v2\/posts\/95107\/revisions\/95117"}],"wp:featuredmedia":[{"embeddable":true,"href":"https:\/\/www.em.com.br\/emfoco\/wp-json\/wp\/v2\/media\/54993"}],"wp:attachment":[{"href":"https:\/\/www.em.com.br\/emfoco\/wp-json\/wp\/v2\/media?parent=95107"}],"wp:term":[{"taxonomy":"category","embeddable":true,"href":"https:\/\/www.em.com.br\/emfoco\/wp-json\/wp\/v2\/categories?post=95107"},{"taxonomy":"post_tag","embeddable":true,"href":"https:\/\/www.em.com.br\/emfoco\/wp-json\/wp\/v2\/tags?post=95107"}],"curies":[{"name":"wp","href":"https:\/\/api.w.org\/{rel}","templated":true}]}}